{"id":15033,"date":"2023-05-15T02:08:00","date_gmt":"2023-05-15T00:08:00","guid":{"rendered":"https:\/\/www.jgclassics.com\/2023\/05\/15\/bmw-serie-3-e21-fitxa-tecnica\/"},"modified":"2026-01-09T13:32:37","modified_gmt":"2026-01-09T12:32:37","slug":"bmw-serie-3-e21-fitxa-tecnica","status":"publish","type":"post","link":"https:\/\/www.jgclassics.com\/ca\/2023\/05\/15\/bmw-serie-3-e21-fitxa-tecnica\/","title":{"rendered":"BMW S\u00e8rie 3 E21 &#8211; Fitxa t\u00e8cnica"},"content":{"rendered":"\t\t<div data-elementor-type=\"wp-post\" data-elementor-id=\"15033\" class=\"elementor elementor-15033 elementor-11286\" data-elementor-post-type=\"post\">\n\t\t\t\t\t\t<section data-particle_enable=\"false\" data-particle-mobile-disabled=\"false\" class=\"elementor-section elementor-top-section elementor-element elementor-element-4ccc05f elementor-section-boxed elementor-section-height-default elementor-section-height-default\" data-id=\"4ccc05f\" data-element_type=\"section\" data-e-type=\"section\">\n\t\t\t\t\t\t<div class=\"elementor-container elementor-column-gap-default\">\n\t\t\t\t\t<div class=\"elementor-column elementor-col-100 elementor-top-column elementor-element elementor-element-6472152\" data-id=\"6472152\" data-element_type=\"column\" data-e-type=\"column\">\n\t\t\t<div class=\"elementor-widget-wrap elementor-element-populated\">\n\t\t\t\t\t\t<div class=\"elementor-element elementor-element-a041751 elementor-widget elementor-widget-wpml-language-switcher\" data-id=\"a041751\" data-element_type=\"widget\" data-e-type=\"widget\" data-widget_type=\"wpml-language-switcher.default\">\n\t\t\t\t<div class=\"elementor-widget-container\">\n\t\t\t\t\t<div class=\"wpml-elementor-ls\">\n<div role=\"navigation\" aria-label=\"Language Switcher\" class=\"wpml-ls-statics-shortcode_actions wpml-ls wpml-ls-legacy-list-horizontal\">\n\t<ul><li class=\"wpml-ls-slot-shortcode_actions wpml-ls-item wpml-ls-item-es wpml-ls-first-item wpml-ls-item-legacy-list-horizontal\">\n\t\t\t\t<a href=\"https:\/\/www.jgclassics.com\/\" hreflang=\"es\" lang=\"es\" class=\"wpml-ls-link\" aria-label=\"Switch to Spanish (Espa\u00f1ol)\" title=\"Switch to Spanish (Espa\u00f1ol)\">\n\t\t\t\t\t                                    <img decoding=\"async\"\n            class=\"wpml-ls-flag\"\n            src=\"https:\/\/www.jgclassics.com\/wp-content\/plugins\/sitepress-multilingual-cms\/res\/flags\/es.svg\"\n            alt=\"\"\n            loading=\"lazy\"\n            width=18\n            height=12\n    \/><span class=\"wpml-ls-native\">Espa\u00f1ol<\/span><span class=\"wpml-ls-display\"><span class=\"wpml-ls-bracket\"> (<\/span>Spanish<span class=\"wpml-ls-bracket\">)<\/span><\/span><\/a>\n\t\t\t<\/li><li class=\"wpml-ls-slot-shortcode_actions wpml-ls-item wpml-ls-item-ca wpml-ls-current-language wpml-ls-item-legacy-list-horizontal\">\n\t\t\t\t<a href=\"https:\/\/www.jgclassics.com\/ca\/\" hreflang=\"ca\" lang=\"ca\" class=\"wpml-ls-link\" aria-current=\"page\" aria-label=\"Switch to Catal\u00e0 (Catal\u00e0)\" title=\"Switch to Catal\u00e0 (Catal\u00e0)\">\n\t\t\t\t\t                                    <img decoding=\"async\"\n            class=\"wpml-ls-flag\"\n            src=\"https:\/\/www.jgclassics.com\/wp-content\/plugins\/sitepress-multilingual-cms\/res\/flags\/ca.svg\"\n            alt=\"\"\n            loading=\"lazy\"\n            width=18\n            height=12\n    \/><span class=\"wpml-ls-native\">Catal\u00e0<\/span><\/a>\n\t\t\t<\/li><li class=\"wpml-ls-slot-shortcode_actions wpml-ls-item wpml-ls-item-en wpml-ls-item-legacy-list-horizontal\">\n\t\t\t\t<a href=\"https:\/\/www.jgclassics.com\/en\/\" hreflang=\"en\" lang=\"en\" class=\"wpml-ls-link\" aria-label=\"Switch to English (English)\" title=\"Switch to English (English)\">\n\t\t\t\t\t                                    <img decoding=\"async\"\n            class=\"wpml-ls-flag\"\n            src=\"https:\/\/www.jgclassics.com\/wp-content\/plugins\/sitepress-multilingual-cms\/res\/flags\/en.svg\"\n            alt=\"\"\n            loading=\"lazy\"\n            width=18\n            height=12\n    \/><span class=\"wpml-ls-native\">English<\/span><\/a>\n\t\t\t<\/li><li class=\"wpml-ls-slot-shortcode_actions wpml-ls-item wpml-ls-item-fr wpml-ls-last-item wpml-ls-item-legacy-list-horizontal\">\n\t\t\t\t<a href=\"https:\/\/www.jgclassics.com\/fr\/\" hreflang=\"fr\" lang=\"fr\" class=\"wpml-ls-link\" aria-label=\"Switch to French (Fran\u00e7ais)\" title=\"Switch to French (Fran\u00e7ais)\">\n\t\t\t\t\t                                    <img decoding=\"async\"\n            class=\"wpml-ls-flag\"\n            src=\"https:\/\/www.jgclassics.com\/wp-content\/plugins\/sitepress-multilingual-cms\/res\/flags\/fr.svg\"\n            alt=\"\"\n            loading=\"lazy\"\n            width=18\n            height=12\n    \/><span class=\"wpml-ls-native\">Fran\u00e7ais<\/span><span class=\"wpml-ls-display\"><span class=\"wpml-ls-bracket\"> (<\/span>French<span class=\"wpml-ls-bracket\">)<\/span><\/span><\/a>\n\t\t\t<\/li><\/ul>\n<\/div>\n<\/div>\t\t\t\t<\/div>\n\t\t\t\t<\/div>\n\t\t\t\t\t<\/div>\n\t\t<\/div>\n\t\t\t\t\t<\/div>\n\t\t<\/section>\n\t\t\t\t<section data-particle_enable=\"false\" data-particle-mobile-disabled=\"false\" class=\"elementor-section elementor-top-section elementor-element elementor-element-604b05a4 elementor-section-boxed elementor-section-height-default elementor-section-height-default\" data-id=\"604b05a4\" data-element_type=\"section\" data-e-type=\"section\">\n\t\t\t\t\t\t<div class=\"elementor-container elementor-column-gap-default\">\n\t\t\t\t\t<div class=\"elementor-column elementor-col-50 elementor-top-column elementor-element elementor-element-52d43867\" data-id=\"52d43867\" data-element_type=\"column\" data-e-type=\"column\">\n\t\t\t<div class=\"elementor-widget-wrap elementor-element-populated\">\n\t\t\t\t\t\t<div class=\"elementor-element elementor-element-625dc0c1 elementor-widget elementor-widget-text-editor\" data-id=\"625dc0c1\" data-element_type=\"widget\" data-e-type=\"widget\" data-widget_type=\"text-editor.default\">\n\t\t\t\t<div class=\"elementor-widget-container\">\n\t\t\t\t\t\t\t\t\t<p>Compartir a:<\/p>\t\t\t\t\t\t\t\t<\/div>\n\t\t\t\t<\/div>\n\t\t\t\t\t<\/div>\n\t\t<\/div>\n\t\t\t\t<div class=\"elementor-column elementor-col-50 elementor-top-column elementor-element elementor-element-28cee4e8\" data-id=\"28cee4e8\" data-element_type=\"column\" data-e-type=\"column\">\n\t\t\t<div class=\"elementor-widget-wrap elementor-element-populated\">\n\t\t\t\t\t\t<div class=\"elementor-element elementor-element-61e9a8c3 elementor-share-buttons--view-icon elementor-share-buttons--skin-gradient elementor-share-buttons--shape-square elementor-grid-0 elementor-share-buttons--color-official elementor-widget elementor-widget-share-buttons\" data-id=\"61e9a8c3\" data-element_type=\"widget\" data-e-type=\"widget\" data-widget_type=\"share-buttons.default\">\n\t\t\t\t<div class=\"elementor-widget-container\">\n\t\t\t\t\t\t\t<div class=\"elementor-grid\" role=\"list\">\n\t\t\t\t\t\t\t\t<div class=\"elementor-grid-item\" role=\"listitem\">\n\t\t\t\t\t\t<div class=\"elementor-share-btn elementor-share-btn_facebook\" role=\"button\" tabindex=\"0\" aria-label=\"Compartici\u00f3 en facebook\">\n\t\t\t\t\t\t\t\t\t\t\t\t\t\t\t<span class=\"elementor-share-btn__icon\">\n\t\t\t\t\t\t\t\t<i class=\"fab fa-facebook\" aria-hidden=\"true\"><\/i>\t\t\t\t\t\t\t<\/span>\n\t\t\t\t\t\t\t\t\t\t\t\t\t\t\t\t\t\t\t\t<\/div>\n\t\t\t\t\t<\/div>\n\t\t\t\t\t\t\t\t\t<div class=\"elementor-grid-item\" role=\"listitem\">\n\t\t\t\t\t\t<div class=\"elementor-share-btn elementor-share-btn_whatsapp\" role=\"button\" tabindex=\"0\" aria-label=\"Compartici\u00f3 en whatsapp\">\n\t\t\t\t\t\t\t\t\t\t\t\t\t\t\t<span class=\"elementor-share-btn__icon\">\n\t\t\t\t\t\t\t\t<i class=\"fab fa-whatsapp\" aria-hidden=\"true\"><\/i>\t\t\t\t\t\t\t<\/span>\n\t\t\t\t\t\t\t\t\t\t\t\t\t\t\t\t\t\t\t\t<\/div>\n\t\t\t\t\t<\/div>\n\t\t\t\t\t\t\t\t\t<div class=\"elementor-grid-item\" role=\"listitem\">\n\t\t\t\t\t\t<div class=\"elementor-share-btn elementor-share-btn_email\" role=\"button\" tabindex=\"0\" aria-label=\"Compartici\u00f3 en email\">\n\t\t\t\t\t\t\t\t\t\t\t\t\t\t\t<span class=\"elementor-share-btn__icon\">\n\t\t\t\t\t\t\t\t<i class=\"fas fa-envelope\" aria-hidden=\"true\"><\/i>\t\t\t\t\t\t\t<\/span>\n\t\t\t\t\t\t\t\t\t\t\t\t\t\t\t\t\t\t\t\t<\/div>\n\t\t\t\t\t<\/div>\n\t\t\t\t\t\t\t\t\t<div class=\"elementor-grid-item\" role=\"listitem\">\n\t\t\t\t\t\t<div class=\"elementor-share-btn elementor-share-btn_pinterest\" role=\"button\" tabindex=\"0\" aria-label=\"Compartici\u00f3 en pinterest\">\n\t\t\t\t\t\t\t\t\t\t\t\t\t\t\t<span class=\"elementor-share-btn__icon\">\n\t\t\t\t\t\t\t\t<i class=\"fab fa-pinterest\" aria-hidden=\"true\"><\/i>\t\t\t\t\t\t\t<\/span>\n\t\t\t\t\t\t\t\t\t\t\t\t\t\t\t\t\t\t\t\t<\/div>\n\t\t\t\t\t<\/div>\n\t\t\t\t\t\t<\/div>\n\t\t\t\t\t\t<\/div>\n\t\t\t\t<\/div>\n\t\t\t\t\t<\/div>\n\t\t<\/div>\n\t\t\t\t\t<\/div>\n\t\t<\/section>\n\t\t\t\t<section data-particle_enable=\"false\" data-particle-mobile-disabled=\"false\" class=\"elementor-section elementor-top-section elementor-element elementor-element-71b00bc6 elementor-section-full_width elementor-section-height-min-height elementor-section-stretched elementor-section-height-default elementor-section-items-middle\" data-id=\"71b00bc6\" data-element_type=\"section\" data-e-type=\"section\" data-settings=\"{&quot;stretch_section&quot;:&quot;section-stretched&quot;}\">\n\t\t\t\t\t\t<div class=\"elementor-container elementor-column-gap-no\">\n\t\t\t\t\t<div class=\"elementor-column elementor-col-100 elementor-top-column elementor-element elementor-element-403ccf85\" data-id=\"403ccf85\" data-element_type=\"column\" data-e-type=\"column\">\n\t\t\t<div class=\"elementor-widget-wrap elementor-element-populated\">\n\t\t\t\t\t\t<div class=\"elementor-element elementor-element-274d7ab4 elementor-invisible elementor-widget elementor-widget-image\" data-id=\"274d7ab4\" data-element_type=\"widget\" data-e-type=\"widget\" data-settings=\"{&quot;_animation&quot;:&quot;fadeInUp&quot;}\" data-widget_type=\"image.default\">\n\t\t\t\t<div class=\"elementor-widget-container\">\n\t\t\t\t\t\t\t\t\t\t\t\t\t\t\t<img fetchpriority=\"high\" decoding=\"async\" width=\"768\" height=\"432\" src=\"https:\/\/www.jgclassics.com\/wp-content\/uploads\/2023\/05\/20230506_203204-768x432.jpg\" class=\"attachment-medium_large size-medium_large wp-image-13704\" alt=\"BMW 323i E21 1981 Barcelona Maresme. Lloguer cotxes cl\u00e0ssics BMW Barcelona\" srcset=\"https:\/\/www.jgclassics.com\/wp-content\/uploads\/2023\/05\/20230506_203204-768x432.jpg 768w, https:\/\/www.jgclassics.com\/wp-content\/uploads\/2023\/05\/20230506_203204-300x169.jpg 300w, https:\/\/www.jgclassics.com\/wp-content\/uploads\/2023\/05\/20230506_203204-1024x576.jpg 1024w, https:\/\/www.jgclassics.com\/wp-content\/uploads\/2023\/05\/20230506_203204-1536x864.jpg 1536w, https:\/\/www.jgclassics.com\/wp-content\/uploads\/2023\/05\/20230506_203204-2048x1152.jpg 2048w\" sizes=\"(max-width: 768px) 100vw, 768px\" \/>\t\t\t\t\t\t\t\t\t\t\t\t\t\t\t<\/div>\n\t\t\t\t<\/div>\n\t\t\t\t<div class=\"elementor-element elementor-element-44ee63a3 elementor-invisible elementor-widget elementor-widget-heading\" data-id=\"44ee63a3\" data-element_type=\"widget\" data-e-type=\"widget\" data-settings=\"{&quot;_animation&quot;:&quot;fadeInDown&quot;}\" data-widget_type=\"heading.default\">\n\t\t\t\t<div class=\"elementor-widget-container\">\n\t\t\t\t\t<h1 class=\"elementor-heading-title elementor-size-default\"><a href=\"https:\/\/www.jgclassics.com\/ca\/els-nostres-vehicles\/bmw-323i-e21\/\">BMW s\u00e8rie 3 E21 Fitxa t\u00e8cnica<\/a><\/h1>\t\t\t\t<\/div>\n\t\t\t\t<\/div>\n\t\t\t\t<div class=\"elementor-element elementor-element-79bbf5ee elementor-widget elementor-widget-post-info\" data-id=\"79bbf5ee\" data-element_type=\"widget\" data-e-type=\"widget\" data-widget_type=\"post-info.default\">\n\t\t\t\t<div class=\"elementor-widget-container\">\n\t\t\t\t\t\t\t<ul class=\"elementor-inline-items elementor-icon-list-items elementor-post-info\">\n\t\t\t\t\t\t\t\t<li class=\"elementor-icon-list-item elementor-repeater-item-6869cb2 elementor-inline-item\" itemprop=\"author\">\n\t\t\t\t\t\t<a href=\"https:\/\/www.jgclassics.com\/ca\/author\/jgclassics_hikp0z\/\">\n\t\t\t\t\t\t\t\t\t\t\t<span class=\"elementor-icon-list-icon\">\n\t\t\t\t\t\t\t\t<i aria-hidden=\"true\" class=\"far fa-user-circle\"><\/i>\t\t\t\t\t\t\t<\/span>\n\t\t\t\t\t\t\t\t\t<span class=\"elementor-icon-list-text elementor-post-info__item elementor-post-info__item--type-author\">\n\t\t\t\t\t\t\t\t\t\tJG Classics Administrator\t\t\t\t\t<\/span>\n\t\t\t\t\t\t\t\t\t<\/a>\n\t\t\t\t<\/li>\n\t\t\t\t<li class=\"elementor-icon-list-item elementor-repeater-item-a911f47 elementor-inline-item\" itemprop=\"datePublished\">\n\t\t\t\t\t\t<a href=\"https:\/\/www.jgclassics.com\/ca\/2023\/05\/15\/\">\n\t\t\t\t\t\t\t\t\t\t\t<span class=\"elementor-icon-list-icon\">\n\t\t\t\t\t\t\t\t<i aria-hidden=\"true\" class=\"fas fa-calendar\"><\/i>\t\t\t\t\t\t\t<\/span>\n\t\t\t\t\t\t\t\t\t<span class=\"elementor-icon-list-text elementor-post-info__item elementor-post-info__item--type-date\">\n\t\t\t\t\t\t\t\t\t\t<time>maig 15, 2023<\/time>\t\t\t\t\t<\/span>\n\t\t\t\t\t\t\t\t\t<\/a>\n\t\t\t\t<\/li>\n\t\t\t\t<li class=\"elementor-icon-list-item elementor-repeater-item-5aa2e53 elementor-inline-item\">\n\t\t\t\t\t\t\t\t\t\t<span class=\"elementor-icon-list-icon\">\n\t\t\t\t\t\t\t\t<i aria-hidden=\"true\" class=\"far fa-clock\"><\/i>\t\t\t\t\t\t\t<\/span>\n\t\t\t\t\t\t\t\t\t<span class=\"elementor-icon-list-text elementor-post-info__item elementor-post-info__item--type-time\">\n\t\t\t\t\t\t\t\t\t\t<time>2:08 am<\/time>\t\t\t\t\t<\/span>\n\t\t\t\t\t\t\t\t<\/li>\n\t\t\t\t<\/ul>\n\t\t\t\t\t\t<\/div>\n\t\t\t\t<\/div>\n\t\t\t\t\t<\/div>\n\t\t<\/div>\n\t\t\t\t\t<\/div>\n\t\t<\/section>\n\t\t\t\t<section data-particle_enable=\"false\" data-particle-mobile-disabled=\"false\" class=\"elementor-section elementor-top-section elementor-element elementor-element-13f670b elementor-section-boxed elementor-section-height-default elementor-section-height-default\" data-id=\"13f670b\" data-element_type=\"section\" data-e-type=\"section\">\n\t\t\t\t\t\t<div class=\"elementor-container elementor-column-gap-default\">\n\t\t\t\t\t<div class=\"elementor-column elementor-col-100 elementor-top-column elementor-element elementor-element-3686fd6\" data-id=\"3686fd6\" data-element_type=\"column\" data-e-type=\"column\">\n\t\t\t<div class=\"elementor-widget-wrap elementor-element-populated\">\n\t\t\t\t\t\t<div class=\"elementor-element elementor-element-8226e7c elementor-widget elementor-widget-eael-creative-button\" data-id=\"8226e7c\" data-element_type=\"widget\" data-e-type=\"widget\" data-widget_type=\"eael-creative-button.default\">\n\t\t\t\t<div class=\"elementor-widget-container\">\n\t\t\t\t\t        <div class=\"eael-creative-button-wrapper\">\n\n            <a class=\"eael-creative-button eael-creative-button--default eael-cb-icon-position-right\" href=\"https:\/\/www.jgclassics.com\/ca\/els-nostres-vehicles\/bmw-323i-e21\/\" data-text=\"Go!\">\n            \t    \n                <div class=\"creative-button-inner\">\n\n                    \n                    <span class=\"cretive-button-text\">BMW E21 323i<\/span>\n\n                                            <span class=\"eael-creative-button-icon-right\"><i aria-hidden=\"true\" class=\"fas fa-arrow-circle-right\"><\/i><\/span>                                    <\/div>\n\t                        <\/a>\n        <\/div>\n        \t\t\t\t<\/div>\n\t\t\t\t<\/div>\n\t\t\t\t<div class=\"elementor-element elementor-element-235fa22 elementor-widget elementor-widget-heading\" data-id=\"235fa22\" data-element_type=\"widget\" data-e-type=\"widget\" data-widget_type=\"heading.default\">\n\t\t\t\t<div class=\"elementor-widget-container\">\n\t\t\t\t\t<h2 class=\"elementor-heading-title elementor-size-default\">BMW E21 - Fitxa t\u00e8cnica (315, 316, 318, 318i, 320, 320i, 323i)<\/h2>\t\t\t\t<\/div>\n\t\t\t\t<\/div>\n\t\t\t\t\t<\/div>\n\t\t<\/div>\n\t\t\t\t\t<\/div>\n\t\t<\/section>\n\t\t\t\t<section data-particle_enable=\"false\" data-particle-mobile-disabled=\"false\" class=\"elementor-section elementor-top-section elementor-element elementor-element-21bdbee elementor-section-boxed elementor-section-height-default elementor-section-height-default\" data-id=\"21bdbee\" data-element_type=\"section\" data-e-type=\"section\">\n\t\t\t\t\t\t<div class=\"elementor-container elementor-column-gap-default\">\n\t\t\t\t\t<div class=\"elementor-column elementor-col-100 elementor-top-column elementor-element elementor-element-9edb494\" data-id=\"9edb494\" data-element_type=\"column\" data-e-type=\"column\">\n\t\t\t<div class=\"elementor-widget-wrap elementor-element-populated\">\n\t\t\t\t\t\t<div class=\"elementor-element elementor-element-98e8904 elementor-widget elementor-widget-image\" data-id=\"98e8904\" data-element_type=\"widget\" data-e-type=\"widget\" data-settings=\"{&quot;_animation&quot;:&quot;none&quot;}\" data-widget_type=\"image.default\">\n\t\t\t\t<div class=\"elementor-widget-container\">\n\t\t\t\t\t\t\t\t\t\t\t\t\t\t\t<img decoding=\"async\" width=\"768\" height=\"487\" src=\"https:\/\/www.jgclassics.com\/wp-content\/uploads\/2023\/05\/bmw-m20-engine-768x487.webp\" class=\"attachment-medium_large size-medium_large wp-image-14208\" alt=\"\" srcset=\"https:\/\/www.jgclassics.com\/wp-content\/uploads\/2023\/05\/bmw-m20-engine-768x487.webp 768w, https:\/\/www.jgclassics.com\/wp-content\/uploads\/2023\/05\/bmw-m20-engine-300x190.webp 300w, https:\/\/www.jgclassics.com\/wp-content\/uploads\/2023\/05\/bmw-m20-engine-1024x650.webp 1024w, https:\/\/www.jgclassics.com\/wp-content\/uploads\/2023\/05\/bmw-m20-engine.webp 1193w\" sizes=\"(max-width: 768px) 100vw, 768px\" \/>\t\t\t\t\t\t\t\t\t\t\t\t\t\t\t<\/div>\n\t\t\t\t<\/div>\n\t\t\t\t\t<\/div>\n\t\t<\/div>\n\t\t\t\t\t<\/div>\n\t\t<\/section>\n\t\t\t\t<section data-particle_enable=\"false\" data-particle-mobile-disabled=\"false\" class=\"elementor-section elementor-top-section elementor-element elementor-element-1ffe5ed elementor-section-boxed elementor-section-height-default elementor-section-height-default\" data-id=\"1ffe5ed\" data-element_type=\"section\" data-e-type=\"section\">\n\t\t\t\t\t\t<div class=\"elementor-container elementor-column-gap-default\">\n\t\t\t\t\t<div class=\"elementor-column elementor-col-100 elementor-top-column elementor-element elementor-element-902560f\" data-id=\"902560f\" data-element_type=\"column\" data-e-type=\"column\">\n\t\t\t<div class=\"elementor-widget-wrap elementor-element-populated\">\n\t\t\t\t\t\t<div class=\"elementor-element elementor-element-21badc1b elementor-widget elementor-widget-heading\" data-id=\"21badc1b\" data-element_type=\"widget\" data-e-type=\"widget\" data-widget_type=\"heading.default\">\n\t\t\t\t<div class=\"elementor-widget-container\">\n\t\t\t\t\t<h3 class=\"elementor-heading-title elementor-size-default\">1 - Caracter\u00edstiques motor (BMW E21)<\/h3>\t\t\t\t<\/div>\n\t\t\t\t<\/div>\n\t\t\t\t\t<\/div>\n\t\t<\/div>\n\t\t\t\t\t<\/div>\n\t\t<\/section>\n\t\t\t\t<section data-particle_enable=\"false\" data-particle-mobile-disabled=\"false\" class=\"elementor-section elementor-top-section elementor-element elementor-element-09f2609 elementor-section-boxed elementor-section-height-default elementor-section-height-default\" data-id=\"09f2609\" data-element_type=\"section\" data-e-type=\"section\">\n\t\t\t\t\t\t<div class=\"elementor-container elementor-column-gap-default\">\n\t\t\t\t\t<div class=\"elementor-column elementor-col-100 elementor-top-column elementor-element elementor-element-2334c62\" data-id=\"2334c62\" data-element_type=\"column\" data-e-type=\"column\">\n\t\t\t<div class=\"elementor-widget-wrap elementor-element-populated\">\n\t\t\t\t\t\t<div class=\"elementor-element elementor-element-5d80a28 elementor-widget__width-initial premium-table-dir-ltr elementor-widget elementor-widget-premium-tables-addon\" data-id=\"5d80a28\" data-element_type=\"widget\" data-e-type=\"widget\" data-settings=\"{&quot;premium_table_responsive&quot;:&quot;yes&quot;,&quot;premium_table_search&quot;:&quot;yes&quot;}\" data-widget_type=\"premium-tables-addon.default\">\n\t\t\t\t<div class=\"elementor-widget-container\">\n\t\t\t\t\t\r\n\t\t<div class=\"premium-table-wrap premium-table-responsive\">\r\n\t\t\t\t\t\t\t<div class=\"premium-table-filter\">\r\n\t\t\t\t\t\t\t\t\t\t\t<div class=\"premium-table-search-wrap\">\r\n\t\t\t\t\t\t\t<input class=\"premium-table-search-field\" type=\"text\" placeholder=\"Cerca\">\r\n\t\t\t\t\t\t<\/div>\r\n\t\t\t\t\t\t\t\t\t\t\t\t\t\t<\/div>\r\n\t\t\t\r\n\t\t\t<table class=\"premium-table premium-table-search\" data-settings=\"{&quot;sort&quot;:false,&quot;usNumbers&quot;:false,&quot;sortMob&quot;:false,&quot;search&quot;:true,&quot;records&quot;:false,&quot;dataType&quot;:&quot;csv&quot;,&quot;csvFile&quot;:&quot;https:\\\/\\\/www.jgclassics.com\\\/wp-content\\\/uploads\\\/2023\\\/05\\\/BMW-E21-ficha-tecnica_motor_NEW.csv&quot;,&quot;firstRow&quot;:&quot;head&quot;,&quot;separator&quot;:&quot;;&quot;,&quot;pagination&quot;:&quot;yes&quot;,&quot;rows&quot;:5,&quot;id&quot;:&quot;5d80a28&quot;,&quot;reload&quot;:&quot;hour&quot;}\" >\r\n\r\n\t\t\t\r\n\t\t\t<\/table>\r\n\t\t<\/div>\r\n\t\t\t\t\t<div class=\"premium-table-pagination\">\r\n\t\t\t\t<ul class=\"premium-table-pagination-list page-numbers\">\r\n\t\t\t\t\t<li><a href=\"#\" class=\"page-numbers prev\" data-page=\"0\">&laquo;<\/a><\/li>\r\n\t\t\t\t\t<li><a href=\"#\" class=\"page-numbers next\" data-page=\"last\">&raquo;<\/a><\/li>\r\n\t\t\t\t<\/ul>\r\n\t\t\t<\/div>\r\n\r\n\t\t\t\t\t\t\t<\/div>\n\t\t\t\t<\/div>\n\t\t\t\t\t<\/div>\n\t\t<\/div>\n\t\t\t\t\t<\/div>\n\t\t<\/section>\n\t\t\t\t<section data-particle_enable=\"false\" data-particle-mobile-disabled=\"false\" class=\"elementor-section elementor-top-section elementor-element elementor-element-8e52612 elementor-section-boxed elementor-section-height-default elementor-section-height-default\" data-id=\"8e52612\" data-element_type=\"section\" data-e-type=\"section\">\n\t\t\t\t\t\t<div class=\"elementor-container elementor-column-gap-default\">\n\t\t\t\t\t<div class=\"elementor-column elementor-col-100 elementor-top-column elementor-element elementor-element-9313159\" data-id=\"9313159\" data-element_type=\"column\" data-e-type=\"column\">\n\t\t\t<div class=\"elementor-widget-wrap elementor-element-populated\">\n\t\t\t\t\t\t<div class=\"elementor-element elementor-element-eedb438 elementor-widget elementor-widget-heading\" data-id=\"eedb438\" data-element_type=\"widget\" data-e-type=\"widget\" data-widget_type=\"heading.default\">\n\t\t\t\t<div class=\"elementor-widget-container\">\n\t\t\t\t\t<h3 class=\"elementor-heading-title elementor-size-default\">2 - Transmissi\u00f3, Frens i suspensi\u00f3 (BMW E21)<\/h3>\t\t\t\t<\/div>\n\t\t\t\t<\/div>\n\t\t\t\t<div class=\"elementor-element elementor-element-5c5ca1a elementor-widget__width-initial premium-table-dir-ltr elementor-widget elementor-widget-premium-tables-addon\" data-id=\"5c5ca1a\" data-element_type=\"widget\" data-e-type=\"widget\" data-settings=\"{&quot;premium_table_responsive&quot;:&quot;yes&quot;,&quot;premium_table_search&quot;:&quot;yes&quot;}\" data-widget_type=\"premium-tables-addon.default\">\n\t\t\t\t<div class=\"elementor-widget-container\">\n\t\t\t\t\t\r\n\t\t<div class=\"premium-table-wrap premium-table-responsive\">\r\n\t\t\t\t\t\t\t<div class=\"premium-table-filter\">\r\n\t\t\t\t\t\t\t\t\t\t\t<div class=\"premium-table-search-wrap\">\r\n\t\t\t\t\t\t\t<input class=\"premium-table-search-field\" type=\"text\" placeholder=\"Cerca\">\r\n\t\t\t\t\t\t<\/div>\r\n\t\t\t\t\t\t\t\t\t\t\t\t\t\t<\/div>\r\n\t\t\t\r\n\t\t\t<table class=\"premium-table premium-table-search\" data-settings=\"{&quot;sort&quot;:false,&quot;usNumbers&quot;:false,&quot;sortMob&quot;:false,&quot;search&quot;:true,&quot;records&quot;:false,&quot;dataType&quot;:&quot;csv&quot;,&quot;csvFile&quot;:&quot;https:\\\/\\\/www.jgclassics.com\\\/wp-content\\\/uploads\\\/2023\\\/05\\\/BMW-E21-ficha-tecnica_transmision.csv&quot;,&quot;firstRow&quot;:&quot;head&quot;,&quot;separator&quot;:&quot;;&quot;,&quot;pagination&quot;:&quot;&quot;,&quot;rows&quot;:0,&quot;id&quot;:&quot;5c5ca1a&quot;,&quot;reload&quot;:&quot;hour&quot;}\" >\r\n\r\n\t\t\t\r\n\t\t\t<\/table>\r\n\t\t<\/div>\r\n\t\t\t\t\t\t<\/div>\n\t\t\t\t<\/div>\n\t\t\t\t<div class=\"elementor-element elementor-element-1ae4ada elementor-widget elementor-widget-text-editor\" data-id=\"1ae4ada\" data-element_type=\"widget\" data-e-type=\"widget\" data-widget_type=\"text-editor.default\">\n\t\t\t\t<div class=\"elementor-widget-container\">\n\t\t\t\t\t\t\t\t\t<p><strong>(*) Opcions:<\/strong> Manual 4V &#8211; Manual 5V (opcions Overdrive-Eco\/Sport) &#8211; Autom\u00e0tica 3V<\/p>\t\t\t\t\t\t\t\t<\/div>\n\t\t\t\t<\/div>\n\t\t\t\t\t<\/div>\n\t\t<\/div>\n\t\t\t\t\t<\/div>\n\t\t<\/section>\n\t\t\t\t<section data-particle_enable=\"false\" data-particle-mobile-disabled=\"false\" class=\"elementor-section elementor-top-section elementor-element elementor-element-3bd62f9 elementor-section-boxed elementor-section-height-default elementor-section-height-default\" data-id=\"3bd62f9\" data-element_type=\"section\" data-e-type=\"section\">\n\t\t\t\t\t\t<div class=\"elementor-container elementor-column-gap-default\">\n\t\t\t\t\t<div class=\"elementor-column elementor-col-100 elementor-top-column elementor-element elementor-element-303e7e5\" data-id=\"303e7e5\" data-element_type=\"column\" data-e-type=\"column\">\n\t\t\t<div class=\"elementor-widget-wrap elementor-element-populated\">\n\t\t\t\t\t\t<div class=\"elementor-element elementor-element-ad22ab4 elementor-widget elementor-widget-heading\" data-id=\"ad22ab4\" data-element_type=\"widget\" data-e-type=\"widget\" data-widget_type=\"heading.default\">\n\t\t\t\t<div class=\"elementor-widget-container\">\n\t\t\t\t\t<h3 class=\"elementor-heading-title elementor-size-default\">3 - Valors\/Info reglatges, manteniment i revisi\u00f3 (BMW E21)<\/h3>\t\t\t\t<\/div>\n\t\t\t\t<\/div>\n\t\t\t\t<div class=\"elementor-element elementor-element-0c20312 elementor-widget__width-initial premium-table-dir-ltr elementor-widget elementor-widget-premium-tables-addon\" data-id=\"0c20312\" data-element_type=\"widget\" data-e-type=\"widget\" data-settings=\"{&quot;premium_table_responsive&quot;:&quot;yes&quot;,&quot;premium_table_search&quot;:&quot;yes&quot;}\" data-widget_type=\"premium-tables-addon.default\">\n\t\t\t\t<div class=\"elementor-widget-container\">\n\t\t\t\t\t\r\n\t\t<div class=\"premium-table-wrap premium-table-responsive\">\r\n\t\t\t\t\t\t\t<div class=\"premium-table-filter\">\r\n\t\t\t\t\t\t\t\t\t\t\t<div class=\"premium-table-search-wrap\">\r\n\t\t\t\t\t\t\t<input class=\"premium-table-search-field\" type=\"text\" placeholder=\"Cerca\">\r\n\t\t\t\t\t\t<\/div>\r\n\t\t\t\t\t\t\t\t\t\t\t\t\t\t<\/div>\r\n\t\t\t\r\n\t\t\t<table class=\"premium-table premium-table-search\" data-settings=\"{&quot;sort&quot;:false,&quot;usNumbers&quot;:false,&quot;sortMob&quot;:false,&quot;search&quot;:true,&quot;records&quot;:false,&quot;dataType&quot;:&quot;csv&quot;,&quot;csvFile&quot;:&quot;https:\\\/\\\/www.jgclassics.com\\\/wp-content\\\/uploads\\\/2023\\\/05\\\/BMW-E21-ficha-tecnica_reglajes.csv&quot;,&quot;firstRow&quot;:&quot;head&quot;,&quot;separator&quot;:&quot;;&quot;,&quot;pagination&quot;:&quot;yes&quot;,&quot;rows&quot;:7,&quot;id&quot;:&quot;0c20312&quot;,&quot;reload&quot;:&quot;hour&quot;}\" >\r\n\r\n\t\t\t\r\n\t\t\t<\/table>\r\n\t\t<\/div>\r\n\t\t\t\t\t<div class=\"premium-table-pagination\">\r\n\t\t\t\t<ul class=\"premium-table-pagination-list page-numbers\">\r\n\t\t\t\t\t<li><a href=\"#\" class=\"page-numbers prev\" data-page=\"0\">&laquo;<\/a><\/li>\r\n\t\t\t\t\t<li><a href=\"#\" class=\"page-numbers next\" data-page=\"last\">&raquo;<\/a><\/li>\r\n\t\t\t\t<\/ul>\r\n\t\t\t<\/div>\r\n\r\n\t\t\t\t\t\t\t<\/div>\n\t\t\t\t<\/div>\n\t\t\t\t\t<\/div>\n\t\t<\/div>\n\t\t\t\t\t<\/div>\n\t\t<\/section>\n\t\t\t\t<section data-particle_enable=\"false\" data-particle-mobile-disabled=\"false\" class=\"elementor-section elementor-top-section elementor-element elementor-element-64ac669 elementor-section-boxed elementor-section-height-default elementor-section-height-default\" data-id=\"64ac669\" data-element_type=\"section\" data-e-type=\"section\">\n\t\t\t\t\t\t<div class=\"elementor-container elementor-column-gap-default\">\n\t\t\t\t\t<div class=\"elementor-column elementor-col-100 elementor-top-column elementor-element elementor-element-b12b0c0\" data-id=\"b12b0c0\" data-element_type=\"column\" data-e-type=\"column\">\n\t\t\t<div class=\"elementor-widget-wrap elementor-element-populated\">\n\t\t\t\t\t\t<div class=\"elementor-element elementor-element-eaea500 elementor-widget elementor-widget-heading\" data-id=\"eaea500\" data-element_type=\"widget\" data-e-type=\"widget\" data-widget_type=\"heading.default\">\n\t\t\t\t<div class=\"elementor-widget-container\">\n\t\t\t\t\t<h2 class=\"elementor-heading-title elementor-size-default\">Revisi\u00f3 del consum d'oli (BMW E21)<\/h2>\t\t\t\t<\/div>\n\t\t\t\t<\/div>\n\t\t\t\t<div class=\"elementor-element elementor-element-784fa8d elementor-widget elementor-widget-text-editor\" data-id=\"784fa8d\" data-element_type=\"widget\" data-e-type=\"widget\" data-widget_type=\"text-editor.default\">\n\t\t\t\t<div class=\"elementor-widget-container\">\n\t\t\t\t\t\t\t\t\t<p>El consum d&#8217;oli es pot mesurar despr\u00e9s que el motor hagi recorregut uns 7500km despr\u00e9s de la seva reconstrucci\u00f3. Fins aquell moment no es pot considerar aquest com a estabilitzat.<\/p><p>El motor no mostrar\u00e0 p\u00e8rdues d&#8217;oli.<\/p><p>Consum d&#8217;oli <u>m\u00e0xim acceptable<\/u> : <strong>0,15 litres\/100kms<\/strong><\/p><p><strong> <\/strong><\/p><h3><strong><u>Per avaluar el consum d&#8217;oli:<\/u><\/strong><\/h3><ol><li>El valor del consum d&#8217;oli s&#8217;ha de determinar per pes (i no pas per volum).<\/li><li>Buideu l&#8217;oli del vehicle a temperatura de servei. El buidatge es produeix en uns 5 minuts.<\/li><li>Ompliu d&#8217;oli nou (pesar la quantitat d&#8217;oli posat).<\/li><li>Conduir el vehicle durant 1000 km.<\/li><li>Buideu l&#8217;oli a temperatura de servei (5 minuts de buidatge).<\/li><li>Peseu l&#8217;oli obtingut.<\/li><\/ol><p><em>(Considereu la densitat de l&#8217;oli a temperatura ambient com 0,9)<\/em><\/p><p><em> <\/em><\/p><h3><em>Exemple:  <\/em><\/h3><p><strong><em>Oli omplert<\/em><\/strong> <em>: 4500 grams &#8211; <strong>Oli buidat<\/strong> obtingut despr\u00e9s de 1000kms: 3600 grams<\/em> <\/p><p><strong>\n  <em>Oli consumit<\/em>\n<\/strong><em>: 900 grams (considerant densitat 0,9 =&gt; 1000 cc <strong>(1 litre oli 1000 kms =&gt; 0,1 l\/ 100kms OK).<\/strong><\/em><\/p><h3><strong><u>Possibles causes de consum excessiu d&#8217;oli:<\/u><\/strong><\/h3><ul><li>Rodatge motor no fet completament.<\/li><li>Retens de plan\u00e7\u00f3 de v\u00e0lvula defectuosos o danyats.<\/li><li>Holgures de pistons\/cilindres.<\/li><li>C\u00e8rcols de pist\u00f3 danyats, o mal muntats.<\/li><li><p>Excessiva folgan\u00e7a entre la guia de v\u00e0lvula i el plan\u00e7\u00f3 de la mateixa.<\/p><\/li><\/ul>\t\t\t\t\t\t\t\t<\/div>\n\t\t\t\t<\/div>\n\t\t\t\t\t<\/div>\n\t\t<\/div>\n\t\t\t\t\t<\/div>\n\t\t<\/section>\n\t\t\t\t<section data-particle_enable=\"false\" data-particle-mobile-disabled=\"false\" class=\"elementor-section elementor-top-section elementor-element elementor-element-5ea517f elementor-section-boxed elementor-section-height-default elementor-section-height-default\" data-id=\"5ea517f\" data-element_type=\"section\" data-e-type=\"section\">\n\t\t\t\t\t\t<div class=\"elementor-container elementor-column-gap-default\">\n\t\t\t\t\t<div class=\"elementor-column elementor-col-100 elementor-top-column elementor-element elementor-element-9b32a50\" data-id=\"9b32a50\" data-element_type=\"column\" data-e-type=\"column\">\n\t\t\t<div class=\"elementor-widget-wrap elementor-element-populated\">\n\t\t\t\t\t\t<div class=\"elementor-element elementor-element-896468b elementor-widget elementor-widget-menu-anchor\" data-id=\"896468b\" data-element_type=\"widget\" data-e-type=\"widget\" data-widget_type=\"menu-anchor.default\">\n\t\t\t\t<div class=\"elementor-widget-container\">\n\t\t\t\t\t\t\t<div class=\"elementor-menu-anchor\" id=\"torque_motor_M20\"><\/div>\n\t\t\t\t\t\t<\/div>\n\t\t\t\t<\/div>\n\t\t\t\t\t<\/div>\n\t\t<\/div>\n\t\t\t\t\t<\/div>\n\t\t<\/section>\n\t\t\t\t<section data-particle_enable=\"false\" data-particle-mobile-disabled=\"false\" class=\"elementor-section elementor-top-section elementor-element elementor-element-26b1692 elementor-section-boxed elementor-section-height-default elementor-section-height-default\" data-id=\"26b1692\" data-element_type=\"section\" data-e-type=\"section\">\n\t\t\t\t\t\t<div class=\"elementor-container elementor-column-gap-default\">\n\t\t\t\t\t<div class=\"elementor-column elementor-col-100 elementor-top-column elementor-element elementor-element-cee6e7a\" data-id=\"cee6e7a\" data-element_type=\"column\" data-e-type=\"column\">\n\t\t\t<div class=\"elementor-widget-wrap elementor-element-populated\">\n\t\t\t\t\t\t<div class=\"elementor-element elementor-element-0e874dc elementor-widget elementor-widget-heading\" data-id=\"0e874dc\" data-element_type=\"widget\" data-e-type=\"widget\" data-widget_type=\"heading.default\">\n\t\t\t\t<div class=\"elementor-widget-container\">\n\t\t\t\t\t<h3 class=\"elementor-heading-title elementor-size-default\">4 - Parells de collament (Torque) Motor (M20 6 cilindres) - BMW E21 320\/6 - 323i<\/h3>\t\t\t\t<\/div>\n\t\t\t\t<\/div>\n\t\t\t\t<div class=\"elementor-element elementor-element-39b1eff elementor-widget__width-initial premium-table-dir-ltr elementor-widget elementor-widget-premium-tables-addon\" data-id=\"39b1eff\" data-element_type=\"widget\" data-e-type=\"widget\" data-settings=\"{&quot;premium_table_responsive&quot;:&quot;yes&quot;,&quot;premium_table_search&quot;:&quot;yes&quot;}\" data-widget_type=\"premium-tables-addon.default\">\n\t\t\t\t<div class=\"elementor-widget-container\">\n\t\t\t\t\t\r\n\t\t<div class=\"premium-table-wrap premium-table-responsive\">\r\n\t\t\t\t\t\t\t<div class=\"premium-table-filter\">\r\n\t\t\t\t\t\t\t\t\t\t\t<div class=\"premium-table-search-wrap\">\r\n\t\t\t\t\t\t\t<input class=\"premium-table-search-field\" type=\"text\" placeholder=\"Cerca\">\r\n\t\t\t\t\t\t<\/div>\r\n\t\t\t\t\t\t\t\t\t\t\t\t\t\t<\/div>\r\n\t\t\t\r\n\t\t\t<table class=\"premium-table premium-table-search\" data-settings=\"{&quot;sort&quot;:false,&quot;usNumbers&quot;:false,&quot;sortMob&quot;:false,&quot;search&quot;:true,&quot;records&quot;:false,&quot;dataType&quot;:&quot;csv&quot;,&quot;csvFile&quot;:&quot;https:\\\/\\\/www.jgclassics.com\\\/wp-content\\\/uploads\\\/2023\\\/05\\\/BMW-E21-ficha-tecnica_torque_motor.csv&quot;,&quot;firstRow&quot;:&quot;head&quot;,&quot;separator&quot;:&quot;;&quot;,&quot;pagination&quot;:&quot;yes&quot;,&quot;rows&quot;:10,&quot;id&quot;:&quot;39b1eff&quot;,&quot;reload&quot;:&quot;hour&quot;}\" >\r\n\r\n\t\t\t\r\n\t\t\t<\/table>\r\n\t\t<\/div>\r\n\t\t\t\t\t<div class=\"premium-table-pagination\">\r\n\t\t\t\t<ul class=\"premium-table-pagination-list page-numbers\">\r\n\t\t\t\t\t<li><a href=\"#\" class=\"page-numbers prev\" data-page=\"0\">&laquo;<\/a><\/li>\r\n\t\t\t\t\t<li><a href=\"#\" class=\"page-numbers next\" data-page=\"last\">&raquo;<\/a><\/li>\r\n\t\t\t\t<\/ul>\r\n\t\t\t<\/div>\r\n\r\n\t\t\t\t\t\t\t<\/div>\n\t\t\t\t<\/div>\n\t\t\t\t<div class=\"elementor-element elementor-element-3bbe23d elementor-widget elementor-widget-text-editor\" data-id=\"3bbe23d\" data-element_type=\"widget\" data-e-type=\"widget\" data-widget_type=\"text-editor.default\">\n\t\t\t\t<div class=\"elementor-widget-container\">\n\t\t\t\t\t\t\t\t\t<p><strong>(*)<\/strong> Estr\u00e8nyer en creu comen\u00e7ant des del centre als extrems i realitzant l&#8217;estr\u00e8s en dues fases<br><strong>(**)<\/strong>  Primer estreny a 20 Nm. Donar un segon premi a 70 graus. Donar un tercer premi a 70 graus m\u00e9s. Si es desmunta, NO reutilitzar els cargols: utilitzar cargols nous per a remuntatge<br><strong>(***)<\/strong> Amb motor fred<\/p>\t\t\t\t\t\t\t\t<\/div>\n\t\t\t\t<\/div>\n\t\t\t\t\t<\/div>\n\t\t<\/div>\n\t\t\t\t\t<\/div>\n\t\t<\/section>\n\t\t\t\t<section data-particle_enable=\"false\" data-particle-mobile-disabled=\"false\" class=\"elementor-section elementor-top-section elementor-element elementor-element-1904438 elementor-section-boxed elementor-section-height-default elementor-section-height-default\" data-id=\"1904438\" data-element_type=\"section\" data-e-type=\"section\">\n\t\t\t\t\t\t<div class=\"elementor-container elementor-column-gap-default\">\n\t\t\t\t\t<div class=\"elementor-column elementor-col-100 elementor-top-column elementor-element elementor-element-614782c\" data-id=\"614782c\" data-element_type=\"column\" data-e-type=\"column\">\n\t\t\t<div class=\"elementor-widget-wrap elementor-element-populated\">\n\t\t\t\t\t\t<div class=\"elementor-element elementor-element-410afda elementor-widget elementor-widget-image\" data-id=\"410afda\" data-element_type=\"widget\" data-e-type=\"widget\" data-settings=\"{&quot;_animation&quot;:&quot;none&quot;}\" data-widget_type=\"image.default\">\n\t\t\t\t<div class=\"elementor-widget-container\">\n\t\t\t\t\t\t\t\t\t\t\t\t\t\t\t<img decoding=\"async\" width=\"768\" height=\"360\" src=\"https:\/\/www.jgclassics.com\/wp-content\/uploads\/2023\/05\/bm3-768x360.jpg\" class=\"attachment-medium_large size-medium_large wp-image-14217\" alt=\"BMW 323i e21\" srcset=\"https:\/\/www.jgclassics.com\/wp-content\/uploads\/2023\/05\/bm3-768x360.jpg 768w, https:\/\/www.jgclassics.com\/wp-content\/uploads\/2023\/05\/bm3-300x140.jpg 300w, https:\/\/www.jgclassics.com\/wp-content\/uploads\/2023\/05\/bm3-1024x479.jpg 1024w, https:\/\/www.jgclassics.com\/wp-content\/uploads\/2023\/05\/bm3-1536x719.jpg 1536w, https:\/\/www.jgclassics.com\/wp-content\/uploads\/2023\/05\/bm3-2048x959.jpg 2048w\" sizes=\"(max-width: 768px) 100vw, 768px\" \/>\t\t\t\t\t\t\t\t\t\t\t\t\t\t\t<\/div>\n\t\t\t\t<\/div>\n\t\t\t\t\t<\/div>\n\t\t<\/div>\n\t\t\t\t\t<\/div>\n\t\t<\/section>\n\t\t\t\t<section data-particle_enable=\"false\" data-particle-mobile-disabled=\"false\" class=\"elementor-section elementor-top-section elementor-element elementor-element-e1ae9e9 elementor-section-boxed elementor-section-height-default elementor-section-height-default\" data-id=\"e1ae9e9\" data-element_type=\"section\" data-e-type=\"section\">\n\t\t\t\t\t\t<div class=\"elementor-container elementor-column-gap-default\">\n\t\t\t\t\t<div class=\"elementor-column elementor-col-100 elementor-top-column elementor-element elementor-element-2572be3\" data-id=\"2572be3\" data-element_type=\"column\" data-e-type=\"column\">\n\t\t\t<div class=\"elementor-widget-wrap elementor-element-populated\">\n\t\t\t\t\t\t<div class=\"elementor-element elementor-element-422ac30 elementor-widget elementor-widget-heading\" data-id=\"422ac30\" data-element_type=\"widget\" data-e-type=\"widget\" data-widget_type=\"heading.default\">\n\t\t\t\t<div class=\"elementor-widget-container\">\n\t\t\t\t\t<h3 class=\"elementor-heading-title elementor-size-default\">5 - Mesures i pes (BMW E21)<\/h3>\t\t\t\t<\/div>\n\t\t\t\t<\/div>\n\t\t\t\t<div class=\"elementor-element elementor-element-72ba082 elementor-widget__width-initial premium-table-dir-ltr elementor-widget elementor-widget-premium-tables-addon\" data-id=\"72ba082\" data-element_type=\"widget\" data-e-type=\"widget\" data-settings=\"{&quot;premium_table_responsive&quot;:&quot;yes&quot;,&quot;premium_table_search&quot;:&quot;yes&quot;}\" data-widget_type=\"premium-tables-addon.default\">\n\t\t\t\t<div class=\"elementor-widget-container\">\n\t\t\t\t\t\r\n\t\t<div class=\"premium-table-wrap premium-table-responsive\">\r\n\t\t\t\t\t\t\t<div class=\"premium-table-filter\">\r\n\t\t\t\t\t\t\t\t\t\t\t<div class=\"premium-table-search-wrap\">\r\n\t\t\t\t\t\t\t<input class=\"premium-table-search-field\" type=\"text\" placeholder=\"Cerca\">\r\n\t\t\t\t\t\t<\/div>\r\n\t\t\t\t\t\t\t\t\t\t\t\t\t\t<\/div>\r\n\t\t\t\r\n\t\t\t<table class=\"premium-table premium-table-search\" data-settings=\"{&quot;sort&quot;:false,&quot;usNumbers&quot;:false,&quot;sortMob&quot;:false,&quot;search&quot;:true,&quot;records&quot;:false,&quot;dataType&quot;:&quot;csv&quot;,&quot;csvFile&quot;:&quot;https:\\\/\\\/www.jgclassics.com\\\/wp-content\\\/uploads\\\/2023\\\/05\\\/BMW-E21-ficha-tecnica_medidas.csv&quot;,&quot;firstRow&quot;:&quot;head&quot;,&quot;separator&quot;:&quot;;&quot;,&quot;pagination&quot;:&quot;yes&quot;,&quot;rows&quot;:5,&quot;id&quot;:&quot;72ba082&quot;,&quot;reload&quot;:&quot;hour&quot;}\" >\r\n\r\n\t\t\t\r\n\t\t\t<\/table>\r\n\t\t<\/div>\r\n\t\t\t\t\t<div class=\"premium-table-pagination\">\r\n\t\t\t\t<ul class=\"premium-table-pagination-list page-numbers\">\r\n\t\t\t\t\t<li><a href=\"#\" class=\"page-numbers prev\" data-page=\"0\">&laquo;<\/a><\/li>\r\n\t\t\t\t\t<li><a href=\"#\" class=\"page-numbers next\" data-page=\"last\">&raquo;<\/a><\/li>\r\n\t\t\t\t<\/ul>\r\n\t\t\t<\/div>\r\n\r\n\t\t\t\t\t\t\t<\/div>\n\t\t\t\t<\/div>\n\t\t\t\t\t<\/div>\n\t\t<\/div>\n\t\t\t\t\t<\/div>\n\t\t<\/section>\n\t\t\t\t<section data-particle_enable=\"false\" data-particle-mobile-disabled=\"false\" class=\"elementor-section elementor-top-section elementor-element elementor-element-495b6ce elementor-section-boxed elementor-section-height-default elementor-section-height-default\" data-id=\"495b6ce\" data-element_type=\"section\" data-e-type=\"section\">\n\t\t\t\t\t\t<div class=\"elementor-container elementor-column-gap-default\">\n\t\t\t\t\t<div class=\"elementor-column elementor-col-100 elementor-top-column elementor-element elementor-element-87cda0d\" data-id=\"87cda0d\" data-element_type=\"column\" data-e-type=\"column\">\n\t\t\t<div class=\"elementor-widget-wrap elementor-element-populated\">\n\t\t\t\t\t\t<div class=\"elementor-element elementor-element-f5241c7 e-transform elementor-widget elementor-widget-image\" data-id=\"f5241c7\" data-element_type=\"widget\" data-e-type=\"widget\" data-settings=\"{&quot;_animation&quot;:&quot;none&quot;,&quot;_transform_translateX_effect&quot;:{&quot;unit&quot;:&quot;px&quot;,&quot;size&quot;:&quot;&quot;,&quot;sizes&quot;:[]},&quot;_transform_translateX_effect_tablet&quot;:{&quot;unit&quot;:&quot;px&quot;,&quot;size&quot;:&quot;&quot;,&quot;sizes&quot;:[]},&quot;_transform_translateX_effect_mobile&quot;:{&quot;unit&quot;:&quot;px&quot;,&quot;size&quot;:&quot;&quot;,&quot;sizes&quot;:[]},&quot;_transform_translateY_effect&quot;:{&quot;unit&quot;:&quot;px&quot;,&quot;size&quot;:&quot;&quot;,&quot;sizes&quot;:[]},&quot;_transform_translateY_effect_tablet&quot;:{&quot;unit&quot;:&quot;px&quot;,&quot;size&quot;:&quot;&quot;,&quot;sizes&quot;:[]},&quot;_transform_translateY_effect_mobile&quot;:{&quot;unit&quot;:&quot;px&quot;,&quot;size&quot;:&quot;&quot;,&quot;sizes&quot;:[]}}\" data-widget_type=\"image.default\">\n\t\t\t\t<div class=\"elementor-widget-container\">\n\t\t\t\t\t\t\t\t\t\t\t\t\t\t\t<img loading=\"lazy\" decoding=\"async\" width=\"440\" height=\"164\" src=\"https:\/\/www.jgclassics.com\/wp-content\/uploads\/2023\/05\/logo_1942_BMW_2.jpg\" class=\"attachment-medium_large size-medium_large wp-image-14214\" alt=\"\" srcset=\"https:\/\/www.jgclassics.com\/wp-content\/uploads\/2023\/05\/logo_1942_BMW_2.jpg 440w, https:\/\/www.jgclassics.com\/wp-content\/uploads\/2023\/05\/logo_1942_BMW_2-300x112.jpg 300w\" sizes=\"(max-width: 440px) 100vw, 440px\" \/>\t\t\t\t\t\t\t\t\t\t\t\t\t\t\t<\/div>\n\t\t\t\t<\/div>\n\t\t\t\t\t<\/div>\n\t\t<\/div>\n\t\t\t\t\t<\/div>\n\t\t<\/section>\n\t\t\t\t<section data-particle_enable=\"false\" data-particle-mobile-disabled=\"false\" class=\"elementor-section elementor-top-section elementor-element elementor-element-b58faa4 elementor-section-boxed elementor-section-height-default elementor-section-height-default\" data-id=\"b58faa4\" data-element_type=\"section\" data-e-type=\"section\">\n\t\t\t\t\t\t<div class=\"elementor-container elementor-column-gap-default\">\n\t\t\t\t\t<div class=\"elementor-column elementor-col-100 elementor-top-column elementor-element elementor-element-29e5df1\" data-id=\"29e5df1\" data-element_type=\"column\" data-e-type=\"column\">\n\t\t\t<div class=\"elementor-widget-wrap elementor-element-populated\">\n\t\t\t\t\t\t<div class=\"elementor-element elementor-element-614a7bf elementor-widget elementor-widget-heading\" data-id=\"614a7bf\" data-element_type=\"widget\" data-e-type=\"widget\" data-widget_type=\"heading.default\">\n\t\t\t\t<div class=\"elementor-widget-container\">\n\t\t\t\t\t<h3 class=\"elementor-heading-title elementor-size-default\">6 - Prestacions \/ Capacitat combustible (BMW E21)<\/h3>\t\t\t\t<\/div>\n\t\t\t\t<\/div>\n\t\t\t\t<div class=\"elementor-element elementor-element-eee71d4 elementor-widget__width-initial premium-table-dir-ltr elementor-widget elementor-widget-premium-tables-addon\" data-id=\"eee71d4\" data-element_type=\"widget\" data-e-type=\"widget\" data-settings=\"{&quot;premium_table_responsive&quot;:&quot;yes&quot;,&quot;premium_table_search&quot;:&quot;yes&quot;}\" data-widget_type=\"premium-tables-addon.default\">\n\t\t\t\t<div class=\"elementor-widget-container\">\n\t\t\t\t\t\r\n\t\t<div class=\"premium-table-wrap premium-table-responsive\">\r\n\t\t\t\t\t\t\t<div class=\"premium-table-filter\">\r\n\t\t\t\t\t\t\t\t\t\t\t<div class=\"premium-table-search-wrap\">\r\n\t\t\t\t\t\t\t<input class=\"premium-table-search-field\" type=\"text\" placeholder=\"Cerca\">\r\n\t\t\t\t\t\t<\/div>\r\n\t\t\t\t\t\t\t\t\t\t\t\t\t\t<\/div>\r\n\t\t\t\r\n\t\t\t<table class=\"premium-table premium-table-search\" data-settings=\"{&quot;sort&quot;:false,&quot;usNumbers&quot;:false,&quot;sortMob&quot;:false,&quot;search&quot;:true,&quot;records&quot;:false,&quot;dataType&quot;:&quot;csv&quot;,&quot;csvFile&quot;:&quot;https:\\\/\\\/www.jgclassics.com\\\/wp-content\\\/uploads\\\/2023\\\/05\\\/BMW-E21-Prestaciones.csv&quot;,&quot;firstRow&quot;:&quot;head&quot;,&quot;separator&quot;:&quot;;&quot;,&quot;pagination&quot;:&quot;yes&quot;,&quot;rows&quot;:7,&quot;id&quot;:&quot;eee71d4&quot;,&quot;reload&quot;:&quot;hour&quot;}\" >\r\n\r\n\t\t\t\r\n\t\t\t<\/table>\r\n\t\t<\/div>\r\n\t\t\t\t\t<div class=\"premium-table-pagination\">\r\n\t\t\t\t<ul class=\"premium-table-pagination-list page-numbers\">\r\n\t\t\t\t\t<li><a href=\"#\" class=\"page-numbers prev\" data-page=\"0\">&laquo;<\/a><\/li>\r\n\t\t\t\t\t<li><a href=\"#\" class=\"page-numbers next\" data-page=\"last\">&raquo;<\/a><\/li>\r\n\t\t\t\t<\/ul>\r\n\t\t\t<\/div>\r\n\r\n\t\t\t\t\t\t\t<\/div>\n\t\t\t\t<\/div>\n\t\t\t\t<div class=\"elementor-element elementor-element-e44dec3 elementor-widget elementor-widget-eael-creative-button\" data-id=\"e44dec3\" data-element_type=\"widget\" data-e-type=\"widget\" data-widget_type=\"eael-creative-button.default\">\n\t\t\t\t<div class=\"elementor-widget-container\">\n\t\t\t\t\t        <div class=\"eael-creative-button-wrapper\">\n\n            <a class=\"eael-creative-button eael-creative-button--default eael-cb-icon-position-right\" href=\"https:\/\/www.jgclassics.com\/ca\/els-nostres-vehicles\/bmw-323i-e21\/\" data-text=\"Go!\">\n            \t    \n                <div class=\"creative-button-inner\">\n\n                    \n                    <span class=\"cretive-button-text\">BMW E21 323i<\/span>\n\n                                            <span class=\"eael-creative-button-icon-right\"><i aria-hidden=\"true\" class=\"fas fa-arrow-circle-right\"><\/i><\/span>                                    <\/div>\n\t                        <\/a>\n        <\/div>\n        \t\t\t\t<\/div>\n\t\t\t\t<\/div>\n\t\t\t\t\t<\/div>\n\t\t<\/div>\n\t\t\t\t\t<\/div>\n\t\t<\/section>\n\t\t\t\t<section data-particle_enable=\"false\" data-particle-mobile-disabled=\"false\" class=\"elementor-section elementor-top-section elementor-element elementor-element-3a60023e elementor-section-boxed elementor-section-height-default elementor-section-height-default\" data-id=\"3a60023e\" data-element_type=\"section\" data-e-type=\"section\">\n\t\t\t\t\t\t<div class=\"elementor-container elementor-column-gap-default\">\n\t\t\t\t\t<div class=\"elementor-column elementor-col-100 elementor-top-column elementor-element elementor-element-4be2319d\" data-id=\"4be2319d\" data-element_type=\"column\" data-e-type=\"column\">\n\t\t\t<div class=\"elementor-widget-wrap elementor-element-populated\">\n\t\t\t\t\t\t\t<\/div>\n\t\t<\/div>\n\t\t\t\t\t<\/div>\n\t\t<\/section>\n\t\t\t\t<\/div>\n\t\t","protected":false},"excerpt":{"rendered":"<p>Espa\u00f1ol Catal\u00e0 (Catal\u00e1n) English (Ingl\u00e9s) Fran\u00e7ais (Franc\u00e9s) Compartir a: BMW s\u00e8rie 3 E21 Fitxa t\u00e8cnica BMW E21 323i BMW E21 &#8211; Fitxa t\u00e8cnica (315, 316, 318, 318i, 320, 320i, 323i) 1 &#8211; Caracter\u00edstiques motor (BMW E21) &laquo; &raquo; 2 &#8211; Transmissi\u00f3, Frens i suspensi\u00f3 (BMW E21) (*) Opcions: Manual 4V &#8211; Manual 5V (opcions Overdrive-Eco\/Sport) [&hellip;]<\/p>\n","protected":false},"author":1,"featured_media":13704,"comment_status":"closed","ping_status":"closed","sticky":false,"template":"elementor_header_footer","format":"standard","meta":{"_monsterinsights_skip_tracking":false,"_monsterinsights_sitenote_active":false,"_monsterinsights_sitenote_note":"","_monsterinsights_sitenote_category":0,"site-sidebar-layout":"default","site-content-layout":"","ast-site-content-layout":"default","site-content-style":"default","site-sidebar-style":"default","ast-global-header-display":"","ast-banner-title-visibility":"","ast-main-header-display":"","ast-hfb-above-header-display":"","ast-hfb-below-header-display":"","ast-hfb-mobile-header-display":"","site-post-title":"","ast-breadcrumbs-content":"","ast-featured-img":"","footer-sml-layout":"","ast-disable-related-posts":"","theme-transparent-header-meta":"","adv-header-id-meta":"","stick-header-meta":"","header-above-stick-meta":"","header-main-stick-meta":"","header-below-stick-meta":"","astra-migrate-meta-layouts":"set","ast-page-background-enabled":"default","ast-page-background-meta":{"desktop":{"background-color":"var(--ast-global-color-4)","background-image":"","background-repeat":"repeat","background-position":"center center","background-size":"auto","background-attachment":"scroll","background-type":"","background-media":"","overlay-type":"","overlay-color":"","overlay-opacity":"","overlay-gradient":""},"tablet":{"background-color":"","background-image":"","background-repeat":"repeat","background-position":"center center","background-size":"auto","background-attachment":"scroll","background-type":"","background-media":"","overlay-type":"","overlay-color":"","overlay-opacity":"","overlay-gradient":""},"mobile":{"background-color":"","background-image":"","background-repeat":"repeat","background-position":"center center","background-size":"auto","background-attachment":"scroll","background-type":"","background-media":"","overlay-type":"","overlay-color":"","overlay-opacity":"","overlay-gradient":""}},"ast-content-background-meta":{"desktop":{"background-color":"var(--ast-global-color-5)","background-image":"","background-repeat":"repeat","background-position":"center center","background-size":"auto","background-attachment":"scroll","background-type":"","background-media":"","overlay-type":"","overlay-color":"","overlay-opacity":"","overlay-gradient":""},"tablet":{"background-color":"var(--ast-global-color-5)","background-image":"","background-repeat":"repeat","background-position":"center center","background-size":"auto","background-attachment":"scroll","background-type":"","background-media":"","overlay-type":"","overlay-color":"","overlay-opacity":"","overlay-gradient":""},"mobile":{"background-color":"var(--ast-global-color-5)","background-image":"","background-repeat":"repeat","background-position":"center center","background-size":"auto","background-attachment":"scroll","background-type":"","background-media":"","overlay-type":"","overlay-color":"","overlay-opacity":"","overlay-gradient":""}},"footnotes":""},"categories":[459],"tags":[],"class_list":["post-15033","post","type-post","status-publish","format-standard","has-post-thumbnail","hentry","category-uncategorized-ca"],"yoast_head":"<!-- This site is optimized with the Yoast SEO Premium plugin v27.4 (Yoast SEO v27.4) - https:\/\/yoast.com\/product\/yoast-seo-premium-wordpress\/ -->\n<title>BMW S\u00e8rie 3 E21 - Fitxa t\u00e8cnica - JG Classics : L&#039;emoci\u00f3 de viatjar en el temps<\/title>\n<meta name=\"description\" content=\"BMW s\u00e8rie 3 E21 fitxa t\u00e8cnica. Taula de caracter\u00edstiques de models 315, 316, 318, 320, 320i i 323i.\" \/>\n<meta name=\"robots\" content=\"index, follow, max-snippet:-1, max-image-preview:large, max-video-preview:-1\" \/>\n<link rel=\"canonical\" href=\"https:\/\/www.jgclassics.com\/ca\/2023\/05\/15\/bmw-serie-3-e21-fitxa-tecnica\/\" \/>\n<meta property=\"og:locale\" content=\"ca_ES\" \/>\n<meta property=\"og:type\" content=\"article\" \/>\n<meta property=\"og:title\" content=\"BMW S\u00e8rie 3 E21 - Fitxa t\u00e8cnica\" \/>\n<meta property=\"og:description\" content=\"BMW s\u00e8rie 3 E21 fitxa t\u00e8cnica. Taula de caracter\u00edstiques de models 315, 316, 318, 320, 320i i 323i.\" \/>\n<meta property=\"og:url\" content=\"https:\/\/www.jgclassics.com\/ca\/2023\/05\/15\/bmw-serie-3-e21-fitxa-tecnica\/\" \/>\n<meta property=\"og:site_name\" content=\"JG Classics : L&#039;emoci\u00f3 de viatjar en el temps\" \/>\n<meta property=\"article:publisher\" content=\"https:\/\/www.facebook.com\/profile.php?id=100086454427345\" \/>\n<meta property=\"article:published_time\" content=\"2023-05-15T00:08:00+00:00\" \/>\n<meta property=\"article:modified_time\" content=\"2026-01-09T12:32:37+00:00\" \/>\n<meta property=\"og:image\" content=\"https:\/\/www.jgclassics.com\/wp-content\/uploads\/2023\/05\/20230506_203204-scaled.jpg\" \/>\n\t<meta property=\"og:image:width\" content=\"2560\" \/>\n\t<meta property=\"og:image:height\" content=\"1440\" \/>\n\t<meta property=\"og:image:type\" content=\"image\/jpeg\" \/>\n<meta name=\"author\" content=\"JG Classics Administrator\" \/>\n<meta name=\"twitter:card\" content=\"summary_large_image\" \/>\n<meta name=\"twitter:label1\" content=\"Escrit per\" \/>\n\t<meta name=\"twitter:data1\" content=\"JG Classics Administrator\" \/>\n\t<meta name=\"twitter:label2\" content=\"Temps estimat de lectura\" \/>\n\t<meta name=\"twitter:data2\" content=\"4 minuts\" \/>\n<script type=\"application\/ld+json\" class=\"yoast-schema-graph\">{\"@context\":\"https:\\\/\\\/schema.org\",\"@graph\":[{\"@type\":\"Article\",\"@id\":\"https:\\\/\\\/www.jgclassics.com\\\/ca\\\/2023\\\/05\\\/15\\\/bmw-serie-3-e21-fitxa-tecnica\\\/#article\",\"isPartOf\":{\"@id\":\"https:\\\/\\\/www.jgclassics.com\\\/ca\\\/2023\\\/05\\\/15\\\/bmw-serie-3-e21-fitxa-tecnica\\\/\"},\"author\":{\"name\":\"JG Classics Administrator\",\"@id\":\"https:\\\/\\\/www.jgclassics.com\\\/ca\\\/#\\\/schema\\\/person\\\/c90c7d27489a18da844c6085e5641f8d\"},\"headline\":\"BMW S\u00e8rie 3 E21 &#8211; Fitxa t\u00e8cnica\",\"datePublished\":\"2023-05-15T00:08:00+00:00\",\"dateModified\":\"2026-01-09T12:32:37+00:00\",\"mainEntityOfPage\":{\"@id\":\"https:\\\/\\\/www.jgclassics.com\\\/ca\\\/2023\\\/05\\\/15\\\/bmw-serie-3-e21-fitxa-tecnica\\\/\"},\"wordCount\":376,\"publisher\":{\"@id\":\"https:\\\/\\\/www.jgclassics.com\\\/ca\\\/#organization\"},\"image\":{\"@id\":\"https:\\\/\\\/www.jgclassics.com\\\/ca\\\/2023\\\/05\\\/15\\\/bmw-serie-3-e21-fitxa-tecnica\\\/#primaryimage\"},\"thumbnailUrl\":\"https:\\\/\\\/www.jgclassics.com\\\/wp-content\\\/uploads\\\/2023\\\/05\\\/20230506_203204-scaled.jpg\",\"articleSection\":[\"Uncategorized @ca\"],\"inLanguage\":\"ca\"},{\"@type\":\"WebPage\",\"@id\":\"https:\\\/\\\/www.jgclassics.com\\\/ca\\\/2023\\\/05\\\/15\\\/bmw-serie-3-e21-fitxa-tecnica\\\/\",\"url\":\"https:\\\/\\\/www.jgclassics.com\\\/ca\\\/2023\\\/05\\\/15\\\/bmw-serie-3-e21-fitxa-tecnica\\\/\",\"name\":\"BMW S\u00e8rie 3 E21 - Fitxa t\u00e8cnica - JG Classics : L'emoci\u00f3 de viatjar en el temps\",\"isPartOf\":{\"@id\":\"https:\\\/\\\/www.jgclassics.com\\\/ca\\\/#website\"},\"primaryImageOfPage\":{\"@id\":\"https:\\\/\\\/www.jgclassics.com\\\/ca\\\/2023\\\/05\\\/15\\\/bmw-serie-3-e21-fitxa-tecnica\\\/#primaryimage\"},\"image\":{\"@id\":\"https:\\\/\\\/www.jgclassics.com\\\/ca\\\/2023\\\/05\\\/15\\\/bmw-serie-3-e21-fitxa-tecnica\\\/#primaryimage\"},\"thumbnailUrl\":\"https:\\\/\\\/www.jgclassics.com\\\/wp-content\\\/uploads\\\/2023\\\/05\\\/20230506_203204-scaled.jpg\",\"datePublished\":\"2023-05-15T00:08:00+00:00\",\"dateModified\":\"2026-01-09T12:32:37+00:00\",\"description\":\"BMW s\u00e8rie 3 E21 fitxa t\u00e8cnica. Taula de caracter\u00edstiques de models 315, 316, 318, 320, 320i i 323i.\",\"breadcrumb\":{\"@id\":\"https:\\\/\\\/www.jgclassics.com\\\/ca\\\/2023\\\/05\\\/15\\\/bmw-serie-3-e21-fitxa-tecnica\\\/#breadcrumb\"},\"inLanguage\":\"ca\",\"potentialAction\":[{\"@type\":\"ReadAction\",\"target\":[\"https:\\\/\\\/www.jgclassics.com\\\/ca\\\/2023\\\/05\\\/15\\\/bmw-serie-3-e21-fitxa-tecnica\\\/\"]}]},{\"@type\":\"ImageObject\",\"inLanguage\":\"ca\",\"@id\":\"https:\\\/\\\/www.jgclassics.com\\\/ca\\\/2023\\\/05\\\/15\\\/bmw-serie-3-e21-fitxa-tecnica\\\/#primaryimage\",\"url\":\"https:\\\/\\\/www.jgclassics.com\\\/wp-content\\\/uploads\\\/2023\\\/05\\\/20230506_203204-scaled.jpg\",\"contentUrl\":\"https:\\\/\\\/www.jgclassics.com\\\/wp-content\\\/uploads\\\/2023\\\/05\\\/20230506_203204-scaled.jpg\",\"width\":2560,\"height\":1440,\"caption\":\"BMW 323i E21 1981 Barcelona Maresme. Lloguer cotxes cl\u00e0ssics BMW Barcelona\"},{\"@type\":\"BreadcrumbList\",\"@id\":\"https:\\\/\\\/www.jgclassics.com\\\/ca\\\/2023\\\/05\\\/15\\\/bmw-serie-3-e21-fitxa-tecnica\\\/#breadcrumb\",\"itemListElement\":[{\"@type\":\"ListItem\",\"position\":1,\"name\":\"Inicio\",\"item\":\"https:\\\/\\\/www.jgclassics.com\\\/ca\\\/jg-classics-cotxes-classics-i-historics-per-viatjar-en-el-temps\\\/\"},{\"@type\":\"ListItem\",\"position\":2,\"name\":\"BMW S\u00e8rie 3 E21 &#8211; Fitxa t\u00e8cnica\"}]},{\"@type\":\"WebSite\",\"@id\":\"https:\\\/\\\/www.jgclassics.com\\\/ca\\\/#website\",\"url\":\"https:\\\/\\\/www.jgclassics.com\\\/ca\\\/\",\"name\":\"JG Classics : L'emoci\u00f3 de viatjar en el temps\",\"description\":\"Cotxes cl\u00e0ssics, autom\u00f2bils hist\u00f2rics: Lloguer, suport a restauracions, info t\u00e8cnica i compra de material\",\"publisher\":{\"@id\":\"https:\\\/\\\/www.jgclassics.com\\\/ca\\\/#organization\"},\"alternateName\":\"JG Classics - Coches cl\u00e1sicos e hist\u00f3ricos - Alquiler, blogs, informaci\u00f3n, art\u00edculos\",\"potentialAction\":[{\"@type\":\"SearchAction\",\"target\":{\"@type\":\"EntryPoint\",\"urlTemplate\":\"https:\\\/\\\/www.jgclassics.com\\\/ca\\\/?s={search_term_string}\"},\"query-input\":{\"@type\":\"PropertyValueSpecification\",\"valueRequired\":true,\"valueName\":\"search_term_string\"}}],\"inLanguage\":\"ca\"},{\"@type\":\"Organization\",\"@id\":\"https:\\\/\\\/www.jgclassics.com\\\/ca\\\/#organization\",\"name\":\"JG Classics : L'emoci\u00f3 de viatjar en el temps\",\"alternateName\":\"JG Classics\",\"url\":\"https:\\\/\\\/www.jgclassics.com\\\/ca\\\/\",\"logo\":{\"@type\":\"ImageObject\",\"inLanguage\":\"ca\",\"@id\":\"https:\\\/\\\/www.jgclassics.com\\\/ca\\\/#\\\/schema\\\/logo\\\/image\\\/\",\"url\":\"https:\\\/\\\/www.jgclassics.com\\\/wp-content\\\/uploads\\\/2022\\\/10\\\/Color-logo-with-background.svg\",\"contentUrl\":\"https:\\\/\\\/www.jgclassics.com\\\/wp-content\\\/uploads\\\/2022\\\/10\\\/Color-logo-with-background.svg\",\"width\":3171,\"height\":2303,\"caption\":\"JG Classics : L'emoci\u00f3 de viatjar en el temps\"},\"image\":{\"@id\":\"https:\\\/\\\/www.jgclassics.com\\\/ca\\\/#\\\/schema\\\/logo\\\/image\\\/\"},\"sameAs\":[\"https:\\\/\\\/www.facebook.com\\\/profile.php?id=100086454427345\"]},{\"@type\":\"Person\",\"@id\":\"https:\\\/\\\/www.jgclassics.com\\\/ca\\\/#\\\/schema\\\/person\\\/c90c7d27489a18da844c6085e5641f8d\",\"name\":\"JG Classics Administrator\",\"image\":{\"@type\":\"ImageObject\",\"inLanguage\":\"ca\",\"@id\":\"https:\\\/\\\/secure.gravatar.com\\\/avatar\\\/ededfcc22765048d597870dfa6024bcb30f5c6fa35cd8cf28a5f1ac6e0067a31?s=96&d=mm&r=g\",\"url\":\"https:\\\/\\\/secure.gravatar.com\\\/avatar\\\/ededfcc22765048d597870dfa6024bcb30f5c6fa35cd8cf28a5f1ac6e0067a31?s=96&d=mm&r=g\",\"contentUrl\":\"https:\\\/\\\/secure.gravatar.com\\\/avatar\\\/ededfcc22765048d597870dfa6024bcb30f5c6fa35cd8cf28a5f1ac6e0067a31?s=96&d=mm&r=g\",\"caption\":\"JG Classics Administrator\"},\"sameAs\":[\"https:\\\/\\\/www.jgclassics.com\"],\"url\":\"https:\\\/\\\/www.jgclassics.com\\\/ca\\\/author\\\/jgclassics_hikp0z\\\/\"}]}<\/script>\n<!-- \/ Yoast SEO Premium plugin. -->","yoast_head_json":{"title":"BMW S\u00e8rie 3 E21 - Fitxa t\u00e8cnica - JG Classics : L'emoci\u00f3 de viatjar en el temps","description":"BMW s\u00e8rie 3 E21 fitxa t\u00e8cnica. Taula de caracter\u00edstiques de models 315, 316, 318, 320, 320i i 323i.","robots":{"index":"index","follow":"follow","max-snippet":"max-snippet:-1","max-image-preview":"max-image-preview:large","max-video-preview":"max-video-preview:-1"},"canonical":"https:\/\/www.jgclassics.com\/ca\/2023\/05\/15\/bmw-serie-3-e21-fitxa-tecnica\/","og_locale":"ca_ES","og_type":"article","og_title":"BMW S\u00e8rie 3 E21 - Fitxa t\u00e8cnica","og_description":"BMW s\u00e8rie 3 E21 fitxa t\u00e8cnica. Taula de caracter\u00edstiques de models 315, 316, 318, 320, 320i i 323i.","og_url":"https:\/\/www.jgclassics.com\/ca\/2023\/05\/15\/bmw-serie-3-e21-fitxa-tecnica\/","og_site_name":"JG Classics : L'emoci\u00f3 de viatjar en el temps","article_publisher":"https:\/\/www.facebook.com\/profile.php?id=100086454427345","article_published_time":"2023-05-15T00:08:00+00:00","article_modified_time":"2026-01-09T12:32:37+00:00","og_image":[{"width":2560,"height":1440,"url":"https:\/\/www.jgclassics.com\/wp-content\/uploads\/2023\/05\/20230506_203204-scaled.jpg","type":"image\/jpeg"}],"author":"JG Classics Administrator","twitter_card":"summary_large_image","twitter_misc":{"Escrit per":"JG Classics Administrator","Temps estimat de lectura":"4 minuts"},"schema":{"@context":"https:\/\/schema.org","@graph":[{"@type":"Article","@id":"https:\/\/www.jgclassics.com\/ca\/2023\/05\/15\/bmw-serie-3-e21-fitxa-tecnica\/#article","isPartOf":{"@id":"https:\/\/www.jgclassics.com\/ca\/2023\/05\/15\/bmw-serie-3-e21-fitxa-tecnica\/"},"author":{"name":"JG Classics Administrator","@id":"https:\/\/www.jgclassics.com\/ca\/#\/schema\/person\/c90c7d27489a18da844c6085e5641f8d"},"headline":"BMW S\u00e8rie 3 E21 &#8211; Fitxa t\u00e8cnica","datePublished":"2023-05-15T00:08:00+00:00","dateModified":"2026-01-09T12:32:37+00:00","mainEntityOfPage":{"@id":"https:\/\/www.jgclassics.com\/ca\/2023\/05\/15\/bmw-serie-3-e21-fitxa-tecnica\/"},"wordCount":376,"publisher":{"@id":"https:\/\/www.jgclassics.com\/ca\/#organization"},"image":{"@id":"https:\/\/www.jgclassics.com\/ca\/2023\/05\/15\/bmw-serie-3-e21-fitxa-tecnica\/#primaryimage"},"thumbnailUrl":"https:\/\/www.jgclassics.com\/wp-content\/uploads\/2023\/05\/20230506_203204-scaled.jpg","articleSection":["Uncategorized @ca"],"inLanguage":"ca"},{"@type":"WebPage","@id":"https:\/\/www.jgclassics.com\/ca\/2023\/05\/15\/bmw-serie-3-e21-fitxa-tecnica\/","url":"https:\/\/www.jgclassics.com\/ca\/2023\/05\/15\/bmw-serie-3-e21-fitxa-tecnica\/","name":"BMW S\u00e8rie 3 E21 - Fitxa t\u00e8cnica - JG Classics : L'emoci\u00f3 de viatjar en el temps","isPartOf":{"@id":"https:\/\/www.jgclassics.com\/ca\/#website"},"primaryImageOfPage":{"@id":"https:\/\/www.jgclassics.com\/ca\/2023\/05\/15\/bmw-serie-3-e21-fitxa-tecnica\/#primaryimage"},"image":{"@id":"https:\/\/www.jgclassics.com\/ca\/2023\/05\/15\/bmw-serie-3-e21-fitxa-tecnica\/#primaryimage"},"thumbnailUrl":"https:\/\/www.jgclassics.com\/wp-content\/uploads\/2023\/05\/20230506_203204-scaled.jpg","datePublished":"2023-05-15T00:08:00+00:00","dateModified":"2026-01-09T12:32:37+00:00","description":"BMW s\u00e8rie 3 E21 fitxa t\u00e8cnica. Taula de caracter\u00edstiques de models 315, 316, 318, 320, 320i i 323i.","breadcrumb":{"@id":"https:\/\/www.jgclassics.com\/ca\/2023\/05\/15\/bmw-serie-3-e21-fitxa-tecnica\/#breadcrumb"},"inLanguage":"ca","potentialAction":[{"@type":"ReadAction","target":["https:\/\/www.jgclassics.com\/ca\/2023\/05\/15\/bmw-serie-3-e21-fitxa-tecnica\/"]}]},{"@type":"ImageObject","inLanguage":"ca","@id":"https:\/\/www.jgclassics.com\/ca\/2023\/05\/15\/bmw-serie-3-e21-fitxa-tecnica\/#primaryimage","url":"https:\/\/www.jgclassics.com\/wp-content\/uploads\/2023\/05\/20230506_203204-scaled.jpg","contentUrl":"https:\/\/www.jgclassics.com\/wp-content\/uploads\/2023\/05\/20230506_203204-scaled.jpg","width":2560,"height":1440,"caption":"BMW 323i E21 1981 Barcelona Maresme. Lloguer cotxes cl\u00e0ssics BMW Barcelona"},{"@type":"BreadcrumbList","@id":"https:\/\/www.jgclassics.com\/ca\/2023\/05\/15\/bmw-serie-3-e21-fitxa-tecnica\/#breadcrumb","itemListElement":[{"@type":"ListItem","position":1,"name":"Inicio","item":"https:\/\/www.jgclassics.com\/ca\/jg-classics-cotxes-classics-i-historics-per-viatjar-en-el-temps\/"},{"@type":"ListItem","position":2,"name":"BMW S\u00e8rie 3 E21 &#8211; Fitxa t\u00e8cnica"}]},{"@type":"WebSite","@id":"https:\/\/www.jgclassics.com\/ca\/#website","url":"https:\/\/www.jgclassics.com\/ca\/","name":"JG Classics : L'emoci\u00f3 de viatjar en el temps","description":"Cotxes cl\u00e0ssics, autom\u00f2bils hist\u00f2rics: Lloguer, suport a restauracions, info t\u00e8cnica i compra de material","publisher":{"@id":"https:\/\/www.jgclassics.com\/ca\/#organization"},"alternateName":"JG Classics - Coches cl\u00e1sicos e hist\u00f3ricos - Alquiler, blogs, informaci\u00f3n, art\u00edculos","potentialAction":[{"@type":"SearchAction","target":{"@type":"EntryPoint","urlTemplate":"https:\/\/www.jgclassics.com\/ca\/?s={search_term_string}"},"query-input":{"@type":"PropertyValueSpecification","valueRequired":true,"valueName":"search_term_string"}}],"inLanguage":"ca"},{"@type":"Organization","@id":"https:\/\/www.jgclassics.com\/ca\/#organization","name":"JG Classics : L'emoci\u00f3 de viatjar en el temps","alternateName":"JG Classics","url":"https:\/\/www.jgclassics.com\/ca\/","logo":{"@type":"ImageObject","inLanguage":"ca","@id":"https:\/\/www.jgclassics.com\/ca\/#\/schema\/logo\/image\/","url":"https:\/\/www.jgclassics.com\/wp-content\/uploads\/2022\/10\/Color-logo-with-background.svg","contentUrl":"https:\/\/www.jgclassics.com\/wp-content\/uploads\/2022\/10\/Color-logo-with-background.svg","width":3171,"height":2303,"caption":"JG Classics : L'emoci\u00f3 de viatjar en el temps"},"image":{"@id":"https:\/\/www.jgclassics.com\/ca\/#\/schema\/logo\/image\/"},"sameAs":["https:\/\/www.facebook.com\/profile.php?id=100086454427345"]},{"@type":"Person","@id":"https:\/\/www.jgclassics.com\/ca\/#\/schema\/person\/c90c7d27489a18da844c6085e5641f8d","name":"JG Classics Administrator","image":{"@type":"ImageObject","inLanguage":"ca","@id":"https:\/\/secure.gravatar.com\/avatar\/ededfcc22765048d597870dfa6024bcb30f5c6fa35cd8cf28a5f1ac6e0067a31?s=96&d=mm&r=g","url":"https:\/\/secure.gravatar.com\/avatar\/ededfcc22765048d597870dfa6024bcb30f5c6fa35cd8cf28a5f1ac6e0067a31?s=96&d=mm&r=g","contentUrl":"https:\/\/secure.gravatar.com\/avatar\/ededfcc22765048d597870dfa6024bcb30f5c6fa35cd8cf28a5f1ac6e0067a31?s=96&d=mm&r=g","caption":"JG Classics Administrator"},"sameAs":["https:\/\/www.jgclassics.com"],"url":"https:\/\/www.jgclassics.com\/ca\/author\/jgclassics_hikp0z\/"}]}},"_links":{"self":[{"href":"https:\/\/www.jgclassics.com\/ca\/wp-json\/wp\/v2\/posts\/15033","targetHints":{"allow":["GET"]}}],"collection":[{"href":"https:\/\/www.jgclassics.com\/ca\/wp-json\/wp\/v2\/posts"}],"about":[{"href":"https:\/\/www.jgclassics.com\/ca\/wp-json\/wp\/v2\/types\/post"}],"author":[{"embeddable":true,"href":"https:\/\/www.jgclassics.com\/ca\/wp-json\/wp\/v2\/users\/1"}],"replies":[{"embeddable":true,"href":"https:\/\/www.jgclassics.com\/ca\/wp-json\/wp\/v2\/comments?post=15033"}],"version-history":[{"count":5,"href":"https:\/\/www.jgclassics.com\/ca\/wp-json\/wp\/v2\/posts\/15033\/revisions"}],"predecessor-version":[{"id":23234,"href":"https:\/\/www.jgclassics.com\/ca\/wp-json\/wp\/v2\/posts\/15033\/revisions\/23234"}],"wp:featuredmedia":[{"embeddable":true,"href":"https:\/\/www.jgclassics.com\/ca\/wp-json\/wp\/v2\/media\/13704"}],"wp:attachment":[{"href":"https:\/\/www.jgclassics.com\/ca\/wp-json\/wp\/v2\/media?parent=15033"}],"wp:term":[{"taxonomy":"category","embeddable":true,"href":"https:\/\/www.jgclassics.com\/ca\/wp-json\/wp\/v2\/categories?post=15033"},{"taxonomy":"post_tag","embeddable":true,"href":"https:\/\/www.jgclassics.com\/ca\/wp-json\/wp\/v2\/tags?post=15033"}],"curies":[{"name":"wp","href":"https:\/\/api.w.org\/{rel}","templated":true}]}}