{"id":18490,"date":"2023-09-26T01:24:00","date_gmt":"2023-09-25T23:24:00","guid":{"rendered":"https:\/\/www.jgclassics.com\/2023\/09\/26\/trobada-cotxes-classics-montmelo-2023-la-cronica\/"},"modified":"2023-09-26T14:29:15","modified_gmt":"2023-09-26T12:29:15","slug":"trobada-cotxes-classics-montmelo-2023-la-cronica","status":"publish","type":"post","link":"https:\/\/www.jgclassics.com\/ca\/2023\/09\/26\/trobada-cotxes-classics-montmelo-2023-la-cronica\/","title":{"rendered":"Trobada cotxes cl\u00e0ssics Montmel\u00f3 2023 &#8211; La cr\u00f2nica"},"content":{"rendered":"\t\t<div data-elementor-type=\"wp-post\" data-elementor-id=\"18490\" class=\"elementor elementor-18490 elementor-18127\" data-elementor-post-type=\"post\">\n\t\t\t\t\t\t<section data-particle_enable=\"false\" data-particle-mobile-disabled=\"false\" class=\"elementor-section elementor-top-section elementor-element elementor-element-5753eadc elementor-section-boxed elementor-section-height-default elementor-section-height-default\" data-id=\"5753eadc\" data-element_type=\"section\" data-e-type=\"section\">\n\t\t\t\t\t\t<div class=\"elementor-container elementor-column-gap-default\">\n\t\t\t\t\t<div class=\"elementor-column elementor-col-100 elementor-top-column elementor-element elementor-element-7bf7cc12\" data-id=\"7bf7cc12\" data-element_type=\"column\" data-e-type=\"column\">\n\t\t\t<div class=\"elementor-widget-wrap elementor-element-populated\">\n\t\t\t\t\t\t<div class=\"elementor-element elementor-element-5e1bd317 elementor-widget elementor-widget-wpml-language-switcher\" data-id=\"5e1bd317\" data-element_type=\"widget\" data-e-type=\"widget\" data-widget_type=\"wpml-language-switcher.default\">\n\t\t\t\t<div class=\"elementor-widget-container\">\n\t\t\t\t\t<div class=\"wpml-elementor-ls\">\n<div role=\"navigation\" aria-label=\"Language Switcher\" class=\"wpml-ls-statics-shortcode_actions wpml-ls wpml-ls-legacy-list-horizontal\">\n\t<ul><li class=\"wpml-ls-slot-shortcode_actions wpml-ls-item wpml-ls-item-es wpml-ls-first-item wpml-ls-item-legacy-list-horizontal\">\n\t\t\t\t<a href=\"https:\/\/www.jgclassics.com\/\" hreflang=\"es\" lang=\"es\" class=\"wpml-ls-link\" aria-label=\"Switch to Spanish (Espa\u00f1ol)\" title=\"Switch to Spanish (Espa\u00f1ol)\">\n\t\t\t\t\t                                    <img decoding=\"async\"\n            class=\"wpml-ls-flag\"\n            src=\"https:\/\/www.jgclassics.com\/wp-content\/plugins\/sitepress-multilingual-cms\/res\/flags\/es.svg\"\n            alt=\"\"\n            loading=\"lazy\"\n            width=18\n            height=12\n    \/><span class=\"wpml-ls-native\">Espa\u00f1ol<\/span><span class=\"wpml-ls-display\"><span class=\"wpml-ls-bracket\"> (<\/span>Spanish<span class=\"wpml-ls-bracket\">)<\/span><\/span><\/a>\n\t\t\t<\/li><li class=\"wpml-ls-slot-shortcode_actions wpml-ls-item wpml-ls-item-ca wpml-ls-current-language wpml-ls-item-legacy-list-horizontal\">\n\t\t\t\t<a href=\"https:\/\/www.jgclassics.com\/ca\/\" hreflang=\"ca\" lang=\"ca\" class=\"wpml-ls-link\" aria-current=\"page\" aria-label=\"Switch to Catal\u00e0 (Catal\u00e0)\" title=\"Switch to Catal\u00e0 (Catal\u00e0)\">\n\t\t\t\t\t                                    <img decoding=\"async\"\n            class=\"wpml-ls-flag\"\n            src=\"https:\/\/www.jgclassics.com\/wp-content\/plugins\/sitepress-multilingual-cms\/res\/flags\/ca.svg\"\n            alt=\"\"\n            loading=\"lazy\"\n            width=18\n            height=12\n    \/><span class=\"wpml-ls-native\">Catal\u00e0<\/span><\/a>\n\t\t\t<\/li><li class=\"wpml-ls-slot-shortcode_actions wpml-ls-item wpml-ls-item-en wpml-ls-item-legacy-list-horizontal\">\n\t\t\t\t<a href=\"https:\/\/www.jgclassics.com\/en\/\" hreflang=\"en\" lang=\"en\" class=\"wpml-ls-link\" aria-label=\"Switch to English (English)\" title=\"Switch to English (English)\">\n\t\t\t\t\t                                    <img decoding=\"async\"\n            class=\"wpml-ls-flag\"\n            src=\"https:\/\/www.jgclassics.com\/wp-content\/plugins\/sitepress-multilingual-cms\/res\/flags\/en.svg\"\n            alt=\"\"\n            loading=\"lazy\"\n            width=18\n            height=12\n    \/><span class=\"wpml-ls-native\">English<\/span><\/a>\n\t\t\t<\/li><li class=\"wpml-ls-slot-shortcode_actions wpml-ls-item wpml-ls-item-fr wpml-ls-last-item wpml-ls-item-legacy-list-horizontal\">\n\t\t\t\t<a href=\"https:\/\/www.jgclassics.com\/fr\/\" hreflang=\"fr\" lang=\"fr\" class=\"wpml-ls-link\" aria-label=\"Switch to French (Fran\u00e7ais)\" title=\"Switch to French (Fran\u00e7ais)\">\n\t\t\t\t\t                                    <img decoding=\"async\"\n            class=\"wpml-ls-flag\"\n            src=\"https:\/\/www.jgclassics.com\/wp-content\/plugins\/sitepress-multilingual-cms\/res\/flags\/fr.svg\"\n            alt=\"\"\n            loading=\"lazy\"\n            width=18\n            height=12\n    \/><span class=\"wpml-ls-native\">Fran\u00e7ais<\/span><span class=\"wpml-ls-display\"><span class=\"wpml-ls-bracket\"> (<\/span>French<span class=\"wpml-ls-bracket\">)<\/span><\/span><\/a>\n\t\t\t<\/li><\/ul>\n<\/div>\n<\/div>\t\t\t\t<\/div>\n\t\t\t\t<\/div>\n\t\t\t\t\t<\/div>\n\t\t<\/div>\n\t\t\t\t\t<\/div>\n\t\t<\/section>\n\t\t\t\t<section data-particle_enable=\"false\" data-particle-mobile-disabled=\"false\" class=\"elementor-section elementor-top-section elementor-element elementor-element-623d7706 elementor-section-boxed elementor-section-height-default elementor-section-height-default\" data-id=\"623d7706\" data-element_type=\"section\" data-e-type=\"section\">\n\t\t\t\t\t\t<div class=\"elementor-container elementor-column-gap-default\">\n\t\t\t\t\t<div class=\"elementor-column elementor-col-50 elementor-top-column elementor-element elementor-element-b0be77e\" data-id=\"b0be77e\" data-element_type=\"column\" data-e-type=\"column\">\n\t\t\t<div class=\"elementor-widget-wrap\">\n\t\t\t\t\t\t\t<\/div>\n\t\t<\/div>\n\t\t\t\t<div class=\"elementor-column elementor-col-50 elementor-top-column elementor-element elementor-element-68fd80a1\" data-id=\"68fd80a1\" data-element_type=\"column\" data-e-type=\"column\">\n\t\t\t<div class=\"elementor-widget-wrap elementor-element-populated\">\n\t\t\t\t\t\t<div class=\"elementor-element elementor-element-46663c2a elementor-share-buttons--view-icon elementor-share-buttons--skin-gradient elementor-share-buttons--shape-square elementor-grid-0 elementor-share-buttons--color-official elementor-widget elementor-widget-share-buttons\" data-id=\"46663c2a\" data-element_type=\"widget\" data-e-type=\"widget\" data-widget_type=\"share-buttons.default\">\n\t\t\t\t<div class=\"elementor-widget-container\">\n\t\t\t\t\t\t\t<div class=\"elementor-grid\" role=\"list\">\n\t\t\t\t\t\t\t\t<div class=\"elementor-grid-item\" role=\"listitem\">\n\t\t\t\t\t\t<div class=\"elementor-share-btn elementor-share-btn_facebook\" role=\"button\" tabindex=\"0\" aria-label=\"Compartici\u00f3 en facebook\">\n\t\t\t\t\t\t\t\t\t\t\t\t\t\t\t<span class=\"elementor-share-btn__icon\">\n\t\t\t\t\t\t\t\t<i class=\"fab fa-facebook\" aria-hidden=\"true\"><\/i>\t\t\t\t\t\t\t<\/span>\n\t\t\t\t\t\t\t\t\t\t\t\t\t\t\t\t\t\t\t\t<\/div>\n\t\t\t\t\t<\/div>\n\t\t\t\t\t\t\t\t\t<div class=\"elementor-grid-item\" role=\"listitem\">\n\t\t\t\t\t\t<div class=\"elementor-share-btn elementor-share-btn_whatsapp\" role=\"button\" tabindex=\"0\" aria-label=\"Compartici\u00f3 en whatsapp\">\n\t\t\t\t\t\t\t\t\t\t\t\t\t\t\t<span class=\"elementor-share-btn__icon\">\n\t\t\t\t\t\t\t\t<i class=\"fab fa-whatsapp\" aria-hidden=\"true\"><\/i>\t\t\t\t\t\t\t<\/span>\n\t\t\t\t\t\t\t\t\t\t\t\t\t\t\t\t\t\t\t\t<\/div>\n\t\t\t\t\t<\/div>\n\t\t\t\t\t\t\t\t\t<div class=\"elementor-grid-item\" role=\"listitem\">\n\t\t\t\t\t\t<div class=\"elementor-share-btn elementor-share-btn_email\" role=\"button\" tabindex=\"0\" aria-label=\"Compartici\u00f3 en email\">\n\t\t\t\t\t\t\t\t\t\t\t\t\t\t\t<span class=\"elementor-share-btn__icon\">\n\t\t\t\t\t\t\t\t<i class=\"fas fa-envelope\" aria-hidden=\"true\"><\/i>\t\t\t\t\t\t\t<\/span>\n\t\t\t\t\t\t\t\t\t\t\t\t\t\t\t\t\t\t\t\t<\/div>\n\t\t\t\t\t<\/div>\n\t\t\t\t\t\t\t\t\t<div class=\"elementor-grid-item\" role=\"listitem\">\n\t\t\t\t\t\t<div class=\"elementor-share-btn elementor-share-btn_pinterest\" role=\"button\" tabindex=\"0\" aria-label=\"Compartici\u00f3 en pinterest\">\n\t\t\t\t\t\t\t\t\t\t\t\t\t\t\t<span class=\"elementor-share-btn__icon\">\n\t\t\t\t\t\t\t\t<i class=\"fab fa-pinterest\" aria-hidden=\"true\"><\/i>\t\t\t\t\t\t\t<\/span>\n\t\t\t\t\t\t\t\t\t\t\t\t\t\t\t\t\t\t\t\t<\/div>\n\t\t\t\t\t<\/div>\n\t\t\t\t\t\t<\/div>\n\t\t\t\t\t\t<\/div>\n\t\t\t\t<\/div>\n\t\t\t\t\t<\/div>\n\t\t<\/div>\n\t\t\t\t\t<\/div>\n\t\t<\/section>\n\t\t\t\t<section data-particle_enable=\"false\" data-particle-mobile-disabled=\"false\" class=\"elementor-section elementor-top-section elementor-element elementor-element-138c4407 elementor-section-full_width elementor-section-height-min-height elementor-section-stretched elementor-section-height-default elementor-section-items-middle\" data-id=\"138c4407\" data-element_type=\"section\" data-e-type=\"section\" data-settings=\"{&quot;stretch_section&quot;:&quot;section-stretched&quot;}\">\n\t\t\t\t\t\t<div class=\"elementor-container elementor-column-gap-no\">\n\t\t\t\t\t<div class=\"elementor-column elementor-col-100 elementor-top-column elementor-element elementor-element-3bd6d333\" data-id=\"3bd6d333\" data-element_type=\"column\" data-e-type=\"column\">\n\t\t\t<div class=\"elementor-widget-wrap elementor-element-populated\">\n\t\t\t\t\t\t<div class=\"elementor-element elementor-element-7ad34c86 elementor-invisible elementor-widget elementor-widget-image\" data-id=\"7ad34c86\" data-element_type=\"widget\" data-e-type=\"widget\" data-settings=\"{&quot;_animation&quot;:&quot;fadeInUp&quot;}\" data-widget_type=\"image.default\">\n\t\t\t\t<div class=\"elementor-widget-container\">\n\t\t\t\t\t\t\t\t\t\t\t\t\t\t\t<img fetchpriority=\"high\" decoding=\"async\" width=\"768\" height=\"400\" src=\"https:\/\/www.jgclassics.com\/wp-content\/uploads\/2023\/09\/20230924_151454-scaled.jpg\" class=\"attachment-medium_large size-medium_large wp-image-18129\" alt=\"10a Trobada cotxes cl\u00e0ssics Montmel\u00f3 2023\" srcset=\"https:\/\/www.jgclassics.com\/wp-content\/uploads\/2023\/09\/20230924_151454-scaled.jpg 2560w, https:\/\/www.jgclassics.com\/wp-content\/uploads\/2023\/09\/20230924_151454-300x156.jpg 300w\" sizes=\"(max-width: 768px) 100vw, 768px\" \/>\t\t\t\t\t\t\t\t\t\t\t\t\t\t\t<\/div>\n\t\t\t\t<\/div>\n\t\t\t\t<div class=\"elementor-element elementor-element-6882606a elementor-widget__width-inherit elementor-invisible elementor-widget elementor-widget-heading\" data-id=\"6882606a\" data-element_type=\"widget\" data-e-type=\"widget\" data-settings=\"{&quot;_animation&quot;:&quot;fadeInDown&quot;}\" data-widget_type=\"heading.default\">\n\t\t\t\t<div class=\"elementor-widget-container\">\n\t\t\t\t\t<h1 class=\"elementor-heading-title elementor-size-default\">Trobada cotxes cl\u00e0ssics a Montmel\u00f3 24 setembre 2023<\/h1>\t\t\t\t<\/div>\n\t\t\t\t<\/div>\n\t\t\t\t<div class=\"elementor-element elementor-element-7bdc868 elementor-invisible elementor-widget elementor-widget-heading\" data-id=\"7bdc868\" data-element_type=\"widget\" data-e-type=\"widget\" data-settings=\"{&quot;_animation&quot;:&quot;fadeInDown&quot;}\" data-widget_type=\"heading.default\">\n\t\t\t\t<div class=\"elementor-widget-container\">\n\t\t\t\t\t<h2 class=\"elementor-heading-title elementor-size-default\">La cr\u00f2nica. Reportatge<\/h2>\t\t\t\t<\/div>\n\t\t\t\t<\/div>\n\t\t\t\t<div class=\"elementor-element elementor-element-4f6bcab6 elementor-widget elementor-widget-post-info\" data-id=\"4f6bcab6\" data-element_type=\"widget\" data-e-type=\"widget\" data-widget_type=\"post-info.default\">\n\t\t\t\t<div class=\"elementor-widget-container\">\n\t\t\t\t\t\t\t<ul class=\"elementor-inline-items elementor-icon-list-items elementor-post-info\">\n\t\t\t\t\t\t\t\t<li class=\"elementor-icon-list-item elementor-repeater-item-6869cb2 elementor-inline-item\" itemprop=\"author\">\n\t\t\t\t\t\t<a href=\"https:\/\/www.jgclassics.com\/ca\/author\/jgclassics_hikp0z\/\">\n\t\t\t\t\t\t\t\t\t\t\t<span class=\"elementor-icon-list-icon\">\n\t\t\t\t\t\t\t\t<i aria-hidden=\"true\" class=\"far fa-user-circle\"><\/i>\t\t\t\t\t\t\t<\/span>\n\t\t\t\t\t\t\t\t\t<span class=\"elementor-icon-list-text elementor-post-info__item elementor-post-info__item--type-author\">\n\t\t\t\t\t\t\t\t\t\tJG Classics Administrator\t\t\t\t\t<\/span>\n\t\t\t\t\t\t\t\t\t<\/a>\n\t\t\t\t<\/li>\n\t\t\t\t<li class=\"elementor-icon-list-item elementor-repeater-item-a911f47 elementor-inline-item\" itemprop=\"datePublished\">\n\t\t\t\t\t\t<a href=\"https:\/\/www.jgclassics.com\/ca\/2023\/09\/26\/\">\n\t\t\t\t\t\t\t\t\t\t\t<span class=\"elementor-icon-list-icon\">\n\t\t\t\t\t\t\t\t<i aria-hidden=\"true\" class=\"fas fa-calendar\"><\/i>\t\t\t\t\t\t\t<\/span>\n\t\t\t\t\t\t\t\t\t<span class=\"elementor-icon-list-text elementor-post-info__item elementor-post-info__item--type-date\">\n\t\t\t\t\t\t\t\t\t\t<time>setembre 26, 2023<\/time>\t\t\t\t\t<\/span>\n\t\t\t\t\t\t\t\t\t<\/a>\n\t\t\t\t<\/li>\n\t\t\t\t<li class=\"elementor-icon-list-item elementor-repeater-item-5aa2e53 elementor-inline-item\">\n\t\t\t\t\t\t\t\t\t\t<span class=\"elementor-icon-list-icon\">\n\t\t\t\t\t\t\t\t<i aria-hidden=\"true\" class=\"far fa-clock\"><\/i>\t\t\t\t\t\t\t<\/span>\n\t\t\t\t\t\t\t\t\t<span class=\"elementor-icon-list-text elementor-post-info__item elementor-post-info__item--type-time\">\n\t\t\t\t\t\t\t\t\t\t<time>1:24 am<\/time>\t\t\t\t\t<\/span>\n\t\t\t\t\t\t\t\t<\/li>\n\t\t\t\t<li class=\"elementor-icon-list-item elementor-repeater-item-c495926 elementor-inline-item\" itemprop=\"commentCount\">\n\t\t\t\t\t\t<a href=\"https:\/\/www.jgclassics.com\/ca\/2023\/09\/26\/trobada-cotxes-classics-montmelo-2023-la-cronica\/#respond\">\n\t\t\t\t\t\t\t\t\t\t\t<span class=\"elementor-icon-list-icon\">\n\t\t\t\t\t\t\t\t<i aria-hidden=\"true\" class=\"far fa-comment-dots\"><\/i>\t\t\t\t\t\t\t<\/span>\n\t\t\t\t\t\t\t\t\t<span class=\"elementor-icon-list-text elementor-post-info__item elementor-post-info__item--type-comments\">\n\t\t\t\t\t\t\t\t\t\tNo Comments\t\t\t\t\t<\/span>\n\t\t\t\t\t\t\t\t\t<\/a>\n\t\t\t\t<\/li>\n\t\t\t\t<\/ul>\n\t\t\t\t\t\t<\/div>\n\t\t\t\t<\/div>\n\t\t\t\t\t<\/div>\n\t\t<\/div>\n\t\t\t\t\t<\/div>\n\t\t<\/section>\n\t\t\t\t<section data-particle_enable=\"false\" data-particle-mobile-disabled=\"false\" class=\"elementor-section elementor-top-section elementor-element elementor-element-0759a5c elementor-section-boxed elementor-section-height-default elementor-section-height-default\" data-id=\"0759a5c\" data-element_type=\"section\" data-e-type=\"section\">\n\t\t\t\t\t\t<div class=\"elementor-container elementor-column-gap-default\">\n\t\t\t\t\t<div class=\"elementor-column elementor-col-100 elementor-top-column elementor-element elementor-element-7fc11af\" data-id=\"7fc11af\" data-element_type=\"column\" data-e-type=\"column\">\n\t\t\t<div class=\"elementor-widget-wrap elementor-element-populated\">\n\t\t\t\t\t\t<div class=\"elementor-element elementor-element-c3ec336 elementor-widget elementor-widget-heading\" data-id=\"c3ec336\" data-element_type=\"widget\" data-e-type=\"widget\" data-widget_type=\"heading.default\">\n\t\t\t\t<div class=\"elementor-widget-container\">\n\t\t\t\t\t<h2 class=\"elementor-heading-title elementor-size-default\">Montmel\u00f3: \"10a Trobada cotxes classics\" (24 Setembre 2023)<\/h2>\t\t\t\t<\/div>\n\t\t\t\t<\/div>\n\t\t\t\t\t<\/div>\n\t\t<\/div>\n\t\t\t\t\t<\/div>\n\t\t<\/section>\n\t\t\t\t<section data-particle_enable=\"false\" data-particle-mobile-disabled=\"false\" class=\"elementor-section elementor-top-section elementor-element elementor-element-694b50d2 elementor-section-boxed elementor-section-height-default elementor-section-height-default\" data-id=\"694b50d2\" data-element_type=\"section\" data-e-type=\"section\">\n\t\t\t\t\t\t<div class=\"elementor-container elementor-column-gap-default\">\n\t\t\t\t\t<div class=\"elementor-column elementor-col-100 elementor-top-column elementor-element elementor-element-5912a7ec\" data-id=\"5912a7ec\" data-element_type=\"column\" data-e-type=\"column\">\n\t\t\t<div class=\"elementor-widget-wrap elementor-element-populated\">\n\t\t\t\t\t\t<div class=\"elementor-element elementor-element-1fa7b790 elementor-widget elementor-widget-image\" data-id=\"1fa7b790\" data-element_type=\"widget\" data-e-type=\"widget\" data-settings=\"{&quot;_animation&quot;:&quot;none&quot;}\" data-widget_type=\"image.default\">\n\t\t\t\t<div class=\"elementor-widget-container\">\n\t\t\t\t\t\t\t\t\t\t\t\t\t\t\t<img decoding=\"async\" width=\"768\" height=\"432\" src=\"https:\/\/www.jgclassics.com\/wp-content\/uploads\/2023\/09\/20230924_094414-scaled.jpg\" class=\"attachment-medium_large size-medium_large wp-image-18135\" alt=\"10a Trobada cotxes cl\u00e0ssics Montmel\u00f3 2023 - MG TA\" srcset=\"https:\/\/www.jgclassics.com\/wp-content\/uploads\/2023\/09\/20230924_094414-scaled.jpg 2560w, https:\/\/www.jgclassics.com\/wp-content\/uploads\/2023\/09\/20230924_094414-300x169.jpg 300w\" sizes=\"(max-width: 768px) 100vw, 768px\" \/>\t\t\t\t\t\t\t\t\t\t\t\t\t\t\t<\/div>\n\t\t\t\t<\/div>\n\t\t\t\t\t<\/div>\n\t\t<\/div>\n\t\t\t\t\t<\/div>\n\t\t<\/section>\n\t\t\t\t<section data-particle_enable=\"false\" data-particle-mobile-disabled=\"false\" class=\"elementor-section elementor-top-section elementor-element elementor-element-11d7b4e elementor-section-boxed elementor-section-height-default elementor-section-height-default\" data-id=\"11d7b4e\" data-element_type=\"section\" data-e-type=\"section\">\n\t\t\t\t\t\t<div class=\"elementor-container elementor-column-gap-default\">\n\t\t\t\t\t<div class=\"elementor-column elementor-col-100 elementor-top-column elementor-element elementor-element-742acb2\" data-id=\"742acb2\" data-element_type=\"column\" data-e-type=\"column\">\n\t\t\t<div class=\"elementor-widget-wrap elementor-element-populated\">\n\t\t\t\t\t\t<div class=\"elementor-element elementor-element-1785d9e elementor-widget elementor-widget-text-editor\" data-id=\"1785d9e\" data-element_type=\"widget\" data-e-type=\"widget\" data-widget_type=\"text-editor.default\">\n\t\t\t\t<div class=\"elementor-widget-container\">\n\t\t\t\t\t\t\t\t\t<p>El passat diumenge dia 24 de Setembre, coincidint amb el dia de la Merc\u00e8, patrona de la ciutat de Barcelona, va tenir lloc la 10a trobada de cotxes cl\u00e0ssics a la poblaci\u00f3 de Montmel\u00f3. La trobada va ser organitzada pel &#8220;<a href=\"https:\/\/www.classicclubmontmelo.com\/\" target=\"_blank\" rel=\"noopener\"><strong>Classic Club Montmel\u00f3<\/strong><\/a>&#8220;, amb la col\u00b7laboraci\u00f3 de diverses empreses i entitats, com ara el Gremi d&#8217;automoci\u00f3 de Catalunya, entitats privades com Desguaces STOP, Mecandbox, Argem\u00ed Motors, SALA&#8217;s Center , aix\u00ed com la mateixa entitat del  <a href=\"https:\/\/www.circuitcat.com\/es\/\" target=\"_blank\" rel=\"noopener\">Circuit de Catalunya<\/a>  (gestionat per un consorci en el qual participen la Generalitat de Catalunya, el RACC i els ajuntaments de Montmel\u00f3 i Barcelona).<\/p>\n\t\t\t\t\t\t\t\t<\/div>\n\t\t\t\t<\/div>\n\t\t\t\t<div class=\"elementor-element elementor-element-6024b31 elementor-widget elementor-widget-text-editor\" data-id=\"6024b31\" data-element_type=\"widget\" data-e-type=\"widget\" data-widget_type=\"text-editor.default\">\n\t\t\t\t<div class=\"elementor-widget-container\">\n\t\t\t\t\t\t\t\t\t<p>Aquest va tenir lloc a l&#8217;esplanada de la Ronda del Pedregar a Montmel\u00f3, lloc habitual per una altra part d&#8217;espectacles, concerts i exposicions, i va comptar amb un convidat especial que va ser el &#8220;<a href=\"http:\/\/www.clubmaresmeclassics.com\/\" target=\"_blank\" rel=\"noopener\"><strong>Club Maresme Classics<\/strong><\/a>&#8220;, el qual va aportar al voltant de 75 dels 409 cotxes i motos que van participar en total.<\/p>\n\t\t\t\t\t\t\t\t<\/div>\n\t\t\t\t<\/div>\n\t\t\t\t<div class=\"elementor-element elementor-element-907f86a elementor-widget elementor-widget-text-editor\" data-id=\"907f86a\" data-element_type=\"widget\" data-e-type=\"widget\" data-widget_type=\"text-editor.default\">\n\t\t\t\t<div class=\"elementor-widget-container\">\n\t\t\t\t\t\t\t\t\t<p>Al recinte es van disposar diverses zones per poder albergar les diferents activitats i exhibicions. Hi va haver una zona d&#8217;exposici\u00f3 de cotxes, en la qual es va habilitar una subzona per exhibir alguns dels vehicles m\u00e9s singulars o antics, una altra zona de motos, i una de mercat ambulant d&#8217;objectes relacionats amb el cotxe\/moto cl\u00e0ssic: de recanvis, i peces d&#8217;ocasi\u00f3, aix\u00ed com objectes de marxandatge, miniatures, o col\u00b7leccionisme. Es completava el conjunt amb una instal\u00b7laci\u00f3 de bar on per uns preus molt econ\u00f2mics es podia esmorzar, o prendre caf\u00e8, aig\u00fces, begudes i refrescos.<\/p>\n\t\t\t\t\t\t\t\t<\/div>\n\t\t\t\t<\/div>\n\t\t\t\t\t<\/div>\n\t\t<\/div>\n\t\t\t\t\t<\/div>\n\t\t<\/section>\n\t\t\t\t<section data-particle_enable=\"false\" data-particle-mobile-disabled=\"false\" class=\"elementor-section elementor-top-section elementor-element elementor-element-361b2ee elementor-section-boxed elementor-section-height-default elementor-section-height-default\" data-id=\"361b2ee\" data-element_type=\"section\" data-e-type=\"section\">\n\t\t\t\t\t\t<div class=\"elementor-container elementor-column-gap-default\">\n\t\t\t\t\t<div class=\"elementor-column elementor-col-100 elementor-top-column elementor-element elementor-element-03161df\" data-id=\"03161df\" data-element_type=\"column\" data-e-type=\"column\">\n\t\t\t<div class=\"elementor-widget-wrap elementor-element-populated\">\n\t\t\t\t\t\t<div class=\"elementor-element elementor-element-4ea8c2f elementor-widget elementor-widget-gallery\" data-id=\"4ea8c2f\" data-element_type=\"widget\" data-e-type=\"widget\" data-settings=\"{&quot;gallery_layout&quot;:&quot;justified&quot;,&quot;ideal_row_height&quot;:{&quot;unit&quot;:&quot;px&quot;,&quot;size&quot;:113,&quot;sizes&quot;:[]},&quot;ideal_row_height_mobile&quot;:{&quot;unit&quot;:&quot;px&quot;,&quot;size&quot;:90,&quot;sizes&quot;:[]},&quot;lazyload&quot;:&quot;yes&quot;,&quot;ideal_row_height_tablet&quot;:{&quot;unit&quot;:&quot;px&quot;,&quot;size&quot;:150,&quot;sizes&quot;:[]},&quot;gap&quot;:{&quot;unit&quot;:&quot;px&quot;,&quot;size&quot;:10,&quot;sizes&quot;:[]},&quot;gap_tablet&quot;:{&quot;unit&quot;:&quot;px&quot;,&quot;size&quot;:10,&quot;sizes&quot;:[]},&quot;gap_mobile&quot;:{&quot;unit&quot;:&quot;px&quot;,&quot;size&quot;:10,&quot;sizes&quot;:[]},&quot;link_to&quot;:&quot;file&quot;,&quot;overlay_background&quot;:&quot;yes&quot;,&quot;content_hover_animation&quot;:&quot;fade-in&quot;}\" data-widget_type=\"gallery.default\">\n\t\t\t\t<div class=\"elementor-widget-container\">\n\t\t\t\t\t\t\t<div class=\"elementor-gallery__container\">\n\t\t\t\t\t\t\t<a class=\"e-gallery-item elementor-gallery-item elementor-animated-content\" href=\"https:\/\/www.jgclassics.com\/wp-content\/uploads\/2023\/09\/20230924_101916-scaled.jpg\" data-elementor-open-lightbox=\"yes\" data-elementor-lightbox-slideshow=\"4ea8c2f\" data-elementor-lightbox-title=\"10a Trobada cotxes cl\u00e0ssics Montmel\u00f3 2023 - Zona marxandatge\" data-elementor-lightbox-description=\"Zona marxandatge\" data-e-action-hash=\"#elementor-action%3Aaction%3Dlightbox%26settings%3DeyJpZCI6MTg0MzksInVybCI6Imh0dHBzOlwvXC93d3cuamdjbGFzc2ljcy5jb21cL3dwLWNvbnRlbnRcL3VwbG9hZHNcLzIwMjNcLzA5XC8yMDIzMDkyNF8xMDE5MTYtc2NhbGVkLmpwZyIsInNsaWRlc2hvdyI6IjRlYThjMmYifQ%3D%3D\">\n\t\t\t\t\t<div class=\"e-gallery-image elementor-gallery-item__image\" data-thumbnail=\"https:\/\/www.jgclassics.com\/wp-content\/uploads\/2023\/09\/20230924_101916-300x169.jpg\" data-width=\"300\" data-height=\"169\" aria-label=\"10a Trobada cotxes cl\u00e0ssics Montmel\u00f3 2023 - Zona marxandatge\" role=\"img\" ><\/div>\n\t\t\t\t\t\t\t\t\t\t\t<div class=\"elementor-gallery-item__overlay\"><\/div>\n\t\t\t\t\t\t\t\t\t\t\t\t\t\t<\/a>\n\t\t\t\t\t\t\t<a class=\"e-gallery-item elementor-gallery-item elementor-animated-content\" href=\"https:\/\/www.jgclassics.com\/wp-content\/uploads\/2023\/09\/20230924_101914-scaled.jpg\" data-elementor-open-lightbox=\"yes\" data-elementor-lightbox-slideshow=\"4ea8c2f\" data-elementor-lightbox-title=\"10a Trobada cotxes cl\u00e0ssics Montmel\u00f3 2023 - Zona marxandatge\" data-elementor-lightbox-description=\"Zona marxandatge\" data-e-action-hash=\"#elementor-action%3Aaction%3Dlightbox%26settings%3DeyJpZCI6MTg0MzUsInVybCI6Imh0dHBzOlwvXC93d3cuamdjbGFzc2ljcy5jb21cL3dwLWNvbnRlbnRcL3VwbG9hZHNcLzIwMjNcLzA5XC8yMDIzMDkyNF8xMDE5MTQtc2NhbGVkLmpwZyIsInNsaWRlc2hvdyI6IjRlYThjMmYifQ%3D%3D\">\n\t\t\t\t\t<div class=\"e-gallery-image elementor-gallery-item__image\" data-thumbnail=\"https:\/\/www.jgclassics.com\/wp-content\/uploads\/2023\/09\/20230924_101914-300x169.jpg\" data-width=\"300\" data-height=\"169\" aria-label=\"10a Trobada cotxes cl\u00e0ssics Montmel\u00f3 2023 - Zona marxandatge\" role=\"img\" ><\/div>\n\t\t\t\t\t\t\t\t\t\t\t<div class=\"elementor-gallery-item__overlay\"><\/div>\n\t\t\t\t\t\t\t\t\t\t\t\t\t\t<\/a>\n\t\t\t\t\t\t\t<a class=\"e-gallery-item elementor-gallery-item elementor-animated-content\" href=\"https:\/\/www.jgclassics.com\/wp-content\/uploads\/2023\/09\/20230924_101645-scaled.jpg\" data-elementor-open-lightbox=\"yes\" data-elementor-lightbox-slideshow=\"4ea8c2f\" data-elementor-lightbox-title=\"10a Trobada cotxes cl\u00e0ssics Montmel\u00f3 2023 - Zona marxandatge\" data-elementor-lightbox-description=\"Zona marxandatge\" data-e-action-hash=\"#elementor-action%3Aaction%3Dlightbox%26settings%3DeyJpZCI6MTg0MzEsInVybCI6Imh0dHBzOlwvXC93d3cuamdjbGFzc2ljcy5jb21cL3dwLWNvbnRlbnRcL3VwbG9hZHNcLzIwMjNcLzA5XC8yMDIzMDkyNF8xMDE2NDUtc2NhbGVkLmpwZyIsInNsaWRlc2hvdyI6IjRlYThjMmYifQ%3D%3D\">\n\t\t\t\t\t<div class=\"e-gallery-image elementor-gallery-item__image\" data-thumbnail=\"https:\/\/www.jgclassics.com\/wp-content\/uploads\/2023\/09\/20230924_101645-169x300.jpg\" data-width=\"169\" data-height=\"300\" aria-label=\"10a Trobada cotxes cl\u00e0ssics Montmel\u00f3 2023 - Zona marxandatge\" role=\"img\" ><\/div>\n\t\t\t\t\t\t\t\t\t\t\t<div class=\"elementor-gallery-item__overlay\"><\/div>\n\t\t\t\t\t\t\t\t\t\t\t\t\t\t<\/a>\n\t\t\t\t\t\t\t<a class=\"e-gallery-item elementor-gallery-item elementor-animated-content\" href=\"https:\/\/www.jgclassics.com\/wp-content\/uploads\/2023\/09\/20230924_101634-scaled.jpg\" data-elementor-open-lightbox=\"yes\" data-elementor-lightbox-slideshow=\"4ea8c2f\" data-elementor-lightbox-title=\"10a Trobada cotxes cl\u00e0ssics Montmel\u00f3 2023 - Zona marxandatge\" data-elementor-lightbox-description=\"Zona marxandatge\" data-e-action-hash=\"#elementor-action%3Aaction%3Dlightbox%26settings%3DeyJpZCI6MTg0MjcsInVybCI6Imh0dHBzOlwvXC93d3cuamdjbGFzc2ljcy5jb21cL3dwLWNvbnRlbnRcL3VwbG9hZHNcLzIwMjNcLzA5XC8yMDIzMDkyNF8xMDE2MzQtc2NhbGVkLmpwZyIsInNsaWRlc2hvdyI6IjRlYThjMmYifQ%3D%3D\">\n\t\t\t\t\t<div class=\"e-gallery-image elementor-gallery-item__image\" data-thumbnail=\"https:\/\/www.jgclassics.com\/wp-content\/uploads\/2023\/09\/20230924_101634-300x169.jpg\" data-width=\"300\" data-height=\"169\" aria-label=\"10a Trobada cotxes cl\u00e0ssics Montmel\u00f3 2023 - Zona marxandatge\" role=\"img\" ><\/div>\n\t\t\t\t\t\t\t\t\t\t\t<div class=\"elementor-gallery-item__overlay\"><\/div>\n\t\t\t\t\t\t\t\t\t\t\t\t\t\t<\/a>\n\t\t\t\t\t\t\t<a class=\"e-gallery-item elementor-gallery-item elementor-animated-content\" href=\"https:\/\/www.jgclassics.com\/wp-content\/uploads\/2023\/09\/20230924_101629-scaled.jpg\" data-elementor-open-lightbox=\"yes\" data-elementor-lightbox-slideshow=\"4ea8c2f\" data-elementor-lightbox-title=\"10a Trobada cotxes cl\u00e0ssics Montmel\u00f3 2023 - Zona marxandatge\" data-elementor-lightbox-description=\"Zona marxandatge\" data-e-action-hash=\"#elementor-action%3Aaction%3Dlightbox%26settings%3DeyJpZCI6MTg0MjMsInVybCI6Imh0dHBzOlwvXC93d3cuamdjbGFzc2ljcy5jb21cL3dwLWNvbnRlbnRcL3VwbG9hZHNcLzIwMjNcLzA5XC8yMDIzMDkyNF8xMDE2Mjktc2NhbGVkLmpwZyIsInNsaWRlc2hvdyI6IjRlYThjMmYifQ%3D%3D\">\n\t\t\t\t\t<div class=\"e-gallery-image elementor-gallery-item__image\" data-thumbnail=\"https:\/\/www.jgclassics.com\/wp-content\/uploads\/2023\/09\/20230924_101629-300x169.jpg\" data-width=\"300\" data-height=\"169\" aria-label=\"10a Trobada cotxes cl\u00e0ssics Montmel\u00f3 2023 - Zona marxandatge\" role=\"img\" ><\/div>\n\t\t\t\t\t\t\t\t\t\t\t<div class=\"elementor-gallery-item__overlay\"><\/div>\n\t\t\t\t\t\t\t\t\t\t\t\t\t\t<\/a>\n\t\t\t\t\t\t\t<a class=\"e-gallery-item elementor-gallery-item elementor-animated-content\" href=\"https:\/\/www.jgclassics.com\/wp-content\/uploads\/2023\/09\/20230924_085051-scaled.jpg\" data-elementor-open-lightbox=\"yes\" data-elementor-lightbox-slideshow=\"4ea8c2f\" data-elementor-lightbox-title=\"10a Trobada cotxes cl\u00e0ssics Montmel\u00f3 2023 - Zona marxandatge\" data-elementor-lightbox-description=\"Zona marxandatge\" data-e-action-hash=\"#elementor-action%3Aaction%3Dlightbox%26settings%3DeyJpZCI6MTg0MTksInVybCI6Imh0dHBzOlwvXC93d3cuamdjbGFzc2ljcy5jb21cL3dwLWNvbnRlbnRcL3VwbG9hZHNcLzIwMjNcLzA5XC8yMDIzMDkyNF8wODUwNTEtc2NhbGVkLmpwZyIsInNsaWRlc2hvdyI6IjRlYThjMmYifQ%3D%3D\">\n\t\t\t\t\t<div class=\"e-gallery-image elementor-gallery-item__image\" data-thumbnail=\"https:\/\/www.jgclassics.com\/wp-content\/uploads\/2023\/09\/20230924_085051-scaled.jpg\" data-width=\"300\" data-height=\"169\" aria-label=\"10a Trobada cotxes cl\u00e0ssics Montmel\u00f3 2023 - Zona marxandatge\" role=\"img\" ><\/div>\n\t\t\t\t\t\t\t\t\t\t\t<div class=\"elementor-gallery-item__overlay\"><\/div>\n\t\t\t\t\t\t\t\t\t\t\t\t\t\t<\/a>\n\t\t\t\t\t\t\t<a class=\"e-gallery-item elementor-gallery-item elementor-animated-content\" href=\"https:\/\/www.jgclassics.com\/wp-content\/uploads\/2023\/09\/20230924_085039.jpg\" data-elementor-open-lightbox=\"yes\" data-elementor-lightbox-slideshow=\"4ea8c2f\" data-elementor-lightbox-title=\"10a Trobada cotxes cl\u00e0ssics Montmel\u00f3 2023 - Zona marxandatge - Semicaravana Citr\u00f6en Dyane 6\" data-elementor-lightbox-description=\"Zona marxandatge - Semicaravana Citr\u00f6en Dyane 6\" data-e-action-hash=\"#elementor-action%3Aaction%3Dlightbox%26settings%3DeyJpZCI6MTg0MTUsInVybCI6Imh0dHBzOlwvXC93d3cuamdjbGFzc2ljcy5jb21cL3dwLWNvbnRlbnRcL3VwbG9hZHNcLzIwMjNcLzA5XC8yMDIzMDkyNF8wODUwMzkuanBnIiwic2xpZGVzaG93IjoiNGVhOGMyZiJ9\">\n\t\t\t\t\t<div class=\"e-gallery-image elementor-gallery-item__image\" data-thumbnail=\"https:\/\/www.jgclassics.com\/wp-content\/uploads\/2023\/09\/20230924_085039.jpg\" data-width=\"1\" data-height=\"1\" aria-label=\"10a Trobada cotxes cl\u00e0ssics Montmel\u00f3 2023 - Zona marxandatge - Semicaravana Citr\u00f6en Dyane 6\" role=\"img\" ><\/div>\n\t\t\t\t\t\t\t\t\t\t\t<div class=\"elementor-gallery-item__overlay\"><\/div>\n\t\t\t\t\t\t\t\t\t\t\t\t\t\t<\/a>\n\t\t\t\t\t\t\t<a class=\"e-gallery-item elementor-gallery-item elementor-animated-content\" href=\"https:\/\/www.jgclassics.com\/wp-content\/uploads\/2023\/09\/20230924_085027-scaled.jpg\" data-elementor-open-lightbox=\"yes\" data-elementor-lightbox-slideshow=\"4ea8c2f\" data-elementor-lightbox-title=\"10a Trobada cotxes cl\u00e0ssics Montmel\u00f3 2023 - Zona marxandatge - Semicaravana Citr\u00f6en Dyane 6\" data-elementor-lightbox-description=\"Zona marxandatge - Semicaravana Citr\u00f6en Dyane 6\" data-e-action-hash=\"#elementor-action%3Aaction%3Dlightbox%26settings%3DeyJpZCI6MTg0MTEsInVybCI6Imh0dHBzOlwvXC93d3cuamdjbGFzc2ljcy5jb21cL3dwLWNvbnRlbnRcL3VwbG9hZHNcLzIwMjNcLzA5XC8yMDIzMDkyNF8wODUwMjctc2NhbGVkLmpwZyIsInNsaWRlc2hvdyI6IjRlYThjMmYifQ%3D%3D\">\n\t\t\t\t\t<div class=\"e-gallery-image elementor-gallery-item__image\" data-thumbnail=\"https:\/\/www.jgclassics.com\/wp-content\/uploads\/2023\/09\/20230924_085027-300x169.jpg\" data-width=\"300\" data-height=\"169\" aria-label=\"10a Trobada cotxes cl\u00e0ssics Montmel\u00f3 2023 - Zona marxandatge - Semicaravana Citr\u00f6en Dyane 6\" role=\"img\" ><\/div>\n\t\t\t\t\t\t\t\t\t\t\t<div class=\"elementor-gallery-item__overlay\"><\/div>\n\t\t\t\t\t\t\t\t\t\t\t\t\t\t<\/a>\n\t\t\t\t\t\t\t<a class=\"e-gallery-item elementor-gallery-item elementor-animated-content\" href=\"https:\/\/www.jgclassics.com\/wp-content\/uploads\/2023\/09\/20230924_101930-scaled.jpg\" data-elementor-open-lightbox=\"yes\" data-elementor-lightbox-slideshow=\"4ea8c2f\" data-elementor-lightbox-title=\"10a Trobada cotxes cl\u00e0ssics Montmel\u00f3 2023 -Zona marxandatge - Miniatures de col\u00b7lecci\u00f3\" data-elementor-lightbox-description=\"Zona marxandatge - Miniatures de col\u00b7lecci\u00f3\" data-e-action-hash=\"#elementor-action%3Aaction%3Dlightbox%26settings%3DeyJpZCI6MTg0MDcsInVybCI6Imh0dHBzOlwvXC93d3cuamdjbGFzc2ljcy5jb21cL3dwLWNvbnRlbnRcL3VwbG9hZHNcLzIwMjNcLzA5XC8yMDIzMDkyNF8xMDE5MzAtc2NhbGVkLmpwZyIsInNsaWRlc2hvdyI6IjRlYThjMmYifQ%3D%3D\">\n\t\t\t\t\t<div class=\"e-gallery-image elementor-gallery-item__image\" data-thumbnail=\"https:\/\/www.jgclassics.com\/wp-content\/uploads\/2023\/09\/20230924_101930-300x169.jpg\" data-width=\"300\" data-height=\"169\" aria-label=\"10a Trobada cotxes cl\u00e0ssics Montmel\u00f3 2023 -Zona marxandatge - Miniatures de col\u00b7lecci\u00f3\" role=\"img\" ><\/div>\n\t\t\t\t\t\t\t\t\t\t\t<div class=\"elementor-gallery-item__overlay\"><\/div>\n\t\t\t\t\t\t\t\t\t\t\t\t\t\t<\/a>\n\t\t\t\t\t\t\t<a class=\"e-gallery-item elementor-gallery-item elementor-animated-content\" href=\"https:\/\/www.jgclassics.com\/wp-content\/uploads\/2023\/09\/20230924_101924-scaled.jpg\" data-elementor-open-lightbox=\"yes\" data-elementor-lightbox-slideshow=\"4ea8c2f\" data-elementor-lightbox-title=\"10a Trobada cotxes cl\u00e0ssics Montmel\u00f3 2023 -Zona marxandatge - Miniatures de col\u00b7lecci\u00f3\" data-elementor-lightbox-description=\"Zona marxandatge - Miniatures de col\u00b7lecci\u00f3\" data-e-action-hash=\"#elementor-action%3Aaction%3Dlightbox%26settings%3DeyJpZCI6MTg0MDMsInVybCI6Imh0dHBzOlwvXC93d3cuamdjbGFzc2ljcy5jb21cL3dwLWNvbnRlbnRcL3VwbG9hZHNcLzIwMjNcLzA5XC8yMDIzMDkyNF8xMDE5MjQtc2NhbGVkLmpwZyIsInNsaWRlc2hvdyI6IjRlYThjMmYifQ%3D%3D\">\n\t\t\t\t\t<div class=\"e-gallery-image elementor-gallery-item__image\" data-thumbnail=\"https:\/\/www.jgclassics.com\/wp-content\/uploads\/2023\/09\/20230924_101924-300x169.jpg\" data-width=\"300\" data-height=\"169\" aria-label=\"10a Trobada cotxes cl\u00e0ssics Montmel\u00f3 2023 -Zona marxandatge - Miniatures de col\u00b7lecci\u00f3\" role=\"img\" ><\/div>\n\t\t\t\t\t\t\t\t\t\t\t<div class=\"elementor-gallery-item__overlay\"><\/div>\n\t\t\t\t\t\t\t\t\t\t\t\t\t\t<\/a>\n\t\t\t\t\t\t\t<a class=\"e-gallery-item elementor-gallery-item elementor-animated-content\" href=\"https:\/\/www.jgclassics.com\/wp-content\/uploads\/2023\/09\/20230924_101918-scaled.jpg\" data-elementor-open-lightbox=\"yes\" data-elementor-lightbox-slideshow=\"4ea8c2f\" data-elementor-lightbox-title=\"10a Trobada cotxes cl\u00e0ssics Montmel\u00f3 2023 -Zona marxandatge - Miniatures de col\u00b7lecci\u00f3\" data-elementor-lightbox-description=\"Zona marxandatge - Miniatures de col\u00b7lecci\u00f3\" data-e-action-hash=\"#elementor-action%3Aaction%3Dlightbox%26settings%3DeyJpZCI6MTgzOTksInVybCI6Imh0dHBzOlwvXC93d3cuamdjbGFzc2ljcy5jb21cL3dwLWNvbnRlbnRcL3VwbG9hZHNcLzIwMjNcLzA5XC8yMDIzMDkyNF8xMDE5MTgtc2NhbGVkLmpwZyIsInNsaWRlc2hvdyI6IjRlYThjMmYifQ%3D%3D\">\n\t\t\t\t\t<div class=\"e-gallery-image elementor-gallery-item__image\" data-thumbnail=\"https:\/\/www.jgclassics.com\/wp-content\/uploads\/2023\/09\/20230924_101918-300x169.jpg\" data-width=\"300\" data-height=\"169\" aria-label=\"10a Trobada cotxes cl\u00e0ssics Montmel\u00f3 2023 -Zona marxandatge - Miniatures de col\u00b7lecci\u00f3\" role=\"img\" ><\/div>\n\t\t\t\t\t\t\t\t\t\t\t<div class=\"elementor-gallery-item__overlay\"><\/div>\n\t\t\t\t\t\t\t\t\t\t\t\t\t\t<\/a>\n\t\t\t\t\t<\/div>\n\t\t\t\t\t<\/div>\n\t\t\t\t<\/div>\n\t\t\t\t\t<\/div>\n\t\t<\/div>\n\t\t\t\t\t<\/div>\n\t\t<\/section>\n\t\t\t\t<section data-particle_enable=\"false\" data-particle-mobile-disabled=\"false\" class=\"elementor-section elementor-top-section elementor-element elementor-element-67ae77d elementor-section-boxed elementor-section-height-default elementor-section-height-default\" data-id=\"67ae77d\" data-element_type=\"section\" data-e-type=\"section\">\n\t\t\t\t\t\t<div class=\"elementor-container elementor-column-gap-default\">\n\t\t\t\t\t<div class=\"elementor-column elementor-col-100 elementor-top-column elementor-element elementor-element-0e45212\" data-id=\"0e45212\" data-element_type=\"column\" data-e-type=\"column\">\n\t\t\t<div class=\"elementor-widget-wrap elementor-element-populated\">\n\t\t\t\t\t\t<div class=\"elementor-element elementor-element-3444ad4 elementor-widget elementor-widget-text-editor\" data-id=\"3444ad4\" data-element_type=\"widget\" data-e-type=\"widget\" data-widget_type=\"text-editor.default\">\n\t\t\t\t<div class=\"elementor-widget-container\">\n\t\t\t\t\t\t\t\t\t<p>Tot l&#8217;esdeveniment va estar amenitzat per una banda que interpretava m\u00fasica en viu -amb una molt bona qualitat interpretativa, per cert- i un speaker que es va encarregar d&#8217;anar animant el mat\u00ed i compartint amb els assistents la informaci\u00f3 de totes les activitats a mesura que aquestes anaven succeint.<\/p>\n\t\t\t\t\t\t\t\t<\/div>\n\t\t\t\t<\/div>\n\t\t\t\t\t<\/div>\n\t\t<\/div>\n\t\t\t\t\t<\/div>\n\t\t<\/section>\n\t\t\t\t<section data-particle_enable=\"false\" data-particle-mobile-disabled=\"false\" class=\"elementor-section elementor-top-section elementor-element elementor-element-715215a elementor-section-boxed elementor-section-height-default elementor-section-height-default\" data-id=\"715215a\" data-element_type=\"section\" data-e-type=\"section\">\n\t\t\t\t\t\t<div class=\"elementor-container elementor-column-gap-default\">\n\t\t\t\t\t<div class=\"elementor-column elementor-col-100 elementor-top-column elementor-element elementor-element-ac0db05\" data-id=\"ac0db05\" data-element_type=\"column\" data-e-type=\"column\">\n\t\t\t<div class=\"elementor-widget-wrap elementor-element-populated\">\n\t\t\t\t\t\t<div class=\"elementor-element elementor-element-aae3b0e elementor-widget elementor-widget-heading\" data-id=\"aae3b0e\" data-element_type=\"widget\" data-e-type=\"widget\" data-widget_type=\"heading.default\">\n\t\t\t\t<div class=\"elementor-widget-container\">\n\t\t\t\t\t<h2 class=\"elementor-heading-title elementor-size-default\">Celebrant el 40\u00e8 Aniversari del Volkswagen Golf Mk-II<\/h2>\t\t\t\t<\/div>\n\t\t\t\t<\/div>\n\t\t\t\t\t<\/div>\n\t\t<\/div>\n\t\t\t\t\t<\/div>\n\t\t<\/section>\n\t\t\t\t<section data-particle_enable=\"false\" data-particle-mobile-disabled=\"false\" class=\"elementor-section elementor-top-section elementor-element elementor-element-061e3b7 elementor-section-boxed elementor-section-height-default elementor-section-height-default\" data-id=\"061e3b7\" data-element_type=\"section\" data-e-type=\"section\">\n\t\t\t\t\t\t<div class=\"elementor-container elementor-column-gap-default\">\n\t\t\t\t\t<div class=\"elementor-column elementor-col-100 elementor-top-column elementor-element elementor-element-1eafc1a\" data-id=\"1eafc1a\" data-element_type=\"column\" data-e-type=\"column\">\n\t\t\t<div class=\"elementor-widget-wrap elementor-element-populated\">\n\t\t\t\t\t\t<div class=\"elementor-element elementor-element-d800181 elementor-widget elementor-widget-text-editor\" data-id=\"d800181\" data-element_type=\"widget\" data-e-type=\"widget\" data-widget_type=\"text-editor.default\">\n\t\t\t\t<div class=\"elementor-widget-container\">\n\t\t\t\t\t\t\t\t\t<p>Enguany, el certamen festejava a m\u00e9s el 40\u00e8 aniversari del Volkswagen Golf MK-ii, una aut\u00e8ntica icona de l&#8217;automoci\u00f3 dels anys 80 -quin amant de l&#8217;automoci\u00f3 dels nascuts entre el 1965 i 1975, no havia somiat amb tenir-ne un!- i certament una part de l&#8217;exposici\u00f3 va agrupar diverses unitats d&#8217;aquest model, totes elles en un envejable estat de conservaci\u00f3.<\/p>\n\t\t\t\t\t\t\t\t<\/div>\n\t\t\t\t<\/div>\n\t\t\t\t\t<\/div>\n\t\t<\/div>\n\t\t\t\t\t<\/div>\n\t\t<\/section>\n\t\t\t\t<section data-particle_enable=\"false\" data-particle-mobile-disabled=\"false\" class=\"elementor-section elementor-top-section elementor-element elementor-element-f3c8930 elementor-section-boxed elementor-section-height-default elementor-section-height-default\" data-id=\"f3c8930\" data-element_type=\"section\" data-e-type=\"section\">\n\t\t\t\t\t\t<div class=\"elementor-container elementor-column-gap-default\">\n\t\t\t\t\t<div class=\"elementor-column elementor-col-100 elementor-top-column elementor-element elementor-element-374535f\" data-id=\"374535f\" data-element_type=\"column\" data-e-type=\"column\">\n\t\t\t<div class=\"elementor-widget-wrap elementor-element-populated\">\n\t\t\t\t\t\t<div class=\"elementor-element elementor-element-f552fc4 elementor-widget elementor-widget-gallery\" data-id=\"f552fc4\" data-element_type=\"widget\" data-e-type=\"widget\" data-settings=\"{&quot;gallery_layout&quot;:&quot;justified&quot;,&quot;ideal_row_height&quot;:{&quot;unit&quot;:&quot;px&quot;,&quot;size&quot;:113,&quot;sizes&quot;:[]},&quot;ideal_row_height_mobile&quot;:{&quot;unit&quot;:&quot;px&quot;,&quot;size&quot;:116,&quot;sizes&quot;:[]},&quot;lazyload&quot;:&quot;yes&quot;,&quot;ideal_row_height_tablet&quot;:{&quot;unit&quot;:&quot;px&quot;,&quot;size&quot;:150,&quot;sizes&quot;:[]},&quot;gap&quot;:{&quot;unit&quot;:&quot;px&quot;,&quot;size&quot;:10,&quot;sizes&quot;:[]},&quot;gap_tablet&quot;:{&quot;unit&quot;:&quot;px&quot;,&quot;size&quot;:10,&quot;sizes&quot;:[]},&quot;gap_mobile&quot;:{&quot;unit&quot;:&quot;px&quot;,&quot;size&quot;:10,&quot;sizes&quot;:[]},&quot;link_to&quot;:&quot;file&quot;,&quot;overlay_background&quot;:&quot;yes&quot;,&quot;content_hover_animation&quot;:&quot;fade-in&quot;}\" data-widget_type=\"gallery.default\">\n\t\t\t\t<div class=\"elementor-widget-container\">\n\t\t\t\t\t\t\t<div class=\"elementor-gallery__container\">\n\t\t\t\t\t\t\t<a class=\"e-gallery-item elementor-gallery-item elementor-animated-content\" href=\"https:\/\/www.jgclassics.com\/wp-content\/uploads\/2023\/09\/20230924_102147-scaled.jpg\" data-elementor-open-lightbox=\"yes\" data-elementor-lightbox-slideshow=\"f552fc4\" data-elementor-lightbox-title=\"10a Trobada cotxes cl\u00e0ssics Montmel\u00f3 2023 - VWGolf MK II\" data-elementor-lightbox-description=\"VWGolf MK II\" data-e-action-hash=\"#elementor-action%3Aaction%3Dlightbox%26settings%3DeyJpZCI6MTgzMzUsInVybCI6Imh0dHBzOlwvXC93d3cuamdjbGFzc2ljcy5jb21cL3dwLWNvbnRlbnRcL3VwbG9hZHNcLzIwMjNcLzA5XC8yMDIzMDkyNF8xMDIxNDctc2NhbGVkLmpwZyIsInNsaWRlc2hvdyI6ImY1NTJmYzQifQ%3D%3D\">\n\t\t\t\t\t<div class=\"e-gallery-image elementor-gallery-item__image\" data-thumbnail=\"https:\/\/www.jgclassics.com\/wp-content\/uploads\/2023\/09\/20230924_102147-300x169.jpg\" data-width=\"300\" data-height=\"169\" aria-label=\"10a Trobada cotxes cl\u00e0ssics Montmel\u00f3 2023 - VWGolf MK II\" role=\"img\" ><\/div>\n\t\t\t\t\t\t\t\t\t\t\t<div class=\"elementor-gallery-item__overlay\"><\/div>\n\t\t\t\t\t\t\t\t\t\t\t\t\t\t<\/a>\n\t\t\t\t\t\t\t<a class=\"e-gallery-item elementor-gallery-item elementor-animated-content\" href=\"https:\/\/www.jgclassics.com\/wp-content\/uploads\/2023\/09\/20230924_102212-scaled.jpg\" data-elementor-open-lightbox=\"yes\" data-elementor-lightbox-slideshow=\"f552fc4\" data-elementor-lightbox-title=\"10a Trobada cotxes cl\u00e0ssics Montmel\u00f3 2023 - VW Golf MK II\" data-elementor-lightbox-description=\"VW Golf MK II\" data-e-action-hash=\"#elementor-action%3Aaction%3Dlightbox%26settings%3DeyJpZCI6MTgzMjcsInVybCI6Imh0dHBzOlwvXC93d3cuamdjbGFzc2ljcy5jb21cL3dwLWNvbnRlbnRcL3VwbG9hZHNcLzIwMjNcLzA5XC8yMDIzMDkyNF8xMDIyMTItc2NhbGVkLmpwZyIsInNsaWRlc2hvdyI6ImY1NTJmYzQifQ%3D%3D\">\n\t\t\t\t\t<div class=\"e-gallery-image elementor-gallery-item__image\" data-thumbnail=\"https:\/\/www.jgclassics.com\/wp-content\/uploads\/2023\/09\/20230924_102212-300x169.jpg\" data-width=\"300\" data-height=\"169\" aria-label=\"10a Trobada cotxes cl\u00e0ssics Montmel\u00f3 2023 - VW Golf MK II\" role=\"img\" ><\/div>\n\t\t\t\t\t\t\t\t\t\t\t<div class=\"elementor-gallery-item__overlay\"><\/div>\n\t\t\t\t\t\t\t\t\t\t\t\t\t\t<\/a>\n\t\t\t\t\t\t\t<a class=\"e-gallery-item elementor-gallery-item elementor-animated-content\" href=\"https:\/\/www.jgclassics.com\/wp-content\/uploads\/2023\/09\/20230924_102154-scaled.jpg\" data-elementor-open-lightbox=\"yes\" data-elementor-lightbox-slideshow=\"f552fc4\" data-elementor-lightbox-title=\"10a Trobada cotxes cl\u00e0ssics Montmel\u00f3 2023 - VWGolf MK II\" data-elementor-lightbox-description=\"VWGolf MK II\" data-e-action-hash=\"#elementor-action%3Aaction%3Dlightbox%26settings%3DeyJpZCI6MTgzMzksInVybCI6Imh0dHBzOlwvXC93d3cuamdjbGFzc2ljcy5jb21cL3dwLWNvbnRlbnRcL3VwbG9hZHNcLzIwMjNcLzA5XC8yMDIzMDkyNF8xMDIxNTQtc2NhbGVkLmpwZyIsInNsaWRlc2hvdyI6ImY1NTJmYzQifQ%3D%3D\">\n\t\t\t\t\t<div class=\"e-gallery-image elementor-gallery-item__image\" data-thumbnail=\"https:\/\/www.jgclassics.com\/wp-content\/uploads\/2023\/09\/20230924_102154-300x169.jpg\" data-width=\"300\" data-height=\"169\" aria-label=\"10a Trobada cotxes cl\u00e0ssics Montmel\u00f3 2023 - VWGolf MK II\" role=\"img\" ><\/div>\n\t\t\t\t\t\t\t\t\t\t\t<div class=\"elementor-gallery-item__overlay\"><\/div>\n\t\t\t\t\t\t\t\t\t\t\t\t\t\t<\/a>\n\t\t\t\t\t\t\t<a class=\"e-gallery-item elementor-gallery-item elementor-animated-content\" href=\"https:\/\/www.jgclassics.com\/wp-content\/uploads\/2023\/09\/20230924_102221.jpg\" data-elementor-open-lightbox=\"yes\" data-elementor-lightbox-slideshow=\"f552fc4\" data-elementor-lightbox-title=\"10a Trobada cotxes cl\u00e0ssics Montmel\u00f3 2023 - VW Golf MK II\" data-elementor-lightbox-description=\"VW Golf MK II\" data-e-action-hash=\"#elementor-action%3Aaction%3Dlightbox%26settings%3DeyJpZCI6MTgzMzEsInVybCI6Imh0dHBzOlwvXC93d3cuamdjbGFzc2ljcy5jb21cL3dwLWNvbnRlbnRcL3VwbG9hZHNcLzIwMjNcLzA5XC8yMDIzMDkyNF8xMDIyMjEuanBnIiwic2xpZGVzaG93IjoiZjU1MmZjNCJ9\">\n\t\t\t\t\t<div class=\"e-gallery-image elementor-gallery-item__image\" data-thumbnail=\"https:\/\/www.jgclassics.com\/wp-content\/uploads\/2023\/09\/20230924_102221.jpg\" data-width=\"1\" data-height=\"1\" aria-label=\"10a Trobada cotxes cl\u00e0ssics Montmel\u00f3 2023 - VW Golf MK II\" role=\"img\" ><\/div>\n\t\t\t\t\t\t\t\t\t\t\t<div class=\"elementor-gallery-item__overlay\"><\/div>\n\t\t\t\t\t\t\t\t\t\t\t\t\t\t<\/a>\n\t\t\t\t\t\t\t<a class=\"e-gallery-item elementor-gallery-item elementor-animated-content\" href=\"https:\/\/www.jgclassics.com\/wp-content\/uploads\/2023\/09\/20230924_102209-scaled.jpg\" data-elementor-open-lightbox=\"yes\" data-elementor-lightbox-slideshow=\"f552fc4\" data-elementor-lightbox-title=\"10a Trobada cotxes cl\u00e0ssics Montmel\u00f3 2023 - VWGolf MK II\" data-elementor-lightbox-description=\"VWGolf MK II\" data-e-action-hash=\"#elementor-action%3Aaction%3Dlightbox%26settings%3DeyJpZCI6MTgzMjMsInVybCI6Imh0dHBzOlwvXC93d3cuamdjbGFzc2ljcy5jb21cL3dwLWNvbnRlbnRcL3VwbG9hZHNcLzIwMjNcLzA5XC8yMDIzMDkyNF8xMDIyMDktc2NhbGVkLmpwZyIsInNsaWRlc2hvdyI6ImY1NTJmYzQifQ%3D%3D\">\n\t\t\t\t\t<div class=\"e-gallery-image elementor-gallery-item__image\" data-thumbnail=\"https:\/\/www.jgclassics.com\/wp-content\/uploads\/2023\/09\/20230924_102209-300x169.jpg\" data-width=\"300\" data-height=\"169\" aria-label=\"10a Trobada cotxes cl\u00e0ssics Montmel\u00f3 2023 - VW Golf MK II\" role=\"img\" ><\/div>\n\t\t\t\t\t\t\t\t\t\t\t<div class=\"elementor-gallery-item__overlay\"><\/div>\n\t\t\t\t\t\t\t\t\t\t\t\t\t\t<\/a>\n\t\t\t\t\t\t\t<a class=\"e-gallery-item elementor-gallery-item elementor-animated-content\" href=\"https:\/\/www.jgclassics.com\/wp-content\/uploads\/2023\/09\/20230924_102202.jpg\" data-elementor-open-lightbox=\"yes\" data-elementor-lightbox-slideshow=\"f552fc4\" data-elementor-lightbox-title=\"10a Trobada cotxes cl\u00e0ssics Montmel\u00f3 2023 - VW Golf MK II\" data-elementor-lightbox-description=\"VW Golf MK II\" data-e-action-hash=\"#elementor-action%3Aaction%3Dlightbox%26settings%3DeyJpZCI6MTgzMTksInVybCI6Imh0dHBzOlwvXC93d3cuamdjbGFzc2ljcy5jb21cL3dwLWNvbnRlbnRcL3VwbG9hZHNcLzIwMjNcLzA5XC8yMDIzMDkyNF8xMDIyMDIuanBnIiwic2xpZGVzaG93IjoiZjU1MmZjNCJ9\">\n\t\t\t\t\t<div class=\"e-gallery-image elementor-gallery-item__image\" data-thumbnail=\"https:\/\/www.jgclassics.com\/wp-content\/uploads\/2023\/09\/20230924_102202.jpg\" data-width=\"1\" data-height=\"1\" aria-label=\"10a Trobada cotxes cl\u00e0ssics Montmel\u00f3 2023 - VW Golf MK II\" role=\"img\" ><\/div>\n\t\t\t\t\t\t\t\t\t\t\t<div class=\"elementor-gallery-item__overlay\"><\/div>\n\t\t\t\t\t\t\t\t\t\t\t\t\t\t<\/a>\n\t\t\t\t\t<\/div>\n\t\t\t\t\t<\/div>\n\t\t\t\t<\/div>\n\t\t\t\t\t<\/div>\n\t\t<\/div>\n\t\t\t\t\t<\/div>\n\t\t<\/section>\n\t\t\t\t<section data-particle_enable=\"false\" data-particle-mobile-disabled=\"false\" class=\"elementor-section elementor-top-section elementor-element elementor-element-228c6dc elementor-section-boxed elementor-section-height-default elementor-section-height-default\" data-id=\"228c6dc\" data-element_type=\"section\" data-e-type=\"section\">\n\t\t\t\t\t\t<div class=\"elementor-container elementor-column-gap-default\">\n\t\t\t\t\t<div class=\"elementor-column elementor-col-100 elementor-top-column elementor-element elementor-element-62e9ec5\" data-id=\"62e9ec5\" data-element_type=\"column\" data-e-type=\"column\">\n\t\t\t<div class=\"elementor-widget-wrap elementor-element-populated\">\n\t\t\t\t\t\t<div class=\"elementor-element elementor-element-83dd6d8 elementor-widget elementor-widget-heading\" data-id=\"83dd6d8\" data-element_type=\"widget\" data-e-type=\"widget\" data-widget_type=\"heading.default\">\n\t\t\t\t<div class=\"elementor-widget-container\">\n\t\t\t\t\t<h2 class=\"elementor-heading-title elementor-size-default\">Durant el mat\u00ed: Exposici\u00f3 i activitats des de les 9<\/h2>\t\t\t\t<\/div>\n\t\t\t\t<\/div>\n\t\t\t\t\t<\/div>\n\t\t<\/div>\n\t\t\t\t\t<\/div>\n\t\t<\/section>\n\t\t\t\t<section data-particle_enable=\"false\" data-particle-mobile-disabled=\"false\" class=\"elementor-section elementor-top-section elementor-element elementor-element-6be59d2 elementor-section-boxed elementor-section-height-default elementor-section-height-default\" data-id=\"6be59d2\" data-element_type=\"section\" data-e-type=\"section\">\n\t\t\t\t\t\t<div class=\"elementor-container elementor-column-gap-default\">\n\t\t\t\t\t<div class=\"elementor-column elementor-col-100 elementor-top-column elementor-element elementor-element-4634085\" data-id=\"4634085\" data-element_type=\"column\" data-e-type=\"column\">\n\t\t\t<div class=\"elementor-widget-wrap elementor-element-populated\">\n\t\t\t\t\t\t<div class=\"elementor-element elementor-element-5a5c16e elementor-widget elementor-widget-text-editor\" data-id=\"5a5c16e\" data-element_type=\"widget\" data-e-type=\"widget\" data-widget_type=\"text-editor.default\">\n\t\t\t\t<div class=\"elementor-widget-container\">\n\t\t\t\t\t\t\t\t\t<p>Si b\u00e9 l&#8217;equip d&#8217;organitzaci\u00f3 portava treballant des d&#8217;unes hores abans, els primers vehicles a exposar van comen\u00e7ar a arribar al voltant de les 8 del mat\u00ed. El grup del <a href=\"http:\/\/www.clubmaresmeclassics.com\/\" target=\"_blank\" rel=\"noopener\">Club Maresme Classics<\/a> va ser dels m\u00e9s matiners a arribar, i en l&#8217;hora seg\u00fcent, van anar arribant el gruix dels vehicles. L&#8217;organitzaci\u00f3 va muntar dos accessos per dos carrers diferents per tal que l&#8217;entrada es pogu\u00e9s fer amb flu\u00efdesa.<\/p>\n\t\t\t\t\t\t\t\t<\/div>\n\t\t\t\t<\/div>\n\t\t\t\t\t<\/div>\n\t\t<\/div>\n\t\t\t\t\t<\/div>\n\t\t<\/section>\n\t\t\t\t<section data-particle_enable=\"false\" data-particle-mobile-disabled=\"false\" class=\"elementor-section elementor-top-section elementor-element elementor-element-b0708a1 elementor-section-boxed elementor-section-height-default elementor-section-height-default\" data-id=\"b0708a1\" data-element_type=\"section\" data-e-type=\"section\">\n\t\t\t\t\t\t<div class=\"elementor-container elementor-column-gap-default\">\n\t\t\t\t\t<div class=\"elementor-column elementor-col-100 elementor-top-column elementor-element elementor-element-8d93aeb\" data-id=\"8d93aeb\" data-element_type=\"column\" data-e-type=\"column\">\n\t\t\t<div class=\"elementor-widget-wrap elementor-element-populated\">\n\t\t\t\t\t\t<div class=\"elementor-element elementor-element-e23c327 elementor-widget elementor-widget-gallery\" data-id=\"e23c327\" data-element_type=\"widget\" data-e-type=\"widget\" data-settings=\"{&quot;gallery_layout&quot;:&quot;justified&quot;,&quot;ideal_row_height&quot;:{&quot;unit&quot;:&quot;px&quot;,&quot;size&quot;:118,&quot;sizes&quot;:[]},&quot;ideal_row_height_mobile&quot;:{&quot;unit&quot;:&quot;px&quot;,&quot;size&quot;:100,&quot;sizes&quot;:[]},&quot;lazyload&quot;:&quot;yes&quot;,&quot;ideal_row_height_tablet&quot;:{&quot;unit&quot;:&quot;px&quot;,&quot;size&quot;:150,&quot;sizes&quot;:[]},&quot;gap&quot;:{&quot;unit&quot;:&quot;px&quot;,&quot;size&quot;:10,&quot;sizes&quot;:[]},&quot;gap_tablet&quot;:{&quot;unit&quot;:&quot;px&quot;,&quot;size&quot;:10,&quot;sizes&quot;:[]},&quot;gap_mobile&quot;:{&quot;unit&quot;:&quot;px&quot;,&quot;size&quot;:10,&quot;sizes&quot;:[]},&quot;link_to&quot;:&quot;file&quot;,&quot;overlay_background&quot;:&quot;yes&quot;,&quot;content_hover_animation&quot;:&quot;fade-in&quot;}\" data-widget_type=\"gallery.default\">\n\t\t\t\t<div class=\"elementor-widget-container\">\n\t\t\t\t\t\t\t<div class=\"elementor-gallery__container\">\n\t\t\t\t\t\t\t<a class=\"e-gallery-item elementor-gallery-item elementor-animated-content\" href=\"https:\/\/www.jgclassics.com\/wp-content\/uploads\/2023\/09\/20230924_151454-scaled.jpg\" data-elementor-open-lightbox=\"yes\" data-elementor-lightbox-slideshow=\"e23c327\" data-elementor-lightbox-title=\"10a Trobada cotxes cl\u00e0ssics Montmel\u00f3 2023\" data-elementor-lightbox-description=\"10a Trobada cotxes cl\u00e0ssics Montmel\u00f3 2023 - El nostre dorsal 075\" data-e-action-hash=\"#elementor-action%3Aaction%3Dlightbox%26settings%3DeyJpZCI6MTgxMjksInVybCI6Imh0dHBzOlwvXC93d3cuamdjbGFzc2ljcy5jb21cL3dwLWNvbnRlbnRcL3VwbG9hZHNcLzIwMjNcLzA5XC8yMDIzMDkyNF8xNTE0NTQtc2NhbGVkLmpwZyIsInNsaWRlc2hvdyI6ImUyM2MzMjcifQ%3D%3D\">\n\t\t\t\t\t<div class=\"e-gallery-image elementor-gallery-item__image\" data-thumbnail=\"https:\/\/www.jgclassics.com\/wp-content\/uploads\/2023\/09\/20230924_151454-300x156.jpg\" data-width=\"300\" data-height=\"156\" aria-label=\"10a Trobada cotxes cl\u00e0ssics Montmel\u00f3 2023\" role=\"img\" ><\/div>\n\t\t\t\t\t\t\t\t\t\t\t<div class=\"elementor-gallery-item__overlay\"><\/div>\n\t\t\t\t\t\t\t\t\t\t\t\t\t\t<\/a>\n\t\t\t\t\t\t\t<a class=\"e-gallery-item elementor-gallery-item elementor-animated-content\" href=\"https:\/\/www.jgclassics.com\/wp-content\/uploads\/2023\/09\/20230924_090318-scaled.jpg\" data-elementor-open-lightbox=\"yes\" data-elementor-lightbox-slideshow=\"e23c327\" data-elementor-lightbox-title=\"10a Trobada cotxes cl\u00e0ssics Montmel\u00f3 2023 - Muntatge de les parades\" data-elementor-lightbox-description=\"Muntatge de les parades\" data-e-action-hash=\"#elementor-action%3Aaction%3Dlightbox%26settings%3DeyJpZCI6MTgxMjQsInVybCI6Imh0dHBzOlwvXC93d3cuamdjbGFzc2ljcy5jb21cL3dwLWNvbnRlbnRcL3VwbG9hZHNcLzIwMjNcLzA5XC8yMDIzMDkyNF8wOTAzMTgtc2NhbGVkLmpwZyIsInNsaWRlc2hvdyI6ImUyM2MzMjcifQ%3D%3D\">\n\t\t\t\t\t<div class=\"e-gallery-image elementor-gallery-item__image\" data-thumbnail=\"https:\/\/www.jgclassics.com\/wp-content\/uploads\/2023\/09\/20230924_090318-300x169.jpg\" data-width=\"300\" data-height=\"169\" aria-label=\"10a Trobada cotxes cl\u00e0ssics Montmel\u00f3 2023 - Muntatge de les parades\" role=\"img\" ><\/div>\n\t\t\t\t\t\t\t\t\t\t\t<div class=\"elementor-gallery-item__overlay\"><\/div>\n\t\t\t\t\t\t\t\t\t\t\t\t\t\t<\/a>\n\t\t\t\t\t\t\t<a class=\"e-gallery-item elementor-gallery-item elementor-animated-content\" href=\"https:\/\/www.jgclassics.com\/wp-content\/uploads\/2023\/09\/20230924_090333-scaled.jpg\" data-elementor-open-lightbox=\"yes\" data-elementor-lightbox-slideshow=\"e23c327\" data-elementor-lightbox-title=\"10a Trobada cotxes cl\u00e0ssics Montmel\u00f3 2023\" data-elementor-lightbox-description=\"Arribada de les primeres motos participants\" data-e-action-hash=\"#elementor-action%3Aaction%3Dlightbox%26settings%3DeyJpZCI6MTgwOTYsInVybCI6Imh0dHBzOlwvXC93d3cuamdjbGFzc2ljcy5jb21cL3dwLWNvbnRlbnRcL3VwbG9hZHNcLzIwMjNcLzA5XC8yMDIzMDkyNF8wOTAzMzMtc2NhbGVkLmpwZyIsInNsaWRlc2hvdyI6ImUyM2MzMjcifQ%3D%3D\">\n\t\t\t\t\t<div class=\"e-gallery-image elementor-gallery-item__image\" data-thumbnail=\"https:\/\/www.jgclassics.com\/wp-content\/uploads\/2023\/09\/20230924_090333-300x169.jpg\" data-width=\"300\" data-height=\"169\" aria-label=\"10a Trobada cotxes cl\u00e0ssics Montmel\u00f3 2023. Les primeres motos\" role=\"img\" ><\/div>\n\t\t\t\t\t\t\t\t\t\t\t<div class=\"elementor-gallery-item__overlay\"><\/div>\n\t\t\t\t\t\t\t\t\t\t\t\t\t\t<\/a>\n\t\t\t\t\t\t\t<a class=\"e-gallery-item elementor-gallery-item elementor-animated-content\" href=\"https:\/\/www.jgclassics.com\/wp-content\/uploads\/2023\/09\/20230924_090108-scaled.jpg\" data-elementor-open-lightbox=\"yes\" data-elementor-lightbox-slideshow=\"e23c327\" data-elementor-lightbox-title=\"10a Trobada cotxes cl\u00e0ssics Montmel\u00f3 2023 - De Tomaso Pantera\" data-elementor-lightbox-description=\"De Tomaso Pantera\" data-e-action-hash=\"#elementor-action%3Aaction%3Dlightbox%26settings%3DeyJpZCI6MTgxMjAsInVybCI6Imh0dHBzOlwvXC93d3cuamdjbGFzc2ljcy5jb21cL3dwLWNvbnRlbnRcL3VwbG9hZHNcLzIwMjNcLzA5XC8yMDIzMDkyNF8wOTAxMDgtc2NhbGVkLmpwZyIsInNsaWRlc2hvdyI6ImUyM2MzMjcifQ%3D%3D\">\n\t\t\t\t\t<div class=\"e-gallery-image elementor-gallery-item__image\" data-thumbnail=\"https:\/\/www.jgclassics.com\/wp-content\/uploads\/2023\/09\/20230924_090108-300x169.jpg\" data-width=\"300\" data-height=\"169\" aria-label=\"10a Trobada cotxes cl\u00e0ssics Montmel\u00f3 2023 - De Tomaso Pantera\" role=\"img\" ><\/div>\n\t\t\t\t\t\t\t\t\t\t\t<div class=\"elementor-gallery-item__overlay\"><\/div>\n\t\t\t\t\t\t\t\t\t\t\t\t\t\t<\/a>\n\t\t\t\t\t\t\t<a class=\"e-gallery-item elementor-gallery-item elementor-animated-content\" href=\"https:\/\/www.jgclassics.com\/wp-content\/uploads\/2023\/09\/20230924_090320-scaled.jpg\" data-elementor-open-lightbox=\"yes\" data-elementor-lightbox-slideshow=\"e23c327\" data-elementor-lightbox-title=\"10a Trobada cotxes cl\u00e0ssics Montmel\u00f3 2023\" data-elementor-lightbox-description=\"Muntatge de les parades de venda de marxandatge\" data-e-action-hash=\"#elementor-action%3Aaction%3Dlightbox%26settings%3DeyJpZCI6MTgwOTIsInVybCI6Imh0dHBzOlwvXC93d3cuamdjbGFzc2ljcy5jb21cL3dwLWNvbnRlbnRcL3VwbG9hZHNcLzIwMjNcLzA5XC8yMDIzMDkyNF8wOTAzMjAtc2NhbGVkLmpwZyIsInNsaWRlc2hvdyI6ImUyM2MzMjcifQ%3D%3D\">\n\t\t\t\t\t<div class=\"e-gallery-image elementor-gallery-item__image\" data-thumbnail=\"https:\/\/www.jgclassics.com\/wp-content\/uploads\/2023\/09\/20230924_090320-300x169.jpg\" data-width=\"300\" data-height=\"169\" aria-label=\"10a Trobada cotxes cl\u00e0ssics Montmel\u00f3 2023\" role=\"img\" ><\/div>\n\t\t\t\t\t\t\t\t\t\t\t<div class=\"elementor-gallery-item__overlay\"><\/div>\n\t\t\t\t\t\t\t\t\t\t\t\t\t\t<\/a>\n\t\t\t\t\t\t\t<a class=\"e-gallery-item elementor-gallery-item elementor-animated-content\" href=\"https:\/\/www.jgclassics.com\/wp-content\/uploads\/2023\/09\/20230924_094141-scaled.jpg\" data-elementor-open-lightbox=\"yes\" data-elementor-lightbox-slideshow=\"e23c327\" data-elementor-lightbox-title=\"10a Trobada cotxes cl\u00e0ssics Montmel\u00f3 2023 - De Tomaso Pantera i Renault Alpine\" data-elementor-lightbox-description=\"De Tomaso Pantera i Renault Alpine\" data-e-action-hash=\"#elementor-action%3Aaction%3Dlightbox%26settings%3DeyJpZCI6MTgxMTYsInVybCI6Imh0dHBzOlwvXC93d3cuamdjbGFzc2ljcy5jb21cL3dwLWNvbnRlbnRcL3VwbG9hZHNcLzIwMjNcLzA5XC8yMDIzMDkyNF8wOTQxNDEtc2NhbGVkLmpwZyIsInNsaWRlc2hvdyI6ImUyM2MzMjcifQ%3D%3D\">\n\t\t\t\t\t<div class=\"e-gallery-image elementor-gallery-item__image\" data-thumbnail=\"https:\/\/www.jgclassics.com\/wp-content\/uploads\/2023\/09\/20230924_094141-300x169.jpg\" data-width=\"300\" data-height=\"169\" aria-label=\"10a Trobada cotxes cl\u00e0ssics Montmel\u00f3 2023 - De Tomaso Pantera i Renault Alpine\" role=\"img\" ><\/div>\n\t\t\t\t\t\t\t\t\t\t\t<div class=\"elementor-gallery-item__overlay\"><\/div>\n\t\t\t\t\t\t\t\t\t\t\t\t\t\t<\/a>\n\t\t\t\t\t\t\t<a class=\"e-gallery-item elementor-gallery-item elementor-animated-content\" href=\"https:\/\/www.jgclassics.com\/wp-content\/uploads\/2023\/09\/20230924_094133-scaled.jpg\" data-elementor-open-lightbox=\"yes\" data-elementor-lightbox-slideshow=\"e23c327\" data-elementor-lightbox-title=\"10a Trobada cotxes cl\u00e0ssics Montmel\u00f3 2023 - Peugeot 205 GTI\" data-elementor-lightbox-description=\"Peugeot 205 GTI\" data-e-action-hash=\"#elementor-action%3Aaction%3Dlightbox%26settings%3DeyJpZCI6MTgxMTIsInVybCI6Imh0dHBzOlwvXC93d3cuamdjbGFzc2ljcy5jb21cL3dwLWNvbnRlbnRcL3VwbG9hZHNcLzIwMjNcLzA5XC8yMDIzMDkyNF8wOTQxMzMtc2NhbGVkLmpwZyIsInNsaWRlc2hvdyI6ImUyM2MzMjcifQ%3D%3D\">\n\t\t\t\t\t<div class=\"e-gallery-image elementor-gallery-item__image\" data-thumbnail=\"https:\/\/www.jgclassics.com\/wp-content\/uploads\/2023\/09\/20230924_094133-300x169.jpg\" data-width=\"300\" data-height=\"169\" aria-label=\"10a Trobada cotxes cl\u00e0ssics Montmel\u00f3 2023 - Peugeot 205 GTI\" role=\"img\" ><\/div>\n\t\t\t\t\t\t\t\t\t\t\t<div class=\"elementor-gallery-item__overlay\"><\/div>\n\t\t\t\t\t\t\t\t\t\t\t\t\t\t<\/a>\n\t\t\t\t\t\t\t<a class=\"e-gallery-item elementor-gallery-item elementor-animated-content\" href=\"https:\/\/www.jgclassics.com\/wp-content\/uploads\/2023\/09\/20230924_094121-scaled.jpg\" data-elementor-open-lightbox=\"yes\" data-elementor-lightbox-slideshow=\"e23c327\" data-elementor-lightbox-title=\"10a Trobada cotxes cl\u00e0ssics Montmel\u00f3 2023 - Porsche 550\" data-elementor-lightbox-description=\"Porsche 550\" data-e-action-hash=\"#elementor-action%3Aaction%3Dlightbox%26settings%3DeyJpZCI6MTgxMDgsInVybCI6Imh0dHBzOlwvXC93d3cuamdjbGFzc2ljcy5jb21cL3dwLWNvbnRlbnRcL3VwbG9hZHNcLzIwMjNcLzA5XC8yMDIzMDkyNF8wOTQxMjEtc2NhbGVkLmpwZyIsInNsaWRlc2hvdyI6ImUyM2MzMjcifQ%3D%3D\">\n\t\t\t\t\t<div class=\"e-gallery-image elementor-gallery-item__image\" data-thumbnail=\"https:\/\/www.jgclassics.com\/wp-content\/uploads\/2023\/09\/20230924_094121-300x169.jpg\" data-width=\"300\" data-height=\"169\" aria-label=\"10a Trobada cotxes cl\u00e0ssics Montmel\u00f3 2023 - Porsche 550\" role=\"img\" ><\/div>\n\t\t\t\t\t\t\t\t\t\t\t<div class=\"elementor-gallery-item__overlay\"><\/div>\n\t\t\t\t\t\t\t\t\t\t\t\t\t\t<\/a>\n\t\t\t\t\t\t\t<a class=\"e-gallery-item elementor-gallery-item elementor-animated-content\" href=\"https:\/\/www.jgclassics.com\/wp-content\/uploads\/2023\/09\/20230924_094105-scaled.jpg\" data-elementor-open-lightbox=\"yes\" data-elementor-lightbox-slideshow=\"e23c327\" data-elementor-lightbox-title=\"10a Trobada cotxes cl\u00e0ssics Montmel\u00f3 2023 - Porsche 550\" data-elementor-lightbox-description=\"Porsche 550\" data-e-action-hash=\"#elementor-action%3Aaction%3Dlightbox%26settings%3DeyJpZCI6MTgxMDQsInVybCI6Imh0dHBzOlwvXC93d3cuamdjbGFzc2ljcy5jb21cL3dwLWNvbnRlbnRcL3VwbG9hZHNcLzIwMjNcLzA5XC8yMDIzMDkyNF8wOTQxMDUtc2NhbGVkLmpwZyIsInNsaWRlc2hvdyI6ImUyM2MzMjcifQ%3D%3D\">\n\t\t\t\t\t<div class=\"e-gallery-image elementor-gallery-item__image\" data-thumbnail=\"https:\/\/www.jgclassics.com\/wp-content\/uploads\/2023\/09\/20230924_094105-300x169.jpg\" data-width=\"300\" data-height=\"169\" aria-label=\"10a Trobada cotxes cl\u00e0ssics Montmel\u00f3 2023 - Porsche 550\" role=\"img\" ><\/div>\n\t\t\t\t\t\t\t\t\t\t\t<div class=\"elementor-gallery-item__overlay\"><\/div>\n\t\t\t\t\t\t\t\t\t\t\t\t\t\t<\/a>\n\t\t\t\t\t\t\t<a class=\"e-gallery-item elementor-gallery-item elementor-animated-content\" href=\"https:\/\/www.jgclassics.com\/wp-content\/uploads\/2023\/09\/20230924_094052-scaled.jpg\" data-elementor-open-lightbox=\"yes\" data-elementor-lightbox-slideshow=\"e23c327\" data-elementor-lightbox-title=\"10a Trobada cotxes cl\u00e0ssics Montmel\u00f3 2023 - Un MG TA\" data-elementor-lightbox-description=\"Ubicant un MG TA\" data-e-action-hash=\"#elementor-action%3Aaction%3Dlightbox%26settings%3DeyJpZCI6MTgxMDAsInVybCI6Imh0dHBzOlwvXC93d3cuamdjbGFzc2ljcy5jb21cL3dwLWNvbnRlbnRcL3VwbG9hZHNcLzIwMjNcLzA5XC8yMDIzMDkyNF8wOTQwNTItc2NhbGVkLmpwZyIsInNsaWRlc2hvdyI6ImUyM2MzMjcifQ%3D%3D\">\n\t\t\t\t\t<div class=\"e-gallery-image elementor-gallery-item__image\" data-thumbnail=\"https:\/\/www.jgclassics.com\/wp-content\/uploads\/2023\/09\/20230924_094052-169x300.jpg\" data-width=\"169\" data-height=\"300\" aria-label=\"10a Trobada cotxes cl\u00e0ssics Montmel\u00f3 2023 - Un MG TA\" role=\"img\" ><\/div>\n\t\t\t\t\t\t\t\t\t\t\t<div class=\"elementor-gallery-item__overlay\"><\/div>\n\t\t\t\t\t\t\t\t\t\t\t\t\t\t<\/a>\n\t\t\t\t\t<\/div>\n\t\t\t\t\t<\/div>\n\t\t\t\t<\/div>\n\t\t\t\t\t<\/div>\n\t\t<\/div>\n\t\t\t\t\t<\/div>\n\t\t<\/section>\n\t\t\t\t<section data-particle_enable=\"false\" data-particle-mobile-disabled=\"false\" class=\"elementor-section elementor-top-section elementor-element elementor-element-4b892ce elementor-section-boxed elementor-section-height-default elementor-section-height-default\" data-id=\"4b892ce\" data-element_type=\"section\" data-e-type=\"section\">\n\t\t\t\t\t\t<div class=\"elementor-container elementor-column-gap-default\">\n\t\t\t\t\t<div class=\"elementor-column elementor-col-100 elementor-top-column elementor-element elementor-element-0be6ad4\" data-id=\"0be6ad4\" data-element_type=\"column\" data-e-type=\"column\">\n\t\t\t<div class=\"elementor-widget-wrap elementor-element-populated\">\n\t\t\t\t\t\t<div class=\"elementor-element elementor-element-8746c18 elementor-widget elementor-widget-text-editor\" data-id=\"8746c18\" data-element_type=\"widget\" data-e-type=\"widget\" data-widget_type=\"text-editor.default\">\n\t\t\t\t<div class=\"elementor-widget-container\">\n\t\t\t\t\t\t\t\t\t<p>El p\u00fablic general va comen\u00e7ar a arribar sobre les 10 del mat\u00ed i va anar progressivament augmentant fins a arribar al punt de major aflu\u00e8ncia entre les 11 del mat\u00ed i la una i mitja de la tarda, en el qual el s va poder veure un recinte completament ple de visitants, que van poder gaudir de l&#8217;exposici\u00f3 dels seus cotxes cl\u00e0ssics preferits, o con\u00e8ixer models que potser mai havien tingut oportunitat de veure en viu i directe.<\/p>\n\t\t\t\t\t\t\t\t<\/div>\n\t\t\t\t<\/div>\n\t\t\t\t\t<\/div>\n\t\t<\/div>\n\t\t\t\t\t<\/div>\n\t\t<\/section>\n\t\t\t\t<section data-particle_enable=\"false\" data-particle-mobile-disabled=\"false\" class=\"elementor-section elementor-top-section elementor-element elementor-element-835a9ae elementor-section-boxed elementor-section-height-default elementor-section-height-default\" data-id=\"835a9ae\" data-element_type=\"section\" data-e-type=\"section\">\n\t\t\t\t\t\t<div class=\"elementor-container elementor-column-gap-default\">\n\t\t\t\t\t<div class=\"elementor-column elementor-col-100 elementor-top-column elementor-element elementor-element-faaeca1\" data-id=\"faaeca1\" data-element_type=\"column\" data-e-type=\"column\">\n\t\t\t<div class=\"elementor-widget-wrap elementor-element-populated\">\n\t\t\t\t\t\t<div class=\"elementor-element elementor-element-01edae2 elementor-widget elementor-widget-gallery\" data-id=\"01edae2\" data-element_type=\"widget\" data-e-type=\"widget\" data-settings=\"{&quot;gallery_layout&quot;:&quot;justified&quot;,&quot;ideal_row_height&quot;:{&quot;unit&quot;:&quot;px&quot;,&quot;size&quot;:113,&quot;sizes&quot;:[]},&quot;ideal_row_height_mobile&quot;:{&quot;unit&quot;:&quot;px&quot;,&quot;size&quot;:84,&quot;sizes&quot;:[]},&quot;lazyload&quot;:&quot;yes&quot;,&quot;ideal_row_height_tablet&quot;:{&quot;unit&quot;:&quot;px&quot;,&quot;size&quot;:150,&quot;sizes&quot;:[]},&quot;gap&quot;:{&quot;unit&quot;:&quot;px&quot;,&quot;size&quot;:10,&quot;sizes&quot;:[]},&quot;gap_tablet&quot;:{&quot;unit&quot;:&quot;px&quot;,&quot;size&quot;:10,&quot;sizes&quot;:[]},&quot;gap_mobile&quot;:{&quot;unit&quot;:&quot;px&quot;,&quot;size&quot;:10,&quot;sizes&quot;:[]},&quot;link_to&quot;:&quot;file&quot;,&quot;overlay_background&quot;:&quot;yes&quot;,&quot;content_hover_animation&quot;:&quot;fade-in&quot;}\" data-widget_type=\"gallery.default\">\n\t\t\t\t<div class=\"elementor-widget-container\">\n\t\t\t\t\t\t\t<div class=\"elementor-gallery__container\">\n\t\t\t\t\t\t\t<a class=\"e-gallery-item elementor-gallery-item elementor-animated-content\" href=\"https:\/\/www.jgclassics.com\/wp-content\/uploads\/2023\/09\/20230924_094357-scaled.jpg\" data-elementor-open-lightbox=\"yes\" data-elementor-lightbox-slideshow=\"01edae2\" data-elementor-lightbox-title=\"10a Trobada cotxes cl\u00e0ssics Montmel\u00f3 2023 - MGA TA\" data-elementor-lightbox-description=\"MGA TA\" data-e-action-hash=\"#elementor-action%3Aaction%3Dlightbox%26settings%3DeyJpZCI6MTgyOTksInVybCI6Imh0dHBzOlwvXC93d3cuamdjbGFzc2ljcy5jb21cL3dwLWNvbnRlbnRcL3VwbG9hZHNcLzIwMjNcLzA5XC8yMDIzMDkyNF8wOTQzNTctc2NhbGVkLmpwZyIsInNsaWRlc2hvdyI6IjAxZWRhZTIifQ%3D%3D\">\n\t\t\t\t\t<div class=\"e-gallery-image elementor-gallery-item__image\" data-thumbnail=\"https:\/\/www.jgclassics.com\/wp-content\/uploads\/2023\/09\/20230924_094357-300x169.jpg\" data-width=\"300\" data-height=\"169\" aria-label=\"10a Trobada cotxes cl\u00e0ssics Montmel\u00f3 2023 - MGA TA\" role=\"img\" ><\/div>\n\t\t\t\t\t\t\t\t\t\t\t<div class=\"elementor-gallery-item__overlay\"><\/div>\n\t\t\t\t\t\t\t\t\t\t\t\t\t\t<\/a>\n\t\t\t\t\t\t\t<a class=\"e-gallery-item elementor-gallery-item elementor-animated-content\" href=\"https:\/\/www.jgclassics.com\/wp-content\/uploads\/2023\/09\/20230924_123642-scaled.jpg\" data-elementor-open-lightbox=\"yes\" data-elementor-lightbox-slideshow=\"01edae2\" data-elementor-lightbox-title=\"10a Trobada cotxes cl\u00e0ssics Montmel\u00f3 2023 - BMW M3 E30\" data-elementor-lightbox-description=\"BMW M3 E30\" data-e-action-hash=\"#elementor-action%3Aaction%3Dlightbox%26settings%3DeyJpZCI6MTgyOTUsInVybCI6Imh0dHBzOlwvXC93d3cuamdjbGFzc2ljcy5jb21cL3dwLWNvbnRlbnRcL3VwbG9hZHNcLzIwMjNcLzA5XC8yMDIzMDkyNF8xMjM2NDItc2NhbGVkLmpwZyIsInNsaWRlc2hvdyI6IjAxZWRhZTIifQ%3D%3D\">\n\t\t\t\t\t<div class=\"e-gallery-image elementor-gallery-item__image\" data-thumbnail=\"https:\/\/www.jgclassics.com\/wp-content\/uploads\/2023\/09\/20230924_123642-300x169.jpg\" data-width=\"300\" data-height=\"169\" aria-label=\"10a Trobada cotxes cl\u00e0ssics Montmel\u00f3 2023 - BMW M3 E30\" role=\"img\" ><\/div>\n\t\t\t\t\t\t\t\t\t\t\t<div class=\"elementor-gallery-item__overlay\"><\/div>\n\t\t\t\t\t\t\t\t\t\t\t\t\t\t<\/a>\n\t\t\t\t\t\t\t<a class=\"e-gallery-item elementor-gallery-item elementor-animated-content\" href=\"https:\/\/www.jgclassics.com\/wp-content\/uploads\/2023\/09\/20230924_120658.jpg\" data-elementor-open-lightbox=\"yes\" data-elementor-lightbox-slideshow=\"01edae2\" data-elementor-lightbox-title=\"10a Trobada cotxes cl\u00e0ssics Montmel\u00f3 2023 - Montesa sidecar &quot;Schreck&quot; :-)\" data-elementor-lightbox-description=\"Montesa sidecar &quot;Schreck&quot; :-)\" data-e-action-hash=\"#elementor-action%3Aaction%3Dlightbox%26settings%3DeyJpZCI6MTgyOTEsInVybCI6Imh0dHBzOlwvXC93d3cuamdjbGFzc2ljcy5jb21cL3dwLWNvbnRlbnRcL3VwbG9hZHNcLzIwMjNcLzA5XC8yMDIzMDkyNF8xMjA2NTguanBnIiwic2xpZGVzaG93IjoiMDFlZGFlMiJ9\">\n\t\t\t\t\t<div class=\"e-gallery-image elementor-gallery-item__image\" data-thumbnail=\"https:\/\/www.jgclassics.com\/wp-content\/uploads\/2023\/09\/20230924_120658.jpg\" data-width=\"1\" data-height=\"1\" aria-label=\"10a Trobada cotxes cl\u00e0ssics Montmel\u00f3 2023 - Montesa sidecar &quot;Schreck&quot; :-)\" role=\"img\" ><\/div>\n\t\t\t\t\t\t\t\t\t\t\t<div class=\"elementor-gallery-item__overlay\"><\/div>\n\t\t\t\t\t\t\t\t\t\t\t\t\t\t<\/a>\n\t\t\t\t\t\t\t<a class=\"e-gallery-item elementor-gallery-item elementor-animated-content\" href=\"https:\/\/www.jgclassics.com\/wp-content\/uploads\/2023\/09\/20230924_103243-scaled.jpg\" data-elementor-open-lightbox=\"yes\" data-elementor-lightbox-slideshow=\"01edae2\" data-elementor-lightbox-title=\"10a Trobada cotxes cl\u00e0ssics Montmel\u00f3 2023 - Renault 5 Turbo motor central\" data-elementor-lightbox-description=\"Renault 5 Turbo motor central\" data-e-action-hash=\"#elementor-action%3Aaction%3Dlightbox%26settings%3DeyJpZCI6MTgyODcsInVybCI6Imh0dHBzOlwvXC93d3cuamdjbGFzc2ljcy5jb21cL3dwLWNvbnRlbnRcL3VwbG9hZHNcLzIwMjNcLzA5XC8yMDIzMDkyNF8xMDMyNDMtc2NhbGVkLmpwZyIsInNsaWRlc2hvdyI6IjAxZWRhZTIifQ%3D%3D\">\n\t\t\t\t\t<div class=\"e-gallery-image elementor-gallery-item__image\" data-thumbnail=\"https:\/\/www.jgclassics.com\/wp-content\/uploads\/2023\/09\/20230924_103243-300x169.jpg\" data-width=\"300\" data-height=\"169\" aria-label=\"10a Trobada cotxes cl\u00e0ssics Montmel\u00f3 2023 - Renault 5 Turbo motor central\" role=\"img\" ><\/div>\n\t\t\t\t\t\t\t\t\t\t\t<div class=\"elementor-gallery-item__overlay\"><\/div>\n\t\t\t\t\t\t\t\t\t\t\t\t\t\t<\/a>\n\t\t\t\t\t\t\t<a class=\"e-gallery-item elementor-gallery-item elementor-animated-content\" href=\"https:\/\/www.jgclassics.com\/wp-content\/uploads\/2023\/09\/20230924_103207-scaled.jpg\" data-elementor-open-lightbox=\"yes\" data-elementor-lightbox-slideshow=\"01edae2\" data-elementor-lightbox-title=\"10a Trobada cotxes cl\u00e0ssics Montmel\u00f3 2023 - Talbot 1928\" data-elementor-lightbox-description=\"Talbot 1928 (Guard\u00f3 al cotxe m\u00e9s antic del certamen)\" data-e-action-hash=\"#elementor-action%3Aaction%3Dlightbox%26settings%3DeyJpZCI6MTgyODMsInVybCI6Imh0dHBzOlwvXC93d3cuamdjbGFzc2ljcy5jb21cL3dwLWNvbnRlbnRcL3VwbG9hZHNcLzIwMjNcLzA5XC8yMDIzMDkyNF8xMDMyMDctc2NhbGVkLmpwZyIsInNsaWRlc2hvdyI6IjAxZWRhZTIifQ%3D%3D\">\n\t\t\t\t\t<div class=\"e-gallery-image elementor-gallery-item__image\" data-thumbnail=\"https:\/\/www.jgclassics.com\/wp-content\/uploads\/2023\/09\/20230924_103207-300x169.jpg\" data-width=\"300\" data-height=\"169\" aria-label=\"10a Trobada cotxes cl\u00e0ssics Montmel\u00f3 2023 - Talbot 1928\" role=\"img\" ><\/div>\n\t\t\t\t\t\t\t\t\t\t\t<div class=\"elementor-gallery-item__overlay\"><\/div>\n\t\t\t\t\t\t\t\t\t\t\t\t\t\t<\/a>\n\t\t\t\t\t\t\t<a class=\"e-gallery-item elementor-gallery-item elementor-animated-content\" href=\"https:\/\/www.jgclassics.com\/wp-content\/uploads\/2023\/09\/20230924_102956-scaled.jpg\" data-elementor-open-lightbox=\"yes\" data-elementor-lightbox-slideshow=\"01edae2\" data-elementor-lightbox-title=\"10a Trobada cotxes cl\u00e0ssics Montmel\u00f3 2023. Seat 850 Coupe Especial\" data-elementor-lightbox-description=\"Seat 850 Coupe Especial\" data-e-action-hash=\"#elementor-action%3Aaction%3Dlightbox%26settings%3DeyJpZCI6MTgyNzksInVybCI6Imh0dHBzOlwvXC93d3cuamdjbGFzc2ljcy5jb21cL3dwLWNvbnRlbnRcL3VwbG9hZHNcLzIwMjNcLzA5XC8yMDIzMDkyNF8xMDI5NTYtc2NhbGVkLmpwZyIsInNsaWRlc2hvdyI6IjAxZWRhZTIifQ%3D%3D\">\n\t\t\t\t\t<div class=\"e-gallery-image elementor-gallery-item__image\" data-thumbnail=\"https:\/\/www.jgclassics.com\/wp-content\/uploads\/2023\/09\/20230924_102956-300x169.jpg\" data-width=\"300\" data-height=\"169\" aria-label=\"10a Trobada cotxes cl\u00e0ssics Montmel\u00f3 2023. Seat 850 Coupe Especial\" role=\"img\" ><\/div>\n\t\t\t\t\t\t\t\t\t\t\t<div class=\"elementor-gallery-item__overlay\"><\/div>\n\t\t\t\t\t\t\t\t\t\t\t\t\t\t<\/a>\n\t\t\t\t\t\t\t<a class=\"e-gallery-item elementor-gallery-item elementor-animated-content\" href=\"https:\/\/www.jgclassics.com\/wp-content\/uploads\/2023\/09\/20230924_102826-scaled.jpg\" data-elementor-open-lightbox=\"yes\" data-elementor-lightbox-slideshow=\"01edae2\" data-elementor-lightbox-title=\"10a Trobada cotxes cl\u00e0ssics Montmel\u00f3 2023. Espectacular motor Chevrolet Corvette\" data-elementor-lightbox-description=\"Espectacular motor Chevrolet Corvette\" data-e-action-hash=\"#elementor-action%3Aaction%3Dlightbox%26settings%3DeyJpZCI6MTgyNzUsInVybCI6Imh0dHBzOlwvXC93d3cuamdjbGFzc2ljcy5jb21cL3dwLWNvbnRlbnRcL3VwbG9hZHNcLzIwMjNcLzA5XC8yMDIzMDkyNF8xMDI4MjYtc2NhbGVkLmpwZyIsInNsaWRlc2hvdyI6IjAxZWRhZTIifQ%3D%3D\">\n\t\t\t\t\t<div class=\"e-gallery-image elementor-gallery-item__image\" data-thumbnail=\"https:\/\/www.jgclassics.com\/wp-content\/uploads\/2023\/09\/20230924_102826-300x169.jpg\" data-width=\"300\" data-height=\"169\" aria-label=\"10a Trobada cotxes cl\u00e0ssics Montmel\u00f3 2023. Espectacular motor Chevrolet Corvette\" role=\"img\" ><\/div>\n\t\t\t\t\t\t\t\t\t\t\t<div class=\"elementor-gallery-item__overlay\"><\/div>\n\t\t\t\t\t\t\t\t\t\t\t\t\t\t<\/a>\n\t\t\t\t\t\t\t<a class=\"e-gallery-item elementor-gallery-item elementor-animated-content\" href=\"https:\/\/www.jgclassics.com\/wp-content\/uploads\/2023\/09\/20230924_102722-scaled.jpg\" data-elementor-open-lightbox=\"yes\" data-elementor-lightbox-slideshow=\"01edae2\" data-elementor-lightbox-title=\"10a Trobada cotxes cl\u00e0ssics Montmel\u00f3 2023\" data-elementor-lightbox-description=\"10a Trobada cotxes cl\u00e0ssics Montmel\u00f3 2023\" data-e-action-hash=\"#elementor-action%3Aaction%3Dlightbox%26settings%3DeyJpZCI6MTgyNzEsInVybCI6Imh0dHBzOlwvXC93d3cuamdjbGFzc2ljcy5jb21cL3dwLWNvbnRlbnRcL3VwbG9hZHNcLzIwMjNcLzA5XC8yMDIzMDkyNF8xMDI3MjItc2NhbGVkLmpwZyIsInNsaWRlc2hvdyI6IjAxZWRhZTIifQ%3D%3D\">\n\t\t\t\t\t<div class=\"e-gallery-image elementor-gallery-item__image\" data-thumbnail=\"https:\/\/www.jgclassics.com\/wp-content\/uploads\/2023\/09\/20230924_102722-300x169.jpg\" data-width=\"300\" data-height=\"169\" aria-label=\"10a Trobada cotxes cl\u00e0ssics Montmel\u00f3 2023\" role=\"img\" ><\/div>\n\t\t\t\t\t\t\t\t\t\t\t<div class=\"elementor-gallery-item__overlay\"><\/div>\n\t\t\t\t\t\t\t\t\t\t\t\t\t\t<\/a>\n\t\t\t\t\t\t\t<a class=\"e-gallery-item elementor-gallery-item elementor-animated-content\" href=\"https:\/\/www.jgclassics.com\/wp-content\/uploads\/2023\/09\/20230924_102658-scaled.jpg\" data-elementor-open-lightbox=\"yes\" data-elementor-lightbox-slideshow=\"01edae2\" data-elementor-lightbox-title=\"10a Trobada cotxes cl\u00e0ssics Montmel\u00f3 2023. Golf MKI Cabrio\" data-elementor-lightbox-description=\"Golf MKI Cabrio\" data-e-action-hash=\"#elementor-action%3Aaction%3Dlightbox%26settings%3DeyJpZCI6MTgyNjcsInVybCI6Imh0dHBzOlwvXC93d3cuamdjbGFzc2ljcy5jb21cL3dwLWNvbnRlbnRcL3VwbG9hZHNcLzIwMjNcLzA5XC8yMDIzMDkyNF8xMDI2NTgtc2NhbGVkLmpwZyIsInNsaWRlc2hvdyI6IjAxZWRhZTIifQ%3D%3D\">\n\t\t\t\t\t<div class=\"e-gallery-image elementor-gallery-item__image\" data-thumbnail=\"https:\/\/www.jgclassics.com\/wp-content\/uploads\/2023\/09\/20230924_102658-300x169.jpg\" data-width=\"300\" data-height=\"169\" aria-label=\"10a Trobada cotxes cl\u00e0ssics Montmel\u00f3 2023. Golf MKI Cabrio\" role=\"img\" ><\/div>\n\t\t\t\t\t\t\t\t\t\t\t<div class=\"elementor-gallery-item__overlay\"><\/div>\n\t\t\t\t\t\t\t\t\t\t\t\t\t\t<\/a>\n\t\t\t\t\t\t\t<a class=\"e-gallery-item elementor-gallery-item elementor-animated-content\" href=\"https:\/\/www.jgclassics.com\/wp-content\/uploads\/2023\/09\/20230924_102620-scaled.jpg\" data-elementor-open-lightbox=\"yes\" data-elementor-lightbox-slideshow=\"01edae2\" data-elementor-lightbox-title=\"10a Trobada cotxes cl\u00e0ssics Montmel\u00f3 2023. Carpa Maresme Classics. Renault 8 TS\" data-elementor-lightbox-description=\"Carpa Maresme Classics. Renault 8 TS\" data-e-action-hash=\"#elementor-action%3Aaction%3Dlightbox%26settings%3DeyJpZCI6MTgyNjMsInVybCI6Imh0dHBzOlwvXC93d3cuamdjbGFzc2ljcy5jb21cL3dwLWNvbnRlbnRcL3VwbG9hZHNcLzIwMjNcLzA5XC8yMDIzMDkyNF8xMDI2MjAtc2NhbGVkLmpwZyIsInNsaWRlc2hvdyI6IjAxZWRhZTIifQ%3D%3D\">\n\t\t\t\t\t<div class=\"e-gallery-image elementor-gallery-item__image\" data-thumbnail=\"https:\/\/www.jgclassics.com\/wp-content\/uploads\/2023\/09\/20230924_102620-300x169.jpg\" data-width=\"300\" data-height=\"169\" aria-label=\"10a Trobada cotxes cl\u00e0ssics Montmel\u00f3 2023. Carpa Maresme Classics. Renault 8 TS\" role=\"img\" ><\/div>\n\t\t\t\t\t\t\t\t\t\t\t<div class=\"elementor-gallery-item__overlay\"><\/div>\n\t\t\t\t\t\t\t\t\t\t\t\t\t\t<\/a>\n\t\t\t\t\t\t\t<a class=\"e-gallery-item elementor-gallery-item elementor-animated-content\" href=\"https:\/\/www.jgclassics.com\/wp-content\/uploads\/2023\/09\/20230924_102601-scaled.jpg\" data-elementor-open-lightbox=\"yes\" data-elementor-lightbox-slideshow=\"01edae2\" data-elementor-lightbox-title=\"10a Trobada cotxes cl\u00e0ssics Montmel\u00f3 2023. Carpa Maresme Classics\" data-elementor-lightbox-description=\"Carpa Maresme Classics\" data-e-action-hash=\"#elementor-action%3Aaction%3Dlightbox%26settings%3DeyJpZCI6MTgyNTksInVybCI6Imh0dHBzOlwvXC93d3cuamdjbGFzc2ljcy5jb21cL3dwLWNvbnRlbnRcL3VwbG9hZHNcLzIwMjNcLzA5XC8yMDIzMDkyNF8xMDI2MDEtc2NhbGVkLmpwZyIsInNsaWRlc2hvdyI6IjAxZWRhZTIifQ%3D%3D\">\n\t\t\t\t\t<div class=\"e-gallery-image elementor-gallery-item__image\" data-thumbnail=\"https:\/\/www.jgclassics.com\/wp-content\/uploads\/2023\/09\/20230924_102601-300x169.jpg\" data-width=\"300\" data-height=\"169\" aria-label=\"10a Trobada cotxes cl\u00e0ssics Montmel\u00f3 2023. Carpa Maresme Classics\" role=\"img\" ><\/div>\n\t\t\t\t\t\t\t\t\t\t\t<div class=\"elementor-gallery-item__overlay\"><\/div>\n\t\t\t\t\t\t\t\t\t\t\t\t\t\t<\/a>\n\t\t\t\t\t\t\t<a class=\"e-gallery-item elementor-gallery-item elementor-animated-content\" href=\"https:\/\/www.jgclassics.com\/wp-content\/uploads\/2023\/09\/20230924_102528.jpg\" data-elementor-open-lightbox=\"yes\" data-elementor-lightbox-slideshow=\"01edae2\" data-elementor-lightbox-title=\"10a Trobada cotxes cl\u00e0ssics Montmel\u00f3 2023 - Seat 1500\" data-elementor-lightbox-description=\"Seat 1500\" data-e-action-hash=\"#elementor-action%3Aaction%3Dlightbox%26settings%3DeyJpZCI6MTgyNTUsInVybCI6Imh0dHBzOlwvXC93d3cuamdjbGFzc2ljcy5jb21cL3dwLWNvbnRlbnRcL3VwbG9hZHNcLzIwMjNcLzA5XC8yMDIzMDkyNF8xMDI1MjguanBnIiwic2xpZGVzaG93IjoiMDFlZGFlMiJ9\">\n\t\t\t\t\t<div class=\"e-gallery-image elementor-gallery-item__image\" data-thumbnail=\"https:\/\/www.jgclassics.com\/wp-content\/uploads\/2023\/09\/20230924_102528.jpg\" data-width=\"1\" data-height=\"1\" aria-label=\"10a Trobada cotxes cl\u00e0ssics Montmel\u00f3 2023 - Seat 1500\" role=\"img\" ><\/div>\n\t\t\t\t\t\t\t\t\t\t\t<div class=\"elementor-gallery-item__overlay\"><\/div>\n\t\t\t\t\t\t\t\t\t\t\t\t\t\t<\/a>\n\t\t\t\t\t\t\t<a class=\"e-gallery-item elementor-gallery-item elementor-animated-content\" href=\"https:\/\/www.jgclassics.com\/wp-content\/uploads\/2023\/09\/20230924_102507-scaled.jpg\" data-elementor-open-lightbox=\"yes\" data-elementor-lightbox-slideshow=\"01edae2\" data-elementor-lightbox-title=\"10a Trobada cotxes cl\u00e0ssics Montmel\u00f3 2023. Seat 124 &quot;Pamplona&quot;\" data-elementor-lightbox-description=\"Seat 124 &quot;Pamplona&quot;\" data-e-action-hash=\"#elementor-action%3Aaction%3Dlightbox%26settings%3DeyJpZCI6MTgyNTEsInVybCI6Imh0dHBzOlwvXC93d3cuamdjbGFzc2ljcy5jb21cL3dwLWNvbnRlbnRcL3VwbG9hZHNcLzIwMjNcLzA5XC8yMDIzMDkyNF8xMDI1MDctc2NhbGVkLmpwZyIsInNsaWRlc2hvdyI6IjAxZWRhZTIifQ%3D%3D\">\n\t\t\t\t\t<div class=\"e-gallery-image elementor-gallery-item__image\" data-thumbnail=\"https:\/\/www.jgclassics.com\/wp-content\/uploads\/2023\/09\/20230924_102507-300x169.jpg\" data-width=\"300\" data-height=\"169\" aria-label=\"10a Trobada cotxes cl\u00e0ssics Montmel\u00f3 2023. Seat 124 &quot;Pamplona&quot;\" role=\"img\" ><\/div>\n\t\t\t\t\t\t\t\t\t\t\t<div class=\"elementor-gallery-item__overlay\"><\/div>\n\t\t\t\t\t\t\t\t\t\t\t\t\t\t<\/a>\n\t\t\t\t\t\t\t<a class=\"e-gallery-item elementor-gallery-item elementor-animated-content\" href=\"https:\/\/www.jgclassics.com\/wp-content\/uploads\/2023\/09\/20230924_101519-scaled.jpg\" data-elementor-open-lightbox=\"yes\" data-elementor-lightbox-slideshow=\"01edae2\" data-elementor-lightbox-title=\"10a Trobada cotxes cl\u00e0ssics Montmel\u00f3 2023\" data-elementor-lightbox-description=\"10a Trobada cotxes cl\u00e0ssics Montmel\u00f3 2023\" data-e-action-hash=\"#elementor-action%3Aaction%3Dlightbox%26settings%3DeyJpZCI6MTgyNDcsInVybCI6Imh0dHBzOlwvXC93d3cuamdjbGFzc2ljcy5jb21cL3dwLWNvbnRlbnRcL3VwbG9hZHNcLzIwMjNcLzA5XC8yMDIzMDkyNF8xMDE1MTktc2NhbGVkLmpwZyIsInNsaWRlc2hvdyI6IjAxZWRhZTIifQ%3D%3D\">\n\t\t\t\t\t<div class=\"e-gallery-image elementor-gallery-item__image\" data-thumbnail=\"https:\/\/www.jgclassics.com\/wp-content\/uploads\/2023\/09\/20230924_101519-300x169.jpg\" data-width=\"300\" data-height=\"169\" aria-label=\"10a Trobada cotxes cl\u00e0ssics Montmel\u00f3 2023\" role=\"img\" ><\/div>\n\t\t\t\t\t\t\t\t\t\t\t<div class=\"elementor-gallery-item__overlay\"><\/div>\n\t\t\t\t\t\t\t\t\t\t\t\t\t\t<\/a>\n\t\t\t\t\t\t\t<a class=\"e-gallery-item elementor-gallery-item elementor-animated-content\" href=\"https:\/\/www.jgclassics.com\/wp-content\/uploads\/2023\/09\/20230924_101516-scaled.jpg\" data-elementor-open-lightbox=\"yes\" data-elementor-lightbox-slideshow=\"01edae2\" data-elementor-lightbox-title=\"10a Trobada cotxes cl\u00e0ssics Montmel\u00f3 2023\" data-elementor-lightbox-description=\"10a Trobada cotxes cl\u00e0ssics Montmel\u00f3 2023\" data-e-action-hash=\"#elementor-action%3Aaction%3Dlightbox%26settings%3DeyJpZCI6MTgyNDMsInVybCI6Imh0dHBzOlwvXC93d3cuamdjbGFzc2ljcy5jb21cL3dwLWNvbnRlbnRcL3VwbG9hZHNcLzIwMjNcLzA5XC8yMDIzMDkyNF8xMDE1MTYtc2NhbGVkLmpwZyIsInNsaWRlc2hvdyI6IjAxZWRhZTIifQ%3D%3D\">\n\t\t\t\t\t<div class=\"e-gallery-image elementor-gallery-item__image\" data-thumbnail=\"https:\/\/www.jgclassics.com\/wp-content\/uploads\/2023\/09\/20230924_101516-300x169.jpg\" data-width=\"300\" data-height=\"169\" aria-label=\"10a Trobada cotxes cl\u00e0ssics Montmel\u00f3 2023\" role=\"img\" ><\/div>\n\t\t\t\t\t\t\t\t\t\t\t<div class=\"elementor-gallery-item__overlay\"><\/div>\n\t\t\t\t\t\t\t\t\t\t\t\t\t\t<\/a>\n\t\t\t\t\t\t\t<a class=\"e-gallery-item elementor-gallery-item elementor-animated-content\" href=\"https:\/\/www.jgclassics.com\/wp-content\/uploads\/2023\/09\/20230924_101455.jpg\" data-elementor-open-lightbox=\"yes\" data-elementor-lightbox-slideshow=\"01edae2\" data-elementor-lightbox-title=\"10a Trobada cotxes cl\u00e0ssics Montmel\u00f3 2023 - Zona marxandatge\" data-elementor-lightbox-description=\"Zona marxandatge\" data-e-action-hash=\"#elementor-action%3Aaction%3Dlightbox%26settings%3DeyJpZCI6MTgyMzksInVybCI6Imh0dHBzOlwvXC93d3cuamdjbGFzc2ljcy5jb21cL3dwLWNvbnRlbnRcL3VwbG9hZHNcLzIwMjNcLzA5XC8yMDIzMDkyNF8xMDE0NTUuanBnIiwic2xpZGVzaG93IjoiMDFlZGFlMiJ9\">\n\t\t\t\t\t<div class=\"e-gallery-image elementor-gallery-item__image\" data-thumbnail=\"https:\/\/www.jgclassics.com\/wp-content\/uploads\/2023\/09\/20230924_101455.jpg\" data-width=\"1\" data-height=\"1\" aria-label=\"10a Trobada cotxes cl\u00e0ssics Montmel\u00f3 2023 - Zona marxandatge\" role=\"img\" ><\/div>\n\t\t\t\t\t\t\t\t\t\t\t<div class=\"elementor-gallery-item__overlay\"><\/div>\n\t\t\t\t\t\t\t\t\t\t\t\t\t\t<\/a>\n\t\t\t\t\t\t\t<a class=\"e-gallery-item elementor-gallery-item elementor-animated-content\" href=\"https:\/\/www.jgclassics.com\/wp-content\/uploads\/2023\/09\/20230924_101451-scaled.jpg\" data-elementor-open-lightbox=\"yes\" data-elementor-lightbox-slideshow=\"01edae2\" data-elementor-lightbox-title=\"10a Trobada cotxes cl\u00e0ssics Montmel\u00f3 2023 - Zona marxandatge\" data-elementor-lightbox-description=\"Zona marxandatge\" data-e-action-hash=\"#elementor-action%3Aaction%3Dlightbox%26settings%3DeyJpZCI6MTgyMzUsInVybCI6Imh0dHBzOlwvXC93d3cuamdjbGFzc2ljcy5jb21cL3dwLWNvbnRlbnRcL3VwbG9hZHNcLzIwMjNcLzA5XC8yMDIzMDkyNF8xMDE0NTEtc2NhbGVkLmpwZyIsInNsaWRlc2hvdyI6IjAxZWRhZTIifQ%3D%3D\">\n\t\t\t\t\t<div class=\"e-gallery-image elementor-gallery-item__image\" data-thumbnail=\"https:\/\/www.jgclassics.com\/wp-content\/uploads\/2023\/09\/20230924_101451-300x169.jpg\" data-width=\"300\" data-height=\"169\" aria-label=\"10a Trobada cotxes cl\u00e0ssics Montmel\u00f3 2023 - Zona marxandatge\" role=\"img\" ><\/div>\n\t\t\t\t\t\t\t\t\t\t\t<div class=\"elementor-gallery-item__overlay\"><\/div>\n\t\t\t\t\t\t\t\t\t\t\t\t\t\t<\/a>\n\t\t\t\t\t\t\t<a class=\"e-gallery-item elementor-gallery-item elementor-animated-content\" href=\"https:\/\/www.jgclassics.com\/wp-content\/uploads\/2023\/09\/20230924_101448-scaled.jpg\" data-elementor-open-lightbox=\"yes\" data-elementor-lightbox-slideshow=\"01edae2\" data-elementor-lightbox-title=\"10a Trobada cotxes cl\u00e0ssics Montmel\u00f3 2023\" data-elementor-lightbox-description=\"10a Trobada cotxes cl\u00e0ssics Montmel\u00f3 2023\" data-e-action-hash=\"#elementor-action%3Aaction%3Dlightbox%26settings%3DeyJpZCI6MTgyMzEsInVybCI6Imh0dHBzOlwvXC93d3cuamdjbGFzc2ljcy5jb21cL3dwLWNvbnRlbnRcL3VwbG9hZHNcLzIwMjNcLzA5XC8yMDIzMDkyNF8xMDE0NDgtc2NhbGVkLmpwZyIsInNsaWRlc2hvdyI6IjAxZWRhZTIifQ%3D%3D\">\n\t\t\t\t\t<div class=\"e-gallery-image elementor-gallery-item__image\" data-thumbnail=\"https:\/\/www.jgclassics.com\/wp-content\/uploads\/2023\/09\/20230924_101448-169x300.jpg\" data-width=\"169\" data-height=\"300\" aria-label=\"10a Trobada cotxes cl\u00e0ssics Montmel\u00f3 2023\" role=\"img\" ><\/div>\n\t\t\t\t\t\t\t\t\t\t\t<div class=\"elementor-gallery-item__overlay\"><\/div>\n\t\t\t\t\t\t\t\t\t\t\t\t\t\t<\/a>\n\t\t\t\t\t\t\t<a class=\"e-gallery-item elementor-gallery-item elementor-animated-content\" href=\"https:\/\/www.jgclassics.com\/wp-content\/uploads\/2023\/09\/20230924_100807.jpg\" data-elementor-open-lightbox=\"yes\" data-elementor-lightbox-slideshow=\"01edae2\" data-elementor-lightbox-title=\"10a Trobada cotxes cl\u00e0ssics Montmel\u00f3 2023 - MGB Coupe\" data-elementor-lightbox-description=\"MGB Coupe\" data-e-action-hash=\"#elementor-action%3Aaction%3Dlightbox%26settings%3DeyJpZCI6MTgyMjcsInVybCI6Imh0dHBzOlwvXC93d3cuamdjbGFzc2ljcy5jb21cL3dwLWNvbnRlbnRcL3VwbG9hZHNcLzIwMjNcLzA5XC8yMDIzMDkyNF8xMDA4MDcuanBnIiwic2xpZGVzaG93IjoiMDFlZGFlMiJ9\">\n\t\t\t\t\t<div class=\"e-gallery-image elementor-gallery-item__image\" data-thumbnail=\"https:\/\/www.jgclassics.com\/wp-content\/uploads\/2023\/09\/20230924_100807.jpg\" data-width=\"1\" data-height=\"1\" aria-label=\"10a Trobada cotxes cl\u00e0ssics Montmel\u00f3 2023 - MGB Coupe\" role=\"img\" ><\/div>\n\t\t\t\t\t\t\t\t\t\t\t<div class=\"elementor-gallery-item__overlay\"><\/div>\n\t\t\t\t\t\t\t\t\t\t\t\t\t\t<\/a>\n\t\t\t\t\t\t\t<a class=\"e-gallery-item elementor-gallery-item elementor-animated-content\" href=\"https:\/\/www.jgclassics.com\/wp-content\/uploads\/2023\/09\/20230924_100711-scaled.jpg\" data-elementor-open-lightbox=\"yes\" data-elementor-lightbox-slideshow=\"01edae2\" data-elementor-lightbox-title=\"10a Trobada cotxes cl\u00e0ssics Montmel\u00f3 2023 - Porsche 944\" data-elementor-lightbox-description=\"Porsche 944\" data-e-action-hash=\"#elementor-action%3Aaction%3Dlightbox%26settings%3DeyJpZCI6MTgyMjMsInVybCI6Imh0dHBzOlwvXC93d3cuamdjbGFzc2ljcy5jb21cL3dwLWNvbnRlbnRcL3VwbG9hZHNcLzIwMjNcLzA5XC8yMDIzMDkyNF8xMDA3MTEtc2NhbGVkLmpwZyIsInNsaWRlc2hvdyI6IjAxZWRhZTIifQ%3D%3D\">\n\t\t\t\t\t<div class=\"e-gallery-image elementor-gallery-item__image\" data-thumbnail=\"https:\/\/www.jgclassics.com\/wp-content\/uploads\/2023\/09\/20230924_100711-300x169.jpg\" data-width=\"300\" data-height=\"169\" aria-label=\"10a Trobada cotxes cl\u00e0ssics Montmel\u00f3 2023 - Porsche 944\" role=\"img\" ><\/div>\n\t\t\t\t\t\t\t\t\t\t\t<div class=\"elementor-gallery-item__overlay\"><\/div>\n\t\t\t\t\t\t\t\t\t\t\t\t\t\t<\/a>\n\t\t\t\t\t\t\t<a class=\"e-gallery-item elementor-gallery-item elementor-animated-content\" href=\"https:\/\/www.jgclassics.com\/wp-content\/uploads\/2023\/09\/20230924_100700-scaled.jpg\" data-elementor-open-lightbox=\"yes\" data-elementor-lightbox-slideshow=\"01edae2\" data-elementor-lightbox-title=\"10a Trobada cotxes cl\u00e0ssics Montmel\u00f3 2023 - Seat 124 sport\" data-elementor-lightbox-description=\"Seat 124 sport\" data-e-action-hash=\"#elementor-action%3Aaction%3Dlightbox%26settings%3DeyJpZCI6MTgyMTksInVybCI6Imh0dHBzOlwvXC93d3cuamdjbGFzc2ljcy5jb21cL3dwLWNvbnRlbnRcL3VwbG9hZHNcLzIwMjNcLzA5XC8yMDIzMDkyNF8xMDA3MDAtc2NhbGVkLmpwZyIsInNsaWRlc2hvdyI6IjAxZWRhZTIifQ%3D%3D\">\n\t\t\t\t\t<div class=\"e-gallery-image elementor-gallery-item__image\" data-thumbnail=\"https:\/\/www.jgclassics.com\/wp-content\/uploads\/2023\/09\/20230924_100700-300x169.jpg\" data-width=\"300\" data-height=\"169\" aria-label=\"10a Trobada cotxes cl\u00e0ssics Montmel\u00f3 2023 - Seat 124 sport\" role=\"img\" ><\/div>\n\t\t\t\t\t\t\t\t\t\t\t<div class=\"elementor-gallery-item__overlay\"><\/div>\n\t\t\t\t\t\t\t\t\t\t\t\t\t\t<\/a>\n\t\t\t\t\t\t\t<a class=\"e-gallery-item elementor-gallery-item elementor-animated-content\" href=\"https:\/\/www.jgclassics.com\/wp-content\/uploads\/2023\/09\/20230924_100656-scaled.jpg\" data-elementor-open-lightbox=\"yes\" data-elementor-lightbox-slideshow=\"01edae2\" data-elementor-lightbox-title=\"10a Trobada cotxes cl\u00e0ssics Montmel\u00f3 2023 - Seat 124 sport\" data-elementor-lightbox-description=\"Seat 124 sport\" data-e-action-hash=\"#elementor-action%3Aaction%3Dlightbox%26settings%3DeyJpZCI6MTgyMTUsInVybCI6Imh0dHBzOlwvXC93d3cuamdjbGFzc2ljcy5jb21cL3dwLWNvbnRlbnRcL3VwbG9hZHNcLzIwMjNcLzA5XC8yMDIzMDkyNF8xMDA2NTYtc2NhbGVkLmpwZyIsInNsaWRlc2hvdyI6IjAxZWRhZTIifQ%3D%3D\">\n\t\t\t\t\t<div class=\"e-gallery-image elementor-gallery-item__image\" data-thumbnail=\"https:\/\/www.jgclassics.com\/wp-content\/uploads\/2023\/09\/20230924_100656-300x169.jpg\" data-width=\"300\" data-height=\"169\" aria-label=\"10a Trobada cotxes cl\u00e0ssics Montmel\u00f3 2023 - Seat 124 sport\" role=\"img\" ><\/div>\n\t\t\t\t\t\t\t\t\t\t\t<div class=\"elementor-gallery-item__overlay\"><\/div>\n\t\t\t\t\t\t\t\t\t\t\t\t\t\t<\/a>\n\t\t\t\t\t\t\t<a class=\"e-gallery-item elementor-gallery-item elementor-animated-content\" href=\"https:\/\/www.jgclassics.com\/wp-content\/uploads\/2023\/09\/20230924_100546-scaled.jpg\" data-elementor-open-lightbox=\"yes\" data-elementor-lightbox-slideshow=\"01edae2\" data-elementor-lightbox-title=\"10a Trobada cotxes cl\u00e0ssics Montmel\u00f3 2023 - Golf MKI cabrio\" data-elementor-lightbox-description=\"Golf MKI cabrio\" data-e-action-hash=\"#elementor-action%3Aaction%3Dlightbox%26settings%3DeyJpZCI6MTgyMTEsInVybCI6Imh0dHBzOlwvXC93d3cuamdjbGFzc2ljcy5jb21cL3dwLWNvbnRlbnRcL3VwbG9hZHNcLzIwMjNcLzA5XC8yMDIzMDkyNF8xMDA1NDYtc2NhbGVkLmpwZyIsInNsaWRlc2hvdyI6IjAxZWRhZTIifQ%3D%3D\">\n\t\t\t\t\t<div class=\"e-gallery-image elementor-gallery-item__image\" data-thumbnail=\"https:\/\/www.jgclassics.com\/wp-content\/uploads\/2023\/09\/20230924_100546-300x169.jpg\" data-width=\"300\" data-height=\"169\" aria-label=\"10a Trobada cotxes cl\u00e0ssics Montmel\u00f3 2023 - Golf MKI cabrio\" role=\"img\" ><\/div>\n\t\t\t\t\t\t\t\t\t\t\t<div class=\"elementor-gallery-item__overlay\"><\/div>\n\t\t\t\t\t\t\t\t\t\t\t\t\t\t<\/a>\n\t\t\t\t\t\t\t<a class=\"e-gallery-item elementor-gallery-item elementor-animated-content\" href=\"https:\/\/www.jgclassics.com\/wp-content\/uploads\/2023\/09\/20230924_100456-scaled.jpg\" data-elementor-open-lightbox=\"yes\" data-elementor-lightbox-slideshow=\"01edae2\" data-elementor-lightbox-title=\"10a Trobada cotxes cl\u00e0ssics Montmel\u00f3 2023 - Porsche 550\" data-elementor-lightbox-description=\"Porsche 550\" data-e-action-hash=\"#elementor-action%3Aaction%3Dlightbox%26settings%3DeyJpZCI6MTgyMDcsInVybCI6Imh0dHBzOlwvXC93d3cuamdjbGFzc2ljcy5jb21cL3dwLWNvbnRlbnRcL3VwbG9hZHNcLzIwMjNcLzA5XC8yMDIzMDkyNF8xMDA0NTYtc2NhbGVkLmpwZyIsInNsaWRlc2hvdyI6IjAxZWRhZTIifQ%3D%3D\">\n\t\t\t\t\t<div class=\"e-gallery-image elementor-gallery-item__image\" data-thumbnail=\"https:\/\/www.jgclassics.com\/wp-content\/uploads\/2023\/09\/20230924_100456-300x169.jpg\" data-width=\"300\" data-height=\"169\" aria-label=\"10a Trobada cotxes cl\u00e0ssics Montmel\u00f3 2023 - Porsche 550\" role=\"img\" ><\/div>\n\t\t\t\t\t\t\t\t\t\t\t<div class=\"elementor-gallery-item__overlay\"><\/div>\n\t\t\t\t\t\t\t\t\t\t\t\t\t\t<\/a>\n\t\t\t\t\t\t\t<a class=\"e-gallery-item elementor-gallery-item elementor-animated-content\" href=\"https:\/\/www.jgclassics.com\/wp-content\/uploads\/2023\/09\/20230924_094514-scaled.jpg\" data-elementor-open-lightbox=\"yes\" data-elementor-lightbox-slideshow=\"01edae2\" data-elementor-lightbox-title=\"10a Trobada cotxes cl\u00e0ssics Montmel\u00f3 2023 - MGA\" data-elementor-lightbox-description=\"El nostre MGA a la seva zona d&#039;exposici\u00f3\" data-e-action-hash=\"#elementor-action%3Aaction%3Dlightbox%26settings%3DeyJpZCI6MTgxNDMsInVybCI6Imh0dHBzOlwvXC93d3cuamdjbGFzc2ljcy5jb21cL3dwLWNvbnRlbnRcL3VwbG9hZHNcLzIwMjNcLzA5XC8yMDIzMDkyNF8wOTQ1MTQtc2NhbGVkLmpwZyIsInNsaWRlc2hvdyI6IjAxZWRhZTIifQ%3D%3D\">\n\t\t\t\t\t<div class=\"e-gallery-image elementor-gallery-item__image\" data-thumbnail=\"https:\/\/www.jgclassics.com\/wp-content\/uploads\/2023\/09\/20230924_094514-300x169.jpg\" data-width=\"300\" data-height=\"169\" aria-label=\"10a Trobada cotxes cl\u00e0ssics Montmel\u00f3 2023 - MGA\" role=\"img\" ><\/div>\n\t\t\t\t\t\t\t\t\t\t\t<div class=\"elementor-gallery-item__overlay\"><\/div>\n\t\t\t\t\t\t\t\t\t\t\t\t\t\t<\/a>\n\t\t\t\t\t\t\t<a class=\"e-gallery-item elementor-gallery-item elementor-animated-content\" href=\"https:\/\/www.jgclassics.com\/wp-content\/uploads\/2023\/09\/20230924_100447.jpg\" data-elementor-open-lightbox=\"yes\" data-elementor-lightbox-slideshow=\"01edae2\" data-elementor-lightbox-title=\"10a Trobada cotxes cl\u00e0ssics Montmel\u00f3 2023 - Porsche 550\" data-elementor-lightbox-description=\"Porsche 550\" data-e-action-hash=\"#elementor-action%3Aaction%3Dlightbox%26settings%3DeyJpZCI6MTgyMDMsInVybCI6Imh0dHBzOlwvXC93d3cuamdjbGFzc2ljcy5jb21cL3dwLWNvbnRlbnRcL3VwbG9hZHNcLzIwMjNcLzA5XC8yMDIzMDkyNF8xMDA0NDcuanBnIiwic2xpZGVzaG93IjoiMDFlZGFlMiJ9\">\n\t\t\t\t\t<div class=\"e-gallery-image elementor-gallery-item__image\" data-thumbnail=\"https:\/\/www.jgclassics.com\/wp-content\/uploads\/2023\/09\/20230924_100447.jpg\" data-width=\"1\" data-height=\"1\" aria-label=\"10a Trobada cotxes cl\u00e0ssics Montmel\u00f3 2023 - Porsche 550\" role=\"img\" ><\/div>\n\t\t\t\t\t\t\t\t\t\t\t<div class=\"elementor-gallery-item__overlay\"><\/div>\n\t\t\t\t\t\t\t\t\t\t\t\t\t\t<\/a>\n\t\t\t\t\t\t\t<a class=\"e-gallery-item elementor-gallery-item elementor-animated-content\" href=\"https:\/\/www.jgclassics.com\/wp-content\/uploads\/2023\/09\/20230924_100431-scaled.jpg\" data-elementor-open-lightbox=\"yes\" data-elementor-lightbox-slideshow=\"01edae2\" data-elementor-lightbox-title=\"10a Trobada cotxes cl\u00e0ssics Montmel\u00f3 2023. Citr\u00f6en Avant Traction\" data-elementor-lightbox-description=\"Citr\u00f6en Avant Traction\" data-e-action-hash=\"#elementor-action%3Aaction%3Dlightbox%26settings%3DeyJpZCI6MTgxOTksInVybCI6Imh0dHBzOlwvXC93d3cuamdjbGFzc2ljcy5jb21cL3dwLWNvbnRlbnRcL3VwbG9hZHNcLzIwMjNcLzA5XC8yMDIzMDkyNF8xMDA0MzEtc2NhbGVkLmpwZyIsInNsaWRlc2hvdyI6IjAxZWRhZTIifQ%3D%3D\">\n\t\t\t\t\t<div class=\"e-gallery-image elementor-gallery-item__image\" data-thumbnail=\"https:\/\/www.jgclassics.com\/wp-content\/uploads\/2023\/09\/20230924_100431-300x169.jpg\" data-width=\"300\" data-height=\"169\" aria-label=\"10a Trobada cotxes cl\u00e0ssics Montmel\u00f3 2023. Citr\u00f6en Avant Traction\" role=\"img\" ><\/div>\n\t\t\t\t\t\t\t\t\t\t\t<div class=\"elementor-gallery-item__overlay\"><\/div>\n\t\t\t\t\t\t\t\t\t\t\t\t\t\t<\/a>\n\t\t\t\t\t\t\t<a class=\"e-gallery-item elementor-gallery-item elementor-animated-content\" href=\"https:\/\/www.jgclassics.com\/wp-content\/uploads\/2023\/09\/20230924_100413-scaled.jpg\" data-elementor-open-lightbox=\"yes\" data-elementor-lightbox-slideshow=\"01edae2\" data-elementor-lightbox-title=\"10a Trobada cotxes cl\u00e0ssics Montmel\u00f3 2023. Renault Alpine\" data-elementor-lightbox-description=\"Renault Alpine\" data-e-action-hash=\"#elementor-action%3Aaction%3Dlightbox%26settings%3DeyJpZCI6MTgxOTUsInVybCI6Imh0dHBzOlwvXC93d3cuamdjbGFzc2ljcy5jb21cL3dwLWNvbnRlbnRcL3VwbG9hZHNcLzIwMjNcLzA5XC8yMDIzMDkyNF8xMDA0MTMtc2NhbGVkLmpwZyIsInNsaWRlc2hvdyI6IjAxZWRhZTIifQ%3D%3D\">\n\t\t\t\t\t<div class=\"e-gallery-image elementor-gallery-item__image\" data-thumbnail=\"https:\/\/www.jgclassics.com\/wp-content\/uploads\/2023\/09\/20230924_100413-300x169.jpg\" data-width=\"300\" data-height=\"169\" aria-label=\"10a Trobada cotxes cl\u00e0ssics Montmel\u00f3 2023. Renault Alpine\" role=\"img\" ><\/div>\n\t\t\t\t\t\t\t\t\t\t\t<div class=\"elementor-gallery-item__overlay\"><\/div>\n\t\t\t\t\t\t\t\t\t\t\t\t\t\t<\/a>\n\t\t\t\t\t\t\t<a class=\"e-gallery-item elementor-gallery-item elementor-animated-content\" href=\"https:\/\/www.jgclassics.com\/wp-content\/uploads\/2023\/09\/20230924_100341-scaled.jpg\" data-elementor-open-lightbox=\"yes\" data-elementor-lightbox-slideshow=\"01edae2\" data-elementor-lightbox-title=\"10a Trobada cotxes cl\u00e0ssics Montmel\u00f3 2023. De Tomaso Pantera GTS\" data-elementor-lightbox-description=\"De Tomaso Pantera GTS. Es va emportar el guard\u00f3 al cotxe m\u00e9s elegant\" data-e-action-hash=\"#elementor-action%3Aaction%3Dlightbox%26settings%3DeyJpZCI6MTgxOTEsInVybCI6Imh0dHBzOlwvXC93d3cuamdjbGFzc2ljcy5jb21cL3dwLWNvbnRlbnRcL3VwbG9hZHNcLzIwMjNcLzA5XC8yMDIzMDkyNF8xMDAzNDEtc2NhbGVkLmpwZyIsInNsaWRlc2hvdyI6IjAxZWRhZTIifQ%3D%3D\">\n\t\t\t\t\t<div class=\"e-gallery-image elementor-gallery-item__image\" data-thumbnail=\"https:\/\/www.jgclassics.com\/wp-content\/uploads\/2023\/09\/20230924_100341-300x169.jpg\" data-width=\"300\" data-height=\"169\" aria-label=\"10a Trobada cotxes cl\u00e0ssics Montmel\u00f3 2023. De Tomaso Pantera GTS\" role=\"img\" ><\/div>\n\t\t\t\t\t\t\t\t\t\t\t<div class=\"elementor-gallery-item__overlay\"><\/div>\n\t\t\t\t\t\t\t\t\t\t\t\t\t\t<\/a>\n\t\t\t\t\t\t\t<a class=\"e-gallery-item elementor-gallery-item elementor-animated-content\" href=\"https:\/\/www.jgclassics.com\/wp-content\/uploads\/2023\/09\/20230924_100327-scaled.jpg\" data-elementor-open-lightbox=\"yes\" data-elementor-lightbox-slideshow=\"01edae2\" data-elementor-lightbox-title=\"10a Trobada cotxes cl\u00e0ssics Montmel\u00f3 2023. Citr\u00f6en Avant Traction\" data-elementor-lightbox-description=\"Citr\u00f6en Avant Traction\" data-e-action-hash=\"#elementor-action%3Aaction%3Dlightbox%26settings%3DeyJpZCI6MTgxODcsInVybCI6Imh0dHBzOlwvXC93d3cuamdjbGFzc2ljcy5jb21cL3dwLWNvbnRlbnRcL3VwbG9hZHNcLzIwMjNcLzA5XC8yMDIzMDkyNF8xMDAzMjctc2NhbGVkLmpwZyIsInNsaWRlc2hvdyI6IjAxZWRhZTIifQ%3D%3D\">\n\t\t\t\t\t<div class=\"e-gallery-image elementor-gallery-item__image\" data-thumbnail=\"https:\/\/www.jgclassics.com\/wp-content\/uploads\/2023\/09\/20230924_100327-300x169.jpg\" data-width=\"300\" data-height=\"169\" aria-label=\"10a Trobada cotxes cl\u00e0ssics Montmel\u00f3 2023. Citr\u00f6en Avant Traction\" role=\"img\" ><\/div>\n\t\t\t\t\t\t\t\t\t\t\t<div class=\"elementor-gallery-item__overlay\"><\/div>\n\t\t\t\t\t\t\t\t\t\t\t\t\t\t<\/a>\n\t\t\t\t\t\t\t<a class=\"e-gallery-item elementor-gallery-item elementor-animated-content\" href=\"https:\/\/www.jgclassics.com\/wp-content\/uploads\/2023\/09\/20230924_100253.jpg\" data-elementor-open-lightbox=\"yes\" data-elementor-lightbox-slideshow=\"01edae2\" data-elementor-lightbox-title=\"10a Trobada cotxes cl\u00e0ssics Montmel\u00f3 2023. Seat 850 Coupe Especial\" data-elementor-lightbox-description=\"Seat 850 Coupe Especial\" data-e-action-hash=\"#elementor-action%3Aaction%3Dlightbox%26settings%3DeyJpZCI6MTgxODMsInVybCI6Imh0dHBzOlwvXC93d3cuamdjbGFzc2ljcy5jb21cL3dwLWNvbnRlbnRcL3VwbG9hZHNcLzIwMjNcLzA5XC8yMDIzMDkyNF8xMDAyNTMuanBnIiwic2xpZGVzaG93IjoiMDFlZGFlMiJ9\">\n\t\t\t\t\t<div class=\"e-gallery-image elementor-gallery-item__image\" data-thumbnail=\"https:\/\/www.jgclassics.com\/wp-content\/uploads\/2023\/09\/20230924_100253.jpg\" data-width=\"1\" data-height=\"1\" aria-label=\"10a Trobada cotxes cl\u00e0ssics Montmel\u00f3 2023. Seat 850 Coupe Especial\" role=\"img\" ><\/div>\n\t\t\t\t\t\t\t\t\t\t\t<div class=\"elementor-gallery-item__overlay\"><\/div>\n\t\t\t\t\t\t\t\t\t\t\t\t\t\t<\/a>\n\t\t\t\t\t\t\t<a class=\"e-gallery-item elementor-gallery-item elementor-animated-content\" href=\"https:\/\/www.jgclassics.com\/wp-content\/uploads\/2023\/09\/20230924_100202-scaled.jpg\" data-elementor-open-lightbox=\"yes\" data-elementor-lightbox-slideshow=\"01edae2\" data-elementor-lightbox-title=\"10a Trobada cotxes cl\u00e0ssics Montmel\u00f3 2023. Renault 5\" data-elementor-lightbox-description=\"Renault 5\" data-e-action-hash=\"#elementor-action%3Aaction%3Dlightbox%26settings%3DeyJpZCI6MTgxNzksInVybCI6Imh0dHBzOlwvXC93d3cuamdjbGFzc2ljcy5jb21cL3dwLWNvbnRlbnRcL3VwbG9hZHNcLzIwMjNcLzA5XC8yMDIzMDkyNF8xMDAyMDItc2NhbGVkLmpwZyIsInNsaWRlc2hvdyI6IjAxZWRhZTIifQ%3D%3D\">\n\t\t\t\t\t<div class=\"e-gallery-image elementor-gallery-item__image\" data-thumbnail=\"https:\/\/www.jgclassics.com\/wp-content\/uploads\/2023\/09\/20230924_100202-300x169.jpg\" data-width=\"300\" data-height=\"169\" aria-label=\"10a Trobada cotxes cl\u00e0ssics Montmel\u00f3 2023. Renault 5\" role=\"img\" ><\/div>\n\t\t\t\t\t\t\t\t\t\t\t<div class=\"elementor-gallery-item__overlay\"><\/div>\n\t\t\t\t\t\t\t\t\t\t\t\t\t\t<\/a>\n\t\t\t\t\t\t\t<a class=\"e-gallery-item elementor-gallery-item elementor-animated-content\" href=\"https:\/\/www.jgclassics.com\/wp-content\/uploads\/2023\/09\/20230924_100155-scaled.jpg\" data-elementor-open-lightbox=\"yes\" data-elementor-lightbox-slideshow=\"01edae2\" data-elementor-lightbox-title=\"10a Trobada cotxes cl\u00e0ssics Montmel\u00f3 2023. Renault 5\" data-elementor-lightbox-description=\"Renault 5\" data-e-action-hash=\"#elementor-action%3Aaction%3Dlightbox%26settings%3DeyJpZCI6MTgxNzUsInVybCI6Imh0dHBzOlwvXC93d3cuamdjbGFzc2ljcy5jb21cL3dwLWNvbnRlbnRcL3VwbG9hZHNcLzIwMjNcLzA5XC8yMDIzMDkyNF8xMDAxNTUtc2NhbGVkLmpwZyIsInNsaWRlc2hvdyI6IjAxZWRhZTIifQ%3D%3D\">\n\t\t\t\t\t<div class=\"e-gallery-image elementor-gallery-item__image\" data-thumbnail=\"https:\/\/www.jgclassics.com\/wp-content\/uploads\/2023\/09\/20230924_100155-300x169.jpg\" data-width=\"300\" data-height=\"169\" aria-label=\"10a Trobada cotxes cl\u00e0ssics Montmel\u00f3 2023. Renault 5\" role=\"img\" ><\/div>\n\t\t\t\t\t\t\t\t\t\t\t<div class=\"elementor-gallery-item__overlay\"><\/div>\n\t\t\t\t\t\t\t\t\t\t\t\t\t\t<\/a>\n\t\t\t\t\t\t\t<a class=\"e-gallery-item elementor-gallery-item elementor-animated-content\" href=\"https:\/\/www.jgclassics.com\/wp-content\/uploads\/2023\/09\/20230924_100128.jpg\" data-elementor-open-lightbox=\"yes\" data-elementor-lightbox-slideshow=\"01edae2\" data-elementor-lightbox-title=\"10a Trobada cotxes cl\u00e0ssics Montmel\u00f3 2023. Citr\u00f6en 2CV\" data-elementor-lightbox-description=\"Citr\u00f6en 2CV\" data-e-action-hash=\"#elementor-action%3Aaction%3Dlightbox%26settings%3DeyJpZCI6MTgxNzEsInVybCI6Imh0dHBzOlwvXC93d3cuamdjbGFzc2ljcy5jb21cL3dwLWNvbnRlbnRcL3VwbG9hZHNcLzIwMjNcLzA5XC8yMDIzMDkyNF8xMDAxMjguanBnIiwic2xpZGVzaG93IjoiMDFlZGFlMiJ9\">\n\t\t\t\t\t<div class=\"e-gallery-image elementor-gallery-item__image\" data-thumbnail=\"https:\/\/www.jgclassics.com\/wp-content\/uploads\/2023\/09\/20230924_100128.jpg\" data-width=\"1\" data-height=\"1\" aria-label=\"10a Trobada cotxes cl\u00e0ssics Montmel\u00f3 2023. Citr\u00f6en 2CV\" role=\"img\" ><\/div>\n\t\t\t\t\t\t\t\t\t\t\t<div class=\"elementor-gallery-item__overlay\"><\/div>\n\t\t\t\t\t\t\t\t\t\t\t\t\t\t<\/a>\n\t\t\t\t\t\t\t<a class=\"e-gallery-item elementor-gallery-item elementor-animated-content\" href=\"https:\/\/www.jgclassics.com\/wp-content\/uploads\/2023\/09\/20230924_100106-scaled.jpg\" data-elementor-open-lightbox=\"yes\" data-elementor-lightbox-slideshow=\"01edae2\" data-elementor-lightbox-title=\"10a Trobada cotxes cl\u00e0ssics Montmel\u00f3 2023. Renault 8 TS\" data-elementor-lightbox-description=\"Renault 8 TS (amb dos passatgers darrere molt particulars :-))\" data-e-action-hash=\"#elementor-action%3Aaction%3Dlightbox%26settings%3DeyJpZCI6MTgxNjcsInVybCI6Imh0dHBzOlwvXC93d3cuamdjbGFzc2ljcy5jb21cL3dwLWNvbnRlbnRcL3VwbG9hZHNcLzIwMjNcLzA5XC8yMDIzMDkyNF8xMDAxMDYtc2NhbGVkLmpwZyIsInNsaWRlc2hvdyI6IjAxZWRhZTIifQ%3D%3D\">\n\t\t\t\t\t<div class=\"e-gallery-image elementor-gallery-item__image\" data-thumbnail=\"https:\/\/www.jgclassics.com\/wp-content\/uploads\/2023\/09\/20230924_100106-300x169.jpg\" data-width=\"300\" data-height=\"169\" aria-label=\"10a Trobada cotxes cl\u00e0ssics Montmel\u00f3 2023. Renault 8 TS\" role=\"img\" ><\/div>\n\t\t\t\t\t\t\t\t\t\t\t<div class=\"elementor-gallery-item__overlay\"><\/div>\n\t\t\t\t\t\t\t\t\t\t\t\t\t\t<\/a>\n\t\t\t\t\t\t\t<a class=\"e-gallery-item elementor-gallery-item elementor-animated-content\" href=\"https:\/\/www.jgclassics.com\/wp-content\/uploads\/2023\/09\/20230924_100100-scaled.jpg\" data-elementor-open-lightbox=\"yes\" data-elementor-lightbox-slideshow=\"01edae2\" data-elementor-lightbox-title=\"10a Trobada cotxes cl\u00e0ssics Montmel\u00f3 2023. Renault 8 TS\" data-elementor-lightbox-description=\"Renault 8 TS\" data-e-action-hash=\"#elementor-action%3Aaction%3Dlightbox%26settings%3DeyJpZCI6MTgxNjMsInVybCI6Imh0dHBzOlwvXC93d3cuamdjbGFzc2ljcy5jb21cL3dwLWNvbnRlbnRcL3VwbG9hZHNcLzIwMjNcLzA5XC8yMDIzMDkyNF8xMDAxMDAtc2NhbGVkLmpwZyIsInNsaWRlc2hvdyI6IjAxZWRhZTIifQ%3D%3D\">\n\t\t\t\t\t<div class=\"e-gallery-image elementor-gallery-item__image\" data-thumbnail=\"https:\/\/www.jgclassics.com\/wp-content\/uploads\/2023\/09\/20230924_100100-300x169.jpg\" data-width=\"300\" data-height=\"169\" aria-label=\"10a Trobada cotxes cl\u00e0ssics Montmel\u00f3 2023. Renault 8 TS\" role=\"img\" ><\/div>\n\t\t\t\t\t\t\t\t\t\t\t<div class=\"elementor-gallery-item__overlay\"><\/div>\n\t\t\t\t\t\t\t\t\t\t\t\t\t\t<\/a>\n\t\t\t\t\t\t\t<a class=\"e-gallery-item elementor-gallery-item elementor-animated-content\" href=\"https:\/\/www.jgclassics.com\/wp-content\/uploads\/2023\/09\/20230924_094913.jpg\" data-elementor-open-lightbox=\"yes\" data-elementor-lightbox-slideshow=\"01edae2\" data-elementor-lightbox-title=\"10a Trobada cotxes cl\u00e0ssics Montmel\u00f3 2023 - Talbot 1928\" data-elementor-lightbox-description=\"Talbot 1928... Es va emportar el guard\u00f3 al cotxe m\u00e9s antic\" data-e-action-hash=\"#elementor-action%3Aaction%3Dlightbox%26settings%3DeyJpZCI6MTgxNTksInVybCI6Imh0dHBzOlwvXC93d3cuamdjbGFzc2ljcy5jb21cL3dwLWNvbnRlbnRcL3VwbG9hZHNcLzIwMjNcLzA5XC8yMDIzMDkyNF8wOTQ5MTMuanBnIiwic2xpZGVzaG93IjoiMDFlZGFlMiJ9\">\n\t\t\t\t\t<div class=\"e-gallery-image elementor-gallery-item__image\" data-thumbnail=\"https:\/\/www.jgclassics.com\/wp-content\/uploads\/2023\/09\/20230924_094913.jpg\" data-width=\"1\" data-height=\"1\" aria-label=\"10a Trobada cotxes cl\u00e0ssics Montmel\u00f3 2023 - Talbot 1928\" role=\"img\" ><\/div>\n\t\t\t\t\t\t\t\t\t\t\t<div class=\"elementor-gallery-item__overlay\"><\/div>\n\t\t\t\t\t\t\t\t\t\t\t\t\t\t<\/a>\n\t\t\t\t\t\t\t<a class=\"e-gallery-item elementor-gallery-item elementor-animated-content\" href=\"https:\/\/www.jgclassics.com\/wp-content\/uploads\/2023\/09\/20230924_094839-scaled.jpg\" data-elementor-open-lightbox=\"yes\" data-elementor-lightbox-slideshow=\"01edae2\" data-elementor-lightbox-title=\"10a Trobada cotxes cl\u00e0ssics Montmel\u00f3 2023 - Talbot 1928\" data-elementor-lightbox-description=\"Talbot 1928... Es va emportar el guard\u00f3 al cotxe m\u00e9s antic\" data-e-action-hash=\"#elementor-action%3Aaction%3Dlightbox%26settings%3DeyJpZCI6MTgxNTUsInVybCI6Imh0dHBzOlwvXC93d3cuamdjbGFzc2ljcy5jb21cL3dwLWNvbnRlbnRcL3VwbG9hZHNcLzIwMjNcLzA5XC8yMDIzMDkyNF8wOTQ4Mzktc2NhbGVkLmpwZyIsInNsaWRlc2hvdyI6IjAxZWRhZTIifQ%3D%3D\">\n\t\t\t\t\t<div class=\"e-gallery-image elementor-gallery-item__image\" data-thumbnail=\"https:\/\/www.jgclassics.com\/wp-content\/uploads\/2023\/09\/20230924_094839-300x169.jpg\" data-width=\"300\" data-height=\"169\" aria-label=\"10a Trobada cotxes cl\u00e0ssics Montmel\u00f3 2023 - Talbot 1928\" role=\"img\" ><\/div>\n\t\t\t\t\t\t\t\t\t\t\t<div class=\"elementor-gallery-item__overlay\"><\/div>\n\t\t\t\t\t\t\t\t\t\t\t\t\t\t<\/a>\n\t\t\t\t\t\t\t<a class=\"e-gallery-item elementor-gallery-item elementor-animated-content\" href=\"https:\/\/www.jgclassics.com\/wp-content\/uploads\/2023\/09\/20230924_094543-scaled.jpg\" data-elementor-open-lightbox=\"yes\" data-elementor-lightbox-slideshow=\"01edae2\" data-elementor-lightbox-title=\"10a Trobada cotxes cl\u00e0ssics Montmel\u00f3 2023 - MGA\" data-elementor-lightbox-description=\"El nostre MGA a la seva zona d&#039;exposici\u00f3\" data-e-action-hash=\"#elementor-action%3Aaction%3Dlightbox%26settings%3DeyJpZCI6MTgxNTEsInVybCI6Imh0dHBzOlwvXC93d3cuamdjbGFzc2ljcy5jb21cL3dwLWNvbnRlbnRcL3VwbG9hZHNcLzIwMjNcLzA5XC8yMDIzMDkyNF8wOTQ1NDMtc2NhbGVkLmpwZyIsInNsaWRlc2hvdyI6IjAxZWRhZTIifQ%3D%3D\">\n\t\t\t\t\t<div class=\"e-gallery-image elementor-gallery-item__image\" data-thumbnail=\"https:\/\/www.jgclassics.com\/wp-content\/uploads\/2023\/09\/20230924_094543-300x169.jpg\" data-width=\"300\" data-height=\"169\" aria-label=\"10a Trobada cotxes cl\u00e0ssics Montmel\u00f3 2023 - MGA\" role=\"img\" ><\/div>\n\t\t\t\t\t\t\t\t\t\t\t<div class=\"elementor-gallery-item__overlay\"><\/div>\n\t\t\t\t\t\t\t\t\t\t\t\t\t\t<\/a>\n\t\t\t\t\t\t\t<a class=\"e-gallery-item elementor-gallery-item elementor-animated-content\" href=\"https:\/\/www.jgclassics.com\/wp-content\/uploads\/2023\/09\/20230924_094524-scaled.jpg\" data-elementor-open-lightbox=\"yes\" data-elementor-lightbox-slideshow=\"01edae2\" data-elementor-lightbox-title=\"10a Trobada cotxes cl\u00e0ssics Montmel\u00f3 2023 - MGA\" data-elementor-lightbox-description=\"El nostre MGA a la seva zona d&#039;exposici\u00f3\" data-e-action-hash=\"#elementor-action%3Aaction%3Dlightbox%26settings%3DeyJpZCI6MTgxNDcsInVybCI6Imh0dHBzOlwvXC93d3cuamdjbGFzc2ljcy5jb21cL3dwLWNvbnRlbnRcL3VwbG9hZHNcLzIwMjNcLzA5XC8yMDIzMDkyNF8wOTQ1MjQtc2NhbGVkLmpwZyIsInNsaWRlc2hvdyI6IjAxZWRhZTIifQ%3D%3D\">\n\t\t\t\t\t<div class=\"e-gallery-image elementor-gallery-item__image\" data-thumbnail=\"https:\/\/www.jgclassics.com\/wp-content\/uploads\/2023\/09\/20230924_094524-300x169.jpg\" data-width=\"300\" data-height=\"169\" aria-label=\"10a Trobada cotxes cl\u00e0ssics Montmel\u00f3 2023 - MGA\" role=\"img\" ><\/div>\n\t\t\t\t\t\t\t\t\t\t\t<div class=\"elementor-gallery-item__overlay\"><\/div>\n\t\t\t\t\t\t\t\t\t\t\t\t\t\t<\/a>\n\t\t\t\t\t\t\t<a class=\"e-gallery-item elementor-gallery-item elementor-animated-content\" href=\"https:\/\/www.jgclassics.com\/wp-content\/uploads\/2023\/09\/20230924_094500-scaled.jpg\" data-elementor-open-lightbox=\"yes\" data-elementor-lightbox-slideshow=\"01edae2\" data-elementor-lightbox-title=\"10a Trobada cotxes cl\u00e0ssics Montmel\u00f3 2023 - MG TA\" data-elementor-lightbox-description=\"MG TA\" data-e-action-hash=\"#elementor-action%3Aaction%3Dlightbox%26settings%3DeyJpZCI6MTgxMzksInVybCI6Imh0dHBzOlwvXC93d3cuamdjbGFzc2ljcy5jb21cL3dwLWNvbnRlbnRcL3VwbG9hZHNcLzIwMjNcLzA5XC8yMDIzMDkyNF8wOTQ1MDAtc2NhbGVkLmpwZyIsInNsaWRlc2hvdyI6IjAxZWRhZTIifQ%3D%3D\">\n\t\t\t\t\t<div class=\"e-gallery-image elementor-gallery-item__image\" data-thumbnail=\"https:\/\/www.jgclassics.com\/wp-content\/uploads\/2023\/09\/20230924_094500-169x300.jpg\" data-width=\"169\" data-height=\"300\" aria-label=\"10a Trobada cotxes cl\u00e0ssics Montmel\u00f3 2023 - MG TA\" role=\"img\" ><\/div>\n\t\t\t\t\t\t\t\t\t\t\t<div class=\"elementor-gallery-item__overlay\"><\/div>\n\t\t\t\t\t\t\t\t\t\t\t\t\t\t<\/a>\n\t\t\t\t\t\t\t<a class=\"e-gallery-item elementor-gallery-item elementor-animated-content\" href=\"https:\/\/www.jgclassics.com\/wp-content\/uploads\/2023\/09\/20230924_094414-scaled.jpg\" data-elementor-open-lightbox=\"yes\" data-elementor-lightbox-slideshow=\"01edae2\" data-elementor-lightbox-title=\"10a Trobada cotxes cl\u00e0ssics Montmel\u00f3 2023 - MG TA\" data-elementor-lightbox-description=\"MG TA\" data-e-action-hash=\"#elementor-action%3Aaction%3Dlightbox%26settings%3DeyJpZCI6MTgxMzUsInVybCI6Imh0dHBzOlwvXC93d3cuamdjbGFzc2ljcy5jb21cL3dwLWNvbnRlbnRcL3VwbG9hZHNcLzIwMjNcLzA5XC8yMDIzMDkyNF8wOTQ0MTQtc2NhbGVkLmpwZyIsInNsaWRlc2hvdyI6IjAxZWRhZTIifQ%3D%3D\">\n\t\t\t\t\t<div class=\"e-gallery-image elementor-gallery-item__image\" data-thumbnail=\"https:\/\/www.jgclassics.com\/wp-content\/uploads\/2023\/09\/20230924_094414-300x169.jpg\" data-width=\"300\" data-height=\"169\" aria-label=\"10a Trobada cotxes cl\u00e0ssics Montmel\u00f3 2023 - MG TA\" role=\"img\" ><\/div>\n\t\t\t\t\t\t\t\t\t\t\t<div class=\"elementor-gallery-item__overlay\"><\/div>\n\t\t\t\t\t\t\t\t\t\t\t\t\t\t<\/a>\n\t\t\t\t\t<\/div>\n\t\t\t\t\t<\/div>\n\t\t\t\t<\/div>\n\t\t\t\t\t<\/div>\n\t\t<\/div>\n\t\t\t\t\t<\/div>\n\t\t<\/section>\n\t\t\t\t<section data-particle_enable=\"false\" data-particle-mobile-disabled=\"false\" class=\"elementor-section elementor-top-section elementor-element elementor-element-c341bd6 elementor-section-boxed elementor-section-height-default elementor-section-height-default\" data-id=\"c341bd6\" data-element_type=\"section\" data-e-type=\"section\">\n\t\t\t\t\t\t<div class=\"elementor-container elementor-column-gap-default\">\n\t\t\t\t\t<div class=\"elementor-column elementor-col-100 elementor-top-column elementor-element elementor-element-1ba93b0\" data-id=\"1ba93b0\" data-element_type=\"column\" data-e-type=\"column\">\n\t\t\t<div class=\"elementor-widget-wrap elementor-element-populated\">\n\t\t\t\t\t\t<div class=\"elementor-element elementor-element-0f1465a elementor-widget elementor-widget-heading\" data-id=\"0f1465a\" data-element_type=\"widget\" data-e-type=\"widget\" data-widget_type=\"heading.default\">\n\t\t\t\t<div class=\"elementor-widget-container\">\n\t\t\t\t\t<h2 class=\"elementor-heading-title elementor-size-default\">Premis i guardons. Sorteig i millors cotxes\/motos<\/h2>\t\t\t\t<\/div>\n\t\t\t\t<\/div>\n\t\t\t\t\t<\/div>\n\t\t<\/div>\n\t\t\t\t\t<\/div>\n\t\t<\/section>\n\t\t\t\t<section data-particle_enable=\"false\" data-particle-mobile-disabled=\"false\" class=\"elementor-section elementor-top-section elementor-element elementor-element-14d8888 elementor-section-boxed elementor-section-height-default elementor-section-height-default\" data-id=\"14d8888\" data-element_type=\"section\" data-e-type=\"section\">\n\t\t\t\t\t\t<div class=\"elementor-container elementor-column-gap-default\">\n\t\t\t\t\t<div class=\"elementor-column elementor-col-100 elementor-top-column elementor-element elementor-element-833066f\" data-id=\"833066f\" data-element_type=\"column\" data-e-type=\"column\">\n\t\t\t<div class=\"elementor-widget-wrap elementor-element-populated\">\n\t\t\t\t\t\t<div class=\"elementor-element elementor-element-bbcb085 elementor-widget elementor-widget-text-editor\" data-id=\"bbcb085\" data-element_type=\"widget\" data-e-type=\"widget\" data-widget_type=\"text-editor.default\">\n\t\t\t\t<div class=\"elementor-widget-container\">\n\t\t\t\t\t\t\t\t\t<p>Durant el mat\u00ed es van lliurar diversos premis i guardons. En refer\u00e8ncia als premis, es van sortejar entre els participants diversos lots de productes i serveis oferts pels diferents patrocinadors. Pel que fa als guardons, es van premiar motos i cotxes atenent els criteris de cotxe\/moto m\u00e9s antic, cotxe\/moto m\u00e9s elegant, i Volkswagen Golf Mk-ii en millor estat de restauraci\u00f3.<\/p>\n\t\t\t\t\t\t\t\t<\/div>\n\t\t\t\t<\/div>\n\t\t\t\t\t<\/div>\n\t\t<\/div>\n\t\t\t\t\t<\/div>\n\t\t<\/section>\n\t\t\t\t<section data-particle_enable=\"false\" data-particle-mobile-disabled=\"false\" class=\"elementor-section elementor-top-section elementor-element elementor-element-6c0309a elementor-section-boxed elementor-section-height-default elementor-section-height-default\" data-id=\"6c0309a\" data-element_type=\"section\" data-e-type=\"section\">\n\t\t\t\t\t\t<div class=\"elementor-container elementor-column-gap-default\">\n\t\t\t\t\t<div class=\"elementor-column elementor-col-100 elementor-top-column elementor-element elementor-element-4aca5d4\" data-id=\"4aca5d4\" data-element_type=\"column\" data-e-type=\"column\">\n\t\t\t<div class=\"elementor-widget-wrap elementor-element-populated\">\n\t\t\t\t\t\t<div class=\"elementor-element elementor-element-e4535a3 elementor-widget elementor-widget-heading\" data-id=\"e4535a3\" data-element_type=\"widget\" data-e-type=\"widget\" data-widget_type=\"heading.default\">\n\t\t\t\t<div class=\"elementor-widget-container\">\n\t\t\t\t\t<h2 class=\"elementor-heading-title elementor-size-default\">Arribada del grup Harley-Davinson<\/h2>\t\t\t\t<\/div>\n\t\t\t\t<\/div>\n\t\t\t\t<div class=\"elementor-element elementor-element-ea998f9 elementor-widget elementor-widget-text-editor\" data-id=\"ea998f9\" data-element_type=\"widget\" data-e-type=\"widget\" data-widget_type=\"text-editor.default\">\n\t\t\t\t<div class=\"elementor-widget-container\">\n\t\t\t\t\t\t\t\t\t<p>En realitat no hi ha gaire a comentar. Uns aparells espectaculars. Impressionants, com sempre \ud83d\ude42<\/p>\n\t\t\t\t\t\t\t\t<\/div>\n\t\t\t\t<\/div>\n\t\t\t\t\t<\/div>\n\t\t<\/div>\n\t\t\t\t\t<\/div>\n\t\t<\/section>\n\t\t\t\t<section data-particle_enable=\"false\" data-particle-mobile-disabled=\"false\" class=\"elementor-section elementor-top-section elementor-element elementor-element-f760676 elementor-section-boxed elementor-section-height-default elementor-section-height-default\" data-id=\"f760676\" data-element_type=\"section\" data-e-type=\"section\">\n\t\t\t\t\t\t<div class=\"elementor-container elementor-column-gap-default\">\n\t\t\t\t\t<div class=\"elementor-column elementor-col-100 elementor-top-column elementor-element elementor-element-b29e049\" data-id=\"b29e049\" data-element_type=\"column\" data-e-type=\"column\">\n\t\t\t<div class=\"elementor-widget-wrap elementor-element-populated\">\n\t\t\t\t\t\t<div class=\"elementor-element elementor-element-5f4a201 elementor-widget elementor-widget-gallery\" data-id=\"5f4a201\" data-element_type=\"widget\" data-e-type=\"widget\" data-settings=\"{&quot;columns_mobile&quot;:2,&quot;lazyload&quot;:&quot;yes&quot;,&quot;gallery_layout&quot;:&quot;grid&quot;,&quot;columns&quot;:4,&quot;columns_tablet&quot;:2,&quot;gap&quot;:{&quot;unit&quot;:&quot;px&quot;,&quot;size&quot;:10,&quot;sizes&quot;:[]},&quot;gap_tablet&quot;:{&quot;unit&quot;:&quot;px&quot;,&quot;size&quot;:10,&quot;sizes&quot;:[]},&quot;gap_mobile&quot;:{&quot;unit&quot;:&quot;px&quot;,&quot;size&quot;:10,&quot;sizes&quot;:[]},&quot;link_to&quot;:&quot;file&quot;,&quot;aspect_ratio&quot;:&quot;3:2&quot;,&quot;overlay_background&quot;:&quot;yes&quot;,&quot;content_hover_animation&quot;:&quot;fade-in&quot;}\" data-widget_type=\"gallery.default\">\n\t\t\t\t<div class=\"elementor-widget-container\">\n\t\t\t\t\t\t\t<div class=\"elementor-gallery__container\">\n\t\t\t\t\t\t\t<a class=\"e-gallery-item elementor-gallery-item elementor-animated-content\" href=\"https:\/\/www.jgclassics.com\/wp-content\/uploads\/2023\/09\/20230924_103050.jpg\" data-elementor-open-lightbox=\"yes\" data-elementor-lightbox-slideshow=\"5f4a201\" data-elementor-lightbox-title=\"10a Trobada cotxes cl\u00e0ssics Montmel\u00f3 2023 - Arribada del grup Harley Davinson\" data-elementor-lightbox-description=\"Arribada del grup Harley Davinson\" data-e-action-hash=\"#elementor-action%3Aaction%3Dlightbox%26settings%3DeyJpZCI6MTgzMTUsInVybCI6Imh0dHBzOlwvXC93d3cuamdjbGFzc2ljcy5jb21cL3dwLWNvbnRlbnRcL3VwbG9hZHNcLzIwMjNcLzA5XC8yMDIzMDkyNF8xMDMwNTAuanBnIiwic2xpZGVzaG93IjoiNWY0YTIwMSJ9\">\n\t\t\t\t\t<div class=\"e-gallery-image elementor-gallery-item__image\" data-thumbnail=\"https:\/\/www.jgclassics.com\/wp-content\/uploads\/2023\/09\/20230924_103050.jpg\" data-width=\"1\" data-height=\"1\" aria-label=\"10a Trobada cotxes cl\u00e0ssics Montmel\u00f3 2023 - Arribada del grup Harley Davinson\" role=\"img\" ><\/div>\n\t\t\t\t\t\t\t\t\t\t\t<div class=\"elementor-gallery-item__overlay\"><\/div>\n\t\t\t\t\t\t\t\t\t\t\t\t\t\t<\/a>\n\t\t\t\t\t\t\t<a class=\"e-gallery-item elementor-gallery-item elementor-animated-content\" href=\"https:\/\/www.jgclassics.com\/wp-content\/uploads\/2023\/09\/20230924_103133-scaled.jpg\" data-elementor-open-lightbox=\"yes\" data-elementor-lightbox-slideshow=\"5f4a201\" data-elementor-lightbox-title=\"10a Trobada cotxes cl\u00e0ssics Montmel\u00f3 2023 - Arribada del grup Harley Davinson\" data-elementor-lightbox-description=\"Arribada del grup Harley Davinson\" data-e-action-hash=\"#elementor-action%3Aaction%3Dlightbox%26settings%3DeyJpZCI6MTgzMTEsInVybCI6Imh0dHBzOlwvXC93d3cuamdjbGFzc2ljcy5jb21cL3dwLWNvbnRlbnRcL3VwbG9hZHNcLzIwMjNcLzA5XC8yMDIzMDkyNF8xMDMxMzMtc2NhbGVkLmpwZyIsInNsaWRlc2hvdyI6IjVmNGEyMDEifQ%3D%3D\">\n\t\t\t\t\t<div class=\"e-gallery-image elementor-gallery-item__image\" data-thumbnail=\"https:\/\/www.jgclassics.com\/wp-content\/uploads\/2023\/09\/20230924_103133-300x169.jpg\" data-width=\"300\" data-height=\"169\" aria-label=\"10a Trobada cotxes cl\u00e0ssics Montmel\u00f3 2023 - Arribada del grup Harley Davinson\" role=\"img\" ><\/div>\n\t\t\t\t\t\t\t\t\t\t\t<div class=\"elementor-gallery-item__overlay\"><\/div>\n\t\t\t\t\t\t\t\t\t\t\t\t\t\t<\/a>\n\t\t\t\t\t\t\t<a class=\"e-gallery-item elementor-gallery-item elementor-animated-content\" href=\"https:\/\/www.jgclassics.com\/wp-content\/uploads\/2023\/09\/20230924_103130-scaled.jpg\" data-elementor-open-lightbox=\"yes\" data-elementor-lightbox-slideshow=\"5f4a201\" data-elementor-lightbox-title=\"10a Trobada cotxes cl\u00e0ssics Montmel\u00f3 2023 - Arribada del grup Harley Davinson\" data-elementor-lightbox-description=\"Arribada del grup Harley Davinson\" data-e-action-hash=\"#elementor-action%3Aaction%3Dlightbox%26settings%3DeyJpZCI6MTgzMDcsInVybCI6Imh0dHBzOlwvXC93d3cuamdjbGFzc2ljcy5jb21cL3dwLWNvbnRlbnRcL3VwbG9hZHNcLzIwMjNcLzA5XC8yMDIzMDkyNF8xMDMxMzAtc2NhbGVkLmpwZyIsInNsaWRlc2hvdyI6IjVmNGEyMDEifQ%3D%3D\">\n\t\t\t\t\t<div class=\"e-gallery-image elementor-gallery-item__image\" data-thumbnail=\"https:\/\/www.jgclassics.com\/wp-content\/uploads\/2023\/09\/20230924_103130-300x169.jpg\" data-width=\"300\" data-height=\"169\" aria-label=\"10a Trobada cotxes cl\u00e0ssics Montmel\u00f3 2023 - Arribada del grup Harley Davinson\" role=\"img\" ><\/div>\n\t\t\t\t\t\t\t\t\t\t\t<div class=\"elementor-gallery-item__overlay\"><\/div>\n\t\t\t\t\t\t\t\t\t\t\t\t\t\t<\/a>\n\t\t\t\t\t\t\t<a class=\"e-gallery-item elementor-gallery-item elementor-animated-content\" href=\"https:\/\/www.jgclassics.com\/wp-content\/uploads\/2023\/09\/20230924_103053-scaled.jpg\" data-elementor-open-lightbox=\"yes\" data-elementor-lightbox-slideshow=\"5f4a201\" data-elementor-lightbox-title=\"10a Trobada cotxes cl\u00e0ssics Montmel\u00f3 2023 - Arribada del grup Harley Davinson\" data-elementor-lightbox-description=\"Arribada del grup Harley Davinson\" data-e-action-hash=\"#elementor-action%3Aaction%3Dlightbox%26settings%3DeyJpZCI6MTgzMDMsInVybCI6Imh0dHBzOlwvXC93d3cuamdjbGFzc2ljcy5jb21cL3dwLWNvbnRlbnRcL3VwbG9hZHNcLzIwMjNcLzA5XC8yMDIzMDkyNF8xMDMwNTMtc2NhbGVkLmpwZyIsInNsaWRlc2hvdyI6IjVmNGEyMDEifQ%3D%3D\">\n\t\t\t\t\t<div class=\"e-gallery-image elementor-gallery-item__image\" data-thumbnail=\"https:\/\/www.jgclassics.com\/wp-content\/uploads\/2023\/09\/20230924_103053-300x169.jpg\" data-width=\"300\" data-height=\"169\" aria-label=\"10a Trobada cotxes cl\u00e0ssics Montmel\u00f3 2023 - Arribada del grup Harley Davinson\" role=\"img\" ><\/div>\n\t\t\t\t\t\t\t\t\t\t\t<div class=\"elementor-gallery-item__overlay\"><\/div>\n\t\t\t\t\t\t\t\t\t\t\t\t\t\t<\/a>\n\t\t\t\t\t<\/div>\n\t\t\t\t\t<\/div>\n\t\t\t\t<\/div>\n\t\t\t\t\t<\/div>\n\t\t<\/div>\n\t\t\t\t\t<\/div>\n\t\t<\/section>\n\t\t\t\t<section data-particle_enable=\"false\" data-particle-mobile-disabled=\"false\" class=\"elementor-section elementor-top-section elementor-element elementor-element-2d4b4ed elementor-section-boxed elementor-section-height-default elementor-section-height-default\" data-id=\"2d4b4ed\" data-element_type=\"section\" data-e-type=\"section\">\n\t\t\t\t\t\t<div class=\"elementor-container elementor-column-gap-default\">\n\t\t\t\t\t<div class=\"elementor-column elementor-col-100 elementor-top-column elementor-element elementor-element-3e45e0c\" data-id=\"3e45e0c\" data-element_type=\"column\" data-e-type=\"column\">\n\t\t\t<div class=\"elementor-widget-wrap elementor-element-populated\">\n\t\t\t\t\t\t<div class=\"elementor-element elementor-element-44d668a elementor-widget elementor-widget-heading\" data-id=\"44d668a\" data-element_type=\"widget\" data-e-type=\"widget\" data-widget_type=\"heading.default\">\n\t\t\t\t<div class=\"elementor-widget-container\">\n\t\t\t\t\t<h2 class=\"elementor-heading-title elementor-size-default\">El colof\u00f3: L'entrada al Circuit de Catalunya amb el propi vehicle<\/h2>\t\t\t\t<\/div>\n\t\t\t\t<\/div>\n\t\t\t\t\t<\/div>\n\t\t<\/div>\n\t\t\t\t\t<\/div>\n\t\t<\/section>\n\t\t\t\t<section data-particle_enable=\"false\" data-particle-mobile-disabled=\"false\" class=\"elementor-section elementor-top-section elementor-element elementor-element-70c2851 elementor-section-boxed elementor-section-height-default elementor-section-height-default\" data-id=\"70c2851\" data-element_type=\"section\" data-e-type=\"section\">\n\t\t\t\t\t\t<div class=\"elementor-container elementor-column-gap-default\">\n\t\t\t\t\t<div class=\"elementor-column elementor-col-100 elementor-top-column elementor-element elementor-element-2497514\" data-id=\"2497514\" data-element_type=\"column\" data-e-type=\"column\">\n\t\t\t<div class=\"elementor-widget-wrap elementor-element-populated\">\n\t\t\t\t\t\t<div class=\"elementor-element elementor-element-8874954 elementor-widget elementor-widget-text-editor\" data-id=\"8874954\" data-element_type=\"widget\" data-e-type=\"widget\" data-widget_type=\"text-editor.default\">\n\t\t\t\t<div class=\"elementor-widget-container\">\n\t\t\t\t\t\t\t\t\t<p>Com a colof\u00f3, l&#8217;organitzaci\u00f3 va poder gestionar que tots els participants poguessin rec\u00f3rrer amb els seus propis vehicles el <a href=\"https:\/\/www.circuitcat.com\/es\/\" target=\"_blank\" rel=\"noopener\"><br \/>\n  <strong>Circuit de Catalunya<\/strong><br \/>\n<\/a>. Aix\u00f2 es podia fer de dues possibles maneres:<\/p>\n<ul>\n<li>Fer tandes : Els vehicles que volguessin, podien apuntar-se a fer tandes de voltes al circuit amb els seus propis vehicles. Aquesta activitat requeria d&#8217;un pagament addicional (al voltant d&#8217;uns 70 euros) i podien apuntar-se tots els cotxes participants en l&#8217;exposici\u00f3 que volguessin.<\/li>\n<li>Recorregut guiat al circuit: Per a tots els participants -participessin a les tandes o no- estava inclosa una invitaci\u00f3 a un recorregut de dues voltes al circuit amb els seus propis vehicles. L&#8217;organitzaci\u00f3 els va dividir en grups de 50 cotxes que van poder rec\u00f3rrer el circuit amb un cotxe-guia. Valgui dir que, tot i que el recorregut no consistia en tandes de velocitat, els participants van poder assaborir la sensaci\u00f3 de c\u00f3rrer en un circuit de competici\u00f3.<\/li>\n<\/ul>\n\t\t\t\t\t\t\t\t<\/div>\n\t\t\t\t<\/div>\n\t\t\t\t\t<\/div>\n\t\t<\/div>\n\t\t\t\t\t<\/div>\n\t\t<\/section>\n\t\t\t\t<section data-particle_enable=\"false\" data-particle-mobile-disabled=\"false\" class=\"elementor-section elementor-top-section elementor-element elementor-element-527a7e7 elementor-section-boxed elementor-section-height-default elementor-section-height-default\" data-id=\"527a7e7\" data-element_type=\"section\" data-e-type=\"section\">\n\t\t\t\t\t\t<div class=\"elementor-container elementor-column-gap-default\">\n\t\t\t\t\t<div class=\"elementor-column elementor-col-100 elementor-top-column elementor-element elementor-element-38a2ef1\" data-id=\"38a2ef1\" data-element_type=\"column\" data-e-type=\"column\">\n\t\t\t<div class=\"elementor-widget-wrap elementor-element-populated\">\n\t\t\t\t\t\t<div class=\"elementor-element elementor-element-8e80ada elementor-widget elementor-widget-gallery\" data-id=\"8e80ada\" data-element_type=\"widget\" data-e-type=\"widget\" data-settings=\"{&quot;gallery_layout&quot;:&quot;justified&quot;,&quot;ideal_row_height&quot;:{&quot;unit&quot;:&quot;px&quot;,&quot;size&quot;:181,&quot;sizes&quot;:[]},&quot;ideal_row_height_mobile&quot;:{&quot;unit&quot;:&quot;px&quot;,&quot;size&quot;:94,&quot;sizes&quot;:[]},&quot;lazyload&quot;:&quot;yes&quot;,&quot;ideal_row_height_tablet&quot;:{&quot;unit&quot;:&quot;px&quot;,&quot;size&quot;:150,&quot;sizes&quot;:[]},&quot;gap&quot;:{&quot;unit&quot;:&quot;px&quot;,&quot;size&quot;:10,&quot;sizes&quot;:[]},&quot;gap_tablet&quot;:{&quot;unit&quot;:&quot;px&quot;,&quot;size&quot;:10,&quot;sizes&quot;:[]},&quot;gap_mobile&quot;:{&quot;unit&quot;:&quot;px&quot;,&quot;size&quot;:10,&quot;sizes&quot;:[]},&quot;link_to&quot;:&quot;file&quot;,&quot;overlay_background&quot;:&quot;yes&quot;,&quot;content_hover_animation&quot;:&quot;fade-in&quot;}\" data-widget_type=\"gallery.default\">\n\t\t\t\t<div class=\"elementor-widget-container\">\n\t\t\t\t\t\t\t<div class=\"elementor-gallery__container\">\n\t\t\t\t\t\t\t<a class=\"e-gallery-item elementor-gallery-item elementor-animated-content\" href=\"https:\/\/www.jgclassics.com\/wp-content\/uploads\/2023\/09\/20230924_131910-scaled.jpg\" data-elementor-open-lightbox=\"yes\" data-elementor-lightbox-slideshow=\"8e80ada\" data-elementor-lightbox-title=\"10a Trobada cotxes cl\u00e0ssics Montmel\u00f3 2023 -Sortint cap al Circuit de Catalunya\" data-elementor-lightbox-description=\"Sortint cap al Circuit de Catalunya\" data-e-action-hash=\"#elementor-action%3Aaction%3Dlightbox%26settings%3DeyJpZCI6MTgzOTEsInVybCI6Imh0dHBzOlwvXC93d3cuamdjbGFzc2ljcy5jb21cL3dwLWNvbnRlbnRcL3VwbG9hZHNcLzIwMjNcLzA5XC8yMDIzMDkyNF8xMzE5MTAtc2NhbGVkLmpwZyIsInNsaWRlc2hvdyI6IjhlODBhZGEifQ%3D%3D\">\n\t\t\t\t\t<div class=\"e-gallery-image elementor-gallery-item__image\" data-thumbnail=\"https:\/\/www.jgclassics.com\/wp-content\/uploads\/2023\/09\/20230924_131910-300x169.jpg\" data-width=\"300\" data-height=\"169\" aria-label=\"10a Trobada cotxes cl\u00e0ssics Montmel\u00f3 2023 -Sortint cap al Circuit de Catalunya\" role=\"img\" ><\/div>\n\t\t\t\t\t\t\t\t\t\t\t<div class=\"elementor-gallery-item__overlay\"><\/div>\n\t\t\t\t\t\t\t\t\t\t\t\t\t\t<\/a>\n\t\t\t\t\t\t\t<a class=\"e-gallery-item elementor-gallery-item elementor-animated-content\" href=\"https:\/\/www.jgclassics.com\/wp-content\/uploads\/2023\/09\/20230924_131919-scaled.jpg\" data-elementor-open-lightbox=\"yes\" data-elementor-lightbox-slideshow=\"8e80ada\" data-elementor-lightbox-title=\"10a Trobada cotxes cl\u00e0ssics Montmel\u00f3 2023 -Sortint cap al Circuit de Catalunya\" data-elementor-lightbox-description=\"Sortint cap al Circuit de Catalunya\" data-e-action-hash=\"#elementor-action%3Aaction%3Dlightbox%26settings%3DeyJpZCI6MTgzOTUsInVybCI6Imh0dHBzOlwvXC93d3cuamdjbGFzc2ljcy5jb21cL3dwLWNvbnRlbnRcL3VwbG9hZHNcLzIwMjNcLzA5XC8yMDIzMDkyNF8xMzE5MTktc2NhbGVkLmpwZyIsInNsaWRlc2hvdyI6IjhlODBhZGEifQ%3D%3D\">\n\t\t\t\t\t<div class=\"e-gallery-image elementor-gallery-item__image\" data-thumbnail=\"https:\/\/www.jgclassics.com\/wp-content\/uploads\/2023\/09\/20230924_131919-300x169.jpg\" data-width=\"300\" data-height=\"169\" aria-label=\"10a Trobada cotxes cl\u00e0ssics Montmel\u00f3 2023 -Sortint cap al Circuit de Catalunya\" role=\"img\" ><\/div>\n\t\t\t\t\t\t\t\t\t\t\t<div class=\"elementor-gallery-item__overlay\"><\/div>\n\t\t\t\t\t\t\t\t\t\t\t\t\t\t<\/a>\n\t\t\t\t\t\t\t<a class=\"e-gallery-item elementor-gallery-item elementor-animated-content\" href=\"https:\/\/www.jgclassics.com\/wp-content\/uploads\/2023\/09\/20230924_133914-scaled.jpg\" data-elementor-open-lightbox=\"yes\" data-elementor-lightbox-slideshow=\"8e80ada\" data-elementor-lightbox-title=\"10a Trobada cotxes cl\u00e0ssics Montmel\u00f3 2023 - Esperant entrar al Circuit de Catalunya\" data-elementor-lightbox-description=\"Esperant entrar al Circuit de Catalunya\" data-e-action-hash=\"#elementor-action%3Aaction%3Dlightbox%26settings%3DeyJpZCI6MTgzNDMsInVybCI6Imh0dHBzOlwvXC93d3cuamdjbGFzc2ljcy5jb21cL3dwLWNvbnRlbnRcL3VwbG9hZHNcLzIwMjNcLzA5XC8yMDIzMDkyNF8xMzM5MTQtc2NhbGVkLmpwZyIsInNsaWRlc2hvdyI6IjhlODBhZGEifQ%3D%3D\">\n\t\t\t\t\t<div class=\"e-gallery-image elementor-gallery-item__image\" data-thumbnail=\"https:\/\/www.jgclassics.com\/wp-content\/uploads\/2023\/09\/20230924_133914-300x169.jpg\" data-width=\"300\" data-height=\"169\" aria-label=\"10a Trobada cotxes cl\u00e0ssics Montmel\u00f3 2023 - Esperant entrar al Circuit de Catalunya\" role=\"img\" ><\/div>\n\t\t\t\t\t\t\t\t\t\t\t<div class=\"elementor-gallery-item__overlay\"><\/div>\n\t\t\t\t\t\t\t\t\t\t\t\t\t\t<\/a>\n\t\t\t\t\t\t\t<a class=\"e-gallery-item elementor-gallery-item elementor-animated-content\" href=\"https:\/\/www.jgclassics.com\/wp-content\/uploads\/2023\/09\/20230924_133949-scaled.jpg\" data-elementor-open-lightbox=\"yes\" data-elementor-lightbox-slideshow=\"8e80ada\" data-elementor-lightbox-title=\"10a Trobada cotxes cl\u00e0ssics Montmel\u00f3 2023 - Esperant entrar al Circuit de Catalunya\" data-elementor-lightbox-description=\"Esperant entrar al Circuit de Catalunya\" data-e-action-hash=\"#elementor-action%3Aaction%3Dlightbox%26settings%3DeyJpZCI6MTgzNDcsInVybCI6Imh0dHBzOlwvXC93d3cuamdjbGFzc2ljcy5jb21cL3dwLWNvbnRlbnRcL3VwbG9hZHNcLzIwMjNcLzA5XC8yMDIzMDkyNF8xMzM5NDktc2NhbGVkLmpwZyIsInNsaWRlc2hvdyI6IjhlODBhZGEifQ%3D%3D\">\n\t\t\t\t\t<div class=\"e-gallery-image elementor-gallery-item__image\" data-thumbnail=\"https:\/\/www.jgclassics.com\/wp-content\/uploads\/2023\/09\/20230924_133949-300x169.jpg\" data-width=\"300\" data-height=\"169\" aria-label=\"10a Trobada cotxes cl\u00e0ssics Montmel\u00f3 2023 - Esperant entrar al Circuit de Catalunya\" role=\"img\" ><\/div>\n\t\t\t\t\t\t\t\t\t\t\t<div class=\"elementor-gallery-item__overlay\"><\/div>\n\t\t\t\t\t\t\t\t\t\t\t\t\t\t<\/a>\n\t\t\t\t\t\t\t<a class=\"e-gallery-item elementor-gallery-item elementor-animated-content\" href=\"https:\/\/www.jgclassics.com\/wp-content\/uploads\/2023\/09\/20230924_133953-scaled.jpg\" data-elementor-open-lightbox=\"yes\" data-elementor-lightbox-slideshow=\"8e80ada\" data-elementor-lightbox-title=\"10a Trobada cotxes cl\u00e0ssics Montmel\u00f3 2023 - Esperant entrar al Circuit de Catalunya\" data-elementor-lightbox-description=\"Esperant entrar al Circuit de Catalunya\" data-e-action-hash=\"#elementor-action%3Aaction%3Dlightbox%26settings%3DeyJpZCI6MTgzNTEsInVybCI6Imh0dHBzOlwvXC93d3cuamdjbGFzc2ljcy5jb21cL3dwLWNvbnRlbnRcL3VwbG9hZHNcLzIwMjNcLzA5XC8yMDIzMDkyNF8xMzM5NTMtc2NhbGVkLmpwZyIsInNsaWRlc2hvdyI6IjhlODBhZGEifQ%3D%3D\">\n\t\t\t\t\t<div class=\"e-gallery-image elementor-gallery-item__image\" data-thumbnail=\"https:\/\/www.jgclassics.com\/wp-content\/uploads\/2023\/09\/20230924_133953-169x300.jpg\" data-width=\"169\" data-height=\"300\" aria-label=\"10a Trobada cotxes cl\u00e0ssics Montmel\u00f3 2023 - Esperant entrar al Circuit de Catalunya\" role=\"img\" ><\/div>\n\t\t\t\t\t\t\t\t\t\t\t<div class=\"elementor-gallery-item__overlay\"><\/div>\n\t\t\t\t\t\t\t\t\t\t\t\t\t\t<\/a>\n\t\t\t\t\t\t\t<a class=\"e-gallery-item elementor-gallery-item elementor-animated-content\" href=\"https:\/\/www.jgclassics.com\/wp-content\/uploads\/2023\/09\/20230924_141550-scaled.jpg\" data-elementor-open-lightbox=\"yes\" data-elementor-lightbox-slideshow=\"8e80ada\" data-elementor-lightbox-title=\"10a Trobada cotxes cl\u00e0ssics Montmel\u00f3 2023 - Pit Lane al Circuit de Catalunya\" data-elementor-lightbox-description=\"Pit Lane al Circuit de Catalunya\" data-e-action-hash=\"#elementor-action%3Aaction%3Dlightbox%26settings%3DeyJpZCI6MTgzNTUsInVybCI6Imh0dHBzOlwvXC93d3cuamdjbGFzc2ljcy5jb21cL3dwLWNvbnRlbnRcL3VwbG9hZHNcLzIwMjNcLzA5XC8yMDIzMDkyNF8xNDE1NTAtc2NhbGVkLmpwZyIsInNsaWRlc2hvdyI6IjhlODBhZGEifQ%3D%3D\">\n\t\t\t\t\t<div class=\"e-gallery-image elementor-gallery-item__image\" data-thumbnail=\"https:\/\/www.jgclassics.com\/wp-content\/uploads\/2023\/09\/20230924_141550-300x169.jpg\" data-width=\"300\" data-height=\"169\" aria-label=\"10a Trobada cotxes cl\u00e0ssics Montmel\u00f3 2023 - Pit Lane al Circuit de Catalunya\" role=\"img\" ><\/div>\n\t\t\t\t\t\t\t\t\t\t\t<div class=\"elementor-gallery-item__overlay\"><\/div>\n\t\t\t\t\t\t\t\t\t\t\t\t\t\t<\/a>\n\t\t\t\t\t\t\t<a class=\"e-gallery-item elementor-gallery-item elementor-animated-content\" href=\"https:\/\/www.jgclassics.com\/wp-content\/uploads\/2023\/09\/20230924_141602-scaled.jpg\" data-elementor-open-lightbox=\"yes\" data-elementor-lightbox-slideshow=\"8e80ada\" data-elementor-lightbox-title=\"10a Trobada cotxes cl\u00e0ssics Montmel\u00f3 2023 - Pit Lane al Circuit de Catalunya\" data-elementor-lightbox-description=\"Pit Lane al Circuit de Catalunya\" data-e-action-hash=\"#elementor-action%3Aaction%3Dlightbox%26settings%3DeyJpZCI6MTgzNTksInVybCI6Imh0dHBzOlwvXC93d3cuamdjbGFzc2ljcy5jb21cL3dwLWNvbnRlbnRcL3VwbG9hZHNcLzIwMjNcLzA5XC8yMDIzMDkyNF8xNDE2MDItc2NhbGVkLmpwZyIsInNsaWRlc2hvdyI6IjhlODBhZGEifQ%3D%3D\">\n\t\t\t\t\t<div class=\"e-gallery-image elementor-gallery-item__image\" data-thumbnail=\"https:\/\/www.jgclassics.com\/wp-content\/uploads\/2023\/09\/20230924_141602-300x169.jpg\" data-width=\"300\" data-height=\"169\" aria-label=\"10a Trobada cotxes cl\u00e0ssics Montmel\u00f3 2023 - Pit Lane al Circuit de Catalunya\" role=\"img\" ><\/div>\n\t\t\t\t\t\t\t\t\t\t\t<div class=\"elementor-gallery-item__overlay\"><\/div>\n\t\t\t\t\t\t\t\t\t\t\t\t\t\t<\/a>\n\t\t\t\t\t\t\t<a class=\"e-gallery-item elementor-gallery-item elementor-animated-content\" href=\"https:\/\/www.jgclassics.com\/wp-content\/uploads\/2023\/09\/20230924_141749-scaled.jpg\" data-elementor-open-lightbox=\"yes\" data-elementor-lightbox-slideshow=\"8e80ada\" data-elementor-lightbox-title=\"10a Trobada cotxes cl\u00e0ssics Montmel\u00f3 2023 - Pit Lane al Circuit de Catalunya\" data-elementor-lightbox-description=\"Pit Lane al Circuit de Catalunya\" data-e-action-hash=\"#elementor-action%3Aaction%3Dlightbox%26settings%3DeyJpZCI6MTgzNjMsInVybCI6Imh0dHBzOlwvXC93d3cuamdjbGFzc2ljcy5jb21cL3dwLWNvbnRlbnRcL3VwbG9hZHNcLzIwMjNcLzA5XC8yMDIzMDkyNF8xNDE3NDktc2NhbGVkLmpwZyIsInNsaWRlc2hvdyI6IjhlODBhZGEifQ%3D%3D\">\n\t\t\t\t\t<div class=\"e-gallery-image elementor-gallery-item__image\" data-thumbnail=\"https:\/\/www.jgclassics.com\/wp-content\/uploads\/2023\/09\/20230924_141749-300x169.jpg\" data-width=\"300\" data-height=\"169\" aria-label=\"10a Trobada cotxes cl\u00e0ssics Montmel\u00f3 2023 - Pit Lane al Circuit de Catalunya\" role=\"img\" ><\/div>\n\t\t\t\t\t\t\t\t\t\t\t<div class=\"elementor-gallery-item__overlay\"><\/div>\n\t\t\t\t\t\t\t\t\t\t\t\t\t\t<\/a>\n\t\t\t\t\t\t\t<a class=\"e-gallery-item elementor-gallery-item elementor-animated-content\" href=\"https:\/\/www.jgclassics.com\/wp-content\/uploads\/2023\/09\/20230924_141910-scaled.jpg\" data-elementor-open-lightbox=\"yes\" data-elementor-lightbox-slideshow=\"8e80ada\" data-elementor-lightbox-title=\"10a Trobada cotxes cl\u00e0ssics Montmel\u00f3 2023 - Pit Lane al Circuit de Catalunya\" data-elementor-lightbox-description=\"Pit Lane al Circuit de Catalunya\" data-e-action-hash=\"#elementor-action%3Aaction%3Dlightbox%26settings%3DeyJpZCI6MTgzNjcsInVybCI6Imh0dHBzOlwvXC93d3cuamdjbGFzc2ljcy5jb21cL3dwLWNvbnRlbnRcL3VwbG9hZHNcLzIwMjNcLzA5XC8yMDIzMDkyNF8xNDE5MTAtc2NhbGVkLmpwZyIsInNsaWRlc2hvdyI6IjhlODBhZGEifQ%3D%3D\">\n\t\t\t\t\t<div class=\"e-gallery-image elementor-gallery-item__image\" data-thumbnail=\"https:\/\/www.jgclassics.com\/wp-content\/uploads\/2023\/09\/20230924_141910-300x169.jpg\" data-width=\"300\" data-height=\"169\" aria-label=\"10a Trobada cotxes cl\u00e0ssics Montmel\u00f3 2023 - Pit Lane al Circuit de Catalunya\" role=\"img\" ><\/div>\n\t\t\t\t\t\t\t\t\t\t\t<div class=\"elementor-gallery-item__overlay\"><\/div>\n\t\t\t\t\t\t\t\t\t\t\t\t\t\t<\/a>\n\t\t\t\t\t\t\t<a class=\"e-gallery-item elementor-gallery-item elementor-animated-content\" href=\"https:\/\/www.jgclassics.com\/wp-content\/uploads\/2023\/09\/20230924_141958-scaled.jpg\" data-elementor-open-lightbox=\"yes\" data-elementor-lightbox-slideshow=\"8e80ada\" data-elementor-lightbox-title=\"10a Trobada cotxes cl\u00e0ssics Montmel\u00f3 2023 - Pit Lane al Circuit de Catalunya\" data-elementor-lightbox-description=\"Pit Lane al Circuit de Catalunya\" data-e-action-hash=\"#elementor-action%3Aaction%3Dlightbox%26settings%3DeyJpZCI6MTgzNzEsInVybCI6Imh0dHBzOlwvXC93d3cuamdjbGFzc2ljcy5jb21cL3dwLWNvbnRlbnRcL3VwbG9hZHNcLzIwMjNcLzA5XC8yMDIzMDkyNF8xNDE5NTgtc2NhbGVkLmpwZyIsInNsaWRlc2hvdyI6IjhlODBhZGEifQ%3D%3D\">\n\t\t\t\t\t<div class=\"e-gallery-image elementor-gallery-item__image\" data-thumbnail=\"https:\/\/www.jgclassics.com\/wp-content\/uploads\/2023\/09\/20230924_141958-300x169.jpg\" data-width=\"300\" data-height=\"169\" aria-label=\"10a Trobada cotxes cl\u00e0ssics Montmel\u00f3 2023 - Pit Lane al Circuit de Catalunya\" role=\"img\" ><\/div>\n\t\t\t\t\t\t\t\t\t\t\t<div class=\"elementor-gallery-item__overlay\"><\/div>\n\t\t\t\t\t\t\t\t\t\t\t\t\t\t<\/a>\n\t\t\t\t\t\t\t<a class=\"e-gallery-item elementor-gallery-item elementor-animated-content\" href=\"https:\/\/www.jgclassics.com\/wp-content\/uploads\/2023\/09\/20230924_142104.jpg\" data-elementor-open-lightbox=\"yes\" data-elementor-lightbox-slideshow=\"8e80ada\" data-elementor-lightbox-title=\"10a Trobada cotxes cl\u00e0ssics Montmel\u00f3 2023 -Rodant al Circuit de Catalunya\" data-elementor-lightbox-description=\"Rodant al Circuit de Catalunya\" data-e-action-hash=\"#elementor-action%3Aaction%3Dlightbox%26settings%3DeyJpZCI6MTgzNzUsInVybCI6Imh0dHBzOlwvXC93d3cuamdjbGFzc2ljcy5jb21cL3dwLWNvbnRlbnRcL3VwbG9hZHNcLzIwMjNcLzA5XC8yMDIzMDkyNF8xNDIxMDQuanBnIiwic2xpZGVzaG93IjoiOGU4MGFkYSJ9\">\n\t\t\t\t\t<div class=\"e-gallery-image elementor-gallery-item__image\" data-thumbnail=\"https:\/\/www.jgclassics.com\/wp-content\/uploads\/2023\/09\/20230924_142104-300x254.jpg\" data-width=\"300\" data-height=\"254\" aria-label=\"10a Trobada cotxes cl\u00e0ssics Montmel\u00f3 2023 -Rodant al Circuit de Catalunya\" role=\"img\" ><\/div>\n\t\t\t\t\t\t\t\t\t\t\t<div class=\"elementor-gallery-item__overlay\"><\/div>\n\t\t\t\t\t\t\t\t\t\t\t\t\t\t<\/a>\n\t\t\t\t\t\t\t<a class=\"e-gallery-item elementor-gallery-item elementor-animated-content\" href=\"https:\/\/www.jgclassics.com\/wp-content\/uploads\/2023\/09\/20230924_142210-scaled.jpg\" data-elementor-open-lightbox=\"yes\" data-elementor-lightbox-slideshow=\"8e80ada\" data-elementor-lightbox-title=\"10a Trobada cotxes cl\u00e0ssics Montmel\u00f3 2023 -Rodant al Circuit de Catalunya\" data-elementor-lightbox-description=\"Rodant al Circuit de Catalunya\" data-e-action-hash=\"#elementor-action%3Aaction%3Dlightbox%26settings%3DeyJpZCI6MTgzNzksInVybCI6Imh0dHBzOlwvXC93d3cuamdjbGFzc2ljcy5jb21cL3dwLWNvbnRlbnRcL3VwbG9hZHNcLzIwMjNcLzA5XC8yMDIzMDkyNF8xNDIyMTAtc2NhbGVkLmpwZyIsInNsaWRlc2hvdyI6IjhlODBhZGEifQ%3D%3D\">\n\t\t\t\t\t<div class=\"e-gallery-image elementor-gallery-item__image\" data-thumbnail=\"https:\/\/www.jgclassics.com\/wp-content\/uploads\/2023\/09\/20230924_142210-300x169.jpg\" data-width=\"300\" data-height=\"169\" aria-label=\"10a Trobada cotxes cl\u00e0ssics Montmel\u00f3 2023 -Rodant al Circuit de Catalunya\" role=\"img\" ><\/div>\n\t\t\t\t\t\t\t\t\t\t\t<div class=\"elementor-gallery-item__overlay\"><\/div>\n\t\t\t\t\t\t\t\t\t\t\t\t\t\t<\/a>\n\t\t\t\t\t\t\t<a class=\"e-gallery-item elementor-gallery-item elementor-animated-content\" href=\"https:\/\/www.jgclassics.com\/wp-content\/uploads\/2023\/09\/20230924_142310-scaled.jpg\" data-elementor-open-lightbox=\"yes\" data-elementor-lightbox-slideshow=\"8e80ada\" data-elementor-lightbox-title=\"10a Trobada cotxes cl\u00e0ssics Montmel\u00f3 2023 -Rodant al Circuit de Catalunya\" data-elementor-lightbox-description=\"Rodant al Circuit de Catalunya\" data-e-action-hash=\"#elementor-action%3Aaction%3Dlightbox%26settings%3DeyJpZCI6MTgzODMsInVybCI6Imh0dHBzOlwvXC93d3cuamdjbGFzc2ljcy5jb21cL3dwLWNvbnRlbnRcL3VwbG9hZHNcLzIwMjNcLzA5XC8yMDIzMDkyNF8xNDIzMTAtc2NhbGVkLmpwZyIsInNsaWRlc2hvdyI6IjhlODBhZGEifQ%3D%3D\">\n\t\t\t\t\t<div class=\"e-gallery-image elementor-gallery-item__image\" data-thumbnail=\"https:\/\/www.jgclassics.com\/wp-content\/uploads\/2023\/09\/20230924_142310-300x169.jpg\" data-width=\"300\" data-height=\"169\" aria-label=\"10a Trobada cotxes cl\u00e0ssics Montmel\u00f3 2023 -Rodant al Circuit de Catalunya\" role=\"img\" ><\/div>\n\t\t\t\t\t\t\t\t\t\t\t<div class=\"elementor-gallery-item__overlay\"><\/div>\n\t\t\t\t\t\t\t\t\t\t\t\t\t\t<\/a>\n\t\t\t\t\t\t\t<a class=\"e-gallery-item elementor-gallery-item elementor-animated-content\" href=\"https:\/\/www.jgclassics.com\/wp-content\/uploads\/2023\/09\/20230924_142321-scaled.jpg\" data-elementor-open-lightbox=\"yes\" data-elementor-lightbox-slideshow=\"8e80ada\" data-elementor-lightbox-title=\"10a Trobada cotxes cl\u00e0ssics Montmel\u00f3 2023 -Rodant al Circuit de Catalunya\" data-elementor-lightbox-description=\"Rodant al Circuit de Catalunya\" data-e-action-hash=\"#elementor-action%3Aaction%3Dlightbox%26settings%3DeyJpZCI6MTgzODcsInVybCI6Imh0dHBzOlwvXC93d3cuamdjbGFzc2ljcy5jb21cL3dwLWNvbnRlbnRcL3VwbG9hZHNcLzIwMjNcLzA5XC8yMDIzMDkyNF8xNDIzMjEtc2NhbGVkLmpwZyIsInNsaWRlc2hvdyI6IjhlODBhZGEifQ%3D%3D\">\n\t\t\t\t\t<div class=\"e-gallery-image elementor-gallery-item__image\" data-thumbnail=\"https:\/\/www.jgclassics.com\/wp-content\/uploads\/2023\/09\/20230924_142321-300x169.jpg\" data-width=\"300\" data-height=\"169\" aria-label=\"10a Trobada cotxes cl\u00e0ssics Montmel\u00f3 2023 -Rodant al Circuit de Catalunya\" role=\"img\" ><\/div>\n\t\t\t\t\t\t\t\t\t\t\t<div class=\"elementor-gallery-item__overlay\"><\/div>\n\t\t\t\t\t\t\t\t\t\t\t\t\t\t<\/a>\n\t\t\t\t\t<\/div>\n\t\t\t\t\t<\/div>\n\t\t\t\t<\/div>\n\t\t\t\t\t<\/div>\n\t\t<\/div>\n\t\t\t\t\t<\/div>\n\t\t<\/section>\n\t\t\t\t<section data-particle_enable=\"false\" data-particle-mobile-disabled=\"false\" class=\"elementor-section elementor-top-section elementor-element elementor-element-02ecd54 elementor-section-boxed elementor-section-height-default elementor-section-height-default\" data-id=\"02ecd54\" data-element_type=\"section\" data-e-type=\"section\">\n\t\t\t\t\t\t<div class=\"elementor-container elementor-column-gap-default\">\n\t\t\t\t\t<div class=\"elementor-column elementor-col-100 elementor-top-column elementor-element elementor-element-562ba5b\" data-id=\"562ba5b\" data-element_type=\"column\" data-e-type=\"column\">\n\t\t\t<div class=\"elementor-widget-wrap elementor-element-populated\">\n\t\t\t\t\t\t<div class=\"elementor-element elementor-element-856bc0f elementor-widget elementor-widget-heading\" data-id=\"856bc0f\" data-element_type=\"widget\" data-e-type=\"widget\" data-widget_type=\"heading.default\">\n\t\t\t\t<div class=\"elementor-widget-container\">\n\t\t\t\t\t<h2 class=\"elementor-heading-title elementor-size-default\">Un \u00e8xit rotund. Esperem ja l'11\u00e8 certamen el 2024<\/h2>\t\t\t\t<\/div>\n\t\t\t\t<\/div>\n\t\t\t\t<div class=\"elementor-element elementor-element-cefb4d3 elementor-widget elementor-widget-text-editor\" data-id=\"cefb4d3\" data-element_type=\"widget\" data-e-type=\"widget\" data-widget_type=\"text-editor.default\">\n\t\t\t\t<div class=\"elementor-widget-container\">\n\t\t\t\t\t\t\t\t\t<p>En conclusi\u00f3, el certamen va ser un rotund \u00e8xit en tots els aspectes: Una organitzaci\u00f3 impecable que va aconseguir que tot funcion\u00e9s amb la precisi\u00f3 d&#8217;un rellotge, des de l&#8217;acc\u00e9s i l&#8217;organitzaci\u00f3 dels participants, fins a l&#8217;activitat dins del <a href=\"https:\/\/www.circuitcat.com\/es\/\" target=\"_blank\" rel=\"noopener\">Circuit de Catalunya<\/a>, passant per les facilitats perqu\u00e8 el p\u00fablic pogu\u00e9s accedir de manera c\u00f2moda, el servei de bar, l&#8217;amenitzaci\u00f3 per part del grup de m\u00fasica i l&#8217;speaker, les parades de marxanising, i la col\u00b7laboraci\u00f3 dels propietaris que exposaven els seus vehicles, sempre disposats a compartir tota la informaci\u00f3 que els visitants volguessin saber, aix\u00ed com la seva passi\u00f3 per aquestes m\u00e0quines,  llegat del patrimoni industrial de l&#8217; automoci\u00f3.<\/p>\n<p>No podem menys que felicitar el <strong><br \/>\n  <a href=\"https:\/\/www.classicclubmontmelo.com\/\" target=\"_blank\" rel=\"noopener\">Classic Club Montmel\u00f3<\/a><br \/>\n<\/strong> i sens dubte esperem impacients l&#8217;11\u00e8 certamen del 2024<\/p>\n\t\t\t\t\t\t\t\t<\/div>\n\t\t\t\t<\/div>\n\t\t\t\t\t<\/div>\n\t\t<\/div>\n\t\t\t\t\t<\/div>\n\t\t<\/section>\n\t\t\t\t<\/div>\n\t\t","protected":false},"excerpt":{"rendered":"<p>El passat diumenge dia 24 de Setembre, coincidint amb el dia de la Merc\u00e8, patrona de la ciutat de Barcelona, va tenir lloc la 10a trobada de cotxes cl\u00e0ssics a la poblaci\u00f3 de Montmel\u00f3. T&#8217;ho expliquem<\/p>\n","protected":false},"author":1,"featured_media":18129,"comment_status":"open","ping_status":"open","sticky":false,"template":"elementor_header_footer","format":"standard","meta":{"_monsterinsights_skip_tracking":false,"_monsterinsights_sitenote_active":false,"_monsterinsights_sitenote_note":"","_monsterinsights_sitenote_category":0,"site-sidebar-layout":"default","site-content-layout":"","ast-site-content-layout":"default","site-content-style":"default","site-sidebar-style":"default","ast-global-header-display":"","ast-banner-title-visibility":"","ast-main-header-display":"","ast-hfb-above-header-display":"","ast-hfb-below-header-display":"","ast-hfb-mobile-header-display":"","site-post-title":"","ast-breadcrumbs-content":"","ast-featured-img":"","footer-sml-layout":"","ast-disable-related-posts":"","theme-transparent-header-meta":"","adv-header-id-meta":"","stick-header-meta":"","header-above-stick-meta":"","header-main-stick-meta":"","header-below-stick-meta":"","astra-migrate-meta-layouts":"set","ast-page-background-enabled":"default","ast-page-background-meta":{"desktop":{"background-color":"var(--ast-global-color-4)","background-image":"","background-repeat":"repeat","background-position":"center center","background-size":"auto","background-attachment":"scroll","background-type":"","background-media":"","overlay-type":"","overlay-color":"","overlay-opacity":"","overlay-gradient":""},"tablet":{"background-color":"","background-image":"","background-repeat":"repeat","background-position":"center center","background-size":"auto","background-attachment":"scroll","background-type":"","background-media":"","overlay-type":"","overlay-color":"","overlay-opacity":"","overlay-gradient":""},"mobile":{"background-color":"","background-image":"","background-repeat":"repeat","background-position":"center center","background-size":"auto","background-attachment":"scroll","background-type":"","background-media":"","overlay-type":"","overlay-color":"","overlay-opacity":"","overlay-gradient":""}},"ast-content-background-meta":{"desktop":{"background-color":"var(--ast-global-color-5)","background-image":"","background-repeat":"repeat","background-position":"center center","background-size":"auto","background-attachment":"scroll","background-type":"","background-media":"","overlay-type":"","overlay-color":"","overlay-opacity":"","overlay-gradient":""},"tablet":{"background-color":"var(--ast-global-color-5)","background-image":"","background-repeat":"repeat","background-position":"center center","background-size":"auto","background-attachment":"scroll","background-type":"","background-media":"","overlay-type":"","overlay-color":"","overlay-opacity":"","overlay-gradient":""},"mobile":{"background-color":"var(--ast-global-color-5)","background-image":"","background-repeat":"repeat","background-position":"center center","background-size":"auto","background-attachment":"scroll","background-type":"","background-media":"","overlay-type":"","overlay-color":"","overlay-opacity":"","overlay-gradient":""}},"footnotes":""},"categories":[495],"tags":[],"class_list":["post-18490","post","type-post","status-publish","format-standard","has-post-thumbnail","hentry","category-novetats"],"yoast_head":"<!-- This site is optimized with the Yoast SEO Premium plugin v27.4 (Yoast SEO v27.4) - https:\/\/yoast.com\/product\/yoast-seo-premium-wordpress\/ -->\n<title>Trobada cotxes cl\u00e0ssics Montmel\u00f3 2023 - La cr\u00f2nica - JG Classics : L&#039;emoci\u00f3 de viatjar en el temps<\/title>\n<meta name=\"description\" content=\"El passat diumenge dia 24 de Setembre, coincidint amb el dia de la Merc\u00e8, patrona de la ciutat de Barcelona, va tenir lloc la 10a trobada de cotxes cl\u00e0ssics a la poblaci\u00f3 de Montmel\u00f3. T&#039;ho expliquem\" \/>\n<meta name=\"robots\" content=\"index, follow, max-snippet:-1, max-image-preview:large, max-video-preview:-1\" \/>\n<link rel=\"canonical\" href=\"https:\/\/www.jgclassics.com\/ca\/2023\/09\/26\/trobada-cotxes-classics-montmelo-2023-la-cronica\/\" \/>\n<meta property=\"og:locale\" content=\"ca_ES\" \/>\n<meta property=\"og:type\" content=\"article\" \/>\n<meta property=\"og:title\" content=\"Trobada cotxes cl\u00e0ssics Montmel\u00f3 2023 - La cr\u00f2nica\" \/>\n<meta property=\"og:description\" content=\"El passat diumenge dia 24 de Setembre, coincidint amb el dia de la Merc\u00e8, patrona de la ciutat de Barcelona, va tenir lloc la 10a trobada de cotxes cl\u00e0ssics a la poblaci\u00f3 de Montmel\u00f3. T&#039;ho expliquem\" \/>\n<meta property=\"og:url\" content=\"https:\/\/www.jgclassics.com\/ca\/2023\/09\/26\/trobada-cotxes-classics-montmelo-2023-la-cronica\/\" \/>\n<meta property=\"og:site_name\" content=\"JG Classics : L&#039;emoci\u00f3 de viatjar en el temps\" \/>\n<meta property=\"article:publisher\" content=\"https:\/\/www.facebook.com\/profile.php?id=100086454427345\" \/>\n<meta property=\"article:published_time\" content=\"2023-09-25T23:24:00+00:00\" \/>\n<meta property=\"article:modified_time\" content=\"2023-09-26T12:29:15+00:00\" \/>\n<meta property=\"og:image\" content=\"https:\/\/www.jgclassics.com\/wp-content\/uploads\/2023\/09\/20230924_151454-scaled.jpg\" \/>\n\t<meta property=\"og:image:width\" content=\"2560\" \/>\n\t<meta property=\"og:image:height\" content=\"1332\" \/>\n\t<meta property=\"og:image:type\" content=\"image\/jpeg\" \/>\n<meta name=\"author\" content=\"JG Classics Administrator\" \/>\n<meta name=\"twitter:card\" content=\"summary_large_image\" \/>\n<meta name=\"twitter:description\" content=\"El 24 de setembre de 2023 se celebrar\u00e0 la 10a trobada de cotxes cl\u00e0ssics a Montmel\u00f3. Organitzat pel Cl\u00e0ssic Club Montmel\u00f3, i amb la col\u00b7laboraci\u00f3 de diversos clubs, administracions i entitats, l&#039;esdeveniment tindr\u00e0 lloc a l&#039;Esplanada de la Ronda del Pedregar de Montmel\u00f3.\" \/>\n<meta name=\"twitter:label1\" content=\"Escrit per\" \/>\n\t<meta name=\"twitter:data1\" content=\"JG Classics Administrator\" \/>\n\t<meta name=\"twitter:label2\" content=\"Temps estimat de lectura\" \/>\n\t<meta name=\"twitter:data2\" content=\"6 minuts\" \/>\n<script type=\"application\/ld+json\" class=\"yoast-schema-graph\">{\"@context\":\"https:\\\/\\\/schema.org\",\"@graph\":[{\"@type\":\"Article\",\"@id\":\"https:\\\/\\\/www.jgclassics.com\\\/ca\\\/2023\\\/09\\\/26\\\/trobada-cotxes-classics-montmelo-2023-la-cronica\\\/#article\",\"isPartOf\":{\"@id\":\"https:\\\/\\\/www.jgclassics.com\\\/ca\\\/2023\\\/09\\\/26\\\/trobada-cotxes-classics-montmelo-2023-la-cronica\\\/\"},\"author\":{\"name\":\"JG Classics Administrator\",\"@id\":\"https:\\\/\\\/www.jgclassics.com\\\/ca\\\/#\\\/schema\\\/person\\\/c90c7d27489a18da844c6085e5641f8d\"},\"headline\":\"Trobada cotxes cl\u00e0ssics Montmel\u00f3 2023 &#8211; La cr\u00f2nica\",\"datePublished\":\"2023-09-25T23:24:00+00:00\",\"dateModified\":\"2023-09-26T12:29:15+00:00\",\"mainEntityOfPage\":{\"@id\":\"https:\\\/\\\/www.jgclassics.com\\\/ca\\\/2023\\\/09\\\/26\\\/trobada-cotxes-classics-montmelo-2023-la-cronica\\\/\"},\"wordCount\":994,\"commentCount\":0,\"publisher\":{\"@id\":\"https:\\\/\\\/www.jgclassics.com\\\/ca\\\/#organization\"},\"image\":{\"@id\":\"https:\\\/\\\/www.jgclassics.com\\\/ca\\\/2023\\\/09\\\/26\\\/trobada-cotxes-classics-montmelo-2023-la-cronica\\\/#primaryimage\"},\"thumbnailUrl\":\"https:\\\/\\\/www.jgclassics.com\\\/wp-content\\\/uploads\\\/2023\\\/09\\\/20230924_151454-scaled.jpg\",\"articleSection\":[\"Novetats\"],\"inLanguage\":\"ca\",\"potentialAction\":[{\"@type\":\"CommentAction\",\"name\":\"Comment\",\"target\":[\"https:\\\/\\\/www.jgclassics.com\\\/ca\\\/2023\\\/09\\\/26\\\/trobada-cotxes-classics-montmelo-2023-la-cronica\\\/#respond\"]}]},{\"@type\":\"WebPage\",\"@id\":\"https:\\\/\\\/www.jgclassics.com\\\/ca\\\/2023\\\/09\\\/26\\\/trobada-cotxes-classics-montmelo-2023-la-cronica\\\/\",\"url\":\"https:\\\/\\\/www.jgclassics.com\\\/ca\\\/2023\\\/09\\\/26\\\/trobada-cotxes-classics-montmelo-2023-la-cronica\\\/\",\"name\":\"Trobada cotxes cl\u00e0ssics Montmel\u00f3 2023 - La cr\u00f2nica - JG Classics : L'emoci\u00f3 de viatjar en el temps\",\"isPartOf\":{\"@id\":\"https:\\\/\\\/www.jgclassics.com\\\/ca\\\/#website\"},\"primaryImageOfPage\":{\"@id\":\"https:\\\/\\\/www.jgclassics.com\\\/ca\\\/2023\\\/09\\\/26\\\/trobada-cotxes-classics-montmelo-2023-la-cronica\\\/#primaryimage\"},\"image\":{\"@id\":\"https:\\\/\\\/www.jgclassics.com\\\/ca\\\/2023\\\/09\\\/26\\\/trobada-cotxes-classics-montmelo-2023-la-cronica\\\/#primaryimage\"},\"thumbnailUrl\":\"https:\\\/\\\/www.jgclassics.com\\\/wp-content\\\/uploads\\\/2023\\\/09\\\/20230924_151454-scaled.jpg\",\"datePublished\":\"2023-09-25T23:24:00+00:00\",\"dateModified\":\"2023-09-26T12:29:15+00:00\",\"description\":\"El passat diumenge dia 24 de Setembre, coincidint amb el dia de la Merc\u00e8, patrona de la ciutat de Barcelona, va tenir lloc la 10a trobada de cotxes cl\u00e0ssics a la poblaci\u00f3 de Montmel\u00f3. T'ho expliquem\",\"breadcrumb\":{\"@id\":\"https:\\\/\\\/www.jgclassics.com\\\/ca\\\/2023\\\/09\\\/26\\\/trobada-cotxes-classics-montmelo-2023-la-cronica\\\/#breadcrumb\"},\"inLanguage\":\"ca\",\"potentialAction\":[{\"@type\":\"ReadAction\",\"target\":[\"https:\\\/\\\/www.jgclassics.com\\\/ca\\\/2023\\\/09\\\/26\\\/trobada-cotxes-classics-montmelo-2023-la-cronica\\\/\"]}]},{\"@type\":\"ImageObject\",\"inLanguage\":\"ca\",\"@id\":\"https:\\\/\\\/www.jgclassics.com\\\/ca\\\/2023\\\/09\\\/26\\\/trobada-cotxes-classics-montmelo-2023-la-cronica\\\/#primaryimage\",\"url\":\"https:\\\/\\\/www.jgclassics.com\\\/wp-content\\\/uploads\\\/2023\\\/09\\\/20230924_151454-scaled.jpg\",\"contentUrl\":\"https:\\\/\\\/www.jgclassics.com\\\/wp-content\\\/uploads\\\/2023\\\/09\\\/20230924_151454-scaled.jpg\",\"width\":2560,\"height\":1332,\"caption\":\"10a Trobada cotxes cl\u00e0ssics Montmel\u00f3 2023 - El nostre dorsal 075\"},{\"@type\":\"BreadcrumbList\",\"@id\":\"https:\\\/\\\/www.jgclassics.com\\\/ca\\\/2023\\\/09\\\/26\\\/trobada-cotxes-classics-montmelo-2023-la-cronica\\\/#breadcrumb\",\"itemListElement\":[{\"@type\":\"ListItem\",\"position\":1,\"name\":\"Inicio\",\"item\":\"https:\\\/\\\/www.jgclassics.com\\\/ca\\\/jg-classics-cotxes-classics-i-historics-per-viatjar-en-el-temps\\\/\"},{\"@type\":\"ListItem\",\"position\":2,\"name\":\"Trobada cotxes cl\u00e0ssics Montmel\u00f3 2023 &#8211; La cr\u00f2nica\"}]},{\"@type\":\"WebSite\",\"@id\":\"https:\\\/\\\/www.jgclassics.com\\\/ca\\\/#website\",\"url\":\"https:\\\/\\\/www.jgclassics.com\\\/ca\\\/\",\"name\":\"JG Classics : L'emoci\u00f3 de viatjar en el temps\",\"description\":\"Cotxes cl\u00e0ssics, autom\u00f2bils hist\u00f2rics: Lloguer, suport a restauracions, info t\u00e8cnica i compra de material\",\"publisher\":{\"@id\":\"https:\\\/\\\/www.jgclassics.com\\\/ca\\\/#organization\"},\"alternateName\":\"JG Classics - Coches cl\u00e1sicos e hist\u00f3ricos - Alquiler, blogs, informaci\u00f3n, art\u00edculos\",\"potentialAction\":[{\"@type\":\"SearchAction\",\"target\":{\"@type\":\"EntryPoint\",\"urlTemplate\":\"https:\\\/\\\/www.jgclassics.com\\\/ca\\\/?s={search_term_string}\"},\"query-input\":{\"@type\":\"PropertyValueSpecification\",\"valueRequired\":true,\"valueName\":\"search_term_string\"}}],\"inLanguage\":\"ca\"},{\"@type\":\"Organization\",\"@id\":\"https:\\\/\\\/www.jgclassics.com\\\/ca\\\/#organization\",\"name\":\"JG Classics : L'emoci\u00f3 de viatjar en el temps\",\"alternateName\":\"JG Classics\",\"url\":\"https:\\\/\\\/www.jgclassics.com\\\/ca\\\/\",\"logo\":{\"@type\":\"ImageObject\",\"inLanguage\":\"ca\",\"@id\":\"https:\\\/\\\/www.jgclassics.com\\\/ca\\\/#\\\/schema\\\/logo\\\/image\\\/\",\"url\":\"https:\\\/\\\/www.jgclassics.com\\\/wp-content\\\/uploads\\\/2022\\\/10\\\/Color-logo-with-background.svg\",\"contentUrl\":\"https:\\\/\\\/www.jgclassics.com\\\/wp-content\\\/uploads\\\/2022\\\/10\\\/Color-logo-with-background.svg\",\"width\":3171,\"height\":2303,\"caption\":\"JG Classics : L'emoci\u00f3 de viatjar en el temps\"},\"image\":{\"@id\":\"https:\\\/\\\/www.jgclassics.com\\\/ca\\\/#\\\/schema\\\/logo\\\/image\\\/\"},\"sameAs\":[\"https:\\\/\\\/www.facebook.com\\\/profile.php?id=100086454427345\"]},{\"@type\":\"Person\",\"@id\":\"https:\\\/\\\/www.jgclassics.com\\\/ca\\\/#\\\/schema\\\/person\\\/c90c7d27489a18da844c6085e5641f8d\",\"name\":\"JG Classics Administrator\",\"image\":{\"@type\":\"ImageObject\",\"inLanguage\":\"ca\",\"@id\":\"https:\\\/\\\/secure.gravatar.com\\\/avatar\\\/ededfcc22765048d597870dfa6024bcb30f5c6fa35cd8cf28a5f1ac6e0067a31?s=96&d=mm&r=g\",\"url\":\"https:\\\/\\\/secure.gravatar.com\\\/avatar\\\/ededfcc22765048d597870dfa6024bcb30f5c6fa35cd8cf28a5f1ac6e0067a31?s=96&d=mm&r=g\",\"contentUrl\":\"https:\\\/\\\/secure.gravatar.com\\\/avatar\\\/ededfcc22765048d597870dfa6024bcb30f5c6fa35cd8cf28a5f1ac6e0067a31?s=96&d=mm&r=g\",\"caption\":\"JG Classics Administrator\"},\"sameAs\":[\"https:\\\/\\\/www.jgclassics.com\"],\"url\":\"https:\\\/\\\/www.jgclassics.com\\\/ca\\\/author\\\/jgclassics_hikp0z\\\/\"}]}<\/script>\n<!-- \/ Yoast SEO Premium plugin. -->","yoast_head_json":{"title":"Trobada cotxes cl\u00e0ssics Montmel\u00f3 2023 - La cr\u00f2nica - JG Classics : L'emoci\u00f3 de viatjar en el temps","description":"El passat diumenge dia 24 de Setembre, coincidint amb el dia de la Merc\u00e8, patrona de la ciutat de Barcelona, va tenir lloc la 10a trobada de cotxes cl\u00e0ssics a la poblaci\u00f3 de Montmel\u00f3. T'ho expliquem","robots":{"index":"index","follow":"follow","max-snippet":"max-snippet:-1","max-image-preview":"max-image-preview:large","max-video-preview":"max-video-preview:-1"},"canonical":"https:\/\/www.jgclassics.com\/ca\/2023\/09\/26\/trobada-cotxes-classics-montmelo-2023-la-cronica\/","og_locale":"ca_ES","og_type":"article","og_title":"Trobada cotxes cl\u00e0ssics Montmel\u00f3 2023 - La cr\u00f2nica","og_description":"El passat diumenge dia 24 de Setembre, coincidint amb el dia de la Merc\u00e8, patrona de la ciutat de Barcelona, va tenir lloc la 10a trobada de cotxes cl\u00e0ssics a la poblaci\u00f3 de Montmel\u00f3. T'ho expliquem","og_url":"https:\/\/www.jgclassics.com\/ca\/2023\/09\/26\/trobada-cotxes-classics-montmelo-2023-la-cronica\/","og_site_name":"JG Classics : L'emoci\u00f3 de viatjar en el temps","article_publisher":"https:\/\/www.facebook.com\/profile.php?id=100086454427345","article_published_time":"2023-09-25T23:24:00+00:00","article_modified_time":"2023-09-26T12:29:15+00:00","og_image":[{"width":2560,"height":1332,"url":"https:\/\/www.jgclassics.com\/wp-content\/uploads\/2023\/09\/20230924_151454-scaled.jpg","type":"image\/jpeg"}],"author":"JG Classics Administrator","twitter_card":"summary_large_image","twitter_description":"El 24 de setembre de 2023 se celebrar\u00e0 la 10a trobada de cotxes cl\u00e0ssics a Montmel\u00f3. Organitzat pel Cl\u00e0ssic Club Montmel\u00f3, i amb la col\u00b7laboraci\u00f3 de diversos clubs, administracions i entitats, l'esdeveniment tindr\u00e0 lloc a l'Esplanada de la Ronda del Pedregar de Montmel\u00f3.","twitter_misc":{"Escrit per":"JG Classics Administrator","Temps estimat de lectura":"6 minuts"},"schema":{"@context":"https:\/\/schema.org","@graph":[{"@type":"Article","@id":"https:\/\/www.jgclassics.com\/ca\/2023\/09\/26\/trobada-cotxes-classics-montmelo-2023-la-cronica\/#article","isPartOf":{"@id":"https:\/\/www.jgclassics.com\/ca\/2023\/09\/26\/trobada-cotxes-classics-montmelo-2023-la-cronica\/"},"author":{"name":"JG Classics Administrator","@id":"https:\/\/www.jgclassics.com\/ca\/#\/schema\/person\/c90c7d27489a18da844c6085e5641f8d"},"headline":"Trobada cotxes cl\u00e0ssics Montmel\u00f3 2023 &#8211; La cr\u00f2nica","datePublished":"2023-09-25T23:24:00+00:00","dateModified":"2023-09-26T12:29:15+00:00","mainEntityOfPage":{"@id":"https:\/\/www.jgclassics.com\/ca\/2023\/09\/26\/trobada-cotxes-classics-montmelo-2023-la-cronica\/"},"wordCount":994,"commentCount":0,"publisher":{"@id":"https:\/\/www.jgclassics.com\/ca\/#organization"},"image":{"@id":"https:\/\/www.jgclassics.com\/ca\/2023\/09\/26\/trobada-cotxes-classics-montmelo-2023-la-cronica\/#primaryimage"},"thumbnailUrl":"https:\/\/www.jgclassics.com\/wp-content\/uploads\/2023\/09\/20230924_151454-scaled.jpg","articleSection":["Novetats"],"inLanguage":"ca","potentialAction":[{"@type":"CommentAction","name":"Comment","target":["https:\/\/www.jgclassics.com\/ca\/2023\/09\/26\/trobada-cotxes-classics-montmelo-2023-la-cronica\/#respond"]}]},{"@type":"WebPage","@id":"https:\/\/www.jgclassics.com\/ca\/2023\/09\/26\/trobada-cotxes-classics-montmelo-2023-la-cronica\/","url":"https:\/\/www.jgclassics.com\/ca\/2023\/09\/26\/trobada-cotxes-classics-montmelo-2023-la-cronica\/","name":"Trobada cotxes cl\u00e0ssics Montmel\u00f3 2023 - La cr\u00f2nica - JG Classics : L'emoci\u00f3 de viatjar en el temps","isPartOf":{"@id":"https:\/\/www.jgclassics.com\/ca\/#website"},"primaryImageOfPage":{"@id":"https:\/\/www.jgclassics.com\/ca\/2023\/09\/26\/trobada-cotxes-classics-montmelo-2023-la-cronica\/#primaryimage"},"image":{"@id":"https:\/\/www.jgclassics.com\/ca\/2023\/09\/26\/trobada-cotxes-classics-montmelo-2023-la-cronica\/#primaryimage"},"thumbnailUrl":"https:\/\/www.jgclassics.com\/wp-content\/uploads\/2023\/09\/20230924_151454-scaled.jpg","datePublished":"2023-09-25T23:24:00+00:00","dateModified":"2023-09-26T12:29:15+00:00","description":"El passat diumenge dia 24 de Setembre, coincidint amb el dia de la Merc\u00e8, patrona de la ciutat de Barcelona, va tenir lloc la 10a trobada de cotxes cl\u00e0ssics a la poblaci\u00f3 de Montmel\u00f3. T'ho expliquem","breadcrumb":{"@id":"https:\/\/www.jgclassics.com\/ca\/2023\/09\/26\/trobada-cotxes-classics-montmelo-2023-la-cronica\/#breadcrumb"},"inLanguage":"ca","potentialAction":[{"@type":"ReadAction","target":["https:\/\/www.jgclassics.com\/ca\/2023\/09\/26\/trobada-cotxes-classics-montmelo-2023-la-cronica\/"]}]},{"@type":"ImageObject","inLanguage":"ca","@id":"https:\/\/www.jgclassics.com\/ca\/2023\/09\/26\/trobada-cotxes-classics-montmelo-2023-la-cronica\/#primaryimage","url":"https:\/\/www.jgclassics.com\/wp-content\/uploads\/2023\/09\/20230924_151454-scaled.jpg","contentUrl":"https:\/\/www.jgclassics.com\/wp-content\/uploads\/2023\/09\/20230924_151454-scaled.jpg","width":2560,"height":1332,"caption":"10a Trobada cotxes cl\u00e0ssics Montmel\u00f3 2023 - El nostre dorsal 075"},{"@type":"BreadcrumbList","@id":"https:\/\/www.jgclassics.com\/ca\/2023\/09\/26\/trobada-cotxes-classics-montmelo-2023-la-cronica\/#breadcrumb","itemListElement":[{"@type":"ListItem","position":1,"name":"Inicio","item":"https:\/\/www.jgclassics.com\/ca\/jg-classics-cotxes-classics-i-historics-per-viatjar-en-el-temps\/"},{"@type":"ListItem","position":2,"name":"Trobada cotxes cl\u00e0ssics Montmel\u00f3 2023 &#8211; La cr\u00f2nica"}]},{"@type":"WebSite","@id":"https:\/\/www.jgclassics.com\/ca\/#website","url":"https:\/\/www.jgclassics.com\/ca\/","name":"JG Classics : L'emoci\u00f3 de viatjar en el temps","description":"Cotxes cl\u00e0ssics, autom\u00f2bils hist\u00f2rics: Lloguer, suport a restauracions, info t\u00e8cnica i compra de material","publisher":{"@id":"https:\/\/www.jgclassics.com\/ca\/#organization"},"alternateName":"JG Classics - Coches cl\u00e1sicos e hist\u00f3ricos - Alquiler, blogs, informaci\u00f3n, art\u00edculos","potentialAction":[{"@type":"SearchAction","target":{"@type":"EntryPoint","urlTemplate":"https:\/\/www.jgclassics.com\/ca\/?s={search_term_string}"},"query-input":{"@type":"PropertyValueSpecification","valueRequired":true,"valueName":"search_term_string"}}],"inLanguage":"ca"},{"@type":"Organization","@id":"https:\/\/www.jgclassics.com\/ca\/#organization","name":"JG Classics : L'emoci\u00f3 de viatjar en el temps","alternateName":"JG Classics","url":"https:\/\/www.jgclassics.com\/ca\/","logo":{"@type":"ImageObject","inLanguage":"ca","@id":"https:\/\/www.jgclassics.com\/ca\/#\/schema\/logo\/image\/","url":"https:\/\/www.jgclassics.com\/wp-content\/uploads\/2022\/10\/Color-logo-with-background.svg","contentUrl":"https:\/\/www.jgclassics.com\/wp-content\/uploads\/2022\/10\/Color-logo-with-background.svg","width":3171,"height":2303,"caption":"JG Classics : L'emoci\u00f3 de viatjar en el temps"},"image":{"@id":"https:\/\/www.jgclassics.com\/ca\/#\/schema\/logo\/image\/"},"sameAs":["https:\/\/www.facebook.com\/profile.php?id=100086454427345"]},{"@type":"Person","@id":"https:\/\/www.jgclassics.com\/ca\/#\/schema\/person\/c90c7d27489a18da844c6085e5641f8d","name":"JG Classics Administrator","image":{"@type":"ImageObject","inLanguage":"ca","@id":"https:\/\/secure.gravatar.com\/avatar\/ededfcc22765048d597870dfa6024bcb30f5c6fa35cd8cf28a5f1ac6e0067a31?s=96&d=mm&r=g","url":"https:\/\/secure.gravatar.com\/avatar\/ededfcc22765048d597870dfa6024bcb30f5c6fa35cd8cf28a5f1ac6e0067a31?s=96&d=mm&r=g","contentUrl":"https:\/\/secure.gravatar.com\/avatar\/ededfcc22765048d597870dfa6024bcb30f5c6fa35cd8cf28a5f1ac6e0067a31?s=96&d=mm&r=g","caption":"JG Classics Administrator"},"sameAs":["https:\/\/www.jgclassics.com"],"url":"https:\/\/www.jgclassics.com\/ca\/author\/jgclassics_hikp0z\/"}]}},"_links":{"self":[{"href":"https:\/\/www.jgclassics.com\/ca\/wp-json\/wp\/v2\/posts\/18490","targetHints":{"allow":["GET"]}}],"collection":[{"href":"https:\/\/www.jgclassics.com\/ca\/wp-json\/wp\/v2\/posts"}],"about":[{"href":"https:\/\/www.jgclassics.com\/ca\/wp-json\/wp\/v2\/types\/post"}],"author":[{"embeddable":true,"href":"https:\/\/www.jgclassics.com\/ca\/wp-json\/wp\/v2\/users\/1"}],"replies":[{"embeddable":true,"href":"https:\/\/www.jgclassics.com\/ca\/wp-json\/wp\/v2\/comments?post=18490"}],"version-history":[{"count":0,"href":"https:\/\/www.jgclassics.com\/ca\/wp-json\/wp\/v2\/posts\/18490\/revisions"}],"wp:featuredmedia":[{"embeddable":true,"href":"https:\/\/www.jgclassics.com\/ca\/wp-json\/wp\/v2\/media\/18129"}],"wp:attachment":[{"href":"https:\/\/www.jgclassics.com\/ca\/wp-json\/wp\/v2\/media?parent=18490"}],"wp:term":[{"taxonomy":"category","embeddable":true,"href":"https:\/\/www.jgclassics.com\/ca\/wp-json\/wp\/v2\/categories?post=18490"},{"taxonomy":"post_tag","embeddable":true,"href":"https:\/\/www.jgclassics.com\/ca\/wp-json\/wp\/v2\/tags?post=18490"}],"curies":[{"name":"wp","href":"https:\/\/api.w.org\/{rel}","templated":true}]}}