{"id":21956,"date":"2025-03-10T20:37:57","date_gmt":"2025-03-10T19:37:57","guid":{"rendered":"https:\/\/www.jgclassics.com\/2025\/03\/10\/opel-manta-la-seva-dura-carrera-fins-a-cotxe-classic\/"},"modified":"2025-03-12T07:45:04","modified_gmt":"2025-03-12T06:45:04","slug":"opel-manta-la-seva-dura-carrera-fins-a-cotxe-classic","status":"publish","type":"post","link":"https:\/\/www.jgclassics.com\/ca\/2025\/03\/10\/opel-manta-la-seva-dura-carrera-fins-a-cotxe-classic\/","title":{"rendered":"Opel Manta: La seva dura carrera fins a cotxe cl\u00e0ssic"},"content":{"rendered":"\t\t<div data-elementor-type=\"wp-post\" data-elementor-id=\"21956\" class=\"elementor elementor-21956 elementor-21787\" data-elementor-post-type=\"post\">\n\t\t\t\t\t\t<section data-particle_enable=\"false\" data-particle-mobile-disabled=\"false\" class=\"elementor-section elementor-top-section elementor-element elementor-element-5753eadc elementor-section-boxed elementor-section-height-default elementor-section-height-default\" data-id=\"5753eadc\" data-element_type=\"section\" data-e-type=\"section\">\n\t\t\t\t\t\t<div class=\"elementor-container elementor-column-gap-default\">\n\t\t\t\t\t<div class=\"elementor-column elementor-col-100 elementor-top-column elementor-element elementor-element-7bf7cc12\" data-id=\"7bf7cc12\" data-element_type=\"column\" data-e-type=\"column\">\n\t\t\t<div class=\"elementor-widget-wrap elementor-element-populated\">\n\t\t\t\t\t\t<div class=\"elementor-element elementor-element-5e1bd317 elementor-widget elementor-widget-wpml-language-switcher\" data-id=\"5e1bd317\" data-element_type=\"widget\" data-e-type=\"widget\" data-widget_type=\"wpml-language-switcher.default\">\n\t\t\t\t<div class=\"elementor-widget-container\">\n\t\t\t\t\t<div class=\"wpml-elementor-ls\">\n<div role=\"navigation\" aria-label=\"Language Switcher\" class=\"wpml-ls-statics-shortcode_actions wpml-ls wpml-ls-legacy-list-horizontal\">\n\t<ul><li class=\"wpml-ls-slot-shortcode_actions wpml-ls-item wpml-ls-item-es wpml-ls-first-item wpml-ls-item-legacy-list-horizontal\">\n\t\t\t\t<a href=\"https:\/\/www.jgclassics.com\/\" hreflang=\"es\" lang=\"es\" class=\"wpml-ls-link\" aria-label=\"Switch to Spanish (Espa\u00f1ol)\" title=\"Switch to Spanish (Espa\u00f1ol)\">\n\t\t\t\t\t                                    <img decoding=\"async\"\n            class=\"wpml-ls-flag\"\n            src=\"https:\/\/www.jgclassics.com\/wp-content\/plugins\/sitepress-multilingual-cms\/res\/flags\/es.svg\"\n            alt=\"\"\n            loading=\"lazy\"\n            width=18\n            height=12\n    \/><span class=\"wpml-ls-native\">Espa\u00f1ol<\/span><span class=\"wpml-ls-display\"><span class=\"wpml-ls-bracket\"> (<\/span>Spanish<span class=\"wpml-ls-bracket\">)<\/span><\/span><\/a>\n\t\t\t<\/li><li class=\"wpml-ls-slot-shortcode_actions wpml-ls-item wpml-ls-item-ca wpml-ls-current-language wpml-ls-item-legacy-list-horizontal\">\n\t\t\t\t<a href=\"https:\/\/www.jgclassics.com\/ca\/\" hreflang=\"ca\" lang=\"ca\" class=\"wpml-ls-link\" aria-current=\"page\" aria-label=\"Switch to Catal\u00e0 (Catal\u00e0)\" title=\"Switch to Catal\u00e0 (Catal\u00e0)\">\n\t\t\t\t\t                                    <img decoding=\"async\"\n            class=\"wpml-ls-flag\"\n            src=\"https:\/\/www.jgclassics.com\/wp-content\/plugins\/sitepress-multilingual-cms\/res\/flags\/ca.svg\"\n            alt=\"\"\n            loading=\"lazy\"\n            width=18\n            height=12\n    \/><span class=\"wpml-ls-native\">Catal\u00e0<\/span><\/a>\n\t\t\t<\/li><li class=\"wpml-ls-slot-shortcode_actions wpml-ls-item wpml-ls-item-en wpml-ls-item-legacy-list-horizontal\">\n\t\t\t\t<a href=\"https:\/\/www.jgclassics.com\/en\/\" hreflang=\"en\" lang=\"en\" class=\"wpml-ls-link\" aria-label=\"Switch to English (English)\" title=\"Switch to English (English)\">\n\t\t\t\t\t                                    <img decoding=\"async\"\n            class=\"wpml-ls-flag\"\n            src=\"https:\/\/www.jgclassics.com\/wp-content\/plugins\/sitepress-multilingual-cms\/res\/flags\/en.svg\"\n            alt=\"\"\n            loading=\"lazy\"\n            width=18\n            height=12\n    \/><span class=\"wpml-ls-native\">English<\/span><\/a>\n\t\t\t<\/li><li class=\"wpml-ls-slot-shortcode_actions wpml-ls-item wpml-ls-item-fr wpml-ls-last-item wpml-ls-item-legacy-list-horizontal\">\n\t\t\t\t<a href=\"https:\/\/www.jgclassics.com\/fr\/\" hreflang=\"fr\" lang=\"fr\" class=\"wpml-ls-link\" aria-label=\"Switch to French (Fran\u00e7ais)\" title=\"Switch to French (Fran\u00e7ais)\">\n\t\t\t\t\t                                    <img decoding=\"async\"\n            class=\"wpml-ls-flag\"\n            src=\"https:\/\/www.jgclassics.com\/wp-content\/plugins\/sitepress-multilingual-cms\/res\/flags\/fr.svg\"\n            alt=\"\"\n            loading=\"lazy\"\n            width=18\n            height=12\n    \/><span class=\"wpml-ls-native\">Fran\u00e7ais<\/span><span class=\"wpml-ls-display\"><span class=\"wpml-ls-bracket\"> (<\/span>French<span class=\"wpml-ls-bracket\">)<\/span><\/span><\/a>\n\t\t\t<\/li><\/ul>\n<\/div>\n<\/div>\t\t\t\t<\/div>\n\t\t\t\t<\/div>\n\t\t\t\t\t<\/div>\n\t\t<\/div>\n\t\t\t\t\t<\/div>\n\t\t<\/section>\n\t\t\t\t<section data-particle_enable=\"false\" data-particle-mobile-disabled=\"false\" class=\"elementor-section elementor-top-section elementor-element elementor-element-623d7706 elementor-section-boxed elementor-section-height-default elementor-section-height-default\" data-id=\"623d7706\" data-element_type=\"section\" data-e-type=\"section\">\n\t\t\t\t\t\t<div class=\"elementor-container elementor-column-gap-default\">\n\t\t\t\t\t<div class=\"elementor-column elementor-col-50 elementor-top-column elementor-element elementor-element-b0be77e\" data-id=\"b0be77e\" data-element_type=\"column\" data-e-type=\"column\">\n\t\t\t<div class=\"elementor-widget-wrap\">\n\t\t\t\t\t\t\t<\/div>\n\t\t<\/div>\n\t\t\t\t<div class=\"elementor-column elementor-col-50 elementor-top-column elementor-element elementor-element-68fd80a1\" data-id=\"68fd80a1\" data-element_type=\"column\" data-e-type=\"column\">\n\t\t\t<div class=\"elementor-widget-wrap elementor-element-populated\">\n\t\t\t\t\t\t<div class=\"elementor-element elementor-element-46663c2a elementor-share-buttons--view-icon elementor-share-buttons--skin-gradient elementor-share-buttons--shape-square elementor-grid-0 elementor-share-buttons--color-official elementor-widget elementor-widget-share-buttons\" data-id=\"46663c2a\" data-element_type=\"widget\" data-e-type=\"widget\" data-widget_type=\"share-buttons.default\">\n\t\t\t\t<div class=\"elementor-widget-container\">\n\t\t\t\t\t\t\t<div class=\"elementor-grid\" role=\"list\">\n\t\t\t\t\t\t\t\t<div class=\"elementor-grid-item\" role=\"listitem\">\n\t\t\t\t\t\t<div class=\"elementor-share-btn elementor-share-btn_facebook\" role=\"button\" tabindex=\"0\" aria-label=\"Compartici\u00f3 en facebook\">\n\t\t\t\t\t\t\t\t\t\t\t\t\t\t\t<span class=\"elementor-share-btn__icon\">\n\t\t\t\t\t\t\t\t<i class=\"fab fa-facebook\" aria-hidden=\"true\"><\/i>\t\t\t\t\t\t\t<\/span>\n\t\t\t\t\t\t\t\t\t\t\t\t\t\t\t\t\t\t\t\t<\/div>\n\t\t\t\t\t<\/div>\n\t\t\t\t\t\t\t\t\t<div class=\"elementor-grid-item\" role=\"listitem\">\n\t\t\t\t\t\t<div class=\"elementor-share-btn elementor-share-btn_whatsapp\" role=\"button\" tabindex=\"0\" aria-label=\"Compartici\u00f3 en whatsapp\">\n\t\t\t\t\t\t\t\t\t\t\t\t\t\t\t<span class=\"elementor-share-btn__icon\">\n\t\t\t\t\t\t\t\t<i class=\"fab fa-whatsapp\" aria-hidden=\"true\"><\/i>\t\t\t\t\t\t\t<\/span>\n\t\t\t\t\t\t\t\t\t\t\t\t\t\t\t\t\t\t\t\t<\/div>\n\t\t\t\t\t<\/div>\n\t\t\t\t\t\t\t\t\t<div class=\"elementor-grid-item\" role=\"listitem\">\n\t\t\t\t\t\t<div class=\"elementor-share-btn elementor-share-btn_email\" role=\"button\" tabindex=\"0\" aria-label=\"Compartici\u00f3 en email\">\n\t\t\t\t\t\t\t\t\t\t\t\t\t\t\t<span class=\"elementor-share-btn__icon\">\n\t\t\t\t\t\t\t\t<i class=\"fas fa-envelope\" aria-hidden=\"true\"><\/i>\t\t\t\t\t\t\t<\/span>\n\t\t\t\t\t\t\t\t\t\t\t\t\t\t\t\t\t\t\t\t<\/div>\n\t\t\t\t\t<\/div>\n\t\t\t\t\t\t\t\t\t<div class=\"elementor-grid-item\" role=\"listitem\">\n\t\t\t\t\t\t<div class=\"elementor-share-btn elementor-share-btn_pinterest\" role=\"button\" tabindex=\"0\" aria-label=\"Compartici\u00f3 en pinterest\">\n\t\t\t\t\t\t\t\t\t\t\t\t\t\t\t<span class=\"elementor-share-btn__icon\">\n\t\t\t\t\t\t\t\t<i class=\"fab fa-pinterest\" aria-hidden=\"true\"><\/i>\t\t\t\t\t\t\t<\/span>\n\t\t\t\t\t\t\t\t\t\t\t\t\t\t\t\t\t\t\t\t<\/div>\n\t\t\t\t\t<\/div>\n\t\t\t\t\t\t<\/div>\n\t\t\t\t\t\t<\/div>\n\t\t\t\t<\/div>\n\t\t\t\t\t<\/div>\n\t\t<\/div>\n\t\t\t\t\t<\/div>\n\t\t<\/section>\n\t\t\t\t<section data-particle_enable=\"false\" data-particle-mobile-disabled=\"false\" class=\"elementor-section elementor-top-section elementor-element elementor-element-138c4407 elementor-section-full_width elementor-section-height-min-height elementor-section-stretched elementor-section-height-default elementor-section-items-middle\" data-id=\"138c4407\" data-element_type=\"section\" data-e-type=\"section\" data-settings=\"{&quot;stretch_section&quot;:&quot;section-stretched&quot;}\">\n\t\t\t\t\t\t<div class=\"elementor-container elementor-column-gap-no\">\n\t\t\t\t\t<div class=\"elementor-column elementor-col-100 elementor-top-column elementor-element elementor-element-3bd6d333\" data-id=\"3bd6d333\" data-element_type=\"column\" data-e-type=\"column\">\n\t\t\t<div class=\"elementor-widget-wrap elementor-element-populated\">\n\t\t\t\t\t\t<div class=\"elementor-element elementor-element-7ad34c86 elementor-invisible elementor-widget elementor-widget-image\" data-id=\"7ad34c86\" data-element_type=\"widget\" data-e-type=\"widget\" data-settings=\"{&quot;_animation&quot;:&quot;fadeInUp&quot;}\" data-widget_type=\"image.default\">\n\t\t\t\t<div class=\"elementor-widget-container\">\n\t\t\t\t\t\t\t\t\t\t\t\t\t\t\t<img fetchpriority=\"high\" decoding=\"async\" width=\"1536\" height=\"864\" src=\"https:\/\/www.jgclassics.com\/wp-content\/uploads\/2023\/05\/20230513_110720-1536x864.jpg\" class=\"attachment-1536x1536 size-1536x1536 wp-image-14257\" alt=\"Opel Manta GTE. Disponible per a lloguer, fotos, filmacions, metratges.\" srcset=\"https:\/\/www.jgclassics.com\/wp-content\/uploads\/2023\/05\/20230513_110720-1536x864.jpg 1536w, https:\/\/www.jgclassics.com\/wp-content\/uploads\/2023\/05\/20230513_110720-300x169.jpg 300w, https:\/\/www.jgclassics.com\/wp-content\/uploads\/2023\/05\/20230513_110720-1024x576.jpg 1024w, https:\/\/www.jgclassics.com\/wp-content\/uploads\/2023\/05\/20230513_110720-768x432.jpg 768w, https:\/\/www.jgclassics.com\/wp-content\/uploads\/2023\/05\/20230513_110720-2048x1152.jpg 2048w\" sizes=\"(max-width: 1536px) 100vw, 1536px\" \/>\t\t\t\t\t\t\t\t\t\t\t\t\t\t\t<\/div>\n\t\t\t\t<\/div>\n\t\t\t\t<div class=\"elementor-element elementor-element-6882606a elementor-widget__width-inherit elementor-invisible elementor-widget elementor-widget-heading\" data-id=\"6882606a\" data-element_type=\"widget\" data-e-type=\"widget\" data-settings=\"{&quot;_animation&quot;:&quot;fadeInDown&quot;}\" data-widget_type=\"heading.default\">\n\t\t\t\t<div class=\"elementor-widget-container\">\n\t\t\t\t\t<h1 class=\"elementor-heading-title elementor-size-default\">L'Opel Manta, la seva reputaci\u00f3, i totes les bromes al voltant seu<\/h1>\t\t\t\t<\/div>\n\t\t\t\t<\/div>\n\t\t\t\t<div class=\"elementor-element elementor-element-42e091c elementor-widget__width-inherit elementor-invisible elementor-widget elementor-widget-heading\" data-id=\"42e091c\" data-element_type=\"widget\" data-e-type=\"widget\" data-settings=\"{&quot;_animation&quot;:&quot;fadeInDown&quot;}\" data-widget_type=\"heading.default\">\n\t\t\t\t<div class=\"elementor-widget-container\">\n\t\t\t\t\t<h2 class=\"elementor-heading-title elementor-size-default\">La seva dura i treballada carrera fins a assolir la categoria de cotxe cl\u00e0ssic<\/h2>\t\t\t\t<\/div>\n\t\t\t\t<\/div>\n\t\t\t\t<div class=\"elementor-element elementor-element-4f6bcab6 elementor-widget elementor-widget-post-info\" data-id=\"4f6bcab6\" data-element_type=\"widget\" data-e-type=\"widget\" data-widget_type=\"post-info.default\">\n\t\t\t\t<div class=\"elementor-widget-container\">\n\t\t\t\t\t\t\t<ul class=\"elementor-inline-items elementor-icon-list-items elementor-post-info\">\n\t\t\t\t\t\t\t\t<li class=\"elementor-icon-list-item elementor-repeater-item-6869cb2 elementor-inline-item\" itemprop=\"author\">\n\t\t\t\t\t\t<a href=\"https:\/\/www.jgclassics.com\/ca\/author\/jgclassics_hikp0z\/\">\n\t\t\t\t\t\t\t\t\t\t\t<span class=\"elementor-icon-list-icon\">\n\t\t\t\t\t\t\t\t<i aria-hidden=\"true\" class=\"far fa-user-circle\"><\/i>\t\t\t\t\t\t\t<\/span>\n\t\t\t\t\t\t\t\t\t<span class=\"elementor-icon-list-text elementor-post-info__item elementor-post-info__item--type-author\">\n\t\t\t\t\t\t\t\t\t\tJG Classics Administrator\t\t\t\t\t<\/span>\n\t\t\t\t\t\t\t\t\t<\/a>\n\t\t\t\t<\/li>\n\t\t\t\t<li class=\"elementor-icon-list-item elementor-repeater-item-a911f47 elementor-inline-item\" itemprop=\"datePublished\">\n\t\t\t\t\t\t<a href=\"https:\/\/www.jgclassics.com\/ca\/2025\/03\/10\/\">\n\t\t\t\t\t\t\t\t\t\t\t<span class=\"elementor-icon-list-icon\">\n\t\t\t\t\t\t\t\t<i aria-hidden=\"true\" class=\"fas fa-calendar\"><\/i>\t\t\t\t\t\t\t<\/span>\n\t\t\t\t\t\t\t\t\t<span class=\"elementor-icon-list-text elementor-post-info__item elementor-post-info__item--type-date\">\n\t\t\t\t\t\t\t\t\t\t<time>mar\u00e7 10, 2025<\/time>\t\t\t\t\t<\/span>\n\t\t\t\t\t\t\t\t\t<\/a>\n\t\t\t\t<\/li>\n\t\t\t\t<li class=\"elementor-icon-list-item elementor-repeater-item-5aa2e53 elementor-inline-item\">\n\t\t\t\t\t\t\t\t\t\t<span class=\"elementor-icon-list-icon\">\n\t\t\t\t\t\t\t\t<i aria-hidden=\"true\" class=\"far fa-clock\"><\/i>\t\t\t\t\t\t\t<\/span>\n\t\t\t\t\t\t\t\t\t<span class=\"elementor-icon-list-text elementor-post-info__item elementor-post-info__item--type-time\">\n\t\t\t\t\t\t\t\t\t\t<time>8:37 pm<\/time>\t\t\t\t\t<\/span>\n\t\t\t\t\t\t\t\t<\/li>\n\t\t\t\t<\/ul>\n\t\t\t\t\t\t<\/div>\n\t\t\t\t<\/div>\n\t\t\t\t\t<\/div>\n\t\t<\/div>\n\t\t\t\t\t<\/div>\n\t\t<\/section>\n\t\t\t\t<section data-particle_enable=\"false\" data-particle-mobile-disabled=\"false\" class=\"elementor-section elementor-top-section elementor-element elementor-element-9eedccd elementor-section-boxed elementor-section-height-default elementor-section-height-default\" data-id=\"9eedccd\" data-element_type=\"section\" data-e-type=\"section\">\n\t\t\t\t\t\t<div class=\"elementor-container elementor-column-gap-default\">\n\t\t\t\t\t<div class=\"elementor-column elementor-col-100 elementor-top-column elementor-element elementor-element-e09e3b2\" data-id=\"e09e3b2\" data-element_type=\"column\" data-e-type=\"column\">\n\t\t\t<div class=\"elementor-widget-wrap elementor-element-populated\">\n\t\t\t\t\t\t<div class=\"elementor-element elementor-element-dfdf5ed elementor-widget elementor-widget-heading\" data-id=\"dfdf5ed\" data-element_type=\"widget\" data-e-type=\"widget\" data-widget_type=\"heading.default\">\n\t\t\t\t<div class=\"elementor-widget-container\">\n\t\t\t\t\t<h2 class=\"elementor-heading-title elementor-size-default\">Del naixement a l'estigmatitzaci\u00f3 fins arribar al reconeixement<\/h2>\t\t\t\t<\/div>\n\t\t\t\t<\/div>\n\t\t\t\t\t<\/div>\n\t\t<\/div>\n\t\t\t\t\t<\/div>\n\t\t<\/section>\n\t\t\t\t<section data-particle_enable=\"false\" data-particle-mobile-disabled=\"false\" class=\"elementor-section elementor-top-section elementor-element elementor-element-11d7b4e elementor-section-boxed elementor-section-height-default elementor-section-height-default\" data-id=\"11d7b4e\" data-element_type=\"section\" data-e-type=\"section\">\n\t\t\t\t\t\t<div class=\"elementor-container elementor-column-gap-default\">\n\t\t\t\t\t<div class=\"elementor-column elementor-col-100 elementor-top-column elementor-element elementor-element-742acb2\" data-id=\"742acb2\" data-element_type=\"column\" data-e-type=\"column\">\n\t\t\t<div class=\"elementor-widget-wrap elementor-element-populated\">\n\t\t\t\t\t\t<div class=\"elementor-element elementor-element-6024b31 elementor-widget elementor-widget-text-editor\" data-id=\"6024b31\" data-element_type=\"widget\" data-e-type=\"widget\" data-widget_type=\"text-editor.default\">\n\t\t\t\t<div class=\"elementor-widget-container\">\n\t\t\t\t\t\t\t\t\t<p>L&#8217;Opel Manta pertany a aquesta generaci\u00f3 dels anomenats \u201ccoup\u00e9s industrials\u201d. Aparegut el 1970, vivint dues generacions (Manta A i Manta B), i cessat de fabricar el 1988 amb gaireb\u00e9 un mili\u00f3 d&#8217;unitats. Es diu que gaireb\u00e9 tots els vehicles cl\u00e0ssics transiten una \u201ctravessia del desert\u201d en qu\u00e8 passen d&#8217;anacr\u00f2nics a vells i de vells a cl\u00e0ssics. L&#8217;Opel Manta tamb\u00e9 per\u00f2 a m\u00e9s \u00e9s que va ser un vehicle que va passar dues vegades per aquest \u201cvia crucis\u201d de l&#8217;anacronisme, la injuriaci\u00f3 i l&#8217;estigmatitzaci\u00f3 -a Alemanya i Espanya, en \u00e8poques diferents- abans de convertir-se en un cl\u00e0ssic amb tots els seus drets i reconeixements. Per\u00f2 aquesta estigmatitzaci\u00f3 va ser potser una de les claus que el va salvar de l&#8217;oblit.      <\/p>\n\t\t\t\t\t\t\t\t<\/div>\n\t\t\t\t<\/div>\n\t\t\t\t\t<\/div>\n\t\t<\/div>\n\t\t\t\t\t<\/div>\n\t\t<\/section>\n\t\t\t\t<section data-particle_enable=\"false\" data-particle-mobile-disabled=\"false\" class=\"elementor-section elementor-top-section elementor-element elementor-element-0759a5c elementor-section-boxed elementor-section-height-default elementor-section-height-default\" data-id=\"0759a5c\" data-element_type=\"section\" data-e-type=\"section\">\n\t\t\t\t\t\t<div class=\"elementor-container elementor-column-gap-default\">\n\t\t\t\t\t<div class=\"elementor-column elementor-col-100 elementor-top-column elementor-element elementor-element-7fc11af\" data-id=\"7fc11af\" data-element_type=\"column\" data-e-type=\"column\">\n\t\t\t<div class=\"elementor-widget-wrap elementor-element-populated\">\n\t\t\t\t\t\t<div class=\"elementor-element elementor-element-c3ec336 elementor-widget elementor-widget-heading\" data-id=\"c3ec336\" data-element_type=\"widget\" data-e-type=\"widget\" data-widget_type=\"heading.default\">\n\t\t\t\t<div class=\"elementor-widget-container\">\n\t\t\t\t\t<h2 class=\"elementor-heading-title elementor-size-default\">Disclaimer i comentari inicial: Bon humor!<\/h2>\t\t\t\t<\/div>\n\t\t\t\t<\/div>\n\t\t\t\t\t<\/div>\n\t\t<\/div>\n\t\t\t\t\t<\/div>\n\t\t<\/section>\n\t\t\t\t<section data-particle_enable=\"false\" data-particle-mobile-disabled=\"false\" class=\"elementor-section elementor-top-section elementor-element elementor-element-3963e93 elementor-section-boxed elementor-section-height-default elementor-section-height-default\" data-id=\"3963e93\" data-element_type=\"section\" data-e-type=\"section\">\n\t\t\t\t\t\t<div class=\"elementor-container elementor-column-gap-default\">\n\t\t\t\t\t<div class=\"elementor-column elementor-col-100 elementor-top-column elementor-element elementor-element-c5d86d0\" data-id=\"c5d86d0\" data-element_type=\"column\" data-e-type=\"column\">\n\t\t\t<div class=\"elementor-widget-wrap elementor-element-populated\">\n\t\t\t\t\t\t<div class=\"elementor-element elementor-element-5f7e614 elementor-widget elementor-widget-text-editor\" data-id=\"5f7e614\" data-element_type=\"widget\" data-e-type=\"widget\" data-widget_type=\"text-editor.default\">\n\t\t\t\t<div class=\"elementor-widget-container\">\n\t\t\t\t\t\t\t\t\t<p style=\"text-align: left;\"><strong><span style=\"color: #000080;\">Primer de tot us comento els preliminars<\/span><\/strong> \ud83d\ude0a<\/p>\n<ul>\n<li>Nosaltres mateixos tenim un Opel Manta. Ho pots veure <a href=\"https:\/\/www.jgclassics.com\/ca\/els-nostres-vehicles\/opel-manta-gte\/\" target=\"_blank\" rel=\"noopener\">aqu\u00ed<\/a> <\/li>\n<li>El meu primer cotxe va ser un Opel Manta (que no l&#8217;actual que apareix aqu\u00ed) \u2013del qual guardo uns records inesborrables. I encara avui, recordo la sensaci\u00f3 d&#8217;asseure&#8217;m per primera vegada als seus comandaments (sensaci\u00f3 que possiblement no he sentit en cap altre cotxe fins avui) <\/li>\n<li>La <a href=\"https:\/\/www.jgclassics.com\/ca\/sobre-nosaltres\/\" target=\"_blank\" rel=\"noopener\">ra\u00f3 de la meva arribada al m\u00f3n dels cotxes cl\u00e0ssics<\/a> precisament aquell primer Opel Manta, en el qual vaig estar treballant en la seva restauraci\u00f3 i posada en marxa despr\u00e9s de la seva \u201cretirada del servei de cotxe de diari\u201d.<\/li>\n<\/ul>\n\t\t\t\t\t\t\t\t<\/div>\n\t\t\t\t<\/div>\n\t\t\t\t\t<\/div>\n\t\t<\/div>\n\t\t\t\t\t<\/div>\n\t\t<\/section>\n\t\t\t\t<section data-particle_enable=\"false\" data-particle-mobile-disabled=\"false\" class=\"elementor-section elementor-top-section elementor-element elementor-element-c839e1c elementor-section-boxed elementor-section-height-default elementor-section-height-default\" data-id=\"c839e1c\" data-element_type=\"section\" data-e-type=\"section\">\n\t\t\t\t\t\t<div class=\"elementor-container elementor-column-gap-default\">\n\t\t\t\t\t<div class=\"elementor-column elementor-col-100 elementor-top-column elementor-element elementor-element-70c11f7\" data-id=\"70c11f7\" data-element_type=\"column\" data-e-type=\"column\">\n\t\t\t<div class=\"elementor-widget-wrap elementor-element-populated\">\n\t\t\t\t\t\t<div class=\"elementor-element elementor-element-edc3faa elementor-widget elementor-widget-text-editor\" data-id=\"edc3faa\" data-element_type=\"widget\" data-e-type=\"widget\" data-widget_type=\"text-editor.default\">\n\t\t\t\t<div class=\"elementor-widget-container\">\n\t\t\t\t\t\t\t\t\t<p>Us prego llegiu, si us plau, aquest article amb la perspectiva que est\u00e0 fet per un propietari de no un, sin\u00f3 dos Opel Manta, -aix\u00ed que ha estat el primer que ha viscut aquestes bromes en carn pr\u00f2pia-, sempre des del bon humor, per\u00f2 sobretot amb tot l&#8217;afecte i afecte cap al model, per la implicaci\u00f3 personal que vaig tenir, i segueixo tenint amb ell.<\/p>\n\t\t\t\t\t\t\t\t<\/div>\n\t\t\t\t<\/div>\n\t\t\t\t\t<\/div>\n\t\t<\/div>\n\t\t\t\t\t<\/div>\n\t\t<\/section>\n\t\t\t\t<section data-particle_enable=\"false\" data-particle-mobile-disabled=\"false\" class=\"elementor-section elementor-top-section elementor-element elementor-element-a51cd40 elementor-section-boxed elementor-section-height-default elementor-section-height-default\" data-id=\"a51cd40\" data-element_type=\"section\" data-e-type=\"section\">\n\t\t\t\t\t\t<div class=\"elementor-container elementor-column-gap-default\">\n\t\t\t\t\t<div class=\"elementor-column elementor-col-100 elementor-top-column elementor-element elementor-element-02ca7dd\" data-id=\"02ca7dd\" data-element_type=\"column\" data-e-type=\"column\">\n\t\t\t<div class=\"elementor-widget-wrap elementor-element-populated\">\n\t\t\t\t\t\t<div class=\"elementor-element elementor-element-4a24dbd elementor-widget elementor-widget-text-editor\" data-id=\"4a24dbd\" data-element_type=\"widget\" data-e-type=\"widget\" data-widget_type=\"text-editor.default\">\n\t\t\t\t<div class=\"elementor-widget-container\">\n\t\t\t\t\t\t\t\t\t<p>Dit aix\u00f2, comencem:<\/p>\n\t\t\t\t\t\t\t\t<\/div>\n\t\t\t\t<\/div>\n\t\t\t\t\t<\/div>\n\t\t<\/div>\n\t\t\t\t\t<\/div>\n\t\t<\/section>\n\t\t\t\t<section data-particle_enable=\"false\" data-particle-mobile-disabled=\"false\" class=\"elementor-section elementor-top-section elementor-element elementor-element-9692d7a elementor-section-boxed elementor-section-height-default elementor-section-height-default\" data-id=\"9692d7a\" data-element_type=\"section\" data-e-type=\"section\">\n\t\t\t\t\t\t<div class=\"elementor-container elementor-column-gap-default\">\n\t\t\t\t\t<div class=\"elementor-column elementor-col-100 elementor-top-column elementor-element elementor-element-0bafe43\" data-id=\"0bafe43\" data-element_type=\"column\" data-e-type=\"column\">\n\t\t\t<div class=\"elementor-widget-wrap elementor-element-populated\">\n\t\t\t\t\t\t<div class=\"elementor-element elementor-element-d028169 elementor-widget elementor-widget-heading\" data-id=\"d028169\" data-element_type=\"widget\" data-e-type=\"widget\" data-widget_type=\"heading.default\">\n\t\t\t\t<div class=\"elementor-widget-container\">\n\t\t\t\t\t<h2 class=\"elementor-heading-title elementor-size-default\">Com vaig saber aix\u00f2 dels acudits de l'Opel Manta?<\/h2>\t\t\t\t<\/div>\n\t\t\t\t<\/div>\n\t\t\t\t\t<\/div>\n\t\t<\/div>\n\t\t\t\t\t<\/div>\n\t\t<\/section>\n\t\t\t\t<section data-particle_enable=\"false\" data-particle-mobile-disabled=\"false\" class=\"elementor-section elementor-top-section elementor-element elementor-element-d180327 elementor-section-boxed elementor-section-height-default elementor-section-height-default\" data-id=\"d180327\" data-element_type=\"section\" data-e-type=\"section\">\n\t\t\t\t\t\t<div class=\"elementor-container elementor-column-gap-default\">\n\t\t\t\t\t<div class=\"elementor-column elementor-col-50 elementor-top-column elementor-element elementor-element-6b3535e\" data-id=\"6b3535e\" data-element_type=\"column\" data-e-type=\"column\">\n\t\t\t<div class=\"elementor-widget-wrap elementor-element-populated\">\n\t\t\t\t\t\t<div class=\"elementor-element elementor-element-b8fe71f elementor-widget elementor-widget-image\" data-id=\"b8fe71f\" data-element_type=\"widget\" data-e-type=\"widget\" data-widget_type=\"image.default\">\n\t\t\t\t<div class=\"elementor-widget-container\">\n\t\t\t\t\t\t\t\t\t\t\t\t<figure class=\"wp-caption\">\n\t\t\t\t\t\t\t\t\t\t<img decoding=\"async\" width=\"913\" height=\"913\" src=\"https:\/\/www.jgclassics.com\/wp-content\/uploads\/2025\/03\/manta_bromas_001.jpg\" class=\"attachment-large size-large wp-image-21790\" alt=\"Teniu algun acudit sobre el Manta?\" srcset=\"https:\/\/www.jgclassics.com\/wp-content\/uploads\/2025\/03\/manta_bromas_001.jpg 913w, https:\/\/www.jgclassics.com\/wp-content\/uploads\/2025\/03\/manta_bromas_001-300x300.jpg 300w, https:\/\/www.jgclassics.com\/wp-content\/uploads\/2025\/03\/manta_bromas_001-150x150.jpg 150w, https:\/\/www.jgclassics.com\/wp-content\/uploads\/2025\/03\/manta_bromas_001-768x768.jpg 768w\" sizes=\"(max-width: 913px) 100vw, 913px\" \/>\t\t\t\t\t\t\t\t\t\t\t<figcaption class=\"widget-image-caption wp-caption-text\">Teniu algun acudit sobre el Manta a la recambra? Deixeu-lo anar ja! <\/figcaption>\n\t\t\t\t\t\t\t\t\t\t<\/figure>\n\t\t\t\t\t\t\t\t\t<\/div>\n\t\t\t\t<\/div>\n\t\t\t\t\t<\/div>\n\t\t<\/div>\n\t\t\t\t<div class=\"elementor-column elementor-col-50 elementor-top-column elementor-element elementor-element-93a3591\" data-id=\"93a3591\" data-element_type=\"column\" data-e-type=\"column\">\n\t\t\t<div class=\"elementor-widget-wrap elementor-element-populated\">\n\t\t\t\t\t\t<div class=\"elementor-element elementor-element-6a96fb4 elementor-widget__width-initial elementor-widget elementor-widget-text-editor\" data-id=\"6a96fb4\" data-element_type=\"widget\" data-e-type=\"widget\" data-widget_type=\"text-editor.default\">\n\t\t\t\t<div class=\"elementor-widget-container\">\n\t\t\t\t\t\t\t\t\t<p>Fa uns quants anys, vaig tenir l&#8217;oportunitat de treballar amb diversos col\u00b7legues de nacionalitat alemanya en un projecte professional que va durar un parell d&#8217;anys. Despr\u00e9s de compartir moltes hores de feina, se sol desenvolupar una bona amistat, passar estones en xerrades generals, parlar de la vida, de la faceta personal i de les aficions \u2013eren a m\u00e9s molt bona gent tots ells-. I entre d&#8217;altres, vam poder compartir converses sobre cotxes, cultura i curiositats automobil\u00edstiques.  <\/p>\n<p>Per aquella \u00e8poca, jo estava restaurant el meu primer Opel Manta, cotxe que com he dit aqu\u00ed mateix al comen\u00e7ament, en una \u00e8poca va ser el meu cotxe de diari, i al qual li tenia un afecte especial. Un dia, mentre parl\u00e0vem sobre cotxes, vaig esmentar la meva Manta i els meus treballs de conservaci\u00f3, per sorpresa meva, em van mirar amb un somriure i tot seguit em van dir: \u201cno saps quina \u00e9s la fama aqu\u00ed a Alemanya sobre l&#8217;Opel Manta?\u201d. <\/p>\n\t\t\t\t\t\t\t\t<\/div>\n\t\t\t\t<\/div>\n\t\t\t\t\t<\/div>\n\t\t<\/div>\n\t\t\t\t\t<\/div>\n\t\t<\/section>\n\t\t\t\t<section data-particle_enable=\"false\" data-particle-mobile-disabled=\"false\" class=\"elementor-section elementor-top-section elementor-element elementor-element-350166b elementor-section-boxed elementor-section-height-default elementor-section-height-default\" data-id=\"350166b\" data-element_type=\"section\" data-e-type=\"section\">\n\t\t\t\t\t\t<div class=\"elementor-container elementor-column-gap-default\">\n\t\t\t\t\t<div class=\"elementor-column elementor-col-100 elementor-top-column elementor-element elementor-element-5333048\" data-id=\"5333048\" data-element_type=\"column\" data-e-type=\"column\">\n\t\t\t<div class=\"elementor-widget-wrap elementor-element-populated\">\n\t\t\t\t\t\t<div class=\"elementor-element elementor-element-a27511d elementor-widget__width-initial elementor-widget elementor-widget-text-editor\" data-id=\"a27511d\" data-element_type=\"widget\" data-e-type=\"widget\" data-widget_type=\"text-editor.default\">\n\t\t\t\t<div class=\"elementor-widget-container\">\n\t\t\t\t\t\t\t\t\t<p>I va ser llavors quan em van explicar que all\u00e0 existia tota una tradici\u00f3 d&#8217;acudits sobre aquest cotxe i sobre l&#8217;arquetip de propietari d&#8217;ell. Em van explicar que, durant els anys 80 i 90, el cotxe es va convertir en una icona del que aqu\u00ed a Espanya es diria cany\u00ed, del tunning exagerat, coses aix\u00ed. I em van explicar que els &#8216;Manta-Fahrer&#8217; (conductors de Manta) tenien fama de ser una mica peculiars, d&#8217;un nivell cultural mitj\u00e0 baix, ostentosos en all\u00f2 que a Espanya es diu un \u201cvull i no puc\u201d i una mica el que aqu\u00ed es diria -perdoneu l&#8217;expressi\u00f3- \u201cchonis\u201d, \u201cpoligoners\u201d o alguna cosa aix\u00ed.  <\/p>\n<p>All\u00f2 em va fer una certa gr\u00e0cia, i encara avui recordo alguns dels acudits que em van explicar. En realitat el comentari no em va molestar, i de fet vaig trobar alguns for\u00e7a ocurrents i una prova de com la cultura popular de vegades d\u00f3na vida pr\u00f2pia a certs cotxes i els seus amos. <\/p>\n\t\t\t\t\t\t\t\t<\/div>\n\t\t\t\t<\/div>\n\t\t\t\t\t<\/div>\n\t\t<\/div>\n\t\t\t\t\t<\/div>\n\t\t<\/section>\n\t\t\t\t<section data-particle_enable=\"false\" data-particle-mobile-disabled=\"false\" class=\"elementor-section elementor-top-section elementor-element elementor-element-78e898e elementor-section-boxed elementor-section-height-default elementor-section-height-default\" data-id=\"78e898e\" data-element_type=\"section\" data-e-type=\"section\">\n\t\t\t\t\t\t<div class=\"elementor-container elementor-column-gap-default\">\n\t\t\t\t\t<div class=\"elementor-column elementor-col-100 elementor-top-column elementor-element elementor-element-c66ce86\" data-id=\"c66ce86\" data-element_type=\"column\" data-e-type=\"column\">\n\t\t\t<div class=\"elementor-widget-wrap elementor-element-populated\">\n\t\t\t\t\t\t<div class=\"elementor-element elementor-element-568d5dd elementor-widget elementor-widget-heading\" data-id=\"568d5dd\" data-element_type=\"widget\" data-e-type=\"widget\" data-widget_type=\"heading.default\">\n\t\t\t\t<div class=\"elementor-widget-container\">\n\t\t\t\t\t<h2 class=\"elementor-heading-title elementor-size-default\">L'Opel Manta: Avui \u00e9s un cotxe cl\u00e0ssic per\u00f2 no sempre va ser aix\u00ed<\/h2>\t\t\t\t<\/div>\n\t\t\t\t<\/div>\n\t\t\t\t\t<\/div>\n\t\t<\/div>\n\t\t\t\t\t<\/div>\n\t\t<\/section>\n\t\t\t\t<section data-particle_enable=\"false\" data-particle-mobile-disabled=\"false\" class=\"elementor-section elementor-top-section elementor-element elementor-element-9e776c4 elementor-section-boxed elementor-section-height-default elementor-section-height-default\" data-id=\"9e776c4\" data-element_type=\"section\" data-e-type=\"section\">\n\t\t\t\t\t\t<div class=\"elementor-container elementor-column-gap-default\">\n\t\t\t\t\t<div class=\"elementor-column elementor-col-100 elementor-top-column elementor-element elementor-element-ebb569d\" data-id=\"ebb569d\" data-element_type=\"column\" data-e-type=\"column\">\n\t\t\t<div class=\"elementor-widget-wrap elementor-element-populated\">\n\t\t\t\t\t\t<div class=\"elementor-element elementor-element-72b889c elementor-widget elementor-widget-text-editor\" data-id=\"72b889c\" data-element_type=\"widget\" data-e-type=\"widget\" data-widget_type=\"text-editor.default\">\n\t\t\t\t<div class=\"elementor-widget-container\">\n\t\t\t\t\t\t\t\t\t<p>Al llarg dels anys, l&#8217;Opel Manta ha passat de ser el blanc de bromes -a Alemanya, per\u00f2 tamb\u00e9 a Espanya- a convertir-se en un cotxe cl\u00e0ssic apreciat, potser no diria tant com \u201cde culte\u201d, per\u00f2 s\u00ed amb una base de seguidors que el reivindiquen com un cl\u00e0ssic digne d&#8217;admiraci\u00f3, i una part de la poblaci\u00f3 d&#8217;una determinada franja d&#8217;edat que el recordo.<\/p>\n\t\t\t\t\t\t\t\t<\/div>\n\t\t\t\t<\/div>\n\t\t\t\t\t<\/div>\n\t\t<\/div>\n\t\t\t\t\t<\/div>\n\t\t<\/section>\n\t\t\t\t<section data-particle_enable=\"false\" data-particle-mobile-disabled=\"false\" class=\"elementor-section elementor-top-section elementor-element elementor-element-7ee8d72 elementor-section-boxed elementor-section-height-default elementor-section-height-default\" data-id=\"7ee8d72\" data-element_type=\"section\" data-e-type=\"section\">\n\t\t\t\t\t\t<div class=\"elementor-container elementor-column-gap-default\">\n\t\t\t\t\t<div class=\"elementor-column elementor-col-100 elementor-top-column elementor-element elementor-element-725b043\" data-id=\"725b043\" data-element_type=\"column\" data-e-type=\"column\">\n\t\t\t<div class=\"elementor-widget-wrap elementor-element-populated\">\n\t\t\t\t\t\t<div class=\"elementor-element elementor-element-fa5015e elementor-widget elementor-widget-heading\" data-id=\"fa5015e\" data-element_type=\"widget\" data-e-type=\"widget\" data-widget_type=\"heading.default\">\n\t\t\t\t<div class=\"elementor-widget-container\">\n\t\t\t\t\t<h2 class=\"elementor-heading-title elementor-size-default\">L'Opel Manta i les bromes sobre ell a Alemanya<\/h2>\t\t\t\t<\/div>\n\t\t\t\t<\/div>\n\t\t\t\t\t<\/div>\n\t\t<\/div>\n\t\t\t\t\t<\/div>\n\t\t<\/section>\n\t\t\t\t<section data-particle_enable=\"false\" data-particle-mobile-disabled=\"false\" class=\"elementor-section elementor-top-section elementor-element elementor-element-a6014dc elementor-section-boxed elementor-section-height-default elementor-section-height-default\" data-id=\"a6014dc\" data-element_type=\"section\" data-e-type=\"section\">\n\t\t\t\t\t\t<div class=\"elementor-container elementor-column-gap-default\">\n\t\t\t\t\t<div class=\"elementor-column elementor-col-100 elementor-top-column elementor-element elementor-element-2f1f6c9\" data-id=\"2f1f6c9\" data-element_type=\"column\" data-e-type=\"column\">\n\t\t\t<div class=\"elementor-widget-wrap elementor-element-populated\">\n\t\t\t\t\t\t<div class=\"elementor-element elementor-element-23297b5 elementor-widget elementor-widget-text-editor\" data-id=\"23297b5\" data-element_type=\"widget\" data-e-type=\"widget\" data-widget_type=\"text-editor.default\">\n\t\t\t\t<div class=\"elementor-widget-container\">\n\t\t\t\t\t\t\t\t\t<p>Anem per aix\u00f2, i us explico coses sobre el tema -i els acudits que el van acompanyar al seu pa\u00eds d&#8217;origen. \ud83d\ude0a &#8211; <\/p>\n<p>La fama cany\u00ed o poligonera de l&#8217;Opel Manta a Alemanya va comen\u00e7ar clarament a principis dels anys 80, i va estar relacionada amb una combinaci\u00f3 de factors socials, econ\u00f2mics i culturals espec\u00edfics del pa\u00eds en aquella \u00e8poca.<\/p>\n\t\t\t\t\t\t\t\t<\/div>\n\t\t\t\t<\/div>\n\t\t\t\t\t<\/div>\n\t\t<\/div>\n\t\t\t\t\t<\/div>\n\t\t<\/section>\n\t\t\t\t<section data-particle_enable=\"false\" data-particle-mobile-disabled=\"false\" class=\"elementor-section elementor-top-section elementor-element elementor-element-f01744d elementor-section-boxed elementor-section-height-default elementor-section-height-default\" data-id=\"f01744d\" data-element_type=\"section\" data-e-type=\"section\">\n\t\t\t\t\t\t<div class=\"elementor-container elementor-column-gap-default\">\n\t\t\t\t\t<div class=\"elementor-column elementor-col-100 elementor-top-column elementor-element elementor-element-86eadb9\" data-id=\"86eadb9\" data-element_type=\"column\" data-e-type=\"column\">\n\t\t\t<div class=\"elementor-widget-wrap elementor-element-populated\">\n\t\t\t\t\t\t<div class=\"elementor-element elementor-element-f805b31 elementor-widget elementor-widget-text-editor\" data-id=\"f805b31\" data-element_type=\"widget\" data-e-type=\"widget\" data-widget_type=\"text-editor.default\">\n\t\t\t\t<div class=\"elementor-widget-container\">\n\t\t\t\t\t\t\t\t\t<p>T&#8217;explico com va sorgir:<\/p>\n\t\t\t\t\t\t\t\t<\/div>\n\t\t\t\t<\/div>\n\t\t\t\t\t<\/div>\n\t\t<\/div>\n\t\t\t\t\t<\/div>\n\t\t<\/section>\n\t\t\t\t<section data-particle_enable=\"false\" data-particle-mobile-disabled=\"false\" class=\"elementor-section elementor-top-section elementor-element elementor-element-5cac0e1 elementor-section-boxed elementor-section-height-default elementor-section-height-default\" data-id=\"5cac0e1\" data-element_type=\"section\" data-e-type=\"section\">\n\t\t\t\t\t\t<div class=\"elementor-container elementor-column-gap-default\">\n\t\t\t\t\t<div class=\"elementor-column elementor-col-100 elementor-top-column elementor-element elementor-element-9e46426\" data-id=\"9e46426\" data-element_type=\"column\" data-e-type=\"column\">\n\t\t\t<div class=\"elementor-widget-wrap elementor-element-populated\">\n\t\t\t\t\t\t<div class=\"elementor-element elementor-element-3ff4b3f elementor-widget elementor-widget-text-editor\" data-id=\"3ff4b3f\" data-element_type=\"widget\" data-e-type=\"widget\" data-widget_type=\"text-editor.default\">\n\t\t\t\t<div class=\"elementor-widget-container\">\n\t\t\t\t\t\t\t\t\t<p><u>Popularitat en joves de classe obrera:<\/u> A principis dels anys 80, l&#8217;Opel Manta B (1975\u20131988) era un cotxe esportiu assequible per a joves treballadors alemanys, especialment a \u00e0rees industrials com la conca del Ruhr. Aix\u00f2 va provocar una associaci\u00f3 forta amb sectors obrers i juvenils: <\/p>\n\t\t\t\t\t\t\t\t<\/div>\n\t\t\t\t<\/div>\n\t\t\t\t\t<\/div>\n\t\t<\/div>\n\t\t\t\t\t<\/div>\n\t\t<\/section>\n\t\t\t\t<section data-particle_enable=\"false\" data-particle-mobile-disabled=\"false\" class=\"elementor-section elementor-top-section elementor-element elementor-element-ad7a4b8 elementor-section-boxed elementor-section-height-default elementor-section-height-default\" data-id=\"ad7a4b8\" data-element_type=\"section\" data-e-type=\"section\">\n\t\t\t\t\t\t<div class=\"elementor-container elementor-column-gap-default\">\n\t\t\t\t\t<div class=\"elementor-column elementor-col-100 elementor-top-column elementor-element elementor-element-496d3ec\" data-id=\"496d3ec\" data-element_type=\"column\" data-e-type=\"column\">\n\t\t\t<div class=\"elementor-widget-wrap elementor-element-populated\">\n\t\t\t\t\t\t<div class=\"elementor-element elementor-element-b3d570a elementor-widget elementor-widget-text-editor\" data-id=\"b3d570a\" data-element_type=\"widget\" data-e-type=\"widget\" data-widget_type=\"text-editor.default\">\n\t\t\t\t<div class=\"elementor-widget-container\">\n\t\t\t\t\t\t\t\t\t<ul>\n<li>En ser relativament barat, va ser accessible per a joves que buscaven un cotxe que sembl\u00e9s m\u00e9s car i esportiu. Era d&#8217;alguna manera l&#8217;esportiu dels que no podien accedir a models d&#8217;Audi, BMW o Mercedes. <\/li>\n<li>Molts propietaris van comen\u00e7ar a modificar-lo, afegint-hi accessoris cridaners com llantes grans, adhesius esportius, kits aerodin\u00e0mics, i la ic\u00f2nica cua de guineu penjada a l&#8217;antena.<\/li>\n<\/ul>\n\t\t\t\t\t\t\t\t<\/div>\n\t\t\t\t<\/div>\n\t\t\t\t\t<\/div>\n\t\t<\/div>\n\t\t\t\t\t<\/div>\n\t\t<\/section>\n\t\t\t\t<section data-particle_enable=\"false\" data-particle-mobile-disabled=\"false\" class=\"elementor-section elementor-top-section elementor-element elementor-element-6d17652 elementor-section-boxed elementor-section-height-default elementor-section-height-default\" data-id=\"6d17652\" data-element_type=\"section\" data-e-type=\"section\">\n\t\t\t\t\t\t<div class=\"elementor-container elementor-column-gap-default\">\n\t\t\t\t\t<div class=\"elementor-column elementor-col-100 elementor-top-column elementor-element elementor-element-fbfc198\" data-id=\"fbfc198\" data-element_type=\"column\" data-e-type=\"column\">\n\t\t\t<div class=\"elementor-widget-wrap elementor-element-populated\">\n\t\t\t\t\t\t<div class=\"elementor-element elementor-element-6ed5dff elementor-widget elementor-widget-heading\" data-id=\"6ed5dff\" data-element_type=\"widget\" data-e-type=\"widget\" data-widget_type=\"heading.default\">\n\t\t\t\t<div class=\"elementor-widget-container\">\n\t\t\t\t\t<h2 class=\"elementor-heading-title elementor-size-default\">Acudits i refer\u00e8ncies culturals de l'Opel Manta a Alemanya<\/h2>\t\t\t\t<\/div>\n\t\t\t\t<\/div>\n\t\t\t\t\t<\/div>\n\t\t<\/div>\n\t\t\t\t\t<\/div>\n\t\t<\/section>\n\t\t\t\t<section data-particle_enable=\"false\" data-particle-mobile-disabled=\"false\" class=\"elementor-section elementor-top-section elementor-element elementor-element-e725f0b elementor-section-boxed elementor-section-height-default elementor-section-height-default\" data-id=\"e725f0b\" data-element_type=\"section\" data-e-type=\"section\">\n\t\t\t\t\t\t<div class=\"elementor-container elementor-column-gap-default\">\n\t\t\t\t\t<div class=\"elementor-column elementor-col-100 elementor-top-column elementor-element elementor-element-1705ded\" data-id=\"1705ded\" data-element_type=\"column\" data-e-type=\"column\">\n\t\t\t<div class=\"elementor-widget-wrap elementor-element-populated\">\n\t\t\t\t\t\t<div class=\"elementor-element elementor-element-a2c8d0a elementor-widget elementor-widget-text-editor\" data-id=\"a2c8d0a\" data-element_type=\"widget\" data-e-type=\"widget\" data-widget_type=\"text-editor.default\">\n\t\t\t\t<div class=\"elementor-widget-container\">\n\t\t\t\t\t\t\t\t\t<p>L&#8217; <strong>Opel Manta<\/strong> (model esportiu d&#8217;Opel produ\u00eft en les d\u00e8cades de 1970-1980) -per\u00f2 sobretot el Manta B- es va convertir r\u00e0pidament a Alemanya en sin\u00f2nim de <em>kitsch<\/em> automobil\u00edstic i va donar peu a innombrables <strong>acudits i bromes<\/strong> . Als anys 80 i principis dels 90 va sorgir tot un <em>g\u00e8nere humor\u00edstic<\/em> al voltant del <strong>Mantafahrer<\/strong> (conductor d&#8217;un Manta) <\/p>\n\t\t\t\t\t\t\t\t<\/div>\n\t\t\t\t<\/div>\n\t\t\t\t\t<\/div>\n\t\t<\/div>\n\t\t\t\t\t<\/div>\n\t\t<\/section>\n\t\t\t\t<section data-particle_enable=\"false\" data-particle-mobile-disabled=\"false\" class=\"elementor-section elementor-top-section elementor-element elementor-element-5f1d2c0 elementor-section-boxed elementor-section-height-default elementor-section-height-default\" data-id=\"5f1d2c0\" data-element_type=\"section\" data-e-type=\"section\">\n\t\t\t\t\t\t<div class=\"elementor-container elementor-column-gap-default\">\n\t\t\t\t\t<div class=\"elementor-column elementor-col-100 elementor-top-column elementor-element elementor-element-71d5099\" data-id=\"71d5099\" data-element_type=\"column\" data-e-type=\"column\">\n\t\t\t<div class=\"elementor-widget-wrap elementor-element-populated\">\n\t\t\t\t\t\t<div class=\"elementor-element elementor-element-afa32b0 elementor-widget elementor-widget-text-editor\" data-id=\"afa32b0\" data-element_type=\"widget\" data-e-type=\"widget\" data-widget_type=\"text-editor.default\">\n\t\t\t\t<div class=\"elementor-widget-container\">\n\t\t\t\t\t\t\t\t\t<p>Aquests acudits es burlaven dels estereotips associats als propietaris d&#8217;aquest cotxe, retratant-los com a joves fanfarrons de classe treballadora, no gaire intel\u00b7ligents, obsessionats amb tunejar el seu autom\u00f2bil i amb n\u00favies perruqueres rosses -s\u00ed perruqueres, no em pregunteu per qu\u00e8, perruqueres-. La popularitat d&#8217;aquests acudits va ser tan gran que van transcendir l&#8217;acudit oral: <em>Manta<\/em> va arribar a ser un <strong>fenomen cultural<\/strong> reflectit en pel\u00b7l\u00edcules, programes de TV i fins i tot anuncis publicitaris a Alemanya. A continuaci\u00f3, explorem el context i alguns dels <strong>acudits m\u00e9s populars<\/strong> sobre l&#8217;Opel Manta, juntament amb les seves refer\u00e8ncies a la cultura alemanya.  <\/p>\n\t\t\t\t\t\t\t\t<\/div>\n\t\t\t\t<\/div>\n\t\t\t\t\t<\/div>\n\t\t<\/div>\n\t\t\t\t\t<\/div>\n\t\t<\/section>\n\t\t\t\t<section data-particle_enable=\"false\" data-particle-mobile-disabled=\"false\" class=\"elementor-section elementor-top-section elementor-element elementor-element-2a2b7c9 elementor-section-boxed elementor-section-height-default elementor-section-height-default\" data-id=\"2a2b7c9\" data-element_type=\"section\" data-e-type=\"section\">\n\t\t\t\t\t\t<div class=\"elementor-container elementor-column-gap-default\">\n\t\t\t\t\t<div class=\"elementor-column elementor-col-100 elementor-top-column elementor-element elementor-element-6f26ff2\" data-id=\"6f26ff2\" data-element_type=\"column\" data-e-type=\"column\">\n\t\t\t<div class=\"elementor-widget-wrap elementor-element-populated\">\n\t\t\t\t\t\t<div class=\"elementor-element elementor-element-1e3374b elementor-widget elementor-widget-heading\" data-id=\"1e3374b\" data-element_type=\"widget\" data-e-type=\"widget\" data-widget_type=\"heading.default\">\n\t\t\t\t<div class=\"elementor-widget-container\">\n\t\t\t\t\t<h2 class=\"elementor-heading-title elementor-size-default\">L'estereotip del conductor d'un Manta<\/h2>\t\t\t\t<\/div>\n\t\t\t\t<\/div>\n\t\t\t\t\t<\/div>\n\t\t<\/div>\n\t\t\t\t\t<\/div>\n\t\t<\/section>\n\t\t\t\t<section data-particle_enable=\"false\" data-particle-mobile-disabled=\"false\" class=\"elementor-section elementor-top-section elementor-element elementor-element-7f26ba0 elementor-section-boxed elementor-section-height-default elementor-section-height-default\" data-id=\"7f26ba0\" data-element_type=\"section\" data-e-type=\"section\">\n\t\t\t\t\t\t<div class=\"elementor-container elementor-column-gap-default\">\n\t\t\t\t\t<div class=\"elementor-column elementor-col-100 elementor-top-column elementor-element elementor-element-7bad637\" data-id=\"7bad637\" data-element_type=\"column\" data-e-type=\"column\">\n\t\t\t<div class=\"elementor-widget-wrap elementor-element-populated\">\n\t\t\t\t\t\t<div class=\"elementor-element elementor-element-c3b3cf8 elementor-widget elementor-widget-text-editor\" data-id=\"c3b3cf8\" data-element_type=\"widget\" data-e-type=\"widget\" data-widget_type=\"text-editor.default\">\n\t\t\t\t<div class=\"elementor-widget-container\">\n\t\t\t\t\t\t\t\t\t<p>El protagonista t\u00edpic dels acudits, el <strong>\u201cMantafahrer\u201d<\/strong> , es descrivia amb una s\u00e8rie de caracter\u00edstiques caricaturitzades:<\/p>\n\t\t\t\t\t\t\t\t<\/div>\n\t\t\t\t<\/div>\n\t\t\t\t\t<\/div>\n\t\t<\/div>\n\t\t\t\t\t<\/div>\n\t\t<\/section>\n\t\t\t\t<section data-particle_enable=\"false\" data-particle-mobile-disabled=\"false\" class=\"elementor-section elementor-top-section elementor-element elementor-element-72c2d10 elementor-section-boxed elementor-section-height-default elementor-section-height-default\" data-id=\"72c2d10\" data-element_type=\"section\" data-e-type=\"section\">\n\t\t\t\t\t\t<div class=\"elementor-container elementor-column-gap-default\">\n\t\t\t\t\t<div class=\"elementor-column elementor-col-100 elementor-top-column elementor-element elementor-element-1d6214c\" data-id=\"1d6214c\" data-element_type=\"column\" data-e-type=\"column\">\n\t\t\t<div class=\"elementor-widget-wrap elementor-element-populated\">\n\t\t\t\t\t\t<div class=\"elementor-element elementor-element-8fa505e elementor-widget elementor-widget-text-editor\" data-id=\"8fa505e\" data-element_type=\"widget\" data-e-type=\"widget\" data-widget_type=\"text-editor.default\">\n\t\t\t\t<div class=\"elementor-widget-container\">\n\t\t\t\t\t\t\t\t\t<ul>\n<li><strong>Perfil sociocultural:<\/strong> Als conductors d&#8217;Opel Manta se&#8217;ls anomenava gen\u00e8ricament <em>Manni<\/em> (que \u00e9s un diminutiu de Manfred, i aqu\u00ed m\u00e9s avall us explico per qu\u00e8). L&#8217;arquetip de conductor de Manta era un jove de classe treballadora (sovint originari de l&#8217;\u00e0rea industrial del Ruhr) amb maneres de <em>mascle<\/em> i al qual -justament o injustament- no se li atribu\u00efa ni molta intel\u00b7lig\u00e8ncia, ni gran nivell cultural -el problema dels estereotips \u00e9s que acaben penjant etiquetes dif\u00edcils d&#8217;eliminar-. <\/li>\n<li><strong>La seva companya<\/strong> habitual era <em>\u201cla rossa perruquera\u201d<\/em> , \u00e9s a dir, la n\u00favia de cabell \u201cros d&#8217;aigua oxigenada\u201d que treballa en una perruqueria.<\/li>\n<li><strong>El cotxe, el Manta:<\/strong> era el seu orgull i reflex d&#8217;estatus. El vehicle sol apar\u00e8ixer <strong>tunejat<\/strong> o modificat: suspensi\u00f3 rebaixada, carrosseria adornada amb detalls <em>sport<\/em> (llantes d&#8217;aliatge, franges de carrera, fars addicionals) i accessoris com una <strong>cua de guineu<\/strong> penjada de l&#8217;antena i un gran adhesiu de la marca d&#8217;\u00e0udio \u201cKenwood\u201d a la lluneta del darrere. <\/li>\n<li><strong>La seva actitud:<\/strong> El conductor sempre maneja amb <strong>el colze abocat per la finestreta<\/strong> , un posat xulesc que segons la broma fins a rovellava la porta per la seva suor.<\/li>\n<li><strong>Educaci\u00f3 i forma de parlar:<\/strong> se li atribu\u00efa un nivell d&#8217;estudis baix (com a molt la secund\u00e0ria b\u00e0sica, <em>Hauptschule<\/em> , sovint repetida) i una parla esquitxada de <em>falques<\/em> col\u00b7loquials com <em>\u201cey\u201d<\/em> o <em>\u201cboah\u201d<\/em><\/li>\n<\/ul>\n\t\t\t\t\t\t\t\t<\/div>\n\t\t\t\t<\/div>\n\t\t\t\t\t<\/div>\n\t\t<\/div>\n\t\t\t\t\t<\/div>\n\t\t<\/section>\n\t\t\t\t<section data-particle_enable=\"false\" data-particle-mobile-disabled=\"false\" class=\"elementor-section elementor-top-section elementor-element elementor-element-5d99918 elementor-section-boxed elementor-section-height-default elementor-section-height-default\" data-id=\"5d99918\" data-element_type=\"section\" data-e-type=\"section\">\n\t\t\t\t\t\t<div class=\"elementor-container elementor-column-gap-default\">\n\t\t\t\t\t<div class=\"elementor-column elementor-col-50 elementor-top-column elementor-element elementor-element-46feb08\" data-id=\"46feb08\" data-element_type=\"column\" data-e-type=\"column\">\n\t\t\t<div class=\"elementor-widget-wrap elementor-element-populated\">\n\t\t\t\t\t\t<div class=\"elementor-element elementor-element-592fa08 elementor-widget elementor-widget-text-editor\" data-id=\"592fa08\" data-element_type=\"widget\" data-e-type=\"widget\" data-widget_type=\"text-editor.default\">\n\t\t\t\t<div class=\"elementor-widget-container\">\n\t\t\t\t\t\t\t\t\t<p>I aquest era el quadre sota el qual s&#8217;agrupava el prototip de conductor\/propietari d&#8217;Opel Manta. Aquest personatge exageradament simple fins i tot recorria a frases tosques per lligar, refor\u00e7ant la seva imatge de tipus una mica kitsch i directe. <\/p>\n\t\t\t\t\t\t\t\t<\/div>\n\t\t\t\t<\/div>\n\t\t\t\t\t<\/div>\n\t\t<\/div>\n\t\t\t\t<div class=\"elementor-column elementor-col-50 elementor-top-column elementor-element elementor-element-ebfce5a\" data-id=\"ebfce5a\" data-element_type=\"column\" data-e-type=\"column\">\n\t\t\t<div class=\"elementor-widget-wrap elementor-element-populated\">\n\t\t\t\t\t\t<div class=\"elementor-element elementor-element-e3f5abf elementor-widget elementor-widget-image\" data-id=\"e3f5abf\" data-element_type=\"widget\" data-e-type=\"widget\" data-widget_type=\"image.default\">\n\t\t\t\t<div class=\"elementor-widget-container\">\n\t\t\t\t\t\t\t\t\t\t\t\t\t\t\t\t<a href=\"https:\/\/www.jgclassics.com\/wp-content\/uploads\/2025\/03\/manni_opel_manta_001_lighting.jpg\" data-elementor-open-lightbox=\"yes\" data-elementor-lightbox-title=\"manni_opel_manta_001_lighting\" data-elementor-lightbox-description=\"manni_opel_manta\" data-e-action-hash=\"#elementor-action%3Aaction%3Dlightbox%26settings%3DeyJpZCI6MjE4MDAsInVybCI6Imh0dHBzOlwvXC93d3cuamdjbGFzc2ljcy5jb21cL3dwLWNvbnRlbnRcL3VwbG9hZHNcLzIwMjVcLzAzXC9tYW5uaV9vcGVsX21hbnRhXzAwMV9saWdodGluZy5qcGcifQ%3D%3D\">\n\t\t\t\t\t\t\t<img decoding=\"async\" width=\"683\" height=\"343\" src=\"https:\/\/www.jgclassics.com\/wp-content\/uploads\/2025\/03\/manni_opel_manta_001_lighting.jpg\" class=\"attachment-large size-large wp-image-21800\" alt=\"manni_opel_manta\" srcset=\"https:\/\/www.jgclassics.com\/wp-content\/uploads\/2025\/03\/manni_opel_manta_001_lighting.jpg 683w, https:\/\/www.jgclassics.com\/wp-content\/uploads\/2025\/03\/manni_opel_manta_001_lighting-300x151.jpg 300w\" sizes=\"(max-width: 683px) 100vw, 683px\" \/>\t\t\t\t\t\t\t\t<\/a>\n\t\t\t\t\t\t\t\t\t\t\t\t\t\t\t<\/div>\n\t\t\t\t<\/div>\n\t\t\t\t\t<\/div>\n\t\t<\/div>\n\t\t\t\t\t<\/div>\n\t\t<\/section>\n\t\t\t\t<section data-particle_enable=\"false\" data-particle-mobile-disabled=\"false\" class=\"elementor-section elementor-top-section elementor-element elementor-element-78209c8 elementor-section-boxed elementor-section-height-default elementor-section-height-default\" data-id=\"78209c8\" data-element_type=\"section\" data-e-type=\"section\">\n\t\t\t\t\t\t<div class=\"elementor-container elementor-column-gap-default\">\n\t\t\t\t\t<div class=\"elementor-column elementor-col-100 elementor-top-column elementor-element elementor-element-0144428\" data-id=\"0144428\" data-element_type=\"column\" data-e-type=\"column\">\n\t\t\t<div class=\"elementor-widget-wrap elementor-element-populated\">\n\t\t\t\t\t\t<div class=\"elementor-element elementor-element-d3faab5 elementor-widget elementor-widget-heading\" data-id=\"d3faab5\" data-element_type=\"widget\" data-e-type=\"widget\" data-widget_type=\"heading.default\">\n\t\t\t\t<div class=\"elementor-widget-container\">\n\t\t\t\t\t<h2 class=\"elementor-heading-title elementor-size-default\">Els acudits i rebuigs<\/h2>\t\t\t\t<\/div>\n\t\t\t\t<\/div>\n\t\t\t\t\t<\/div>\n\t\t<\/div>\n\t\t\t\t\t<\/div>\n\t\t<\/section>\n\t\t\t\t<section data-particle_enable=\"false\" data-particle-mobile-disabled=\"false\" class=\"elementor-section elementor-top-section elementor-element elementor-element-81fae3e elementor-section-boxed elementor-section-height-default elementor-section-height-default\" data-id=\"81fae3e\" data-element_type=\"section\" data-e-type=\"section\">\n\t\t\t\t\t\t<div class=\"elementor-container elementor-column-gap-default\">\n\t\t\t\t\t<div class=\"elementor-column elementor-col-50 elementor-top-column elementor-element elementor-element-5f3ad6d\" data-id=\"5f3ad6d\" data-element_type=\"column\" data-e-type=\"column\">\n\t\t\t<div class=\"elementor-widget-wrap elementor-element-populated\">\n\t\t\t\t\t\t<div class=\"elementor-element elementor-element-d00d0e1 elementor-widget elementor-widget-text-editor\" data-id=\"d00d0e1\" data-element_type=\"widget\" data-e-type=\"widget\" data-widget_type=\"text-editor.default\">\n\t\t\t\t<div class=\"elementor-widget-container\">\n\t\t\t\t\t\t\t\t\t<p>L&#8217;humor dels <strong>acudits del Manta<\/strong> sorgia en contrastar aquesta imatge estrident i vulgar del <strong>mantafahrer<\/strong> amb situacions quotidianes, portant a l&#8217;absurd les seves suposades limitacions culturals i intel\u00b7lectuals. T&#8217;explico algun dels m\u00e9s populars. <\/p>\n\t\t\t\t\t\t\t\t<\/div>\n\t\t\t\t<\/div>\n\t\t\t\t\t<\/div>\n\t\t<\/div>\n\t\t\t\t<div class=\"elementor-column elementor-col-50 elementor-top-column elementor-element elementor-element-575f429\" data-id=\"575f429\" data-element_type=\"column\" data-e-type=\"column\">\n\t\t\t<div class=\"elementor-widget-wrap elementor-element-populated\">\n\t\t\t\t\t\t<div class=\"elementor-element elementor-element-a44e0f7 elementor-invisible elementor-widget elementor-widget-image\" data-id=\"a44e0f7\" data-element_type=\"widget\" data-e-type=\"widget\" data-settings=\"{&quot;_animation&quot;:&quot;fadeInDown&quot;}\" data-widget_type=\"image.default\">\n\t\t\t\t<div class=\"elementor-widget-container\">\n\t\t\t\t\t\t\t\t\t\t\t\t\t\t\t<img loading=\"lazy\" decoding=\"async\" width=\"1024\" height=\"447\" src=\"https:\/\/www.jgclassics.com\/wp-content\/uploads\/2025\/03\/manta-manta_04-fotor-ai-art-effects-20250310180236-1024x447.jpg\" class=\"attachment-large size-large wp-image-21896\" alt=\"\" srcset=\"https:\/\/www.jgclassics.com\/wp-content\/uploads\/2025\/03\/manta-manta_04-fotor-ai-art-effects-20250310180236-1024x447.jpg 1024w, https:\/\/www.jgclassics.com\/wp-content\/uploads\/2025\/03\/manta-manta_04-fotor-ai-art-effects-20250310180236-300x131.jpg 300w, https:\/\/www.jgclassics.com\/wp-content\/uploads\/2025\/03\/manta-manta_04-fotor-ai-art-effects-20250310180236-768x335.jpg 768w, https:\/\/www.jgclassics.com\/wp-content\/uploads\/2025\/03\/manta-manta_04-fotor-ai-art-effects-20250310180236-1536x670.jpg 1536w, https:\/\/www.jgclassics.com\/wp-content\/uploads\/2025\/03\/manta-manta_04-fotor-ai-art-effects-20250310180236-2048x894.jpg 2048w\" sizes=\"(max-width: 1024px) 100vw, 1024px\" \/>\t\t\t\t\t\t\t\t\t\t\t\t\t\t\t<\/div>\n\t\t\t\t<\/div>\n\t\t\t\t\t<\/div>\n\t\t<\/div>\n\t\t\t\t\t<\/div>\n\t\t<\/section>\n\t\t\t\t<section data-particle_enable=\"false\" data-particle-mobile-disabled=\"false\" class=\"elementor-section elementor-top-section elementor-element elementor-element-670dafb elementor-section-boxed elementor-section-height-default elementor-section-height-default\" data-id=\"670dafb\" data-element_type=\"section\" data-e-type=\"section\">\n\t\t\t\t\t\t<div class=\"elementor-container elementor-column-gap-default\">\n\t\t\t\t\t<div class=\"elementor-column elementor-col-100 elementor-top-column elementor-element elementor-element-def2fff\" data-id=\"def2fff\" data-element_type=\"column\" data-e-type=\"column\">\n\t\t\t<div class=\"elementor-widget-wrap elementor-element-populated\">\n\t\t\t\t\t\t<div class=\"elementor-element elementor-element-f644b69 elementor-widget elementor-widget-text-editor\" data-id=\"f644b69\" data-element_type=\"widget\" data-e-type=\"widget\" data-widget_type=\"text-editor.default\">\n\t\t\t\t<div class=\"elementor-widget-container\">\n\t\t\t\t\t\t\t\t\t<p><span style=\"text-decoration: underline;\"><strong>Exemples d&#8217;acudits populars sobre l&#8217;Opel Manta:<\/strong><\/span><\/p>\n\t\t\t\t\t\t\t\t<\/div>\n\t\t\t\t<\/div>\n\t\t\t\t\t<\/div>\n\t\t<\/div>\n\t\t\t\t\t<\/div>\n\t\t<\/section>\n\t\t\t\t<section data-particle_enable=\"false\" data-particle-mobile-disabled=\"false\" class=\"elementor-section elementor-top-section elementor-element elementor-element-9467056 elementor-section-boxed elementor-section-height-default elementor-section-height-default\" data-id=\"9467056\" data-element_type=\"section\" data-e-type=\"section\">\n\t\t\t\t\t\t<div class=\"elementor-container elementor-column-gap-default\">\n\t\t\t\t\t<div class=\"elementor-column elementor-col-100 elementor-top-column elementor-element elementor-element-ea8c653\" data-id=\"ea8c653\" data-element_type=\"column\" data-e-type=\"column\">\n\t\t\t<div class=\"elementor-widget-wrap elementor-element-populated\">\n\t\t\t\t\t\t<div class=\"elementor-element elementor-element-05aaaef elementor-widget elementor-widget-text-editor\" data-id=\"05aaaef\" data-element_type=\"widget\" data-e-type=\"widget\" data-widget_type=\"text-editor.default\">\n\t\t\t\t<div class=\"elementor-widget-container\">\n\t\t\t\t\t\t\t\t\t<ul>\n<li><strong>\u201cQuin \u00e9s l&#8217;acudit m\u00e9s curt:<\/strong> <em>Un Opel Manta aparcat davant de la universitat.\u201d<\/em><\/li>\n<\/ul>\n\t\t\t\t\t\t\t\t<\/div>\n\t\t\t\t<\/div>\n\t\t\t\t\t<\/div>\n\t\t<\/div>\n\t\t\t\t\t<\/div>\n\t\t<\/section>\n\t\t\t\t<section data-particle_enable=\"false\" data-particle-mobile-disabled=\"false\" class=\"elementor-section elementor-top-section elementor-element elementor-element-a0142bf elementor-section-boxed elementor-section-height-default elementor-section-height-default\" data-id=\"a0142bf\" data-element_type=\"section\" data-e-type=\"section\">\n\t\t\t\t\t\t<div class=\"elementor-container elementor-column-gap-default\">\n\t\t\t\t\t<div class=\"elementor-column elementor-col-100 elementor-top-column elementor-element elementor-element-c8a16a6\" data-id=\"c8a16a6\" data-element_type=\"column\" data-e-type=\"column\">\n\t\t\t<div class=\"elementor-widget-wrap elementor-element-populated\">\n\t\t\t\t\t\t<div class=\"elementor-element elementor-element-5c5cb26 elementor-widget elementor-widget-text-editor\" data-id=\"5c5cb26\" data-element_type=\"widget\" data-e-type=\"widget\" data-widget_type=\"text-editor.default\">\n\t\t\t\t<div class=\"elementor-widget-container\">\n\t\t\t\t\t\t\t\t\t<ul>\n<li> <strong><em>Qu\u00e8 queda despr\u00e9s d&#8217;un accident fatal d&#8217;un Manta?<\/em><\/strong> <em>\u2013 Una cadena d&#8217;or i una perruquera de dol. <strong>I per qu\u00e8 el funeral es va celebrar dilluns?<\/strong> \u2013 Perqu\u00e8 dilluns \u00e9s el dia lliure de les perruqueres.\u201d<\/em><\/li>\n<\/ul>\n<p style=\"padding-left: 40px;\">Aquest acudit encadena diversos <strong>clix\u00e9s del mantafahrer<\/strong> : despr\u00e9s d&#8217;un xoc mortal nom\u00e9s <em>sobreviuen<\/em> els s\u00edmbols del seu estil de vida (la seva ostentosa <strong>cadena daurada<\/strong> i la seva n\u00f2via perruquera plorant-lo). I remata la broma al\u00b7ludint que a Alemanya moltes perruqueries tanquen els dilluns, de manera que la n\u00favia nom\u00e9s va poder assistir al funeral aquell dia. <\/p>\n\t\t\t\t\t\t\t\t<\/div>\n\t\t\t\t<\/div>\n\t\t\t\t\t<\/div>\n\t\t<\/div>\n\t\t\t\t\t<\/div>\n\t\t<\/section>\n\t\t\t\t<section data-particle_enable=\"false\" data-particle-mobile-disabled=\"false\" class=\"elementor-section elementor-top-section elementor-element elementor-element-235ae0e elementor-section-boxed elementor-section-height-default elementor-section-height-default\" data-id=\"235ae0e\" data-element_type=\"section\" data-e-type=\"section\">\n\t\t\t\t\t\t<div class=\"elementor-container elementor-column-gap-default\">\n\t\t\t\t\t<div class=\"elementor-column elementor-col-100 elementor-top-column elementor-element elementor-element-c00d25d\" data-id=\"c00d25d\" data-element_type=\"column\" data-e-type=\"column\">\n\t\t\t<div class=\"elementor-widget-wrap elementor-element-populated\">\n\t\t\t\t\t\t<div class=\"elementor-element elementor-element-9b3850f elementor-widget elementor-widget-text-editor\" data-id=\"9b3850f\" data-element_type=\"widget\" data-e-type=\"widget\" data-widget_type=\"text-editor.default\">\n\t\t\t\t<div class=\"elementor-widget-container\">\n\t\t\t\t\t\t\t\t\t<ul>\n<li><strong>Claxon vs. frens:<\/strong> En un altre acudit:\n<p><em>\u201cun conductor de Manta va al taller i demana que li arreglin el cl\u00e0xon; el mec\u00e0nic li indica que, de passada, hauria de reparar els frens, ja que no funcionen. El mantafahrer respon: &#8216;Ho s\u00e9\u2026 per aix\u00f2 necessito la botzina!&#8217;\u201d<\/em><\/p>\n<\/li>\n<\/ul>\n\t\t\t\t\t\t\t\t<\/div>\n\t\t\t\t<\/div>\n\t\t\t\t\t<\/div>\n\t\t<\/div>\n\t\t\t\t\t<\/div>\n\t\t<\/section>\n\t\t\t\t<section data-particle_enable=\"false\" data-particle-mobile-disabled=\"false\" class=\"elementor-section elementor-top-section elementor-element elementor-element-80c06b7 elementor-section-boxed elementor-section-height-default elementor-section-height-default\" data-id=\"80c06b7\" data-element_type=\"section\" data-e-type=\"section\">\n\t\t\t\t\t\t<div class=\"elementor-container elementor-column-gap-default\">\n\t\t\t\t\t<div class=\"elementor-column elementor-col-100 elementor-top-column elementor-element elementor-element-67704e8\" data-id=\"67704e8\" data-element_type=\"column\" data-e-type=\"column\">\n\t\t\t<div class=\"elementor-widget-wrap elementor-element-populated\">\n\t\t\t\t\t\t<div class=\"elementor-element elementor-element-fa05c23 elementor-widget elementor-widget-text-editor\" data-id=\"fa05c23\" data-element_type=\"widget\" data-e-type=\"widget\" data-widget_type=\"text-editor.default\">\n\t\t\t\t<div class=\"elementor-widget-container\">\n\t\t\t\t\t\t\t\t\t<ul>\n<li><strong>Xoc contra l&#8217;arbre:<\/strong> <em>\u201cQu\u00e8 diu un conductor de Manta just despr\u00e9s de xocar contra un arbre? \u2013 &#8216;Que estrany&#8230; per\u00f2 si vaig tocar la botzina <\/em><\/li>\n<\/ul>\n\t\t\t\t\t\t\t\t<\/div>\n\t\t\t\t<\/div>\n\t\t\t\t\t<\/div>\n\t\t<\/div>\n\t\t\t\t\t<\/div>\n\t\t<\/section>\n\t\t\t\t<section data-particle_enable=\"false\" data-particle-mobile-disabled=\"false\" class=\"elementor-section elementor-top-section elementor-element elementor-element-a23adba elementor-section-boxed elementor-section-height-default elementor-section-height-default\" data-id=\"a23adba\" data-element_type=\"section\" data-e-type=\"section\">\n\t\t\t\t\t\t<div class=\"elementor-container elementor-column-gap-default\">\n\t\t\t\t\t<div class=\"elementor-column elementor-col-100 elementor-top-column elementor-element elementor-element-8697df5\" data-id=\"8697df5\" data-element_type=\"column\" data-e-type=\"column\">\n\t\t\t<div class=\"elementor-widget-wrap elementor-element-populated\">\n\t\t\t\t\t\t<div class=\"elementor-element elementor-element-e91b3f9 elementor-widget elementor-widget-text-editor\" data-id=\"e91b3f9\" data-element_type=\"widget\" data-e-type=\"widget\" data-widget_type=\"text-editor.default\">\n\t\t\t\t<div class=\"elementor-widget-container\">\n\t\t\t\t\t\t\t\t\t<ul>\n<li><strong>Cervell \u201csense estrenar\u201d:<\/strong> <em>Hi ha l&#8217;an\u00e8cdota d&#8217;un client que visita una cl\u00ednica de trasplantaments de cervell. El doctor li mostra diversos cervells i n&#8217;assenyala un de molt cost\u00f3s dient: \u201cAquest \u00e9s especial\u2026 \u00e9s el cervell d&#8217;un conductor de Manta\u2026 est\u00e0 totalment nou sense fer servir!\u201d <\/em><em>\u200b<\/em><\/li>\n<\/ul>\n\t\t\t\t\t\t\t\t<\/div>\n\t\t\t\t<\/div>\n\t\t\t\t\t<\/div>\n\t\t<\/div>\n\t\t\t\t\t<\/div>\n\t\t<\/section>\n\t\t\t\t<section data-particle_enable=\"false\" data-particle-mobile-disabled=\"false\" class=\"elementor-section elementor-top-section elementor-element elementor-element-9be85d8 elementor-section-boxed elementor-section-height-default elementor-section-height-default\" data-id=\"9be85d8\" data-element_type=\"section\" data-e-type=\"section\">\n\t\t\t\t\t\t<div class=\"elementor-container elementor-column-gap-default\">\n\t\t\t\t\t<div class=\"elementor-column elementor-col-100 elementor-top-column elementor-element elementor-element-f12163b\" data-id=\"f12163b\" data-element_type=\"column\" data-e-type=\"column\">\n\t\t\t<div class=\"elementor-widget-wrap elementor-element-populated\">\n\t\t\t\t\t\t<div class=\"elementor-element elementor-element-5fcfd86 elementor-widget elementor-widget-text-editor\" data-id=\"5fcfd86\" data-element_type=\"widget\" data-e-type=\"widget\" data-widget_type=\"text-editor.default\">\n\t\t\t\t<div class=\"elementor-widget-container\">\n\t\t\t\t\t\t\t\t\t<ul>\n<li><strong>Fars i ulleres de sol:<\/strong> <em>\u201cPer qu\u00e8 els Opel Manta porten vuit fars auxiliars? \u2013 Perqu\u00e8 el conductor pugui fer servir ulleres de sol a la nit.\u201d<\/em><\/li>\n<\/ul>\n\t\t\t\t\t\t\t\t<\/div>\n\t\t\t\t<\/div>\n\t\t\t\t\t<\/div>\n\t\t<\/div>\n\t\t\t\t\t<\/div>\n\t\t<\/section>\n\t\t\t\t<section data-particle_enable=\"false\" data-particle-mobile-disabled=\"false\" class=\"elementor-section elementor-top-section elementor-element elementor-element-cde1295 elementor-section-boxed elementor-section-height-default elementor-section-height-default\" data-id=\"cde1295\" data-element_type=\"section\" data-e-type=\"section\">\n\t\t\t\t\t\t<div class=\"elementor-container elementor-column-gap-default\">\n\t\t\t\t\t<div class=\"elementor-column elementor-col-100 elementor-top-column elementor-element elementor-element-fbd1aa1\" data-id=\"fbd1aa1\" data-element_type=\"column\" data-e-type=\"column\">\n\t\t\t<div class=\"elementor-widget-wrap elementor-element-populated\">\n\t\t\t\t\t\t<div class=\"elementor-element elementor-element-dd1e4dd elementor-widget elementor-widget-text-editor\" data-id=\"dd1e4dd\" data-element_type=\"widget\" data-e-type=\"widget\" data-widget_type=\"text-editor.default\">\n\t\t\t\t<div class=\"elementor-widget-container\">\n\t\t\t\t\t\t\t\t\t<p>Aquests acudits \u2013i desenes de variants m\u00e9s\u2013 es comptaven sovint a Alemanya a finals dels 80 i principis dels 90, arribant a formar part del <strong>folklore humor\u00edstic popular<\/strong> . L&#8217;estructura recorda altres cicles d&#8217;acudits basats en estereotips (com els acudits de <em>lepers<\/em> a Espanya, de <em>polonesos<\/em> als EUA o de <em>belgues<\/em> a Fran\u00e7a), on un grup o arquetip \u00e9s el blanc fix de la broma. En aquest cas, l&#8217; <em>Opel Manta<\/em> i el seu propietari van quedar immortalitzats a la cultura alemanya, per\u00f2 de fet com a objectes de <strong>burla segurament m\u00e9s afectuosa que cruel<\/strong> , i tamb\u00e9 retratant el propietari-tipus d&#8217;Opel Manta com un individu m\u00e9s ingenu que malici\u00f3s.   <\/p>\n\t\t\t\t\t\t\t\t<\/div>\n\t\t\t\t<\/div>\n\t\t\t\t\t<\/div>\n\t\t<\/div>\n\t\t\t\t\t<\/div>\n\t\t<\/section>\n\t\t\t\t<section data-particle_enable=\"false\" data-particle-mobile-disabled=\"false\" class=\"elementor-section elementor-top-section elementor-element elementor-element-394ca77 elementor-section-boxed elementor-section-height-default elementor-section-height-default\" data-id=\"394ca77\" data-element_type=\"section\" data-e-type=\"section\">\n\t\t\t\t\t\t<div class=\"elementor-container elementor-column-gap-default\">\n\t\t\t\t\t<div class=\"elementor-column elementor-col-100 elementor-top-column elementor-element elementor-element-9ea8f41\" data-id=\"9ea8f41\" data-element_type=\"column\" data-e-type=\"column\">\n\t\t\t<div class=\"elementor-widget-wrap elementor-element-populated\">\n\t\t\t\t\t\t<div class=\"elementor-element elementor-element-d3da94c elementor-widget-divider--view-line elementor-widget elementor-widget-divider\" data-id=\"d3da94c\" data-element_type=\"widget\" data-e-type=\"widget\" data-widget_type=\"divider.default\">\n\t\t\t\t<div class=\"elementor-widget-container\">\n\t\t\t\t\t\t\t<div class=\"elementor-divider\">\n\t\t\t<span class=\"elementor-divider-separator\">\n\t\t\t\t\t\t<\/span>\n\t\t<\/div>\n\t\t\t\t\t\t<\/div>\n\t\t\t\t<\/div>\n\t\t\t\t\t<\/div>\n\t\t<\/div>\n\t\t\t\t\t<\/div>\n\t\t<\/section>\n\t\t\t\t<section data-particle_enable=\"false\" data-particle-mobile-disabled=\"false\" class=\"elementor-section elementor-top-section elementor-element elementor-element-4155abe elementor-section-boxed elementor-section-height-default elementor-section-height-default\" data-id=\"4155abe\" data-element_type=\"section\" data-e-type=\"section\">\n\t\t\t\t\t\t<div class=\"elementor-container elementor-column-gap-default\">\n\t\t\t\t\t<div class=\"elementor-column elementor-col-50 elementor-top-column elementor-element elementor-element-13a6819\" data-id=\"13a6819\" data-element_type=\"column\" data-e-type=\"column\">\n\t\t\t<div class=\"elementor-widget-wrap elementor-element-populated\">\n\t\t\t\t\t\t<div class=\"elementor-element elementor-element-e7838a6 elementor-widget elementor-widget-image\" data-id=\"e7838a6\" data-element_type=\"widget\" data-e-type=\"widget\" data-widget_type=\"image.default\">\n\t\t\t\t<div class=\"elementor-widget-container\">\n\t\t\t\t\t\t\t\t\t\t\t\t<figure class=\"wp-caption\">\n\t\t\t\t\t\t\t\t\t\t\t<a href=\"https:\/\/www.jgclassics.com\/wp-content\/uploads\/2025\/03\/boh_ey_1611149.jpg\" data-elementor-open-lightbox=\"yes\" data-elementor-lightbox-title=\"boh_ey_1611149\" data-e-action-hash=\"#elementor-action%3Aaction%3Dlightbox%26settings%3DeyJpZCI6MjE4ODgsInVybCI6Imh0dHBzOlwvXC93d3cuamdjbGFzc2ljcy5jb21cL3dwLWNvbnRlbnRcL3VwbG9hZHNcLzIwMjVcLzAzXC9ib2hfZXlfMTYxMTE0OS5qcGcifQ%3D%3D\">\n\t\t\t\t\t\t\t<img loading=\"lazy\" decoding=\"async\" width=\"900\" height=\"730\" src=\"https:\/\/www.jgclassics.com\/wp-content\/uploads\/2025\/03\/boh_ey_1611149.jpg\" class=\"attachment-large size-large wp-image-21888\" alt=\"Manta BOH-Ey\" srcset=\"https:\/\/www.jgclassics.com\/wp-content\/uploads\/2025\/03\/boh_ey_1611149.jpg 900w, https:\/\/www.jgclassics.com\/wp-content\/uploads\/2025\/03\/boh_ey_1611149-300x243.jpg 300w, https:\/\/www.jgclassics.com\/wp-content\/uploads\/2025\/03\/boh_ey_1611149-768x623.jpg 768w\" sizes=\"(max-width: 900px) 100vw, 900px\" \/>\t\t\t\t\t\t\t\t<\/a>\n\t\t\t\t\t\t\t\t\t\t\t<figcaption class=\"widget-image-caption wp-caption-text\">(2012 by HSB-Cartoon)<\/figcaption>\n\t\t\t\t\t\t\t\t\t\t<\/figure>\n\t\t\t\t\t\t\t\t\t<\/div>\n\t\t\t\t<\/div>\n\t\t\t\t\t<\/div>\n\t\t<\/div>\n\t\t\t\t<div class=\"elementor-column elementor-col-50 elementor-top-column elementor-element elementor-element-bfae80a\" data-id=\"bfae80a\" data-element_type=\"column\" data-e-type=\"column\">\n\t\t\t<div class=\"elementor-widget-wrap elementor-element-populated\">\n\t\t\t\t\t\t<div class=\"elementor-element elementor-element-0a7876a elementor-widget elementor-widget-text-editor\" data-id=\"0a7876a\" data-element_type=\"widget\" data-e-type=\"widget\" data-widget_type=\"text-editor.default\">\n\t\t\t\t<div class=\"elementor-widget-container\">\n\t\t\t\t\t\t\t\t\t<ul>\n<li data-start=\"189\" data-end=\"518\">\n<p data-start=\"192\" data-end=\"240\"><strong data-start=\"192\" data-end=\"238\">L&#8217;Opel Manta i el seu estereotip a Alemanya<\/strong><\/p>\n<ul data-start=\"244\" data-end=\"518\">\n<li data-start=\"244\" data-end=\"390\">A la cultura alemanya, l&#8217; <strong data-start=\"272\" data-end=\"286\">Opel Manta<\/strong> es va associar amb <strong data-start=\"301\" data-end=\"325\">conductors horteres<\/strong> , tuning exagerat, pentinats dels vuitanta i una actitud xulesca.<\/li>\n<li data-start=\"394\" data-end=\"518\">Aquest estereotip es va popularitzar amb els <strong data-start=\"435\" data-end=\"477\">&#8220;Manta-Witze&#8221; (acudits sobre el Manta)<\/strong> i pel\u00b7l\u00edcules com <em data-start=\"495\" data-end=\"508\">Manta Manta<\/em> (1991).<\/li>\n<\/ul>\n<\/li>\n<li data-start=\"520\" data-end=\"1014\">\n<p data-start=\"523\" data-end=\"569\"><strong data-start=\"523\" data-end=\"567\">Joc de paraules amb la matr\u00edcula &#8220;BOH&#8221;<\/strong><\/p>\n<ul data-start=\"573\" data-end=\"1014\">\n<li data-start=\"573\" data-end=\"757\">La matr\u00edcula del cotxe mostra <strong data-start=\"606\" data-end=\"621\">&#8220;BOH EY 80&#8221;<\/strong> , cosa que fon\u00e8ticament sona semblant a &#8220;Boah, ei!&#8221; en alemany, una <strong data-start=\"688\" data-end=\"725\">expressi\u00f3 de sorpresa o entusiasme<\/strong> similar a &#8220;Vaja!&#8221; o &#8220;Wow!&#8221;.<\/li>\n<li data-start=\"761\" data-end=\"837\">&#8220;BOH&#8221; \u00e9s una antiga abreviatura de <strong data-start=\"799\" data-end=\"810\">Bocholt<\/strong> , una ciutat a Alemanya.<\/li>\n<li data-start=\"841\" data-end=\"1014\">Actualment, els cotxes de Bocholt usen la matr\u00edcula &#8220;BOR&#8221; (pel districte de <strong data-start=\"922\" data-end=\"932\">Borken<\/strong> ), i alguns residents nost\u00e0lgics <strong data-start=\"968\" data-end=\"1011\">volen recuperar l&#8217;antic codi BOH<\/strong> .<\/li>\n<\/ul>\n<\/li>\n<\/ul>\n\t\t\t\t\t\t\t\t<\/div>\n\t\t\t\t<\/div>\n\t\t\t\t\t<\/div>\n\t\t<\/div>\n\t\t\t\t\t<\/div>\n\t\t<\/section>\n\t\t\t\t<section data-particle_enable=\"false\" data-particle-mobile-disabled=\"false\" class=\"elementor-section elementor-top-section elementor-element elementor-element-1209654 elementor-section-boxed elementor-section-height-default elementor-section-height-default\" data-id=\"1209654\" data-element_type=\"section\" data-e-type=\"section\">\n\t\t\t\t\t\t<div class=\"elementor-container elementor-column-gap-default\">\n\t\t\t\t\t<div class=\"elementor-column elementor-col-100 elementor-top-column elementor-element elementor-element-9499f9d\" data-id=\"9499f9d\" data-element_type=\"column\" data-e-type=\"column\">\n\t\t\t<div class=\"elementor-widget-wrap elementor-element-populated\">\n\t\t\t\t\t\t<div class=\"elementor-element elementor-element-fa896b1 elementor-widget elementor-widget-text-editor\" data-id=\"fa896b1\" data-element_type=\"widget\" data-e-type=\"widget\" data-widget_type=\"text-editor.default\">\n\t\t\t\t<div class=\"elementor-widget-container\">\n\t\t\t\t\t\t\t\t\t<ul>\n<li data-start=\"1016\" data-end=\"1663\">\n<p data-start=\"1019\" data-end=\"1045\"><strong data-start=\"1019\" data-end=\"1043\">L&#8217;escena i l&#8217;humor<\/strong><\/p>\n<ul data-start=\"1049\" data-end=\"1663\">\n<li data-start=\"1049\" data-end=\"1181\">Un home amb un <strong data-start=\"1068\" data-end=\"1124\">pentinat estil mullet, ulleres de sol i camisa oberta<\/strong> (cl\u00e0ssic &#8220;Manta Fahrer&#8221;) est\u00e0 presumint del cotxe.<\/li>\n<li data-start=\"1185\" data-end=\"1320\">Diu: <strong data-start=\"1193\" data-end=\"1238\">&#8220;BOH-EY!!! Voll der aufgemotzte Manta!!!&#8221;<\/strong> , que significa alguna cosa com: <br data-start=\"1264\" data-end=\"1267\"> <strong data-start=\"1272\" data-end=\"1318\">&#8220;BOH-EY!!! Un Manta totalment tunejat!&#8221;<\/strong><\/li>\n<li data-start=\"1324\" data-end=\"1445\">La frase <strong data-start=\"1335\" data-end=\"1347\">\u201cBOH-EY\u201d<\/strong> juga amb la matr\u00edcula \u201cBOH\u201d i la t\u00edpica manera de parlar exagerada dels conductors de Manta.<\/li>\n<li data-start=\"1449\" data-end=\"1663\">A la part inferior de l&#8217;acudit, s&#8217;esmenta que a l&#8217; <strong data-start=\"1506\" data-end=\"1538\">escena del tuning a Bocholt<\/strong> estan emocionats amb la idea que la matr\u00edcula \u201cBOH\u201d pugui tornar a fer-se servir, perqu\u00e8 combina perfectament amb el seu estil.<\/li>\n<\/ul>\n<\/li>\n<\/ul>\n\t\t\t\t\t\t\t\t<\/div>\n\t\t\t\t<\/div>\n\t\t\t\t\t<\/div>\n\t\t<\/div>\n\t\t\t\t\t<\/div>\n\t\t<\/section>\n\t\t\t\t<section data-particle_enable=\"false\" data-particle-mobile-disabled=\"false\" class=\"elementor-section elementor-top-section elementor-element elementor-element-f1209e2 elementor-section-boxed elementor-section-height-default elementor-section-height-default\" data-id=\"f1209e2\" data-element_type=\"section\" data-e-type=\"section\">\n\t\t\t\t\t\t<div class=\"elementor-container elementor-column-gap-default\">\n\t\t\t\t\t<div class=\"elementor-column elementor-col-100 elementor-top-column elementor-element elementor-element-5656449\" data-id=\"5656449\" data-element_type=\"column\" data-e-type=\"column\">\n\t\t\t<div class=\"elementor-widget-wrap elementor-element-populated\">\n\t\t\t\t\t\t<div class=\"elementor-element elementor-element-4e49ffd elementor-widget-divider--view-line elementor-widget elementor-widget-divider\" data-id=\"4e49ffd\" data-element_type=\"widget\" data-e-type=\"widget\" data-widget_type=\"divider.default\">\n\t\t\t\t<div class=\"elementor-widget-container\">\n\t\t\t\t\t\t\t<div class=\"elementor-divider\">\n\t\t\t<span class=\"elementor-divider-separator\">\n\t\t\t\t\t\t<\/span>\n\t\t<\/div>\n\t\t\t\t\t\t<\/div>\n\t\t\t\t<\/div>\n\t\t\t\t\t<\/div>\n\t\t<\/div>\n\t\t\t\t\t<\/div>\n\t\t<\/section>\n\t\t\t\t<section data-particle_enable=\"false\" data-particle-mobile-disabled=\"false\" class=\"elementor-section elementor-top-section elementor-element elementor-element-975bceb elementor-section-boxed elementor-section-height-default elementor-section-height-default\" data-id=\"975bceb\" data-element_type=\"section\" data-e-type=\"section\">\n\t\t\t\t\t\t<div class=\"elementor-container elementor-column-gap-default\">\n\t\t\t\t\t<div class=\"elementor-column elementor-col-100 elementor-top-column elementor-element elementor-element-73ff67f\" data-id=\"73ff67f\" data-element_type=\"column\" data-e-type=\"column\">\n\t\t\t<div class=\"elementor-widget-wrap elementor-element-populated\">\n\t\t\t\t\t\t<div class=\"elementor-element elementor-element-e2270cc elementor-widget elementor-widget-heading\" data-id=\"e2270cc\" data-element_type=\"widget\" data-e-type=\"widget\" data-widget_type=\"heading.default\">\n\t\t\t\t<div class=\"elementor-widget-container\">\n\t\t\t\t\t<h2 class=\"elementor-heading-title elementor-size-default\">Refer\u00e8ncies a la cultura popular alemanya<\/h2>\t\t\t\t<\/div>\n\t\t\t\t<\/div>\n\t\t\t\t\t<\/div>\n\t\t<\/div>\n\t\t\t\t\t<\/div>\n\t\t<\/section>\n\t\t\t\t<section data-particle_enable=\"false\" data-particle-mobile-disabled=\"false\" class=\"elementor-section elementor-top-section elementor-element elementor-element-95d57d3 elementor-section-boxed elementor-section-height-default elementor-section-height-default\" data-id=\"95d57d3\" data-element_type=\"section\" data-e-type=\"section\">\n\t\t\t\t\t\t<div class=\"elementor-container elementor-column-gap-default\">\n\t\t\t\t\t<div class=\"elementor-column elementor-col-50 elementor-top-column elementor-element elementor-element-52ab271\" data-id=\"52ab271\" data-element_type=\"column\" data-e-type=\"column\">\n\t\t\t<div class=\"elementor-widget-wrap elementor-element-populated\">\n\t\t\t\t\t\t<div class=\"elementor-element elementor-element-0289f78 elementor-widget elementor-widget-text-editor\" data-id=\"0289f78\" data-element_type=\"widget\" data-e-type=\"widget\" data-widget_type=\"text-editor.default\">\n\t\t\t\t<div class=\"elementor-widget-container\">\n\t\t\t\t\t\t\t\t\t<ul>\n<li><strong>Pel\u00b7l\u00edcules \u201cManta, Manta\u201d i \u201cManta \u2013 Der Film\u201d (1991):<\/strong> La popularitat dels acudits del Manta va ser tal que va inspirar <strong>dues com\u00e8dies cinematogr\u00e0fiques<\/strong> aquest mateix any<\/li>\n<\/ul>\n<ul>\n<li style=\"list-style-type: none;\">\n<ul>\n<li><em>Manta \u2013 Der Film<\/em> (dirigida per Peter Timm) es va estrenar el setembre de 1991<\/li>\n<li><em>Manta, Manta<\/em> (al cap de poques setmanes i dirigida per Wolfgang B\u00fcld), protagonitzada pel jove actor Til Schweiger en el paper d&#8217;un t\u00edpic mantafahrer.<\/li>\n<\/ul>\n<\/li>\n<\/ul>\n\t\t\t\t\t\t\t\t<\/div>\n\t\t\t\t<\/div>\n\t\t\t\t<div class=\"elementor-element elementor-element-dff82c1 elementor-widget elementor-widget-text-editor\" data-id=\"dff82c1\" data-element_type=\"widget\" data-e-type=\"widget\" data-widget_type=\"text-editor.default\">\n\t\t\t\t<div class=\"elementor-widget-container\">\n\t\t\t\t\t\t\t\t\t<p>Ambdues pel\u00b7l\u00edcules satiritzaven els conductors de Manta portant els <strong>clix\u00e9s<\/strong> a l&#8217;extrem: les trames giren al voltant de carreres contra conductors d&#8217;altres cotxes (rivalitat Manta vs. Golf GTI, parodiada com la <em>Golfkrieg<\/em> o <em>guerra de Golfs<\/em> en al\u00b7lusi\u00f3 a la Guerra del Golf) i les perip\u00e8cies de Manni amb la seva novia. <\/p>\n\t\t\t\t\t\t\t\t<\/div>\n\t\t\t\t<\/div>\n\t\t\t\t\t<\/div>\n\t\t<\/div>\n\t\t\t\t<div class=\"elementor-column elementor-col-50 elementor-top-column elementor-element elementor-element-9b8b311\" data-id=\"9b8b311\" data-element_type=\"column\" data-e-type=\"column\">\n\t\t\t<div class=\"elementor-widget-wrap elementor-element-populated\">\n\t\t\t\t\t\t<div class=\"elementor-element elementor-element-e3da44c elementor-widget elementor-widget-image\" data-id=\"e3da44c\" data-element_type=\"widget\" data-e-type=\"widget\" data-widget_type=\"image.default\">\n\t\t\t\t<div class=\"elementor-widget-container\">\n\t\t\t\t\t\t\t\t\t\t\t\t\t\t\t\t<a href=\"https:\/\/www.jgclassics.com\/wp-content\/uploads\/2025\/03\/manta-manta_02.jpg\" data-elementor-open-lightbox=\"yes\" data-elementor-lightbox-title=\"Manta Der Film\" data-e-action-hash=\"#elementor-action%3Aaction%3Dlightbox%26settings%3DeyJpZCI6MjE4MDQsInVybCI6Imh0dHBzOlwvXC93d3cuamdjbGFzc2ljcy5jb21cL3dwLWNvbnRlbnRcL3VwbG9hZHNcLzIwMjVcLzAzXC9tYW50YS1tYW50YV8wMi5qcGcifQ%3D%3D\">\n\t\t\t\t\t\t\t<img loading=\"lazy\" decoding=\"async\" width=\"768\" height=\"1152\" src=\"https:\/\/www.jgclassics.com\/wp-content\/uploads\/2025\/03\/manta-manta_02-768x1152.jpg\" class=\"attachment-medium_large size-medium_large wp-image-21804\" alt=\"Manta Der Film\" srcset=\"https:\/\/www.jgclassics.com\/wp-content\/uploads\/2025\/03\/manta-manta_02-768x1152.jpg 768w, https:\/\/www.jgclassics.com\/wp-content\/uploads\/2025\/03\/manta-manta_02-200x300.jpg 200w, https:\/\/www.jgclassics.com\/wp-content\/uploads\/2025\/03\/manta-manta_02-683x1024.jpg 683w, https:\/\/www.jgclassics.com\/wp-content\/uploads\/2025\/03\/manta-manta_02-1024x1536.jpg 1024w, https:\/\/www.jgclassics.com\/wp-content\/uploads\/2025\/03\/manta-manta_02.jpg 1217w\" sizes=\"(max-width: 768px) 100vw, 768px\" \/>\t\t\t\t\t\t\t\t<\/a>\n\t\t\t\t\t\t\t\t\t\t\t\t\t\t\t<\/div>\n\t\t\t\t<\/div>\n\t\t\t\t\t<\/div>\n\t\t<\/div>\n\t\t\t\t\t<\/div>\n\t\t<\/section>\n\t\t\t\t<section data-particle_enable=\"false\" data-particle-mobile-disabled=\"false\" class=\"elementor-section elementor-top-section elementor-element elementor-element-cdeb34c elementor-section-boxed elementor-section-height-default elementor-section-height-default\" data-id=\"cdeb34c\" data-element_type=\"section\" data-e-type=\"section\">\n\t\t\t\t\t\t<div class=\"elementor-container elementor-column-gap-default\">\n\t\t\t\t\t<div class=\"elementor-column elementor-col-33 elementor-top-column elementor-element elementor-element-e524ffb\" data-id=\"e524ffb\" data-element_type=\"column\" data-e-type=\"column\">\n\t\t\t<div class=\"elementor-widget-wrap elementor-element-populated\">\n\t\t\t\t\t\t<div class=\"elementor-element elementor-element-4e87ee8 elementor-widget elementor-widget-image\" data-id=\"4e87ee8\" data-element_type=\"widget\" data-e-type=\"widget\" data-widget_type=\"image.default\">\n\t\t\t\t<div class=\"elementor-widget-container\">\n\t\t\t\t\t\t\t\t\t\t\t\t\t\t\t\t<a href=\"https:\/\/www.jgclassics.com\/wp-content\/uploads\/2025\/03\/manta-manta.06-2023-1.jpg\" data-elementor-open-lightbox=\"yes\" data-elementor-lightbox-title=\"manta-manta.06 2023\" data-e-action-hash=\"#elementor-action%3Aaction%3Dlightbox%26settings%3DeyJpZCI6MjE4MjAsInVybCI6Imh0dHBzOlwvXC93d3cuamdjbGFzc2ljcy5jb21cL3dwLWNvbnRlbnRcL3VwbG9hZHNcLzIwMjVcLzAzXC9tYW50YS1tYW50YS4wNi0yMDIzLTEuanBnIn0%3D\">\n\t\t\t\t\t\t\t<img loading=\"lazy\" decoding=\"async\" width=\"1024\" height=\"576\" src=\"https:\/\/www.jgclassics.com\/wp-content\/uploads\/2025\/03\/manta-manta.06-2023-1-1024x576.jpg\" class=\"attachment-large size-large wp-image-21820\" alt=\"manta-manta.06 2023\" srcset=\"https:\/\/www.jgclassics.com\/wp-content\/uploads\/2025\/03\/manta-manta.06-2023-1-1024x576.jpg 1024w, https:\/\/www.jgclassics.com\/wp-content\/uploads\/2025\/03\/manta-manta.06-2023-1-300x169.jpg 300w, https:\/\/www.jgclassics.com\/wp-content\/uploads\/2025\/03\/manta-manta.06-2023-1-768x432.jpg 768w, https:\/\/www.jgclassics.com\/wp-content\/uploads\/2025\/03\/manta-manta.06-2023-1-1536x864.jpg 1536w, https:\/\/www.jgclassics.com\/wp-content\/uploads\/2025\/03\/manta-manta.06-2023-1-2048x1152.jpg 2048w\" sizes=\"(max-width: 1024px) 100vw, 1024px\" \/>\t\t\t\t\t\t\t\t<\/a>\n\t\t\t\t\t\t\t\t\t\t\t\t\t\t\t<\/div>\n\t\t\t\t<\/div>\n\t\t\t\t\t<\/div>\n\t\t<\/div>\n\t\t\t\t<div class=\"elementor-column elementor-col-33 elementor-top-column elementor-element elementor-element-5b4da81\" data-id=\"5b4da81\" data-element_type=\"column\" data-e-type=\"column\">\n\t\t\t<div class=\"elementor-widget-wrap elementor-element-populated\">\n\t\t\t\t\t\t<div class=\"elementor-element elementor-element-f5738bb elementor-widget elementor-widget-text-editor\" data-id=\"f5738bb\" data-element_type=\"widget\" data-e-type=\"widget\" data-widget_type=\"text-editor.default\">\n\t\t\t\t<div class=\"elementor-widget-container\">\n\t\t\t\t\t\t\t\t\t<p>Aquestes cintes van ser for\u00e7a reeixides a taquilla i van contribuir a consolidar l&#8217;Opel Manta com a <strong>icona c\u00f2mica<\/strong> de la d\u00e8cada. (De fet, el 2023 es va estrenar una seq\u00fcela nost\u00e0lgica <em>Manta, Manta \u2013 Zwoter Teil<\/em> , mostrant la perduraci\u00f3 del culte al Manta). <\/p>\n\t\t\t\t\t\t\t\t<\/div>\n\t\t\t\t<\/div>\n\t\t\t\t\t<\/div>\n\t\t<\/div>\n\t\t\t\t<div class=\"elementor-column elementor-col-33 elementor-top-column elementor-element elementor-element-c38db6b\" data-id=\"c38db6b\" data-element_type=\"column\" data-e-type=\"column\">\n\t\t\t<div class=\"elementor-widget-wrap elementor-element-populated\">\n\t\t\t\t\t\t<div class=\"elementor-element elementor-element-2bd8cdb elementor-widget elementor-widget-image\" data-id=\"2bd8cdb\" data-element_type=\"widget\" data-e-type=\"widget\" data-widget_type=\"image.default\">\n\t\t\t\t<div class=\"elementor-widget-container\">\n\t\t\t\t\t\t\t\t\t\t\t\t\t\t\t\t<a href=\"https:\/\/www.jgclassics.com\/wp-content\/uploads\/2025\/03\/manta-manta_01.webp\" data-elementor-open-lightbox=\"yes\" data-elementor-lightbox-title=\"manta-manta_01\" data-e-action-hash=\"#elementor-action%3Aaction%3Dlightbox%26settings%3DeyJpZCI6MjE4MjQsInVybCI6Imh0dHBzOlwvXC93d3cuamdjbGFzc2ljcy5jb21cL3dwLWNvbnRlbnRcL3VwbG9hZHNcLzIwMjVcLzAzXC9tYW50YS1tYW50YV8wMS53ZWJwIn0%3D\">\n\t\t\t\t\t\t\t<img loading=\"lazy\" decoding=\"async\" width=\"1024\" height=\"576\" src=\"https:\/\/www.jgclassics.com\/wp-content\/uploads\/2025\/03\/manta-manta_01-1024x576.webp\" class=\"attachment-large size-large wp-image-21824\" alt=\"manta manta\" srcset=\"https:\/\/www.jgclassics.com\/wp-content\/uploads\/2025\/03\/manta-manta_01-1024x576.webp 1024w, https:\/\/www.jgclassics.com\/wp-content\/uploads\/2025\/03\/manta-manta_01-300x169.webp 300w, https:\/\/www.jgclassics.com\/wp-content\/uploads\/2025\/03\/manta-manta_01-768x432.webp 768w, https:\/\/www.jgclassics.com\/wp-content\/uploads\/2025\/03\/manta-manta_01.webp 1280w\" sizes=\"(max-width: 1024px) 100vw, 1024px\" \/>\t\t\t\t\t\t\t\t<\/a>\n\t\t\t\t\t\t\t\t\t\t\t\t\t\t\t<\/div>\n\t\t\t\t<\/div>\n\t\t\t\t\t<\/div>\n\t\t<\/div>\n\t\t\t\t\t<\/div>\n\t\t<\/section>\n\t\t\t\t<section data-particle_enable=\"false\" data-particle-mobile-disabled=\"false\" class=\"elementor-section elementor-top-section elementor-element elementor-element-3974641 elementor-section-boxed elementor-section-height-default elementor-section-height-default\" data-id=\"3974641\" data-element_type=\"section\" data-e-type=\"section\">\n\t\t\t\t\t\t<div class=\"elementor-container elementor-column-gap-default\">\n\t\t\t\t\t<div class=\"elementor-column elementor-col-100 elementor-top-column elementor-element elementor-element-83b6696\" data-id=\"83b6696\" data-element_type=\"column\" data-e-type=\"column\">\n\t\t\t<div class=\"elementor-widget-wrap elementor-element-populated\">\n\t\t\t\t\t\t<div class=\"elementor-element elementor-element-f516289 elementor-widget-divider--view-line_icon elementor-view-default elementor-widget-divider--element-align-center elementor-widget elementor-widget-divider\" data-id=\"f516289\" data-element_type=\"widget\" data-e-type=\"widget\" data-widget_type=\"divider.default\">\n\t\t\t\t<div class=\"elementor-widget-container\">\n\t\t\t\t\t\t\t<div class=\"elementor-divider\">\n\t\t\t<span class=\"elementor-divider-separator\">\n\t\t\t\t\t\t\t<div class=\"elementor-icon elementor-divider__element\">\n\t\t\t\t\t<i aria-hidden=\"true\" class=\"fas fa-info-circle\"><\/i><\/div>\n\t\t\t\t\t\t<\/span>\n\t\t<\/div>\n\t\t\t\t\t\t<\/div>\n\t\t\t\t<\/div>\n\t\t\t\t\t<\/div>\n\t\t<\/div>\n\t\t\t\t\t<\/div>\n\t\t<\/section>\n\t\t\t\t<section data-particle_enable=\"false\" data-particle-mobile-disabled=\"false\" class=\"elementor-section elementor-top-section elementor-element elementor-element-c02fbd4 elementor-section-boxed elementor-section-height-default elementor-section-height-default\" data-id=\"c02fbd4\" data-element_type=\"section\" data-e-type=\"section\">\n\t\t\t\t\t\t<div class=\"elementor-container elementor-column-gap-default\">\n\t\t\t\t\t<div class=\"elementor-column elementor-col-100 elementor-top-column elementor-element elementor-element-06b6614\" data-id=\"06b6614\" data-element_type=\"column\" data-e-type=\"column\">\n\t\t\t<div class=\"elementor-widget-wrap elementor-element-populated\">\n\t\t\t\t\t\t<div class=\"elementor-element elementor-element-3825d1f elementor-widget elementor-widget-heading\" data-id=\"3825d1f\" data-element_type=\"widget\" data-e-type=\"widget\" data-widget_type=\"heading.default\">\n\t\t\t\t<div class=\"elementor-widget-container\">\n\t\t\t\t\t<h3 class=\"elementor-heading-title elementor-size-default\">M\u00e9s acudits sobre l'Opel Manta a l'ideari alemany<\/h3>\t\t\t\t<\/div>\n\t\t\t\t<\/div>\n\t\t\t\t\t<\/div>\n\t\t<\/div>\n\t\t\t\t\t<\/div>\n\t\t<\/section>\n\t\t\t\t<section data-particle_enable=\"false\" data-particle-mobile-disabled=\"false\" class=\"elementor-section elementor-top-section elementor-element elementor-element-6719e3d elementor-section-boxed elementor-section-height-default elementor-section-height-default\" data-id=\"6719e3d\" data-element_type=\"section\" data-e-type=\"section\">\n\t\t\t\t\t\t<div class=\"elementor-container elementor-column-gap-default\">\n\t\t\t\t\t<div class=\"elementor-column elementor-col-100 elementor-top-column elementor-element elementor-element-7488568\" data-id=\"7488568\" data-element_type=\"column\" data-e-type=\"column\" data-settings=\"{&quot;background_background&quot;:&quot;classic&quot;}\">\n\t\t\t<div class=\"elementor-widget-wrap elementor-element-populated\">\n\t\t\t\t\t\t<div class=\"elementor-element elementor-element-8f6fd13 elementor-widget__width-initial elementor-widget elementor-widget-text-editor\" data-id=\"8f6fd13\" data-element_type=\"widget\" data-e-type=\"widget\" data-widget_type=\"text-editor.default\">\n\t\t\t\t<div class=\"elementor-widget-container\">\n\t\t\t\t\t\t\t\t\t<ol>\n<li><strong>Per qu\u00e8 els conductors de Manta porten un fardell de palla al seient del passatger?<\/strong>\n<ul>\n<li>&#8220;Perqu\u00e8 el m\u00e9s important \u00e9s que sigui rossa.&#8221;<\/li>\n<\/ul>\n<\/li>\n<li><strong>Qu\u00e8 \u00e9s el m\u00e9s gran en un Manta?<\/strong>\n<ul>\n<li>&#8220;El bust de l&#8217;acompanyant.&#8221;<\/li>\n<\/ul>\n<\/li>\n<li><strong>Per qu\u00e8 els Mantes ara es fabriquen sense sostre corred\u00eds?<\/strong>\n<ul>\n<li>&#8220;Perqu\u00e8, qui t\u00e9 tres bra\u00e7os?&#8221;<\/li>\n<\/ul>\n<\/li>\n<li><strong>Qu\u00e8 en queda despr\u00e9s que un Manta s&#8217;incendia?<\/strong>\n<ul>\n<li>&#8220;Una cadena d&#8217;or i una perruquera plorant.&#8221;<\/li>\n<\/ul>\n<\/li>\n<li><strong>Per qu\u00e8 els conductors de Manta tenen antenes refor\u00e7ades?<\/strong>\n<ul>\n<li>&#8220;Perqu\u00e8 c\u00e0piga una guineu sencera.&#8221;<\/li>\n<\/ul>\n<\/li>\n<li><strong>Per qu\u00e8 les parets dels garatges dels conductors de Manta tenen una ratlla vermella?<\/strong>\n<ul>\n<li>&#8220;Perqu\u00e8 sempre obliden ficar el bra\u00e7 en entrar.&#8221;<\/li>\n<\/ul>\n<\/li>\n<li><strong>Per qu\u00e8 els Mantes ara es fabriquen amb 8 fars?<\/strong>\n<ul>\n<li>&#8220;Perqu\u00e8 els conductors puguin fer servir ulleres de sol tamb\u00e9 de nit.&#8221;<\/li>\n<\/ul>\n<\/li>\n<li><strong>Per qu\u00e8 els mantes es fabriquen ara de 8 metres d&#8217;al\u00e7ada?<\/strong>\n<ul>\n<li>&#8220;Perqu\u00e8 puguin ser baixats 7 metres.&#8221;<\/li>\n<\/ul>\n<\/li>\n<li><strong>Per qu\u00e8 els conductors de Manta sempre porten ulleres de sol?<\/strong>\n<ul>\n<li>&#8220;Perqu\u00e8 no es noti quan ploren per les avaries.&#8221;<\/li>\n<\/ul>\n<\/li>\n<li><strong>Per qu\u00e8 els conductors de Manta no usen intermitents?<\/strong>\n<ul>\n<li>&#8220;Perqu\u00e8 tots ja saben on van: a la discoteca.&#8221;<\/li>\n<\/ul>\n<\/li>\n<li><strong>Com es pot duplicar el valor d&#8217;un Manta?<\/strong>\n<ul>\n<li>&#8220;Omplint el tanc de benzina.&#8221;<\/li>\n<\/ul>\n<\/li>\n<li><strong>Per qu\u00e8 els conductors de Manta porten cadenes d&#8217;or gruixudes?<\/strong>\n<ul>\n<li>&#8220;Perqu\u00e8 no oblidin el &#8216;r\u00e0pids&#8217; que s\u00f3n.&#8221;<\/li>\n<\/ul>\n<\/li>\n<li><strong>Per qu\u00e8 els Mantes tenen miralls retrovisors tan grans?<\/strong>\n<ul>\n<li>&#8220;Perqu\u00e8 els seus amos puguin admirar el seu pentinat amb gomina.&#8221;<\/li>\n<\/ul>\n<\/li>\n<li><strong>Com pots fer que un Manta arribi als 200 km\/h?<\/strong>\n<ul>\n<li>&#8220;Carregant-ho en una grua de carretera.&#8221;<\/li>\n<\/ul>\n<\/li>\n<li><strong>Per qu\u00e8 els conductors de Manta mai necessiten despertador?<\/strong>\n<ul>\n<li>&#8220;Perqu\u00e8 el soroll de la fuita trencada els desperta cada mat\u00ed.&#8221;<\/li>\n<\/ul>\n<\/li>\n<li><strong>Per qu\u00e8 els conductors de Manta mai renten els cotxes?<\/strong>\n<ul>\n<li>&#8220;Perqu\u00e8 la brut\u00edcia fa que sembli que ha estat en una cursa.&#8221;<\/li>\n<\/ul>\n<\/li>\n<li><strong>Com podeu millorar el consum de combustible d&#8217;un Manta?<\/strong>\n<ul>\n<li>&#8220;Deixant-lo aparcat.&#8221;<\/li>\n<\/ul>\n<\/li>\n<li><strong>Per qu\u00e8 els Mantes tenen tants cromats?<\/strong>\n<ul>\n<li>&#8220;Per distreure de la manca de rendiment.&#8221;<\/li>\n<\/ul>\n<\/li>\n<li><strong>Per qu\u00e8 un Manta mai no arriba primer a un sem\u00e0for?<\/strong>\n<ul>\n<li>&#8220;Perqu\u00e8 el seu amo s&#8217;est\u00e0 arreglant el pentinat al retrovisor.&#8221;<\/li>\n<\/ul>\n<\/li>\n<\/ol>\n<p>Com et deia aquests acudits reflecteixen els estereotips i la imatge cultural associada als conductors de l&#8217;Opel Manta a Alemanya durant les d\u00e8cades de 1980 i 1990. \u00c9s possible que molts no s&#8217;inventessin associats a l&#8217;Opel Manta, per\u00f2 no va faltar qui fes l&#8217;adaptaci\u00f3 corresponent, per expandir el regodeig a costa del cotxe. <\/p>\n\t\t\t\t\t\t\t\t<\/div>\n\t\t\t\t<\/div>\n\t\t\t\t<div class=\"elementor-element elementor-element-c440267 elementor-widget-divider--view-line elementor-widget elementor-widget-divider\" data-id=\"c440267\" data-element_type=\"widget\" data-e-type=\"widget\" data-widget_type=\"divider.default\">\n\t\t\t\t<div class=\"elementor-widget-container\">\n\t\t\t\t\t\t\t<div class=\"elementor-divider\">\n\t\t\t<span class=\"elementor-divider-separator\">\n\t\t\t\t\t\t<\/span>\n\t\t<\/div>\n\t\t\t\t\t\t<\/div>\n\t\t\t\t<\/div>\n\t\t\t\t\t<\/div>\n\t\t<\/div>\n\t\t\t\t\t<\/div>\n\t\t<\/section>\n\t\t\t\t<section data-particle_enable=\"false\" data-particle-mobile-disabled=\"false\" class=\"elementor-section elementor-top-section elementor-element elementor-element-b9fde3f elementor-section-boxed elementor-section-height-default elementor-section-height-default\" data-id=\"b9fde3f\" data-element_type=\"section\" data-e-type=\"section\">\n\t\t\t\t\t\t<div class=\"elementor-container elementor-column-gap-default\">\n\t\t\t\t\t<div class=\"elementor-column elementor-col-100 elementor-top-column elementor-element elementor-element-3bc99e0\" data-id=\"3bc99e0\" data-element_type=\"column\" data-e-type=\"column\">\n\t\t\t<div class=\"elementor-widget-wrap elementor-element-populated\">\n\t\t\t\t\t\t<div class=\"elementor-element elementor-element-3d7a737 elementor-widget elementor-widget-heading\" data-id=\"3d7a737\" data-element_type=\"widget\" data-e-type=\"widget\" data-widget_type=\"heading.default\">\n\t\t\t\t<div class=\"elementor-widget-container\">\n\t\t\t\t\t<h2 class=\"elementor-heading-title elementor-size-default\">L'Opel Manta a TV i mitjans de comunicaci\u00f3  <\/h2>\t\t\t\t<\/div>\n\t\t\t\t<\/div>\n\t\t\t\t\t<\/div>\n\t\t<\/div>\n\t\t\t\t\t<\/div>\n\t\t<\/section>\n\t\t\t\t<section data-particle_enable=\"false\" data-particle-mobile-disabled=\"false\" class=\"elementor-section elementor-top-section elementor-element elementor-element-f321db8 elementor-section-boxed elementor-section-height-default elementor-section-height-default\" data-id=\"f321db8\" data-element_type=\"section\" data-e-type=\"section\">\n\t\t\t\t\t\t<div class=\"elementor-container elementor-column-gap-default\">\n\t\t\t\t\t<div class=\"elementor-column elementor-col-100 elementor-top-column elementor-element elementor-element-15a301d\" data-id=\"15a301d\" data-element_type=\"column\" data-e-type=\"column\">\n\t\t\t<div class=\"elementor-widget-wrap elementor-element-populated\">\n\t\t\t\t\t\t<div class=\"elementor-element elementor-element-9f3230f elementor-widget elementor-widget-text-editor\" data-id=\"9f3230f\" data-element_type=\"widget\" data-e-type=\"widget\" data-widget_type=\"text-editor.default\">\n\t\t\t\t<div class=\"elementor-widget-container\">\n\t\t\t\t\t\t\t\t\t<p>El programa de televisi\u00f3 alemany <strong>&#8220;Wetten, dass..?&#8221;<\/strong> (en espanyol, una cosa aix\u00ed com &#8221; <strong><em>A qu\u00e8 no&#8230;?<\/em><\/strong> &#8220;) va ser una de les emissions m\u00e9s populars a Alemanya i altres pa\u00efsos de parla alemanya des de la seva estrena el 1981. El format del programa consistia en qu\u00e8 persones comunes realitzaven apostes sobre habilitats inusuals o gestes sorprenents, mentre celebritats actuaven com a padrins de les apostes, afegint. <\/p>\n\t\t\t\t\t\t\t\t<\/div>\n\t\t\t\t<\/div>\n\t\t\t\t\t<\/div>\n\t\t<\/div>\n\t\t\t\t\t<\/div>\n\t\t<\/section>\n\t\t\t\t<section data-particle_enable=\"false\" data-particle-mobile-disabled=\"false\" class=\"elementor-section elementor-top-section elementor-element elementor-element-b6a05ec elementor-section-boxed elementor-section-height-default elementor-section-height-default\" data-id=\"b6a05ec\" data-element_type=\"section\" data-e-type=\"section\">\n\t\t\t\t\t\t<div class=\"elementor-container elementor-column-gap-default\">\n\t\t\t\t\t<div class=\"elementor-column elementor-col-50 elementor-top-column elementor-element elementor-element-74c9d43\" data-id=\"74c9d43\" data-element_type=\"column\" data-e-type=\"column\">\n\t\t\t<div class=\"elementor-widget-wrap elementor-element-populated\">\n\t\t\t\t\t\t<div class=\"elementor-element elementor-element-5b93933 elementor-widget elementor-widget-text-editor\" data-id=\"5b93933\" data-element_type=\"widget\" data-e-type=\"widget\" data-widget_type=\"text-editor.default\">\n\t\t\t\t<div class=\"elementor-widget-container\">\n\t\t\t\t\t\t\t\t\t<p>El 2 de mar\u00e7 de 1991, el programa va presentar una <strong>Saalwette<\/strong> (aposta a l&#8217;estudi) que reflectia els estereotips humor\u00edstics de l&#8217;\u00e8poca associats a l&#8217; <strong>Opel Manta<\/strong> i els seus conductors. L&#8217;aposta consistia que almenys deu conductors de Manta, tots anomenats Manni (diminutiu de Manfred), assistissin a l&#8217;estudi acompanyats de les seves parelles, que havien de ser perruqueres. Aquesta aposta es basava en l&#8217;estereotip popular que retratava els conductors de Manta com a joves de classe treballadora, sovint anomenats Manni, amb n\u00favies que treballaven com a perruqueres. L&#8217;aposta va ser acceptada i, efectivament, deu Mannis amb les seves parelles perruqueres es van presentar a l&#8217;estudi, complint amb \u00e8xit el desafiament i proporcionant un moment memorable a la hist\u00f2ria del programa.   <\/p>\n\t\t\t\t\t\t\t\t<\/div>\n\t\t\t\t<\/div>\n\t\t\t\t\t<\/div>\n\t\t<\/div>\n\t\t\t\t<div class=\"elementor-column elementor-col-50 elementor-top-column elementor-element elementor-element-2a584a0\" data-id=\"2a584a0\" data-element_type=\"column\" data-e-type=\"column\">\n\t\t\t<div class=\"elementor-widget-wrap elementor-element-populated\">\n\t\t\t\t\t\t<div class=\"elementor-element elementor-element-ffe42bb elementor-widget elementor-widget-video\" data-id=\"ffe42bb\" data-element_type=\"widget\" data-e-type=\"widget\" data-settings=\"{&quot;youtube_url&quot;:&quot;https:\\\/\\\/www.youtube.com\\\/watch?v=oVDT_8luaII&quot;,&quot;video_type&quot;:&quot;youtube&quot;,&quot;controls&quot;:&quot;yes&quot;}\" data-widget_type=\"video.default\">\n\t\t\t\t<div class=\"elementor-widget-container\">\n\t\t\t\t\t\t\t<div class=\"elementor-wrapper elementor-open-inline\">\n\t\t\t<div class=\"elementor-video\"><\/div>\t\t<\/div>\n\t\t\t\t\t\t<\/div>\n\t\t\t\t<\/div>\n\t\t\t\t<div class=\"elementor-element elementor-element-1a677d3 elementor-widget elementor-widget-text-editor\" data-id=\"1a677d3\" data-element_type=\"widget\" data-e-type=\"widget\" data-widget_type=\"text-editor.default\">\n\t\t\t\t<div class=\"elementor-widget-container\">\n\t\t\t\t\t\t\t\t\t<p>Aquest esdeveniment \u00e9s recordat com un reflex de com la cultura popular i els estereotips humor\u00edstics de l&#8217;\u00e8poca es van integrar en programes d&#8217;entreteniment massiu, consolidant l&#8217;Opel Manta i els seus conductors com a icones de la cultura alemanya de principis dels anys 90.<\/p>\n\t\t\t\t\t\t\t\t<\/div>\n\t\t\t\t<\/div>\n\t\t\t\t\t<\/div>\n\t\t<\/div>\n\t\t\t\t\t<\/div>\n\t\t<\/section>\n\t\t\t\t<section data-particle_enable=\"false\" data-particle-mobile-disabled=\"false\" class=\"elementor-section elementor-top-section elementor-element elementor-element-792a701 elementor-section-boxed elementor-section-height-default elementor-section-height-default\" data-id=\"792a701\" data-element_type=\"section\" data-e-type=\"section\">\n\t\t\t\t\t\t<div class=\"elementor-container elementor-column-gap-default\">\n\t\t\t\t\t<div class=\"elementor-column elementor-col-100 elementor-top-column elementor-element elementor-element-5ae2909\" data-id=\"5ae2909\" data-element_type=\"column\" data-e-type=\"column\">\n\t\t\t<div class=\"elementor-widget-wrap elementor-element-populated\">\n\t\t\t\t\t\t<div class=\"elementor-element elementor-element-ec4fa39 elementor-widget elementor-widget-text-editor\" data-id=\"ec4fa39\" data-element_type=\"widget\" data-e-type=\"widget\" data-widget_type=\"text-editor.default\">\n\t\t\t\t<div class=\"elementor-widget-container\">\n\t\t\t\t\t\t\t\t\t<p>L&#8217;escena semblava treta d&#8217;un acudit, per\u00f2 era real \u2013 una mena d&#8217; <em>ullet meta-humor\u00edstic<\/em> al p\u00fablic. Que un xou tan vist organitz\u00e9s aquest segment demostra com de <strong>arrelat estava l&#8217;estereotip<\/strong> en la cultura popular alemanya de l&#8217;\u00e8poca. <\/p>\n\t\t\t\t\t\t\t\t<\/div>\n\t\t\t\t<\/div>\n\t\t\t\t\t<\/div>\n\t\t<\/div>\n\t\t\t\t\t<\/div>\n\t\t<\/section>\n\t\t\t\t<section data-particle_enable=\"false\" data-particle-mobile-disabled=\"false\" class=\"elementor-section elementor-top-section elementor-element elementor-element-01bb407 elementor-section-boxed elementor-section-height-default elementor-section-height-default\" data-id=\"01bb407\" data-element_type=\"section\" data-e-type=\"section\">\n\t\t\t\t\t\t<div class=\"elementor-container elementor-column-gap-default\">\n\t\t\t\t\t<div class=\"elementor-column elementor-col-100 elementor-top-column elementor-element elementor-element-8e99419\" data-id=\"8e99419\" data-element_type=\"column\" data-e-type=\"column\">\n\t\t\t<div class=\"elementor-widget-wrap elementor-element-populated\">\n\t\t\t\t\t\t<div class=\"elementor-element elementor-element-422cf79 elementor-widget elementor-widget-text-editor\" data-id=\"422cf79\" data-element_type=\"widget\" data-e-type=\"widget\" data-widget_type=\"text-editor.default\">\n\t\t\t\t<div class=\"elementor-widget-container\">\n\t\t\t\t\t\t\t\t\t<p><strong><u>Publicitat \u201cSuper, Ingo\u201d (campanya de DEA):<\/u><\/strong><\/p>\n\t\t\t\t\t\t\t\t<\/div>\n\t\t\t\t<\/div>\n\t\t\t\t\t<\/div>\n\t\t<\/div>\n\t\t\t\t\t<\/div>\n\t\t<\/section>\n\t\t\t\t<section data-particle_enable=\"false\" data-particle-mobile-disabled=\"false\" class=\"elementor-section elementor-top-section elementor-element elementor-element-35a9993 elementor-section-boxed elementor-section-height-default elementor-section-height-default\" data-id=\"35a9993\" data-element_type=\"section\" data-e-type=\"section\">\n\t\t\t\t\t\t<div class=\"elementor-container elementor-column-gap-default\">\n\t\t\t\t\t<div class=\"elementor-column elementor-col-100 elementor-top-column elementor-element elementor-element-db501bf\" data-id=\"db501bf\" data-element_type=\"column\" data-e-type=\"column\">\n\t\t\t<div class=\"elementor-widget-wrap elementor-element-populated\">\n\t\t\t\t\t\t<div class=\"elementor-element elementor-element-76a7773 elementor-widget elementor-widget-text-editor\" data-id=\"76a7773\" data-element_type=\"widget\" data-e-type=\"widget\" data-widget_type=\"text-editor.default\">\n\t\t\t\t<div class=\"elementor-widget-container\">\n\t\t\t\t\t\t\t\t\t<p>No nom\u00e9s el cinema i la TV se&#8217;n van fer ress\u00f2; la <strong>publicitat<\/strong> tamb\u00e9 va aprofitar la tirada humor\u00edstica del Manta. A finals dels 90, la companyia petroliera DEA va llan\u00e7ar un anunci protagonitzat per un t\u00edpic mantafahrer anomenat <em>Ingo<\/em> . A l&#8217;espot, Ingo arriba a una benzinera i tots els empleats li diuen amb entusiasme: <em>\u201cSuper, Ingo!\u201d<\/em> .    <\/p>\n\t\t\t\t\t\t\t\t<\/div>\n\t\t\t\t<\/div>\n\t\t\t\t\t<\/div>\n\t\t<\/div>\n\t\t\t\t\t<\/div>\n\t\t<\/section>\n\t\t\t\t<section data-particle_enable=\"false\" data-particle-mobile-disabled=\"false\" class=\"elementor-section elementor-top-section elementor-element elementor-element-bc645e0 elementor-section-boxed elementor-section-height-default elementor-section-height-default\" data-id=\"bc645e0\" data-element_type=\"section\" data-e-type=\"section\">\n\t\t\t\t\t\t<div class=\"elementor-container elementor-column-gap-default\">\n\t\t\t\t\t<div class=\"elementor-column elementor-col-50 elementor-top-column elementor-element elementor-element-e46e02f\" data-id=\"e46e02f\" data-element_type=\"column\" data-e-type=\"column\">\n\t\t\t<div class=\"elementor-widget-wrap elementor-element-populated\">\n\t\t\t\t\t\t<div class=\"elementor-element elementor-element-55c061a elementor-widget elementor-widget-text-editor\" data-id=\"55c061a\" data-element_type=\"widget\" data-e-type=\"widget\" data-widget_type=\"text-editor.default\">\n\t\t\t\t<div class=\"elementor-widget-container\">\n\t\t\t\t\t\t\t\t\t<p>El conductor, ufan\u00f3s, creu que l&#8217;elogien (entenent <em>\u201csuper, Ingo\u201d<\/em> com a \u201cgenial, Ingo\u201d), per\u00f2 en realitat <strong>li estan advertint<\/strong> que ha de proveir gasolina <em>s\u00faper<\/em> (95 o 98 octans, per\u00f2 <strong>gasolina<\/strong> ) i <strong>no di\u00e8sel<\/strong> a la seva Opel Manta<\/p>\n\t\t\t\t\t\t\t\t<\/div>\n\t\t\t\t<\/div>\n\t\t\t\t<div class=\"elementor-element elementor-element-54521e2 elementor-widget elementor-widget-text-editor\" data-id=\"54521e2\" data-element_type=\"widget\" data-e-type=\"widget\" data-widget_type=\"text-editor.default\">\n\t\t\t\t<div class=\"elementor-widget-container\">\n\t\t\t\t\t\t\t\t\t<p>El desenlla\u00e7 c\u00f2mic ve quan Ingo s&#8217;adona de la confusi\u00f3. Aquest anunci jugava amb la <em>ingenu\u00eftat<\/em> del personatge i mostra com l&#8217; <strong>arquetip del mantafahrer era reconeixible<\/strong> fins i tot a la publicitat comercial. <\/p>\n\t\t\t\t\t\t\t\t<\/div>\n\t\t\t\t<\/div>\n\t\t\t\t\t<\/div>\n\t\t<\/div>\n\t\t\t\t<div class=\"elementor-column elementor-col-50 elementor-top-column elementor-element elementor-element-7df3f4b\" data-id=\"7df3f4b\" data-element_type=\"column\" data-e-type=\"column\">\n\t\t\t<div class=\"elementor-widget-wrap elementor-element-populated\">\n\t\t\t\t\t\t<div class=\"elementor-element elementor-element-eb96304 elementor-widget elementor-widget-video\" data-id=\"eb96304\" data-element_type=\"widget\" data-e-type=\"widget\" data-settings=\"{&quot;youtube_url&quot;:&quot;https:\\\/\\\/www.youtube.com\\\/watch?v=CHq2fzE4ryI&quot;,&quot;video_type&quot;:&quot;youtube&quot;,&quot;controls&quot;:&quot;yes&quot;}\" data-widget_type=\"video.default\">\n\t\t\t\t<div class=\"elementor-widget-container\">\n\t\t\t\t\t\t\t<div class=\"elementor-wrapper elementor-open-inline\">\n\t\t\t<div class=\"elementor-video\"><\/div>\t\t<\/div>\n\t\t\t\t\t\t<\/div>\n\t\t\t\t<\/div>\n\t\t\t\t\t<\/div>\n\t\t<\/div>\n\t\t\t\t\t<\/div>\n\t\t<\/section>\n\t\t\t\t<section data-particle_enable=\"false\" data-particle-mobile-disabled=\"false\" class=\"elementor-section elementor-top-section elementor-element elementor-element-5509b3d elementor-section-boxed elementor-section-height-default elementor-section-height-default\" data-id=\"5509b3d\" data-element_type=\"section\" data-e-type=\"section\">\n\t\t\t\t\t\t<div class=\"elementor-container elementor-column-gap-default\">\n\t\t\t\t\t<div class=\"elementor-column elementor-col-100 elementor-top-column elementor-element elementor-element-cc80bb8\" data-id=\"cc80bb8\" data-element_type=\"column\" data-e-type=\"column\">\n\t\t\t<div class=\"elementor-widget-wrap elementor-element-populated\">\n\t\t\t\t\t\t<div class=\"elementor-element elementor-element-fb6652c elementor-widget-divider--view-line_icon elementor-view-default elementor-widget-divider--element-align-center elementor-widget elementor-widget-divider\" data-id=\"fb6652c\" data-element_type=\"widget\" data-e-type=\"widget\" data-widget_type=\"divider.default\">\n\t\t\t\t<div class=\"elementor-widget-container\">\n\t\t\t\t\t\t\t<div class=\"elementor-divider\">\n\t\t\t<span class=\"elementor-divider-separator\">\n\t\t\t\t\t\t\t<div class=\"elementor-icon elementor-divider__element\">\n\t\t\t\t\t<i aria-hidden=\"true\" class=\"fas fa-info-circle\"><\/i><\/div>\n\t\t\t\t\t\t<\/span>\n\t\t<\/div>\n\t\t\t\t\t\t<\/div>\n\t\t\t\t<\/div>\n\t\t\t\t\t<\/div>\n\t\t<\/div>\n\t\t\t\t\t<\/div>\n\t\t<\/section>\n\t\t\t\t<section data-particle_enable=\"false\" data-particle-mobile-disabled=\"false\" class=\"elementor-section elementor-top-section elementor-element elementor-element-8744bb7 elementor-section-boxed elementor-section-height-default elementor-section-height-default\" data-id=\"8744bb7\" data-element_type=\"section\" data-e-type=\"section\">\n\t\t\t\t\t\t<div class=\"elementor-container elementor-column-gap-default\">\n\t\t\t\t\t<div class=\"elementor-column elementor-col-100 elementor-top-column elementor-element elementor-element-1c83e44\" data-id=\"1c83e44\" data-element_type=\"column\" data-e-type=\"column\">\n\t\t\t<div class=\"elementor-widget-wrap elementor-element-populated\">\n\t\t\t\t\t\t<div class=\"elementor-element elementor-element-7ad7bbc elementor-widget elementor-widget-heading\" data-id=\"7ad7bbc\" data-element_type=\"widget\" data-e-type=\"widget\" data-widget_type=\"heading.default\">\n\t\t\t\t<div class=\"elementor-widget-container\">\n\t\t\t\t\t<h3 class=\"elementor-heading-title elementor-size-default\">Una llegenda urbana automobil\u00edstica: va ser Porsche l'origen de les bromes al voltant de l'Opel Manta?<\/h3>\t\t\t\t<\/div>\n\t\t\t\t<\/div>\n\t\t\t\t\t<\/div>\n\t\t<\/div>\n\t\t\t\t\t<\/div>\n\t\t<\/section>\n\t\t\t\t<section data-particle_enable=\"false\" data-particle-mobile-disabled=\"false\" class=\"elementor-section elementor-top-section elementor-element elementor-element-358c24a elementor-section-boxed elementor-section-height-default elementor-section-height-default\" data-id=\"358c24a\" data-element_type=\"section\" data-e-type=\"section\">\n\t\t\t\t\t\t<div class=\"elementor-container elementor-column-gap-default\">\n\t\t\t\t\t<div class=\"elementor-column elementor-col-100 elementor-top-column elementor-element elementor-element-dfccac2\" data-id=\"dfccac2\" data-element_type=\"column\" data-e-type=\"column\">\n\t\t\t<div class=\"elementor-widget-wrap elementor-element-populated\">\n\t\t\t\t\t\t<div class=\"elementor-element elementor-element-23da1d9 elementor-widget__width-initial elementor-widget elementor-widget-text-editor\" data-id=\"23da1d9\" data-element_type=\"widget\" data-e-type=\"widget\" data-widget_type=\"text-editor.default\">\n\t\t\t\t<div class=\"elementor-widget-container\">\n\t\t\t\t\t\t\t\t\t<p>Com a an\u00e8cdota curiosa, amb el temps va sorgir el rumor que <strong>Porsche<\/strong> (competidor d&#8217;Opel al mercat alemany, encara que \u00f2bviament en un altre segment del mercat) <strong>hauria estat l&#8217;originador<\/strong> dels acudits del Manta, suposadament per danyar la imatge del model d&#8217;Opel.<\/p>\n<p>Si b\u00e9 no hi ha evid\u00e8ncia real que Porsche invent\u00e9s els <em>Manta-Witze<\/em> , el sol fet que aquesta teoria existeixi reflecteix l&#8217; <strong>impacte que van tenir aquests acudits<\/strong> a la imatge p\u00fablica del cotxe. Veritable o no, l&#8217;estratagema hauria funcionat: l&#8217;Opel Manta va quedar tan estigmatitzat (i alhora <strong>fam\u00f3s<\/strong> ) pels seus acudits que, d\u00e8cades despr\u00e9s, se&#8217;l recorda amb un cert afecte nost\u00e0lgic com -aquesta vegada s\u00ed i no necess\u00e0riament per les raons \u201cautomobil\u00edsticament t\u00e8cniques\u201d &#8211; un <strong>\u201ccotxe de culte\u201d<\/strong> dels 80. <\/p>\n<p>Aix\u00ed que molts dels seus antics propietaris avui abracen amb humor aquell clix\u00e9 del qual van ser objecte, i el Manta sobreviu a la mem\u00f2ria col\u00b7lectiva, no ja per les seves prestacions, sin\u00f3 per l&#8217;ambient que va generar.<\/p>\n<p><strong>En resum<\/strong> , els acudits sobre l&#8217;Opel Manta constitueixen un cap\u00edtol peculiar de l&#8217;humor alemany: una combinaci\u00f3 de <strong>s\u00e0tira de classe social<\/strong> , <strong>par\u00f2dia automobil\u00edstica<\/strong> i <strong>comicitat costumista<\/strong> . A trav\u00e9s de bromes simples per\u00f2 efectives, el \u201cManta\u201d va passar de ser un model de cotxe a tot un s\u00edmbol cultural, demostrant com un vehicle es pot convertir en el blanc d&#8217;un imaginari c\u00f2mic nacional. Aquests acudits i refer\u00e8ncies segueixen sent recordats com a part del folklore humor\u00edstic d&#8217;Alemanya, il\u00b7lustrant la capacitat de la societat alemanya per riure&#8217;s de si mateixa i dels seus <strong>estereotips populars<\/strong>  <\/p>\n\t\t\t\t\t\t\t\t<\/div>\n\t\t\t\t<\/div>\n\t\t\t\t<div class=\"elementor-element elementor-element-4f629b6 elementor-widget-divider--view-line elementor-widget elementor-widget-divider\" data-id=\"4f629b6\" data-element_type=\"widget\" data-e-type=\"widget\" data-widget_type=\"divider.default\">\n\t\t\t\t<div class=\"elementor-widget-container\">\n\t\t\t\t\t\t\t<div class=\"elementor-divider\">\n\t\t\t<span class=\"elementor-divider-separator\">\n\t\t\t\t\t\t<\/span>\n\t\t<\/div>\n\t\t\t\t\t\t<\/div>\n\t\t\t\t<\/div>\n\t\t\t\t\t<\/div>\n\t\t<\/div>\n\t\t\t\t\t<\/div>\n\t\t<\/section>\n\t\t\t\t<section data-particle_enable=\"false\" data-particle-mobile-disabled=\"false\" class=\"elementor-section elementor-top-section elementor-element elementor-element-93be4d9 elementor-section-boxed elementor-section-height-default elementor-section-height-default\" data-id=\"93be4d9\" data-element_type=\"section\" data-e-type=\"section\">\n\t\t\t\t\t\t<div class=\"elementor-container elementor-column-gap-default\">\n\t\t\t\t\t<div class=\"elementor-column elementor-col-100 elementor-top-column elementor-element elementor-element-0405b25\" data-id=\"0405b25\" data-element_type=\"column\" data-e-type=\"column\">\n\t\t\t<div class=\"elementor-widget-wrap elementor-element-populated\">\n\t\t\t\t\t\t<div class=\"elementor-element elementor-element-98e3621 elementor-widget elementor-widget-heading\" data-id=\"98e3621\" data-element_type=\"widget\" data-e-type=\"widget\" data-widget_type=\"heading.default\">\n\t\t\t\t<div class=\"elementor-widget-container\">\n\t\t\t\t\t<h2 class=\"elementor-heading-title elementor-size-default\">Per qu\u00e8 els conductors d'Opel Manta eren coneguts com a mannis?  <\/h2>\t\t\t\t<\/div>\n\t\t\t\t<\/div>\n\t\t\t\t\t<\/div>\n\t\t<\/div>\n\t\t\t\t\t<\/div>\n\t\t<\/section>\n\t\t\t\t<section data-particle_enable=\"false\" data-particle-mobile-disabled=\"false\" class=\"elementor-section elementor-top-section elementor-element elementor-element-f2485b6 elementor-section-boxed elementor-section-height-default elementor-section-height-default\" data-id=\"f2485b6\" data-element_type=\"section\" data-e-type=\"section\">\n\t\t\t\t\t\t<div class=\"elementor-container elementor-column-gap-default\">\n\t\t\t\t\t<div class=\"elementor-column elementor-col-50 elementor-top-column elementor-element elementor-element-433d5b2\" data-id=\"433d5b2\" data-element_type=\"column\" data-e-type=\"column\">\n\t\t\t<div class=\"elementor-widget-wrap elementor-element-populated\">\n\t\t\t\t\t\t<div class=\"elementor-element elementor-element-ed8baa4 elementor-widget elementor-widget-text-editor\" data-id=\"ed8baa4\" data-element_type=\"widget\" data-e-type=\"widget\" data-widget_type=\"text-editor.default\">\n\t\t\t\t<div class=\"elementor-widget-container\">\n\t\t\t\t\t\t\t\t\t<p>El nom <strong>Manfred<\/strong> t\u00e9 una particularitat en la cultura alemanya pel fet que s&#8217;associa tradicionalment amb certes caracter\u00edstiques o clix\u00e9s socials. Durant les d\u00e8cades dels 70 i 80, &#8220;Manfred&#8221; (comunament abreujat de manera col\u00b7loquial com <strong>Manni<\/strong> ) es va tornar un nom t\u00edpic per caricaturitzar homes joves de classe treballadora, especialment de l&#8217;\u00e0rea industrial alemanya (com la regi\u00f3 del Ruhr), sense molta educaci\u00f3 formal, per\u00f2 amb un estil cridaner i exagerat. <\/p>\n\t\t\t\t\t\t\t\t<\/div>\n\t\t\t\t<\/div>\n\t\t\t\t\t<\/div>\n\t\t<\/div>\n\t\t\t\t<div class=\"elementor-column elementor-col-50 elementor-top-column elementor-element elementor-element-3b82f53\" data-id=\"3b82f53\" data-element_type=\"column\" data-e-type=\"column\">\n\t\t\t<div class=\"elementor-widget-wrap elementor-element-populated\">\n\t\t\t\t\t\t<div class=\"elementor-element elementor-element-616087a elementor-widget elementor-widget-image\" data-id=\"616087a\" data-element_type=\"widget\" data-e-type=\"widget\" data-widget_type=\"image.default\">\n\t\t\t\t<div class=\"elementor-widget-container\">\n\t\t\t\t\t\t\t\t\t\t\t\t\t\t\t\t<a href=\"https:\/\/www.jgclassics.com\/wp-content\/uploads\/2025\/03\/manta-manta_03.jpg\" data-elementor-open-lightbox=\"yes\" data-elementor-lightbox-title=\"manta-manta_03\" data-e-action-hash=\"#elementor-action%3Aaction%3Dlightbox%26settings%3DeyJpZCI6MjE4MjgsInVybCI6Imh0dHBzOlwvXC93d3cuamdjbGFzc2ljcy5jb21cL3dwLWNvbnRlbnRcL3VwbG9hZHNcLzIwMjVcLzAzXC9tYW50YS1tYW50YV8wMy5qcGcifQ%3D%3D\">\n\t\t\t\t\t\t\t<img loading=\"lazy\" decoding=\"async\" width=\"1024\" height=\"576\" src=\"https:\/\/www.jgclassics.com\/wp-content\/uploads\/2025\/03\/manta-manta_03-1024x576.jpg\" class=\"attachment-large size-large wp-image-21828\" alt=\"manta manta\" srcset=\"https:\/\/www.jgclassics.com\/wp-content\/uploads\/2025\/03\/manta-manta_03-1024x576.jpg 1024w, https:\/\/www.jgclassics.com\/wp-content\/uploads\/2025\/03\/manta-manta_03-300x169.jpg 300w, https:\/\/www.jgclassics.com\/wp-content\/uploads\/2025\/03\/manta-manta_03-768x432.jpg 768w, https:\/\/www.jgclassics.com\/wp-content\/uploads\/2025\/03\/manta-manta_03.jpg 1280w\" sizes=\"(max-width: 1024px) 100vw, 1024px\" \/>\t\t\t\t\t\t\t\t<\/a>\n\t\t\t\t\t\t\t\t\t\t\t\t\t\t\t<\/div>\n\t\t\t\t<\/div>\n\t\t\t\t\t<\/div>\n\t\t<\/div>\n\t\t\t\t\t<\/div>\n\t\t<\/section>\n\t\t\t\t<section data-particle_enable=\"false\" data-particle-mobile-disabled=\"false\" class=\"elementor-section elementor-top-section elementor-element elementor-element-f48d503 elementor-section-boxed elementor-section-height-default elementor-section-height-default\" data-id=\"f48d503\" data-element_type=\"section\" data-e-type=\"section\">\n\t\t\t\t\t\t<div class=\"elementor-container elementor-column-gap-default\">\n\t\t\t\t\t<div class=\"elementor-column elementor-col-100 elementor-top-column elementor-element elementor-element-ed2b8e8\" data-id=\"ed2b8e8\" data-element_type=\"column\" data-e-type=\"column\">\n\t\t\t<div class=\"elementor-widget-wrap elementor-element-populated\">\n\t\t\t\t\t\t<div class=\"elementor-element elementor-element-b459bd2 elementor-widget elementor-widget-text-editor\" data-id=\"b459bd2\" data-element_type=\"widget\" data-e-type=\"widget\" data-widget_type=\"text-editor.default\">\n\t\t\t\t<div class=\"elementor-widget-container\">\n\t\t\t\t\t\t\t\t\t<p>A la postguerra i durant les d\u00e8cades de 1950 i 1960, el nom Manfred va ser molt popular a Alemanya. Aix\u00f2 significa que, per a l&#8217;\u00e8poca en qu\u00e8 van apar\u00e8ixer els famosos &#8220;acudits de l&#8217;Opel Manta&#8221; (anys 70 i 80), hi havia molts joves adults anomenats Manfred, un nom que era tan com\u00fa que f\u00e0cilment podia representar l&#8217;alemany mitj\u00e0 de classe treballadora. Aix\u00ed que &#8220;Manfred\/Manni&#8221; no nom\u00e9s representava un personatge, sin\u00f3 tota una generaci\u00f3 que va cr\u00e9ixer a l&#8217;Alemanya Occidental a les d\u00e8cades de 1970 i 1980.  <\/p>\n\t\t\t\t\t\t\t\t<\/div>\n\t\t\t\t<\/div>\n\t\t\t\t\t<\/div>\n\t\t<\/div>\n\t\t\t\t\t<\/div>\n\t\t<\/section>\n\t\t\t\t<section data-particle_enable=\"false\" data-particle-mobile-disabled=\"false\" class=\"elementor-section elementor-top-section elementor-element elementor-element-8d526a9 elementor-section-boxed elementor-section-height-default elementor-section-height-default\" data-id=\"8d526a9\" data-element_type=\"section\" data-e-type=\"section\">\n\t\t\t\t\t\t<div class=\"elementor-container elementor-column-gap-default\">\n\t\t\t\t\t<div class=\"elementor-column elementor-col-100 elementor-top-column elementor-element elementor-element-d0cc94c\" data-id=\"d0cc94c\" data-element_type=\"column\" data-e-type=\"column\">\n\t\t\t<div class=\"elementor-widget-wrap elementor-element-populated\">\n\t\t\t\t\t\t<div class=\"elementor-element elementor-element-4921a22 elementor-widget elementor-widget-text-editor\" data-id=\"4921a22\" data-element_type=\"widget\" data-e-type=\"widget\" data-widget_type=\"text-editor.default\">\n\t\t\t\t<div class=\"elementor-widget-container\">\n\t\t\t\t\t\t\t\t\t<p>&#8220;Manni&#8221; va passar a ser una mena de sin\u00f2nim humor\u00edstic de l&#8217;estereotip d&#8217;home jove que prefereix els cotxes esportius (especialment l&#8217;Opel Manta), el tuning excessiu, roba vistosa, joies daurades, cadenes grans, ulleres de sol, n\u00favies perruqueres rosses, i modismes col\u00b7loquials. Aquest personatge humor\u00edstic solia representar-se com a superficial, encara que no en all\u00f2 que s&#8217;ent\u00e9n com a \u201cdolent\u201d, sin\u00f3 m\u00e9s aviat amb un punt d&#8217;ingenu\u00eftat i candidesa, per\u00f2 amant del \u201cpostureig\u201d i obsessionat amb impressionar els altres. <\/p>\n\t\t\t\t\t\t\t\t<\/div>\n\t\t\t\t<\/div>\n\t\t\t\t\t<\/div>\n\t\t<\/div>\n\t\t\t\t\t<\/div>\n\t\t<\/section>\n\t\t\t\t<section data-particle_enable=\"false\" data-particle-mobile-disabled=\"false\" class=\"elementor-section elementor-top-section elementor-element elementor-element-c9d2b92 elementor-section-boxed elementor-section-height-default elementor-section-height-default\" data-id=\"c9d2b92\" data-element_type=\"section\" data-e-type=\"section\">\n\t\t\t\t\t\t<div class=\"elementor-container elementor-column-gap-default\">\n\t\t\t\t\t<div class=\"elementor-column elementor-col-100 elementor-top-column elementor-element elementor-element-ebc18e6\" data-id=\"ebc18e6\" data-element_type=\"column\" data-e-type=\"column\">\n\t\t\t<div class=\"elementor-widget-wrap elementor-element-populated\">\n\t\t\t\t\t\t<div class=\"elementor-element elementor-element-2f43e61 elementor-widget elementor-widget-text-editor\" data-id=\"2f43e61\" data-element_type=\"widget\" data-e-type=\"widget\" data-widget_type=\"text-editor.default\">\n\t\t\t\t<div class=\"elementor-widget-container\">\n\t\t\t\t\t\t\t\t\t<p>Aix\u00ed que a les pel\u00b7l\u00edcules <strong>&#8220;Manta, Manta&#8221; (1991)<\/strong> i <strong>&#8220;Manta \u2013 Der Film&#8221; (1991)<\/strong> , els protagonistes es diuen &#8220;Manni&#8221; i representen el clix\u00e9 amb humor i afecte: un jove simple, superficial, per\u00f2 de bon cor, el major orgull del qual era el seu Opel Manta modificat i personalitzat.<\/p>\n\t\t\t\t\t\t\t\t<\/div>\n\t\t\t\t<\/div>\n\t\t\t\t\t<\/div>\n\t\t<\/div>\n\t\t\t\t\t<\/div>\n\t\t<\/section>\n\t\t\t\t<section data-particle_enable=\"false\" data-particle-mobile-disabled=\"false\" class=\"elementor-section elementor-top-section elementor-element elementor-element-26e1069 elementor-section-boxed elementor-section-height-default elementor-section-height-default\" data-id=\"26e1069\" data-element_type=\"section\" data-e-type=\"section\">\n\t\t\t\t\t\t<div class=\"elementor-container elementor-column-gap-default\">\n\t\t\t\t\t<div class=\"elementor-column elementor-col-100 elementor-top-column elementor-element elementor-element-16273ee\" data-id=\"16273ee\" data-element_type=\"column\" data-e-type=\"column\">\n\t\t\t<div class=\"elementor-widget-wrap elementor-element-populated\">\n\t\t\t\t\t\t<div class=\"elementor-element elementor-element-42d2dee elementor-widget elementor-widget-text-editor\" data-id=\"42d2dee\" data-element_type=\"widget\" data-e-type=\"widget\" data-widget_type=\"text-editor.default\">\n\t\t\t\t<div class=\"elementor-widget-container\">\n\t\t\t\t\t\t\t\t\t<p>Nombrosos c\u00f2mics de televisi\u00f3 van usar tamb\u00e9 el nom &#8220;Manni&#8221; per a personatges c\u00f2mics per la seva brevetat, so informal, i f\u00e0cil pronunciaci\u00f3. I de fet a <strong>\u201cLola rennt\u201d (1998)<\/strong> , famosa pel\u00b7l\u00edcula alemanya protagonitzada per Moritz Bleibtreu, el personatge principal s&#8217;anomena precisament <strong>Manni<\/strong> , un noi jove, impulsiu, treballador, que es veu envoltat en un problema criminal que ha de resoldre r\u00e0pidament. Tot i que allunyat de l&#8217;estereotip humor\u00edstic original, aqu\u00ed el nom &#8220;Manni&#8221; seguia evocant el jove alemany mitj\u00e0.  <\/p>\n\t\t\t\t\t\t\t\t<\/div>\n\t\t\t\t<\/div>\n\t\t\t\t\t<\/div>\n\t\t<\/div>\n\t\t\t\t\t<\/div>\n\t\t<\/section>\n\t\t\t\t<section data-particle_enable=\"false\" data-particle-mobile-disabled=\"false\" class=\"elementor-section elementor-top-section elementor-element elementor-element-73e622e elementor-section-boxed elementor-section-height-default elementor-section-height-default\" data-id=\"73e622e\" data-element_type=\"section\" data-e-type=\"section\">\n\t\t\t\t\t\t<div class=\"elementor-container elementor-column-gap-default\">\n\t\t\t\t\t<div class=\"elementor-column elementor-col-100 elementor-top-column elementor-element elementor-element-2ded2c6\" data-id=\"2ded2c6\" data-element_type=\"column\" data-e-type=\"column\">\n\t\t\t<div class=\"elementor-widget-wrap elementor-element-populated\">\n\t\t\t\t\t\t<div class=\"elementor-element elementor-element-548d1a1 elementor-widget elementor-widget-heading\" data-id=\"548d1a1\" data-element_type=\"widget\" data-e-type=\"widget\" data-widget_type=\"heading.default\">\n\t\t\t\t<div class=\"elementor-widget-container\">\n\t\t\t\t\t<h2 class=\"elementor-heading-title elementor-size-default\">I a Espanya? L'origen <\/h2>\t\t\t\t<\/div>\n\t\t\t\t<\/div>\n\t\t\t\t\t<\/div>\n\t\t<\/div>\n\t\t\t\t\t<\/div>\n\t\t<\/section>\n\t\t\t\t<section data-particle_enable=\"false\" data-particle-mobile-disabled=\"false\" class=\"elementor-section elementor-top-section elementor-element elementor-element-88e7c99 elementor-section-boxed elementor-section-height-default elementor-section-height-default\" data-id=\"88e7c99\" data-element_type=\"section\" data-e-type=\"section\">\n\t\t\t\t\t\t<div class=\"elementor-container elementor-column-gap-default\">\n\t\t\t\t\t<div class=\"elementor-column elementor-col-100 elementor-top-column elementor-element elementor-element-bd33c3b\" data-id=\"bd33c3b\" data-element_type=\"column\" data-e-type=\"column\">\n\t\t\t<div class=\"elementor-widget-wrap elementor-element-populated\">\n\t\t\t\t\t\t<div class=\"elementor-element elementor-element-e37c45a elementor-widget elementor-widget-text-editor\" data-id=\"e37c45a\" data-element_type=\"widget\" data-e-type=\"widget\" data-widget_type=\"text-editor.default\">\n\t\t\t\t<div class=\"elementor-widget-container\">\n\t\t\t\t\t\t\t\t\t<p>A Espanya, els or\u00edgens comercials de l&#8217;Opel Manta B no van ser dolents. Si b\u00e9 se li va arribar a destacar una est\u00e8tica massa cridanera, potser excessiva com un dels \u201ccontres\u201d ( <a href=\"https:\/\/www.pieldetoro.net\/web\/pruebas\/ver.php?ID=735\" target=\"_blank\" rel=\"noopener\">AUTOMOBIL N\u00ba 59,<\/a> desembre 1982 i <a href=\"https:\/\/www.pieldetoro.net\/web\/pruebas\/ver.php?ID=735.50\" target=\"_blank\" rel=\"noopener\">AUTOPISTA N\u00ba 1244<\/a> , 21-maig-1983) el cotxe va arrencar com a producte amb una bona imatge. Aix\u00ed que certament la percepci\u00f3 alemanya i espanyola va ser diferent.  <\/p>\n\t\t\t\t\t\t\t\t<\/div>\n\t\t\t\t<\/div>\n\t\t\t\t\t<\/div>\n\t\t<\/div>\n\t\t\t\t\t<\/div>\n\t\t<\/section>\n\t\t\t\t<section data-particle_enable=\"false\" data-particle-mobile-disabled=\"false\" class=\"elementor-section elementor-top-section elementor-element elementor-element-d299141 elementor-section-boxed elementor-section-height-default elementor-section-height-default\" data-id=\"d299141\" data-element_type=\"section\" data-e-type=\"section\">\n\t\t\t\t\t\t<div class=\"elementor-container elementor-column-gap-default\">\n\t\t\t\t\t<div class=\"elementor-column elementor-col-100 elementor-top-column elementor-element elementor-element-ceb6784\" data-id=\"ceb6784\" data-element_type=\"column\" data-e-type=\"column\">\n\t\t\t<div class=\"elementor-widget-wrap elementor-element-populated\">\n\t\t\t\t\t\t<div class=\"elementor-element elementor-element-8813312 elementor-widget elementor-widget-text-editor\" data-id=\"8813312\" data-element_type=\"widget\" data-e-type=\"widget\" data-widget_type=\"text-editor.default\">\n\t\t\t\t<div class=\"elementor-widget-container\">\n\t\t\t\t\t\t\t\t\t<p>Espanya i Alemanya tenien -a l&#8217;\u00e8poca dels 70 i 80 del segle passat- diferents circumst\u00e0ncies. T\u00e9 molt a veure amb els contextos culturals, econ\u00f2mics i socials en qu\u00e8 el cotxe es va vendre a cada pa\u00eds <span style=\"text-decoration: underline;\"><strong>en la seva etapa de cotxe nou de primera m\u00e0<\/strong><\/span> . T&#8217;ho explico amb detall esmentant similituds i difer\u00e8ncies entre Alemanya i Espanya:  <\/p>\n\t\t\t\t\t\t\t\t<\/div>\n\t\t\t\t<\/div>\n\t\t\t\t\t<\/div>\n\t\t<\/div>\n\t\t\t\t\t<\/div>\n\t\t<\/section>\n\t\t\t\t<section data-particle_enable=\"false\" data-particle-mobile-disabled=\"false\" class=\"elementor-section elementor-top-section elementor-element elementor-element-3b4b64f elementor-section-boxed elementor-section-height-default elementor-section-height-default\" data-id=\"3b4b64f\" data-element_type=\"section\" data-e-type=\"section\">\n\t\t\t\t\t\t<div class=\"elementor-container elementor-column-gap-default\">\n\t\t\t\t\t<div class=\"elementor-column elementor-col-100 elementor-top-column elementor-element elementor-element-ae188cb\" data-id=\"ae188cb\" data-element_type=\"column\" data-e-type=\"column\">\n\t\t\t<div class=\"elementor-widget-wrap elementor-element-populated\">\n\t\t\t\t\t\t<div class=\"elementor-element elementor-element-f17064c elementor-widget elementor-widget-text-editor\" data-id=\"f17064c\" data-element_type=\"widget\" data-e-type=\"widget\" data-widget_type=\"text-editor.default\">\n\t\t\t\t<div class=\"elementor-widget-container\">\n\t\t\t\t\t\t\t\t\t<p><span style=\"text-decoration: underline;\"><strong>Alemanya:<\/strong><\/span><\/p>\n\t\t\t\t\t\t\t\t<\/div>\n\t\t\t\t<\/div>\n\t\t\t\t\t<\/div>\n\t\t<\/div>\n\t\t\t\t\t<\/div>\n\t\t<\/section>\n\t\t\t\t<section data-particle_enable=\"false\" data-particle-mobile-disabled=\"false\" class=\"elementor-section elementor-top-section elementor-element elementor-element-8e7ee36 elementor-section-boxed elementor-section-height-default elementor-section-height-default\" data-id=\"8e7ee36\" data-element_type=\"section\" data-e-type=\"section\">\n\t\t\t\t\t\t<div class=\"elementor-container elementor-column-gap-default\">\n\t\t\t\t\t<div class=\"elementor-column elementor-col-100 elementor-top-column elementor-element elementor-element-a4695dc\" data-id=\"a4695dc\" data-element_type=\"column\" data-e-type=\"column\">\n\t\t\t<div class=\"elementor-widget-wrap elementor-element-populated\">\n\t\t\t\t\t\t<div class=\"elementor-element elementor-element-63a4a49 elementor-widget elementor-widget-text-editor\" data-id=\"63a4a49\" data-element_type=\"widget\" data-e-type=\"widget\" data-widget_type=\"text-editor.default\">\n\t\t\t\t<div class=\"elementor-widget-container\">\n\t\t\t\t\t\t\t\t\t<p>A Alemanya, l&#8217;Opel Manta (principalment el model <strong>Manta B<\/strong> , produ\u00eft entre 1975 i 1988) va adquirir la seva peculiar fama a causa de diversos factors culturals i socioecon\u00f2mics espec\u00edfics:<\/p>\n\t\t\t\t\t\t\t\t<\/div>\n\t\t\t\t<\/div>\n\t\t\t\t\t<\/div>\n\t\t<\/div>\n\t\t\t\t\t<\/div>\n\t\t<\/section>\n\t\t\t\t<section data-particle_enable=\"false\" data-particle-mobile-disabled=\"false\" class=\"elementor-section elementor-top-section elementor-element elementor-element-564c50d elementor-section-boxed elementor-section-height-default elementor-section-height-default\" data-id=\"564c50d\" data-element_type=\"section\" data-e-type=\"section\">\n\t\t\t\t\t\t<div class=\"elementor-container elementor-column-gap-default\">\n\t\t\t\t\t<div class=\"elementor-column elementor-col-100 elementor-top-column elementor-element elementor-element-9b263d8\" data-id=\"9b263d8\" data-element_type=\"column\" data-e-type=\"column\">\n\t\t\t<div class=\"elementor-widget-wrap elementor-element-populated\">\n\t\t\t\t\t\t<div class=\"elementor-element elementor-element-e9f5624 elementor-widget elementor-widget-text-editor\" data-id=\"e9f5624\" data-element_type=\"widget\" data-e-type=\"widget\" data-widget_type=\"text-editor.default\">\n\t\t\t\t<div class=\"elementor-widget-container\">\n\t\t\t\t\t\t\t\t\t<ol>\n<li><strong>  Perfil socioecon\u00f2mic dels seus propietaris:<\/strong><\/li>\n<\/ol>\n<ul>\n<li>L&#8217;Opel Manta era relativament assequible per a la classe obrera alemanya, especialment la jove i urbana de les zones industrials, molt lligada a sectors industrials i obrers.<\/li>\n<li>El seu preu accessible va permetre que joves sense gran poder adquisitiu poguessin adquirir un cotxe amb aparen\u00e7a esportiva i potencial per ser modificat o personalitzat.<\/li>\n<\/ul>\n\t\t\t\t\t\t\t\t<\/div>\n\t\t\t\t<\/div>\n\t\t\t\t\t<\/div>\n\t\t<\/div>\n\t\t\t\t\t<\/div>\n\t\t<\/section>\n\t\t\t\t<section data-particle_enable=\"false\" data-particle-mobile-disabled=\"false\" class=\"elementor-section elementor-top-section elementor-element elementor-element-319c28d elementor-section-boxed elementor-section-height-default elementor-section-height-default\" data-id=\"319c28d\" data-element_type=\"section\" data-e-type=\"section\">\n\t\t\t\t\t\t<div class=\"elementor-container elementor-column-gap-default\">\n\t\t\t\t\t<div class=\"elementor-column elementor-col-100 elementor-top-column elementor-element elementor-element-0078fd0\" data-id=\"0078fd0\" data-element_type=\"column\" data-e-type=\"column\">\n\t\t\t<div class=\"elementor-widget-wrap elementor-element-populated\">\n\t\t\t\t\t\t<div class=\"elementor-element elementor-element-f1f5a98 elementor-widget elementor-widget-text-editor\" data-id=\"f1f5a98\" data-element_type=\"widget\" data-e-type=\"widget\" data-widget_type=\"text-editor.default\">\n\t\t\t\t<div class=\"elementor-widget-container\">\n\t\t\t\t\t\t\t\t\t<ol start=\"2\">\n<li><strong>  Cultura &#8220;tuning&#8221; i est\u00e8tica exagerada:<\/strong><\/li>\n<\/ol>\n<ul>\n<li>Molts propietaris modificaven els seus cotxes amb elements cridaners, com alerons, rodes esportives, fars antiboira, adhesius cridaners, cadenes d&#8217;or penjant del retrovisor, o la famosa <strong>cua de guineu a l&#8217;antena<\/strong> .<\/li>\n<\/ul>\n<p>Aquesta cultura es percebia per una part de la societat alemanya com de mal gust o excessivament ostentosa, consolidant un estereotip visual molt definit<\/p>\n\t\t\t\t\t\t\t\t<\/div>\n\t\t\t\t<\/div>\n\t\t\t\t\t<\/div>\n\t\t<\/div>\n\t\t\t\t\t<\/div>\n\t\t<\/section>\n\t\t\t\t<section data-particle_enable=\"false\" data-particle-mobile-disabled=\"false\" class=\"elementor-section elementor-top-section elementor-element elementor-element-326c8f5 elementor-section-boxed elementor-section-height-default elementor-section-height-default\" data-id=\"326c8f5\" data-element_type=\"section\" data-e-type=\"section\">\n\t\t\t\t\t\t<div class=\"elementor-container elementor-column-gap-default\">\n\t\t\t\t\t<div class=\"elementor-column elementor-col-100 elementor-top-column elementor-element elementor-element-1f55e68\" data-id=\"1f55e68\" data-element_type=\"column\" data-e-type=\"column\">\n\t\t\t<div class=\"elementor-widget-wrap elementor-element-populated\">\n\t\t\t\t\t\t<div class=\"elementor-element elementor-element-4c21fcc elementor-widget elementor-widget-text-editor\" data-id=\"4c21fcc\" data-element_type=\"widget\" data-e-type=\"widget\" data-widget_type=\"text-editor.default\">\n\t\t\t\t<div class=\"elementor-widget-container\">\n\t\t\t\t\t\t\t\t\t<ol start=\"3\">\n<li><strong>  Reacci\u00f3 cultural contra l&#8217;ostentaci\u00f3:<\/strong><\/li>\n<\/ol>\n<ul>\n<li>A Alemanya, pa\u00eds on predominaven vehicles sobris com Mercedes, BMW, Volkswagen o Audi, l?est\u00e8tica exagerada del Manta destacava especialment.<\/li>\n<li>Aquest contrast va portar que es caricaturitz\u00e9s els seus amos com a poc sofisticats o &#8220;macarres&#8221;, creant un estereotip c\u00f2mic al voltant de la seva figura.<\/li>\n<\/ul>\n\t\t\t\t\t\t\t\t<\/div>\n\t\t\t\t<\/div>\n\t\t\t\t\t<\/div>\n\t\t<\/div>\n\t\t\t\t\t<\/div>\n\t\t<\/section>\n\t\t\t\t<section data-particle_enable=\"false\" data-particle-mobile-disabled=\"false\" class=\"elementor-section elementor-top-section elementor-element elementor-element-cd6dafd elementor-section-boxed elementor-section-height-default elementor-section-height-default\" data-id=\"cd6dafd\" data-element_type=\"section\" data-e-type=\"section\">\n\t\t\t\t\t\t<div class=\"elementor-container elementor-column-gap-default\">\n\t\t\t\t\t<div class=\"elementor-column elementor-col-100 elementor-top-column elementor-element elementor-element-388a433\" data-id=\"388a433\" data-element_type=\"column\" data-e-type=\"column\">\n\t\t\t<div class=\"elementor-widget-wrap elementor-element-populated\">\n\t\t\t\t\t\t<div class=\"elementor-element elementor-element-3353804 elementor-widget elementor-widget-text-editor\" data-id=\"3353804\" data-element_type=\"widget\" data-e-type=\"widget\" data-widget_type=\"text-editor.default\">\n\t\t\t\t<div class=\"elementor-widget-container\">\n\t\t\t\t\t\t\t\t\t<p><span style=\"text-decoration: underline;\"><strong>Espanya: cotxe car i est\u00e8tica esportiva.<\/strong><\/span><\/p>\n\t\t\t\t\t\t\t\t<\/div>\n\t\t\t\t<\/div>\n\t\t\t\t\t<\/div>\n\t\t<\/div>\n\t\t\t\t\t<\/div>\n\t\t<\/section>\n\t\t\t\t<section data-particle_enable=\"false\" data-particle-mobile-disabled=\"false\" class=\"elementor-section elementor-top-section elementor-element elementor-element-d495285 elementor-section-boxed elementor-section-height-default elementor-section-height-default\" data-id=\"d495285\" data-element_type=\"section\" data-e-type=\"section\">\n\t\t\t\t\t\t<div class=\"elementor-container elementor-column-gap-default\">\n\t\t\t\t\t<div class=\"elementor-column elementor-col-100 elementor-top-column elementor-element elementor-element-01d5fee\" data-id=\"01d5fee\" data-element_type=\"column\" data-e-type=\"column\">\n\t\t\t<div class=\"elementor-widget-wrap elementor-element-populated\">\n\t\t\t\t\t\t<div class=\"elementor-element elementor-element-81f39ea elementor-widget elementor-widget-text-editor\" data-id=\"81f39ea\" data-element_type=\"widget\" data-e-type=\"widget\" data-widget_type=\"text-editor.default\">\n\t\t\t\t<div class=\"elementor-widget-container\">\n\t\t\t\t\t\t\t\t\t<p>A Espanya, en canvi, la percepci\u00f3 va ser completament diferent per diversos motius clau:<\/p>\n\t\t\t\t\t\t\t\t<\/div>\n\t\t\t\t<\/div>\n\t\t\t\t\t<\/div>\n\t\t<\/div>\n\t\t\t\t\t<\/div>\n\t\t<\/section>\n\t\t\t\t<section data-particle_enable=\"false\" data-particle-mobile-disabled=\"false\" class=\"elementor-section elementor-top-section elementor-element elementor-element-ea0d060 elementor-section-boxed elementor-section-height-default elementor-section-height-default\" data-id=\"ea0d060\" data-element_type=\"section\" data-e-type=\"section\">\n\t\t\t\t\t\t<div class=\"elementor-container elementor-column-gap-default\">\n\t\t\t\t\t<div class=\"elementor-column elementor-col-100 elementor-top-column elementor-element elementor-element-ace28c3\" data-id=\"ace28c3\" data-element_type=\"column\" data-e-type=\"column\">\n\t\t\t<div class=\"elementor-widget-wrap elementor-element-populated\">\n\t\t\t\t\t\t<div class=\"elementor-element elementor-element-297244d elementor-widget elementor-widget-text-editor\" data-id=\"297244d\" data-element_type=\"widget\" data-e-type=\"widget\" data-widget_type=\"text-editor.default\">\n\t\t\t\t<div class=\"elementor-widget-container\">\n\t\t\t\t\t\t\t\t\t<ol>\n<li><strong>  Importacions limitades i posicionament de mercat:<\/strong><\/li>\n<\/ol>\n<ul>\n<li>Durant els anys 70 i principis dels 80, Espanya encara vivia en una economia relativament tancada, amb fortes restriccions a la importaci\u00f3 de cotxes estrangers.<\/li>\n<li>Opel era vist a Espanya com una marca alemanya importada i prestigiosa, especialment en comparaci\u00f3 de marques nacionals com SEAT.<\/li>\n<li>La limitada disponibilitat feia que els Opel, especialment models esportius com el Manta, fossin considerablement m\u00e9s cars i exclusius que a Alemanya.<\/li>\n<\/ul>\n\t\t\t\t\t\t\t\t<\/div>\n\t\t\t\t<\/div>\n\t\t\t\t\t<\/div>\n\t\t<\/div>\n\t\t\t\t\t<\/div>\n\t\t<\/section>\n\t\t\t\t<section data-particle_enable=\"false\" data-particle-mobile-disabled=\"false\" class=\"elementor-section elementor-top-section elementor-element elementor-element-d613e61 elementor-section-boxed elementor-section-height-default elementor-section-height-default\" data-id=\"d613e61\" data-element_type=\"section\" data-e-type=\"section\">\n\t\t\t\t\t\t<div class=\"elementor-container elementor-column-gap-default\">\n\t\t\t\t\t<div class=\"elementor-column elementor-col-50 elementor-top-column elementor-element elementor-element-8276b54\" data-id=\"8276b54\" data-element_type=\"column\" data-e-type=\"column\">\n\t\t\t<div class=\"elementor-widget-wrap elementor-element-populated\">\n\t\t\t\t\t\t<div class=\"elementor-element elementor-element-309030c elementor-widget elementor-widget-text-editor\" data-id=\"309030c\" data-element_type=\"widget\" data-e-type=\"widget\" data-widget_type=\"text-editor.default\">\n\t\t\t\t<div class=\"elementor-widget-container\">\n\t\t\t\t\t\t\t\t\t<ol start=\"2\">\n<li><strong>  Major exclusivitat relativa:<\/strong><\/li>\n<\/ol>\n<ul>\n<li>A Alemanya, Opel era percebuda com una marca assequible i popular, per\u00f2 a Espanya era considerada <strong>m\u00e9s sofisticada i exclusiva<\/strong> , et diria que al nivell de cotxes importats com Ford Capri o models de Fiat i Alfa Romeo esportius. Poc despr\u00e9s, el Kadett GSI i la seva gran acceptaci\u00f3 (era -i \u00e9s- un gran cotxe) segurament va refor\u00e7ar aquesta imatge- <\/li>\n<li>Aix\u00f2 va fer que l&#8217;Opel Manta fos venut amb un posicionament de mercat m\u00e9s alt, com a vehicle esportiu i juvenil, per\u00f2 dirigit a un client amb m\u00e9s poder adquisitiu o que buscava cert prestigi social.<\/li>\n<\/ul>\n\t\t\t\t\t\t\t\t<\/div>\n\t\t\t\t<\/div>\n\t\t\t\t\t<\/div>\n\t\t<\/div>\n\t\t\t\t<div class=\"elementor-column elementor-col-50 elementor-top-column elementor-element elementor-element-a8e43ac\" data-id=\"a8e43ac\" data-element_type=\"column\" data-e-type=\"column\">\n\t\t\t<div class=\"elementor-widget-wrap elementor-element-populated\">\n\t\t\t\t\t\t<div class=\"elementor-element elementor-element-6f238ab elementor-widget elementor-widget-image\" data-id=\"6f238ab\" data-element_type=\"widget\" data-e-type=\"widget\" data-widget_type=\"image.default\">\n\t\t\t\t<div class=\"elementor-widget-container\">\n\t\t\t\t\t\t\t\t\t\t\t\t\t\t\t<img loading=\"lazy\" decoding=\"async\" width=\"400\" height=\"289\" src=\"https:\/\/www.jgclassics.com\/wp-content\/uploads\/2023\/06\/MANTA_GTE_Publi.jpg\" class=\"attachment-large size-large wp-image-14612\" alt=\"Opel Manta GTE Pub\u00f1icidad Espa\u00f1a\" srcset=\"https:\/\/www.jgclassics.com\/wp-content\/uploads\/2023\/06\/MANTA_GTE_Publi.jpg 400w, https:\/\/www.jgclassics.com\/wp-content\/uploads\/2023\/06\/MANTA_GTE_Publi-300x217.jpg 300w\" sizes=\"(max-width: 400px) 100vw, 400px\" \/>\t\t\t\t\t\t\t\t\t\t\t\t\t\t\t<\/div>\n\t\t\t\t<\/div>\n\t\t\t\t\t<\/div>\n\t\t<\/div>\n\t\t\t\t\t<\/div>\n\t\t<\/section>\n\t\t\t\t<section data-particle_enable=\"false\" data-particle-mobile-disabled=\"false\" class=\"elementor-section elementor-top-section elementor-element elementor-element-5cf56e2 elementor-section-boxed elementor-section-height-default elementor-section-height-default\" data-id=\"5cf56e2\" data-element_type=\"section\" data-e-type=\"section\">\n\t\t\t\t\t\t<div class=\"elementor-container elementor-column-gap-default\">\n\t\t\t\t\t<div class=\"elementor-column elementor-col-100 elementor-top-column elementor-element elementor-element-9cd08c1\" data-id=\"9cd08c1\" data-element_type=\"column\" data-e-type=\"column\">\n\t\t\t<div class=\"elementor-widget-wrap elementor-element-populated\">\n\t\t\t\t\t\t<div class=\"elementor-element elementor-element-23e67bc elementor-widget elementor-widget-text-editor\" data-id=\"23e67bc\" data-element_type=\"widget\" data-e-type=\"widget\" data-widget_type=\"text-editor.default\">\n\t\t\t\t<div class=\"elementor-widget-container\">\n\t\t\t\t\t\t\t\t\t<ol start=\"3\">\n<li><strong>  Menys associaci\u00f3 al tuning exagerat:<\/strong><\/li>\n<\/ol>\n<ul>\n<li>Tot i que hi havia cultura de tuning a Espanya, l&#8217;Opel Manta no es va convertir en un s\u00edmbol massiu d&#8217;aquest estil de modificaci\u00f3 espec\u00edfic.<\/li>\n<li>Les modificacions exagerades a Espanya \u2013en aquella \u00e8poca\u2013 es van fer m\u00e9s habituals en cotxes m\u00e9s econ\u00f2mics com els SEAT Eivissa, Ford Fiesta, Ford Scort o Renault 5. En canvi, el Manta va conservar al principi una imatge relativament m\u00e9s sofisticada o esportiva original. <\/li>\n<\/ul>\n\t\t\t\t\t\t\t\t<\/div>\n\t\t\t\t<\/div>\n\t\t\t\t\t<\/div>\n\t\t<\/div>\n\t\t\t\t\t<\/div>\n\t\t<\/section>\n\t\t\t\t<section data-particle_enable=\"false\" data-particle-mobile-disabled=\"false\" class=\"elementor-section elementor-top-section elementor-element elementor-element-17dce15 elementor-section-boxed elementor-section-height-default elementor-section-height-default\" data-id=\"17dce15\" data-element_type=\"section\" data-e-type=\"section\">\n\t\t\t\t\t\t<div class=\"elementor-container elementor-column-gap-default\">\n\t\t\t\t\t<div class=\"elementor-column elementor-col-100 elementor-top-column elementor-element elementor-element-c757f8b\" data-id=\"c757f8b\" data-element_type=\"column\" data-e-type=\"column\">\n\t\t\t<div class=\"elementor-widget-wrap elementor-element-populated\">\n\t\t\t\t\t\t<div class=\"elementor-element elementor-element-14c5f38 elementor-widget elementor-widget-text-editor\" data-id=\"14c5f38\" data-element_type=\"widget\" data-e-type=\"widget\" data-widget_type=\"text-editor.default\">\n\t\t\t\t<div class=\"elementor-widget-container\">\n\t\t\t\t\t\t\t\t\t<p>Aix\u00ed que resumint:<\/p>\n\t\t\t\t\t\t\t\t<\/div>\n\t\t\t\t<\/div>\n\t\t\t\t\t<\/div>\n\t\t<\/div>\n\t\t\t\t\t<\/div>\n\t\t<\/section>\n\t\t\t\t<section data-particle_enable=\"false\" data-particle-mobile-disabled=\"false\" class=\"elementor-section elementor-top-section elementor-element elementor-element-7999517 elementor-section-boxed elementor-section-height-default elementor-section-height-default\" data-id=\"7999517\" data-element_type=\"section\" data-e-type=\"section\">\n\t\t\t\t\t\t<div class=\"elementor-container elementor-column-gap-default\">\n\t\t\t\t\t<div class=\"elementor-column elementor-col-50 elementor-top-column elementor-element elementor-element-e50d9a6\" data-id=\"e50d9a6\" data-element_type=\"column\" data-e-type=\"column\">\n\t\t\t<div class=\"elementor-widget-wrap elementor-element-populated\">\n\t\t\t\t\t\t<div class=\"elementor-element elementor-element-1fd7707 elementor-widget elementor-widget-image\" data-id=\"1fd7707\" data-element_type=\"widget\" data-e-type=\"widget\" data-widget_type=\"image.default\">\n\t\t\t\t<div class=\"elementor-widget-container\">\n\t\t\t\t\t\t\t\t\t\t\t\t\t\t\t\t<a href=\"https:\/\/www.jgclassics.com\/wp-content\/uploads\/2023\/06\/1986-Manta-0607-scaled.jpg\" data-elementor-open-lightbox=\"yes\" data-elementor-lightbox-title=\"1986 Manta 0607\" data-e-action-hash=\"#elementor-action%3Aaction%3Dlightbox%26settings%3DeyJpZCI6MTQ1MjUsInVybCI6Imh0dHBzOlwvXC93d3cuamdjbGFzc2ljcy5jb21cL3dwLWNvbnRlbnRcL3VwbG9hZHNcLzIwMjNcLzA2XC8xOTg2LU1hbnRhLTA2MDctc2NhbGVkLmpwZyJ9\">\n\t\t\t\t\t\t\t<img loading=\"lazy\" decoding=\"async\" width=\"1024\" height=\"717\" src=\"https:\/\/www.jgclassics.com\/wp-content\/uploads\/2023\/06\/1986-Manta-0607-1024x717.jpg\" class=\"attachment-large size-large wp-image-14525\" alt=\"\" srcset=\"https:\/\/www.jgclassics.com\/wp-content\/uploads\/2023\/06\/1986-Manta-0607-1024x717.jpg 1024w, https:\/\/www.jgclassics.com\/wp-content\/uploads\/2023\/06\/1986-Manta-0607-300x210.jpg 300w, https:\/\/www.jgclassics.com\/wp-content\/uploads\/2023\/06\/1986-Manta-0607-768x538.jpg 768w, https:\/\/www.jgclassics.com\/wp-content\/uploads\/2023\/06\/1986-Manta-0607-1536x1076.jpg 1536w, https:\/\/www.jgclassics.com\/wp-content\/uploads\/2023\/06\/1986-Manta-0607-2048x1434.jpg 2048w\" sizes=\"(max-width: 1024px) 100vw, 1024px\" \/>\t\t\t\t\t\t\t\t<\/a>\n\t\t\t\t\t\t\t\t\t\t\t\t\t\t\t<\/div>\n\t\t\t\t<\/div>\n\t\t\t\t\t<\/div>\n\t\t<\/div>\n\t\t\t\t<div class=\"elementor-column elementor-col-50 elementor-top-column elementor-element elementor-element-28b9bb6\" data-id=\"28b9bb6\" data-element_type=\"column\" data-e-type=\"column\">\n\t\t\t<div class=\"elementor-widget-wrap elementor-element-populated\">\n\t\t\t\t\t\t<div class=\"elementor-element elementor-element-e768fb6 elementor-widget elementor-widget-text-editor\" data-id=\"e768fb6\" data-element_type=\"widget\" data-e-type=\"widget\" data-widget_type=\"text-editor.default\">\n\t\t\t\t<div class=\"elementor-widget-container\">\n\t\t\t\t\t\t\t\t\t<table>\n<thead>\n<tr>\n<td>\n<p><strong>Aspecte<\/strong><\/p>\n<\/td>\n<td>\n<p><strong>Alemanya<\/strong><\/p>\n<\/td>\n<td>\n<p><strong>Espanya<\/strong><\/p>\n<\/td>\n<\/tr>\n<\/thead>\n<tbody>\n<tr>\n<td>\n<p><strong>Disponibilitat<\/strong><\/p>\n<\/td>\n<td>\n<p>Alta<\/p>\n<\/td>\n<td>\n<p>Baixa<\/p>\n<\/td>\n<\/tr>\n<tr>\n<td>\n<p><strong>Preu relatiu<\/strong><\/p>\n<\/td>\n<td>\n<p>Accessible, popular<\/p>\n<\/td>\n<td>\n<p>Car, exclusiu<\/p>\n<\/td>\n<\/tr>\n<tr>\n<td>\n<p><strong>Tipus de comprador<\/strong><\/p>\n<\/td>\n<td>\n<p>Jove, classe treballadora<\/p>\n<\/td>\n<td>\n<p>Classe mitjana-alta, jove acomodat<\/p>\n<\/td>\n<\/tr>\n<tr>\n<td>\n<p><strong>Imatge cultural<\/strong><\/p>\n<\/td>\n<td>\n<p>Humor\u00edstica, caricaturesca<\/p>\n<\/td>\n<td>\n<p>Esportiva, elegant, prestigiosa<\/p>\n<\/td>\n<\/tr>\n<tr>\n<td>\n<p><strong>Relaci\u00f3 amb tuning<\/strong><\/p>\n<\/td>\n<td>\n<p>Molt estesa<\/p>\n<\/td>\n<td>\n<p>M\u00e9s limitada<\/p>\n<\/td>\n<\/tr>\n<\/tbody>\n<\/table>\n\t\t\t\t\t\t\t\t<\/div>\n\t\t\t\t<\/div>\n\t\t\t\t\t<\/div>\n\t\t<\/div>\n\t\t\t\t\t<\/div>\n\t\t<\/section>\n\t\t\t\t<section data-particle_enable=\"false\" data-particle-mobile-disabled=\"false\" class=\"elementor-section elementor-top-section elementor-element elementor-element-2b9802c elementor-section-boxed elementor-section-height-default elementor-section-height-default\" data-id=\"2b9802c\" data-element_type=\"section\" data-e-type=\"section\">\n\t\t\t\t\t\t<div class=\"elementor-container elementor-column-gap-default\">\n\t\t\t\t\t<div class=\"elementor-column elementor-col-100 elementor-top-column elementor-element elementor-element-5454092\" data-id=\"5454092\" data-element_type=\"column\" data-e-type=\"column\">\n\t\t\t<div class=\"elementor-widget-wrap elementor-element-populated\">\n\t\t\t\t\t\t<div class=\"elementor-element elementor-element-88fdefe elementor-widget elementor-widget-text-editor\" data-id=\"88fdefe\" data-element_type=\"widget\" data-e-type=\"widget\" data-widget_type=\"text-editor.default\">\n\t\t\t\t<div class=\"elementor-widget-container\">\n\t\t\t\t\t\t\t\t\t<p>Aix\u00ed que la difer\u00e8ncia clau residiria en la <strong>posici\u00f3 socioecon\u00f2mica<\/strong> de l&#8217;Opel Manta a cada pa\u00eds:<\/p>\n<ul>\n<li><strong>A Alemanya<\/strong> , per ser econ\u00f2mic i f\u00e0cilment accessible, el Manta va acabar convertint-se en un s\u00edmbol popular, blanc de burles i caricatures humor\u00edstiques, amb la figura del <strong>&#8220;Mantafahrer&#8221;<\/strong> com a protagonista.<\/li>\n<li><strong>A Espanya<\/strong> , el seu alt preu a causa de la importaci\u00f3 i la seva percepci\u00f3 com a cotxe esportiu, elegant i exclusiu va fer que no adquir\u00eds originalment aquesta imatge humor\u00edstica ni es transform\u00e9s en s\u00edmbol de cultura tuning massiva o popular.<\/li>\n<\/ul>\n\t\t\t\t\t\t\t\t<\/div>\n\t\t\t\t<\/div>\n\t\t\t\t\t<\/div>\n\t\t<\/div>\n\t\t\t\t\t<\/div>\n\t\t<\/section>\n\t\t\t\t<section data-particle_enable=\"false\" data-particle-mobile-disabled=\"false\" class=\"elementor-section elementor-top-section elementor-element elementor-element-d014de3 elementor-section-boxed elementor-section-height-default elementor-section-height-default\" data-id=\"d014de3\" data-element_type=\"section\" data-e-type=\"section\">\n\t\t\t\t\t\t<div class=\"elementor-container elementor-column-gap-default\">\n\t\t\t\t\t<div class=\"elementor-column elementor-col-100 elementor-top-column elementor-element elementor-element-6cd5bfe\" data-id=\"6cd5bfe\" data-element_type=\"column\" data-e-type=\"column\">\n\t\t\t<div class=\"elementor-widget-wrap elementor-element-populated\">\n\t\t\t\t\t\t<div class=\"elementor-element elementor-element-e80af8a elementor-widget elementor-widget-heading\" data-id=\"e80af8a\" data-element_type=\"widget\" data-e-type=\"widget\" data-widget_type=\"heading.default\">\n\t\t\t\t<div class=\"elementor-widget-container\">\n\t\t\t\t\t<h2 class=\"elementor-heading-title elementor-size-default\">El declivi a Espanya: L'Opel Manta es converteix en un cotxe \u201ckisch\u201d<\/h2>\t\t\t\t<\/div>\n\t\t\t\t<\/div>\n\t\t\t\t\t<\/div>\n\t\t<\/div>\n\t\t\t\t\t<\/div>\n\t\t<\/section>\n\t\t\t\t<section data-particle_enable=\"false\" data-particle-mobile-disabled=\"false\" class=\"elementor-section elementor-top-section elementor-element elementor-element-9cad427 elementor-section-boxed elementor-section-height-default elementor-section-height-default\" data-id=\"9cad427\" data-element_type=\"section\" data-e-type=\"section\">\n\t\t\t\t\t\t<div class=\"elementor-container elementor-column-gap-default\">\n\t\t\t\t\t<div class=\"elementor-column elementor-col-100 elementor-top-column elementor-element elementor-element-5905314\" data-id=\"5905314\" data-element_type=\"column\" data-e-type=\"column\">\n\t\t\t<div class=\"elementor-widget-wrap elementor-element-populated\">\n\t\t\t\t\t\t<div class=\"elementor-element elementor-element-f7ee926 elementor-widget elementor-widget-text-editor\" data-id=\"f7ee926\" data-element_type=\"widget\" data-e-type=\"widget\" data-widget_type=\"text-editor.default\">\n\t\t\t\t<div class=\"elementor-widget-container\">\n\t\t\t\t\t\t\t\t\t<p>El canvi cap a la seva percepci\u00f3 com a <strong>cotxe &#8220;gamberro&#8221;<\/strong> va comen\u00e7ar principalment durant finals dels anys <strong>80 i principis dels 90<\/strong> , estenent-se fins als primers anys 2000. I, per qu\u00e8? <\/p>\n\t\t\t\t\t\t\t\t<\/div>\n\t\t\t\t<\/div>\n\t\t\t\t\t<\/div>\n\t\t<\/div>\n\t\t\t\t\t<\/div>\n\t\t<\/section>\n\t\t\t\t<section data-particle_enable=\"false\" data-particle-mobile-disabled=\"false\" class=\"elementor-section elementor-top-section elementor-element elementor-element-64962b2 elementor-section-boxed elementor-section-height-default elementor-section-height-default\" data-id=\"64962b2\" data-element_type=\"section\" data-e-type=\"section\">\n\t\t\t\t\t\t<div class=\"elementor-container elementor-column-gap-default\">\n\t\t\t\t\t<div class=\"elementor-column elementor-col-100 elementor-top-column elementor-element elementor-element-dfec905\" data-id=\"dfec905\" data-element_type=\"column\" data-e-type=\"column\">\n\t\t\t<div class=\"elementor-widget-wrap elementor-element-populated\">\n\t\t\t\t\t\t<div class=\"elementor-element elementor-element-84e1e67 elementor-widget elementor-widget-text-editor\" data-id=\"84e1e67\" data-element_type=\"widget\" data-e-type=\"widget\" data-widget_type=\"text-editor.default\">\n\t\t\t\t<div class=\"elementor-widget-container\">\n\t\t\t\t\t\t\t\t\t<ol>\n<li><strong>  Segona m\u00e0 assequible als anys 90<\/strong><\/li>\n<\/ol>\n<ul>\n<li>Inicialment, l&#8217;Opel Manta era car a Espanya per ser importat, exclusiu, i de prestigi als anys 70 i primers 80.<\/li>\n<li>A partir de finals dels <strong>80 i especialment durant els 90<\/strong> , molts Opel Manta usats van comen\u00e7ar a arribar al mercat de segona m\u00e0 a preus molt m\u00e9s baixos, accessibles per a conductors m\u00e9s joves amb menys poder adquisitiu.<\/li>\n<li>Aquests nous amos van ser joves de classe treballadora que van comen\u00e7ar a modificar i personalitzar el cotxe amb elements esportius, donant origen a l&#8217;estereotip del conductor cani.<\/li>\n<\/ul>\n<ol start=\"2\">\n<li><strong>  Influ\u00e8ncies del Tuning alemany i europeu<\/strong><\/li>\n<\/ol>\n<ul>\n<li>Durant els 90, la cultura del tuning europeu va comen\u00e7ar a influir clarament a Espanya. Revistes com <strong>&#8220;Maxi Tuning&#8221;<\/strong> van popularitzar l&#8217;est\u00e8tica exagerada (o no, depenent dels gustos, per\u00f2 s\u00ed que diguem \u201cexuberant\u201d, kits de carrosseria, alerons enormes i llantes vistoses. <\/li>\n<li>L&#8217;Opel Manta, amb les seves l\u00ednies esportives i preu cada cop m\u00e9s redu\u00eft, va ser un dels vehicles escollits per aquest nou perfil juvenil, contribuint a associar-lo a un estil m\u00e9s agressiu o &#8220;marroner&#8221;.<\/li>\n<\/ul>\n\t\t\t\t\t\t\t\t<\/div>\n\t\t\t\t<\/div>\n\t\t\t\t\t<\/div>\n\t\t<\/div>\n\t\t\t\t\t<\/div>\n\t\t<\/section>\n\t\t\t\t<section data-particle_enable=\"false\" data-particle-mobile-disabled=\"false\" class=\"elementor-section elementor-top-section elementor-element elementor-element-f99b90e elementor-section-boxed elementor-section-height-default elementor-section-height-default\" data-id=\"f99b90e\" data-element_type=\"section\" data-e-type=\"section\">\n\t\t\t\t\t\t<div class=\"elementor-container elementor-column-gap-default\">\n\t\t\t\t\t<div class=\"elementor-column elementor-col-50 elementor-top-column elementor-element elementor-element-aba00f7\" data-id=\"aba00f7\" data-element_type=\"column\" data-e-type=\"column\">\n\t\t\t<div class=\"elementor-widget-wrap elementor-element-populated\">\n\t\t\t\t\t\t<div class=\"elementor-element elementor-element-293e42f elementor-widget elementor-widget-text-editor\" data-id=\"293e42f\" data-element_type=\"widget\" data-e-type=\"widget\" data-widget_type=\"text-editor.default\">\n\t\t\t\t<div class=\"elementor-widget-container\">\n\t\t\t\t\t\t\t\t\t<ol start=\"3\">\n<li><strong>  Associaci\u00f3 al cinema i cultura popular<\/strong><\/li>\n<\/ol>\n<ul>\n<li>Tot i que les pel\u00b7l\u00edcules alemanyes <strong>&#8220;Manta, Manta&#8221; (1991)<\/strong> i <strong>&#8220;Manta &#8211; Der Film&#8221; (1991)<\/strong> no van tenir impacte a Espanya, s\u00ed que es van difondre indirectament refer\u00e8ncies sobre aquest estereotip, especialment entre aficionats del m\u00f3n del motor.<\/li>\n<li>En termes de cine espanyol, no sembla haver -o jo almenys no les recordo- moltes refer\u00e8ncies, per\u00f2 n&#8217;hi <strong>ha<\/strong> una que val per totes \ud83d\ude0a : La inoblidable escena de la pel\u00b7l\u00edcula <strong>&#8220;Torrente 2: Missi\u00f3 a Marbella&#8221; (2001)<\/strong> , relacionada amb un <strong>Opel Manta<\/strong> : seguit a trav\u00e9s dun amic comerciant de cotxes de dubtosa reputaci\u00f3. El cotxe en q\u00fcesti\u00f3 es tracta d&#8217;un <strong>Opel Manta<\/strong> . A la ic\u00f2nica escena, <strong>Cuco<\/strong> puja al cotxe amb <strong>Torrente<\/strong> al seient del copilot. En arrencar, ensopega immediatament amb una vorera, provocant que el vehicle bolqui, generant una situaci\u00f3 c\u00f2mica t\u00edpica de la saga. Aquesta escena, per cert, va ser realitzada per un especialista, i l&#8217;Opel Manta utilitzat per a l&#8217;escena estava especialment preparat amb barres antibolcada interiors per garantir la seguretat del conductor durant la bolcada.    <\/li>\n<\/ul>\n\t\t\t\t\t\t\t\t<\/div>\n\t\t\t\t<\/div>\n\t\t\t\t\t<\/div>\n\t\t<\/div>\n\t\t\t\t<div class=\"elementor-column elementor-col-50 elementor-top-column elementor-element elementor-element-fbf7c6f\" data-id=\"fbf7c6f\" data-element_type=\"column\" data-e-type=\"column\">\n\t\t\t<div class=\"elementor-widget-wrap elementor-element-populated\">\n\t\t\t\t\t\t<div class=\"elementor-element elementor-element-a8df124 elementor-widget elementor-widget-video\" data-id=\"a8df124\" data-element_type=\"widget\" data-e-type=\"widget\" data-settings=\"{&quot;youtube_url&quot;:&quot;https:\\\/\\\/www.youtube.com\\\/watch?v=V-xJ1Mzs1Ls&quot;,&quot;video_type&quot;:&quot;youtube&quot;,&quot;controls&quot;:&quot;yes&quot;}\" data-widget_type=\"video.default\">\n\t\t\t\t<div class=\"elementor-widget-container\">\n\t\t\t\t\t\t\t<div class=\"elementor-wrapper elementor-open-inline\">\n\t\t\t<div class=\"elementor-video\"><\/div>\t\t<\/div>\n\t\t\t\t\t\t<\/div>\n\t\t\t\t<\/div>\n\t\t\t\t<div class=\"elementor-element elementor-element-94985be elementor-widget elementor-widget-image\" data-id=\"94985be\" data-element_type=\"widget\" data-e-type=\"widget\" data-widget_type=\"image.default\">\n\t\t\t\t<div class=\"elementor-widget-container\">\n\t\t\t\t\t\t\t\t\t\t\t\t\t\t\t\t<a href=\"https:\/\/www.jgclassics.com\/wp-content\/uploads\/2025\/03\/manta-torrente.jpg\" data-elementor-open-lightbox=\"yes\" data-elementor-lightbox-title=\"Opel Manta Torrent 2\" data-e-action-hash=\"#elementor-action%3Aaction%3Dlightbox%26settings%3DeyJpZCI6MjE4NDEsInVybCI6Imh0dHBzOlwvXC93d3cuamdjbGFzc2ljcy5jb21cL3dwLWNvbnRlbnRcL3VwbG9hZHNcLzIwMjVcLzAzXC9tYW50YS10b3JyZW50ZS5qcGcifQ%3D%3D\">\n\t\t\t\t\t\t\t<img loading=\"lazy\" decoding=\"async\" width=\"704\" height=\"389\" src=\"https:\/\/www.jgclassics.com\/wp-content\/uploads\/2025\/03\/manta-torrente.jpg\" class=\"attachment-large size-large wp-image-21841\" alt=\"Opel Manta Torrent 2\" srcset=\"https:\/\/www.jgclassics.com\/wp-content\/uploads\/2025\/03\/manta-torrente.jpg 704w, https:\/\/www.jgclassics.com\/wp-content\/uploads\/2025\/03\/manta-torrente-300x166.jpg 300w\" sizes=\"(max-width: 704px) 100vw, 704px\" \/>\t\t\t\t\t\t\t\t<\/a>\n\t\t\t\t\t\t\t\t\t\t\t\t\t\t\t<\/div>\n\t\t\t\t<\/div>\n\t\t\t\t\t<\/div>\n\t\t<\/div>\n\t\t\t\t\t<\/div>\n\t\t<\/section>\n\t\t\t\t<section data-particle_enable=\"false\" data-particle-mobile-disabled=\"false\" class=\"elementor-section elementor-top-section elementor-element elementor-element-4e04391 elementor-section-boxed elementor-section-height-default elementor-section-height-default\" data-id=\"4e04391\" data-element_type=\"section\" data-e-type=\"section\">\n\t\t\t\t\t\t<div class=\"elementor-container elementor-column-gap-default\">\n\t\t\t\t\t<div class=\"elementor-column elementor-col-100 elementor-top-column elementor-element elementor-element-c43c75e\" data-id=\"c43c75e\" data-element_type=\"column\" data-e-type=\"column\">\n\t\t\t<div class=\"elementor-widget-wrap elementor-element-populated\">\n\t\t\t\t\t\t<div class=\"elementor-element elementor-element-3867256 elementor-widget elementor-widget-text-editor\" data-id=\"3867256\" data-element_type=\"widget\" data-e-type=\"widget\" data-widget_type=\"text-editor.default\">\n\t\t\t\t<div class=\"elementor-widget-container\">\n\t\t\t\t\t\t\t\t\t<p><strong>Per\u00edode clau del canvi de percepci\u00f3:<\/strong> Podem situar la culminaci\u00f3 de la imatge cani a Espanya al voltant dels anys <strong>1990-1995<\/strong> , quan l&#8217;Opel Manta havia perdut la seva exclusivitat i ja era accessible per a joves que buscaven cotxes assequibles i f\u00e0cils de personalitzar. De fet, molts -la majoria- van acabar en els desballestament en un estat absolutament lamentable. <\/p>\n\t\t\t\t\t\t\t\t<\/div>\n\t\t\t\t<\/div>\n\t\t\t\t\t<\/div>\n\t\t<\/div>\n\t\t\t\t\t<\/div>\n\t\t<\/section>\n\t\t\t\t<section data-particle_enable=\"false\" data-particle-mobile-disabled=\"false\" class=\"elementor-section elementor-top-section elementor-element elementor-element-63c041f elementor-section-boxed elementor-section-height-default elementor-section-height-default\" data-id=\"63c041f\" data-element_type=\"section\" data-e-type=\"section\">\n\t\t\t\t\t\t<div class=\"elementor-container elementor-column-gap-default\">\n\t\t\t\t\t<div class=\"elementor-column elementor-col-100 elementor-top-column elementor-element elementor-element-c26d7ae\" data-id=\"c26d7ae\" data-element_type=\"column\" data-e-type=\"column\">\n\t\t\t<div class=\"elementor-widget-wrap elementor-element-populated\">\n\t\t\t\t\t\t<div class=\"elementor-element elementor-element-3cd34a4 elementor-widget elementor-widget-image\" data-id=\"3cd34a4\" data-element_type=\"widget\" data-e-type=\"widget\" data-widget_type=\"image.default\">\n\t\t\t\t<div class=\"elementor-widget-container\">\n\t\t\t\t\t\t\t\t\t\t\t\t\t\t\t<img loading=\"lazy\" decoding=\"async\" width=\"1024\" height=\"576\" src=\"https:\/\/www.jgclassics.com\/wp-content\/uploads\/2025\/03\/pwhkqrvlzaq-1024x576.jpg\" class=\"attachment-large size-large wp-image-21856\" alt=\"parked grey car\" srcset=\"https:\/\/www.jgclassics.com\/wp-content\/uploads\/2025\/03\/pwhkqrvlzaq-1024x576.jpg 1024w, https:\/\/www.jgclassics.com\/wp-content\/uploads\/2025\/03\/pwhkqrvlzaq-300x169.jpg 300w, https:\/\/www.jgclassics.com\/wp-content\/uploads\/2025\/03\/pwhkqrvlzaq-768x432.jpg 768w, https:\/\/www.jgclassics.com\/wp-content\/uploads\/2025\/03\/pwhkqrvlzaq-1536x864.jpg 1536w, https:\/\/www.jgclassics.com\/wp-content\/uploads\/2025\/03\/pwhkqrvlzaq.jpg 1600w\" sizes=\"(max-width: 1024px) 100vw, 1024px\" \/>\t\t\t\t\t\t\t\t\t\t\t\t\t\t\t<\/div>\n\t\t\t\t<\/div>\n\t\t\t\t\t<\/div>\n\t\t<\/div>\n\t\t\t\t\t<\/div>\n\t\t<\/section>\n\t\t\t\t<section data-particle_enable=\"false\" data-particle-mobile-disabled=\"false\" class=\"elementor-section elementor-top-section elementor-element elementor-element-19935d6 elementor-section-boxed elementor-section-height-default elementor-section-height-default\" data-id=\"19935d6\" data-element_type=\"section\" data-e-type=\"section\">\n\t\t\t\t\t\t<div class=\"elementor-container elementor-column-gap-default\">\n\t\t\t\t\t<div class=\"elementor-column elementor-col-100 elementor-top-column elementor-element elementor-element-0181597\" data-id=\"0181597\" data-element_type=\"column\" data-e-type=\"column\">\n\t\t\t<div class=\"elementor-widget-wrap elementor-element-populated\">\n\t\t\t\t\t\t<div class=\"elementor-element elementor-element-1e3b1a0 elementor-widget elementor-widget-text-editor\" data-id=\"1e3b1a0\" data-element_type=\"widget\" data-e-type=\"widget\" data-widget_type=\"text-editor.default\">\n\t\t\t\t<div class=\"elementor-widget-container\">\n\t\t\t\t\t\t\t\t\t<p><strong>Aix\u00ed que en una cronologia r\u00e0pida per a Espanya:<\/strong><\/p>\n\t\t\t\t\t\t\t\t<\/div>\n\t\t\t\t<\/div>\n\t\t\t\t\t<\/div>\n\t\t<\/div>\n\t\t\t\t\t<\/div>\n\t\t<\/section>\n\t\t\t\t<section data-particle_enable=\"false\" data-particle-mobile-disabled=\"false\" class=\"elementor-section elementor-top-section elementor-element elementor-element-3ebe23a elementor-section-boxed elementor-section-height-default elementor-section-height-default\" data-id=\"3ebe23a\" data-element_type=\"section\" data-e-type=\"section\">\n\t\t\t\t\t\t<div class=\"elementor-container elementor-column-gap-default\">\n\t\t\t\t\t<div class=\"elementor-column elementor-col-100 elementor-top-column elementor-element elementor-element-ba8a3ee\" data-id=\"ba8a3ee\" data-element_type=\"column\" data-e-type=\"column\">\n\t\t\t<div class=\"elementor-widget-wrap elementor-element-populated\">\n\t\t\t\t\t\t<div class=\"elementor-element elementor-element-233ff34 elementor-widget elementor-widget-text-editor\" data-id=\"233ff34\" data-element_type=\"widget\" data-e-type=\"widget\" data-widget_type=\"text-editor.default\">\n\t\t\t\t<div class=\"elementor-widget-container\">\n\t\t\t\t\t\t\t\t\t<ul>\n<li><strong>Fins a finals dels anys 80<\/strong> :<br \/> L&#8217;Opel Manta era considerat a Espanya un esportiu car i raonablement prestigi\u00f3s.<\/li>\n<li><strong>Des dels anys 90 fins a principis dels 2000<\/strong> :<br \/> Es torna m\u00e9s assequible, usat principalment per joves aficionats al tuning, adquirint aix\u00ed la imatge de &#8220;cotxe poligoner&#8221; arribant en aquesta \u00e8poca al declivi absolut (recordo que a Espanya era gaireb\u00e9 impossible veure un Opel Manta que no estigu\u00e9s o horrendament tunejat, o completament destrossat, o una barreja de les dues coses).<\/li>\n<\/ul>\n\t\t\t\t\t\t\t\t<\/div>\n\t\t\t\t<\/div>\n\t\t\t\t\t<\/div>\n\t\t<\/div>\n\t\t\t\t\t<\/div>\n\t\t<\/section>\n\t\t\t\t<section data-particle_enable=\"false\" data-particle-mobile-disabled=\"false\" class=\"elementor-section elementor-top-section elementor-element elementor-element-2ad92aa elementor-section-boxed elementor-section-height-default elementor-section-height-default\" data-id=\"2ad92aa\" data-element_type=\"section\" data-e-type=\"section\">\n\t\t\t\t\t\t<div class=\"elementor-container elementor-column-gap-default\">\n\t\t\t\t\t<div class=\"elementor-column elementor-col-50 elementor-top-column elementor-element elementor-element-16c9a94\" data-id=\"16c9a94\" data-element_type=\"column\" data-e-type=\"column\">\n\t\t\t<div class=\"elementor-widget-wrap elementor-element-populated\">\n\t\t\t\t\t\t<div class=\"elementor-element elementor-element-1c3e964 elementor-widget elementor-widget-text-editor\" data-id=\"1c3e964\" data-element_type=\"widget\" data-e-type=\"widget\" data-widget_type=\"text-editor.default\">\n\t\t\t\t<div class=\"elementor-widget-container\">\n\t\t\t\t\t\t\t\t\t<ul>\n<li><strong>A partir dels 2000:<\/strong> Les unitats tunejades acaben desapareixent i les que queden s\u00f3n aquelles que van tenir un millor tracte i una vida m\u00e9s tranquil\u00b7la. A Espanya apareix l&#8217; <a href=\"https:\/\/www.opelmantaclub.com\/el-club\/\" target=\"_blank\" rel=\"noopener\">Opel Manta Club<\/a> a principis dels 2000 (originalment era un grup de xat de MSN) que aglutina propietaris d&#8217;aquest model que els cuiden, mantenen, i recopilen documentaci\u00f3 al voltant d&#8217;ell i ja se&#8217;l comen\u00e7a a considerar com a cotxe cl\u00e0ssic- <\/li>\n<li><strong>Actualment (2025):<\/strong> Els Opel Manta s\u00f3n ja considerats i cuidats com a cotxes cl\u00e0ssics.<\/li>\n<\/ul>\n\t\t\t\t\t\t\t\t<\/div>\n\t\t\t\t<\/div>\n\t\t\t\t\t<\/div>\n\t\t<\/div>\n\t\t\t\t<div class=\"elementor-column elementor-col-50 elementor-top-column elementor-element elementor-element-745c42f\" data-id=\"745c42f\" data-element_type=\"column\" data-e-type=\"column\">\n\t\t\t<div class=\"elementor-widget-wrap elementor-element-populated\">\n\t\t\t\t\t\t<div class=\"elementor-element elementor-element-b4307fb elementor-widget elementor-widget-image\" data-id=\"b4307fb\" data-element_type=\"widget\" data-e-type=\"widget\" data-widget_type=\"image.default\">\n\t\t\t\t<div class=\"elementor-widget-container\">\n\t\t\t\t\t\t\t\t\t\t\t\t\t\t\t<img loading=\"lazy\" decoding=\"async\" width=\"1008\" height=\"508\" src=\"https:\/\/www.jgclassics.com\/wp-content\/uploads\/2025\/03\/manta-white.jpg\" class=\"attachment-large size-large wp-image-21860\" alt=\"manta white\" srcset=\"https:\/\/www.jgclassics.com\/wp-content\/uploads\/2025\/03\/manta-white.jpg 1008w, https:\/\/www.jgclassics.com\/wp-content\/uploads\/2025\/03\/manta-white-300x151.jpg 300w, https:\/\/www.jgclassics.com\/wp-content\/uploads\/2025\/03\/manta-white-768x387.jpg 768w\" sizes=\"(max-width: 1008px) 100vw, 1008px\" \/>\t\t\t\t\t\t\t\t\t\t\t\t\t\t\t<\/div>\n\t\t\t\t<\/div>\n\t\t\t\t\t<\/div>\n\t\t<\/div>\n\t\t\t\t\t<\/div>\n\t\t<\/section>\n\t\t\t\t<section data-particle_enable=\"false\" data-particle-mobile-disabled=\"false\" class=\"elementor-section elementor-top-section elementor-element elementor-element-9982d10 elementor-section-boxed elementor-section-height-default elementor-section-height-default\" data-id=\"9982d10\" data-element_type=\"section\" data-e-type=\"section\">\n\t\t\t\t\t\t<div class=\"elementor-container elementor-column-gap-default\">\n\t\t\t\t\t<div class=\"elementor-column elementor-col-100 elementor-top-column elementor-element elementor-element-7a59c34\" data-id=\"7a59c34\" data-element_type=\"column\" data-e-type=\"column\">\n\t\t\t<div class=\"elementor-widget-wrap elementor-element-populated\">\n\t\t\t\t\t\t<div class=\"elementor-element elementor-element-9f0376f elementor-widget elementor-widget-heading\" data-id=\"9f0376f\" data-element_type=\"widget\" data-e-type=\"widget\" data-widget_type=\"heading.default\">\n\t\t\t\t<div class=\"elementor-widget-container\">\n\t\t\t\t\t<h2 class=\"elementor-heading-title elementor-size-default\">El final del via crucis: L'Opel Manta de cotxe cany\u00ed a (finalment!!) cotxe cl\u00e0ssic<\/h2>\t\t\t\t<\/div>\n\t\t\t\t<\/div>\n\t\t\t\t\t<\/div>\n\t\t<\/div>\n\t\t\t\t\t<\/div>\n\t\t<\/section>\n\t\t\t\t<section data-particle_enable=\"false\" data-particle-mobile-disabled=\"false\" class=\"elementor-section elementor-top-section elementor-element elementor-element-fbb0d57 elementor-section-boxed elementor-section-height-default elementor-section-height-default\" data-id=\"fbb0d57\" data-element_type=\"section\" data-e-type=\"section\">\n\t\t\t\t\t\t<div class=\"elementor-container elementor-column-gap-default\">\n\t\t\t\t\t<div class=\"elementor-column elementor-col-100 elementor-top-column elementor-element elementor-element-08cd387\" data-id=\"08cd387\" data-element_type=\"column\" data-e-type=\"column\">\n\t\t\t<div class=\"elementor-widget-wrap elementor-element-populated\">\n\t\t\t\t\t\t<div class=\"elementor-element elementor-element-38eb2f9 elementor-widget elementor-widget-text-editor\" data-id=\"38eb2f9\" data-element_type=\"widget\" data-e-type=\"widget\" data-widget_type=\"text-editor.default\">\n\t\t\t\t<div class=\"elementor-widget-container\">\n\t\t\t\t\t\t\t\t\t<p>La transici\u00f3 de l&#8217;Opel Manta a Espanya, des de la seva imatge de <strong>&#8220;cotxe cany\u00ed&#8221;<\/strong> a ser considerat un <strong>cl\u00e0ssic apreciat<\/strong> , va passar de manera gradual, especialment a partir de principis dels anys 2000 i consolidant-se clarament a finals d&#8217;aquesta d\u00e8cada.<\/p>\n\t\t\t\t\t\t\t\t<\/div>\n\t\t\t\t<\/div>\n\t\t\t\t\t<\/div>\n\t\t<\/div>\n\t\t\t\t\t<\/div>\n\t\t<\/section>\n\t\t\t\t<section data-particle_enable=\"false\" data-particle-mobile-disabled=\"false\" class=\"elementor-section elementor-top-section elementor-element elementor-element-301e8e2 elementor-section-boxed elementor-section-height-default elementor-section-height-default\" data-id=\"301e8e2\" data-element_type=\"section\" data-e-type=\"section\">\n\t\t\t\t\t\t<div class=\"elementor-container elementor-column-gap-default\">\n\t\t\t\t\t<div class=\"elementor-column elementor-col-50 elementor-top-column elementor-element elementor-element-67c27c0\" data-id=\"67c27c0\" data-element_type=\"column\" data-e-type=\"column\">\n\t\t\t<div class=\"elementor-widget-wrap elementor-element-populated\">\n\t\t\t\t\t\t<div class=\"elementor-element elementor-element-7a2976a elementor-widget elementor-widget-image\" data-id=\"7a2976a\" data-element_type=\"widget\" data-e-type=\"widget\" data-widget_type=\"image.default\">\n\t\t\t\t<div class=\"elementor-widget-container\">\n\t\t\t\t\t\t\t\t\t\t\t\t\t\t\t<img loading=\"lazy\" decoding=\"async\" width=\"683\" height=\"1024\" src=\"https:\/\/www.jgclassics.com\/wp-content\/uploads\/2025\/03\/ff8vtd4ziw0-683x1024.jpg\" class=\"attachment-large size-large wp-image-21864\" alt=\"white and brown chevrolet camaro parked beside green palm tree during daytime\" srcset=\"https:\/\/www.jgclassics.com\/wp-content\/uploads\/2025\/03\/ff8vtd4ziw0-683x1024.jpg 683w, https:\/\/www.jgclassics.com\/wp-content\/uploads\/2025\/03\/ff8vtd4ziw0-200x300.jpg 200w, https:\/\/www.jgclassics.com\/wp-content\/uploads\/2025\/03\/ff8vtd4ziw0-768x1152.jpg 768w, https:\/\/www.jgclassics.com\/wp-content\/uploads\/2025\/03\/ff8vtd4ziw0.jpg 800w\" sizes=\"(max-width: 683px) 100vw, 683px\" \/>\t\t\t\t\t\t\t\t\t\t\t\t\t\t\t<\/div>\n\t\t\t\t<\/div>\n\t\t\t\t\t<\/div>\n\t\t<\/div>\n\t\t\t\t<div class=\"elementor-column elementor-col-50 elementor-top-column elementor-element elementor-element-3654c4a\" data-id=\"3654c4a\" data-element_type=\"column\" data-e-type=\"column\">\n\t\t\t<div class=\"elementor-widget-wrap elementor-element-populated\">\n\t\t\t\t\t\t<div class=\"elementor-element elementor-element-ca9bcf9 elementor-widget elementor-widget-text-editor\" data-id=\"ca9bcf9\" data-element_type=\"widget\" data-e-type=\"widget\" data-widget_type=\"text-editor.default\">\n\t\t\t\t<div class=\"elementor-widget-container\">\n\t\t\t\t\t\t\t\t\t<p><strong>L&#8217;arribada del segle XXI i la \u201cnost\u00e0lgia vuitanta\u201d (2000-2010)<\/strong><\/p>\n<p>A principis de la d\u00e8cada del <strong>2000<\/strong> , va oc\u00f3rrer una transformaci\u00f3 en la cultura automobil\u00edstica dels cotxes cl\u00e0ssics clau:<\/p>\n<ul>\n<li>Els cotxes que anteriorment eren barats o populars (com el Manta, Ford Capri, Renault Foc, VW Scirocco) van comen\u00e7ar a desapar\u00e8ixer lentament dels carrers, principalment per desgast, accidents o deteriorament per modificacions excessives.<\/li>\n<li>En tornar escassos, es va produir una revaloritzaci\u00f3 nost\u00e0lgica per part d&#8217;aficionats que ara eren adults, ja amb cert poder adquisitiu, i que recordaven aquests cotxes com a part de la seva joventut. I sobretot: Nom\u00e9s van quedar els que estaven en bon estat. Jo, com a gran amant d&#8217;aquest model des de fa anys encara recordo amb l&#8217;\u00e0nima partida de veure alguns Mantes com havien acabat o el seu estat de deteriorament.  <\/li>\n<\/ul>\n\t\t\t\t\t\t\t\t<\/div>\n\t\t\t\t<\/div>\n\t\t\t\t\t<\/div>\n\t\t<\/div>\n\t\t\t\t\t<\/div>\n\t\t<\/section>\n\t\t\t\t<section data-particle_enable=\"false\" data-particle-mobile-disabled=\"false\" class=\"elementor-section elementor-top-section elementor-element elementor-element-d1d11bc elementor-section-boxed elementor-section-height-default elementor-section-height-default\" data-id=\"d1d11bc\" data-element_type=\"section\" data-e-type=\"section\">\n\t\t\t\t\t\t<div class=\"elementor-container elementor-column-gap-default\">\n\t\t\t\t\t<div class=\"elementor-column elementor-col-100 elementor-top-column elementor-element elementor-element-a7775d1\" data-id=\"a7775d1\" data-element_type=\"column\" data-e-type=\"column\">\n\t\t\t<div class=\"elementor-widget-wrap elementor-element-populated\">\n\t\t\t\t\t\t<div class=\"elementor-element elementor-element-c56d216 elementor-widget elementor-widget-text-editor\" data-id=\"c56d216\" data-element_type=\"widget\" data-e-type=\"widget\" data-widget_type=\"text-editor.default\">\n\t\t\t\t<div class=\"elementor-widget-container\">\n\t\t\t\t\t\t\t\t\t<p><strong>  Factors clau del canvi cap a cl\u00e0ssic:<\/strong><\/p>\n<ol>\n<li><strong>Escassetat progressiva<\/strong> :\n<ul>\n<li>A partir de l&#8217;any <strong>2000-2000s<\/strong> , la majoria dels Opel Manta estaven en mal estat a causa del tuning agressiu d&#8217;anys anteriors.<\/li>\n<li>Els exemplars en bon estat es van tornar escassos, augmentant-ne el valor.<\/li>\n<\/ul>\n<\/li>\n<li><strong>Moviment de cl\u00e0ssics i associacions:<\/strong>\n<ul>\n<li>Des d&#8217;aproximadament 2005 en endavant, el moviment cl\u00e0ssic i retro va cr\u00e9ixer enormement a Espanya, afavorint que cotxes dels 70 i 80 fossin acceptats com a cl\u00e0ssics.<\/li>\n<li>Associacions de cl\u00e0ssics van comen\u00e7ar a incloure l&#8217;Opel Manta a les seves concentracions, esdeveniments i ral\u00b7lis hist\u00f2rics.<\/li>\n<li>Els propietaris d&#8217;Opel Manta de l&#8217;\u00e8poca de cotxe cl\u00e0ssic ja van comen\u00e7ar a mantenir-los i tractar-los com a tals i deixant-los en estat alguns, veritablement de revista.<\/li>\n<\/ul>\n<\/li>\n<li><strong>Influ\u00e8ncia de revistes i mitjans especialitzats:<\/strong>\n<ul>\n<li>Revistes com <strong>&#8220;Motor Cl\u00e0ssic&#8221;<\/strong> , <strong>&#8220;Cotxes Cl\u00e0ssics&#8221;<\/strong> i &#8220;Auto Retro&#8221; van comen\u00e7ar a incloure a l&#8217;Opel Manta en articles com un esportiu alemany emblem\u00e0tic dels anys 70 i 80.<\/li>\n<li>Aquesta cobertura va contribuir a millorar la percepci\u00f3 p\u00fablica del model.<\/li>\n<\/ul>\n<\/li>\n<li><strong>Revaloraci\u00f3 econ\u00f2mica:<\/strong>\n<ul>\n<li>A partir d&#8217;aproximadament el 2010, el valor de l&#8217;Opel Manta (especialment els models originals, sense modificacions extremes) va comen\u00e7ar a augmentar, consolidant definitivament el seu estatus de cl\u00e0ssic.<\/li>\n<\/ul>\n<\/li>\n<\/ol>\n<p><strong>Moment clau del canvi definitiu:<\/strong><\/p>\n<ul>\n<li>Entre <strong>2005 i 2015<\/strong> , especialment despr\u00e9s de l&#8217;auge de les fires com <strong>Auto Retro Barcelona<\/strong> , <strong>\u200b\u200bClassicAuto Madrid<\/strong> i altres concentracions regionals, l&#8217;Opel Manta va comen\u00e7ar a reapar\u00e8ixer valorat positivament en cercles de col\u00b7leccionistes, deslligant-se per complet de l&#8217;estereotip anterior.<\/li>\n<li>Des del <strong>2010-2015<\/strong> , l&#8217;Opel Manta es va establir fermament a Espanya com un cotxe cl\u00e0ssic respectable, col\u00b7leccionable, i amb cotitzacions a l&#8217;al\u00e7a.<\/li>\n<\/ul>\n\t\t\t\t\t\t\t\t<\/div>\n\t\t\t\t<\/div>\n\t\t\t\t\t<\/div>\n\t\t<\/div>\n\t\t\t\t\t<\/div>\n\t\t<\/section>\n\t\t\t\t<section data-particle_enable=\"false\" data-particle-mobile-disabled=\"false\" class=\"elementor-section elementor-top-section elementor-element elementor-element-c0063ea elementor-section-boxed elementor-section-height-default elementor-section-height-default\" data-id=\"c0063ea\" data-element_type=\"section\" data-e-type=\"section\">\n\t\t\t\t\t\t<div class=\"elementor-container elementor-column-gap-default\">\n\t\t\t\t\t<div class=\"elementor-column elementor-col-100 elementor-top-column elementor-element elementor-element-fb39f25\" data-id=\"fb39f25\" data-element_type=\"column\" data-e-type=\"column\">\n\t\t\t<div class=\"elementor-widget-wrap elementor-element-populated\">\n\t\t\t\t\t\t<div class=\"elementor-element elementor-element-bbe3eb0 elementor-widget elementor-widget-text-editor\" data-id=\"bbe3eb0\" data-element_type=\"widget\" data-e-type=\"widget\" data-widget_type=\"text-editor.default\">\n\t\t\t\t<div class=\"elementor-widget-container\">\n\t\t\t\t\t\t\t\t\t<p><strong>Conclusi\u00f3:<\/strong><\/p>\n<p>La transformaci\u00f3 definitiva va oc\u00f3rrer al voltant de <strong>2010<\/strong> , consolidant-se plenament cap a 2015, quan l&#8217;Opel Manta va deixar -afortunadament!!- enrere l&#8217;estereotip &#8220;ca\u00f1i&#8221;, &#8220;choni&#8221;, &#8220;marroner&#8221;, &#8220;poligoner&#8221; (escull l&#8217;adjectiu que prefereixis el seu valor i <strong>, cases<\/strong> (d&#8217;unitats en bon estat).<\/p>\n\t\t\t\t\t\t\t\t<\/div>\n\t\t\t\t<\/div>\n\t\t\t\t\t<\/div>\n\t\t<\/div>\n\t\t\t\t\t<\/div>\n\t\t<\/section>\n\t\t\t\t<section data-particle_enable=\"false\" data-particle-mobile-disabled=\"false\" class=\"elementor-section elementor-top-section elementor-element elementor-element-5a27ef8 elementor-section-boxed elementor-section-height-default elementor-section-height-default\" data-id=\"5a27ef8\" data-element_type=\"section\" data-e-type=\"section\">\n\t\t\t\t\t\t<div class=\"elementor-container elementor-column-gap-default\">\n\t\t\t\t\t<div class=\"elementor-column elementor-col-100 elementor-top-column elementor-element elementor-element-06523a4\" data-id=\"06523a4\" data-element_type=\"column\" data-e-type=\"column\">\n\t\t\t<div class=\"elementor-widget-wrap elementor-element-populated\">\n\t\t\t\t\t\t<div class=\"elementor-element elementor-element-b00ccfd elementor-widget elementor-widget-heading\" data-id=\"b00ccfd\" data-element_type=\"widget\" data-e-type=\"widget\" data-widget_type=\"heading.default\">\n\t\t\t\t<div class=\"elementor-widget-container\">\n\t\t\t\t\t<h2 class=\"elementor-heading-title elementor-size-default\">I al vostre pa\u00eds d'origen? com es veu a Alemanya avui en dia de l'Opel Manta? <\/h2>\t\t\t\t<\/div>\n\t\t\t\t<\/div>\n\t\t\t\t\t<\/div>\n\t\t<\/div>\n\t\t\t\t\t<\/div>\n\t\t<\/section>\n\t\t\t\t<section data-particle_enable=\"false\" data-particle-mobile-disabled=\"false\" class=\"elementor-section elementor-top-section elementor-element elementor-element-182dfed elementor-section-boxed elementor-section-height-default elementor-section-height-default\" data-id=\"182dfed\" data-element_type=\"section\" data-e-type=\"section\">\n\t\t\t\t\t\t<div class=\"elementor-container elementor-column-gap-default\">\n\t\t\t\t\t<div class=\"elementor-column elementor-col-100 elementor-top-column elementor-element elementor-element-5e061e1\" data-id=\"5e061e1\" data-element_type=\"column\" data-e-type=\"column\">\n\t\t\t<div class=\"elementor-widget-wrap elementor-element-populated\">\n\t\t\t\t\t\t<div class=\"elementor-element elementor-element-0d01e69 elementor-widget elementor-widget-text-editor\" data-id=\"0d01e69\" data-element_type=\"widget\" data-e-type=\"widget\" data-widget_type=\"text-editor.default\">\n\t\t\t\t<div class=\"elementor-widget-container\">\n\t\t\t\t\t\t\t\t\t<p>La pres\u00e8ncia del Manta a l&#8217;escena del tuning alemany ha disminu\u00eft notablement. Els vehicles ben conservats, especialment els models GT\/E, han vist augmentar-ne el valor i han esdevingut objectes de col\u00b7lecci\u00f3 molt sol\u00b7licitats. A m\u00e9s, la possibilitat d&#8217;obtenir una matr\u00edcula hist\u00f2rica ( <em>H-Zulassung<\/em> ) ha incrementat el seu atractiu entre els aficionats als cotxes cl\u00e0ssics.  <\/p>\n\t\t\t\t\t\t\t\t<\/div>\n\t\t\t\t<\/div>\n\t\t\t\t\t<\/div>\n\t\t<\/div>\n\t\t\t\t\t<\/div>\n\t\t<\/section>\n\t\t\t\t<section data-particle_enable=\"false\" data-particle-mobile-disabled=\"false\" class=\"elementor-section elementor-top-section elementor-element elementor-element-58cd643 elementor-section-boxed elementor-section-height-default elementor-section-height-default\" data-id=\"58cd643\" data-element_type=\"section\" data-e-type=\"section\">\n\t\t\t\t\t\t<div class=\"elementor-container elementor-column-gap-default\">\n\t\t\t\t\t<div class=\"elementor-column elementor-col-50 elementor-top-column elementor-element elementor-element-e4821c2\" data-id=\"e4821c2\" data-element_type=\"column\" data-e-type=\"column\">\n\t\t\t<div class=\"elementor-widget-wrap elementor-element-populated\">\n\t\t\t\t\t\t<div class=\"elementor-element elementor-element-0c76a36 elementor-widget elementor-widget-text-editor\" data-id=\"0c76a36\" data-element_type=\"widget\" data-e-type=\"widget\" data-widget_type=\"text-editor.default\">\n\t\t\t\t<div class=\"elementor-widget-container\">\n\t\t\t\t\t\t\t\t\t<p><strong>Iniciatives modernes i reconeixement oficial:<\/strong><\/p>\n<ul>\n<li><strong>Opel Manta GSe ElektroMOD:<\/strong> El 2021, Opel va presentar el Manta GSe ElektroMOD, una versi\u00f3 el\u00e8ctrica del cl\u00e0ssic Manta A. Aquest prototip combina el disseny retro amb tecnologia moderna, incloent un motor el\u00e8ctric de 108 kW (147 CV) i una bateria de 31 kWh que ofereix una autonomia d&#8217;aproximadament 200 km. Aquest model reflecteix la tend\u00e8ncia de revitalitzar vehicles cl\u00e0ssics amb propulsions alineades amb les tend\u00e8ncies de mercat actual. \u200b<\/li>\n<li><strong>Reconeixement filat\u00e8lic:<\/strong> El 13 d&#8217;abril del 2017, el Ministeri Federal de Finances d&#8217;Alemanya va emetre un segell postal dins de la s\u00e8rie &#8220;Autom\u00f2bils cl\u00e0ssics alemanys&#8221; que mostrava a l&#8217;Opel Manta A, destacant la seva rellev\u00e0ncia en la hist\u00f2ria automobil\u00edstica del pa\u00eds. \u200b<\/li>\n<\/ul>\n\t\t\t\t\t\t\t\t<\/div>\n\t\t\t\t<\/div>\n\t\t\t\t\t<\/div>\n\t\t<\/div>\n\t\t\t\t<div class=\"elementor-column elementor-col-50 elementor-top-column elementor-element elementor-element-051eaa9\" data-id=\"051eaa9\" data-element_type=\"column\" data-e-type=\"column\">\n\t\t\t<div class=\"elementor-widget-wrap elementor-element-populated\">\n\t\t\t\t\t\t<div class=\"elementor-element elementor-element-fbb2c69 elementor-widget elementor-widget-image\" data-id=\"fbb2c69\" data-element_type=\"widget\" data-e-type=\"widget\" data-widget_type=\"image.default\">\n\t\t\t\t<div class=\"elementor-widget-container\">\n\t\t\t\t\t\t\t\t\t\t\t\t\t\t\t\t<a href=\"https:\/\/www.jgclassics.com\/wp-content\/uploads\/2025\/03\/sello_opel_manta.jpg\" data-elementor-open-lightbox=\"yes\" data-elementor-lightbox-title=\"segell_opel_manta\" data-e-action-hash=\"#elementor-action%3Aaction%3Dlightbox%26settings%3DeyJpZCI6MjE4NzQsInVybCI6Imh0dHBzOlwvXC93d3cuamdjbGFzc2ljcy5jb21cL3dwLWNvbnRlbnRcL3VwbG9hZHNcLzIwMjVcLzAzXC9zZWxsb19vcGVsX21hbnRhLmpwZyJ9\">\n\t\t\t\t\t\t\t<img loading=\"lazy\" decoding=\"async\" width=\"512\" height=\"317\" src=\"https:\/\/www.jgclassics.com\/wp-content\/uploads\/2025\/03\/sello_opel_manta.jpg\" class=\"attachment-large size-large wp-image-21874\" alt=\"Segell Opel Manta\" srcset=\"https:\/\/www.jgclassics.com\/wp-content\/uploads\/2025\/03\/sello_opel_manta.jpg 512w, https:\/\/www.jgclassics.com\/wp-content\/uploads\/2025\/03\/sello_opel_manta-300x186.jpg 300w\" sizes=\"(max-width: 512px) 100vw, 512px\" \/>\t\t\t\t\t\t\t\t<\/a>\n\t\t\t\t\t\t\t\t\t\t\t\t\t\t\t<\/div>\n\t\t\t\t<\/div>\n\t\t\t\t\t<\/div>\n\t\t<\/div>\n\t\t\t\t\t<\/div>\n\t\t<\/section>\n\t\t\t\t<section data-particle_enable=\"false\" data-particle-mobile-disabled=\"false\" class=\"elementor-section elementor-top-section elementor-element elementor-element-c580555 elementor-section-boxed elementor-section-height-default elementor-section-height-default\" data-id=\"c580555\" data-element_type=\"section\" data-e-type=\"section\">\n\t\t\t\t\t\t<div class=\"elementor-container elementor-column-gap-default\">\n\t\t\t\t\t<div class=\"elementor-column elementor-col-100 elementor-top-column elementor-element elementor-element-c6501c2\" data-id=\"c6501c2\" data-element_type=\"column\" data-e-type=\"column\">\n\t\t\t<div class=\"elementor-widget-wrap elementor-element-populated\">\n\t\t\t\t\t\t<div class=\"elementor-element elementor-element-bb7f1b7 elementor-widget-divider--view-line_icon elementor-view-default elementor-widget-divider--element-align-center elementor-widget elementor-widget-divider\" data-id=\"bb7f1b7\" data-element_type=\"widget\" data-e-type=\"widget\" data-widget_type=\"divider.default\">\n\t\t\t\t<div class=\"elementor-widget-container\">\n\t\t\t\t\t\t\t<div class=\"elementor-divider\">\n\t\t\t<span class=\"elementor-divider-separator\">\n\t\t\t\t\t\t\t<div class=\"elementor-icon elementor-divider__element\">\n\t\t\t\t\t<i aria-hidden=\"true\" class=\"fas fa-info-circle\"><\/i><\/div>\n\t\t\t\t\t\t<\/span>\n\t\t<\/div>\n\t\t\t\t\t\t<\/div>\n\t\t\t\t<\/div>\n\t\t\t\t\t<\/div>\n\t\t<\/div>\n\t\t\t\t\t<\/div>\n\t\t<\/section>\n\t\t\t\t<section data-particle_enable=\"false\" data-particle-mobile-disabled=\"false\" class=\"elementor-section elementor-top-section elementor-element elementor-element-3f51870 elementor-section-boxed elementor-section-height-default elementor-section-height-default\" data-id=\"3f51870\" data-element_type=\"section\" data-e-type=\"section\">\n\t\t\t\t\t\t<div class=\"elementor-container elementor-column-gap-default\">\n\t\t\t\t\t<div class=\"elementor-column elementor-col-100 elementor-top-column elementor-element elementor-element-1da8b6d\" data-id=\"1da8b6d\" data-element_type=\"column\" data-e-type=\"column\">\n\t\t\t<div class=\"elementor-widget-wrap elementor-element-populated\">\n\t\t\t\t\t\t<div class=\"elementor-element elementor-element-7e2934b elementor-widget elementor-widget-heading\" data-id=\"7e2934b\" data-element_type=\"widget\" data-e-type=\"widget\" data-widget_type=\"heading.default\">\n\t\t\t\t<div class=\"elementor-widget-container\">\n\t\t\t\t\t<h3 class=\"elementor-heading-title elementor-size-default\">Clubs Opel Manta Alemanya<\/h3>\t\t\t\t<\/div>\n\t\t\t\t<\/div>\n\t\t\t\t\t<\/div>\n\t\t<\/div>\n\t\t\t\t\t<\/div>\n\t\t<\/section>\n\t\t\t\t<section data-particle_enable=\"false\" data-particle-mobile-disabled=\"false\" class=\"elementor-section elementor-top-section elementor-element elementor-element-f13208f elementor-section-boxed elementor-section-height-default elementor-section-height-default\" data-id=\"f13208f\" data-element_type=\"section\" data-e-type=\"section\">\n\t\t\t\t\t\t<div class=\"elementor-container elementor-column-gap-default\">\n\t\t\t\t\t<div class=\"elementor-column elementor-col-100 elementor-top-column elementor-element elementor-element-241c4de\" data-id=\"241c4de\" data-element_type=\"column\" data-e-type=\"column\">\n\t\t\t<div class=\"elementor-widget-wrap elementor-element-populated\">\n\t\t\t\t\t\t<div class=\"elementor-element elementor-element-d1e81c0 elementor-widget__width-initial elementor-widget elementor-widget-text-editor\" data-id=\"d1e81c0\" data-element_type=\"widget\" data-e-type=\"widget\" data-widget_type=\"text-editor.default\">\n\t\t\t\t<div class=\"elementor-widget-container\">\n\t\t\t\t\t\t\t\t\t<p><strong><a href=\"http:\/\/opel-manta.de\/\" target=\"_blank\" rel=\"noopener\">Opel Manta Club Sachsen<\/a> eV<\/strong> . -Sajonia: Club dedicat a l&#8217;Opel Manta a l&#8217;estat de Sax\u00f2nia. Organitza esdeveniments i trobades per a aficionats del model.    <\/p>\n<p><strong>Opel Manta Maniacs Club<\/strong> : Comunitat activa a Facebook que comparteix contingut relacionat amb l&#8217;Opel Manta, incloent esdeveniments i fotografies.  <\/p>\n<p><strong><a href=\"https:\/\/www.opel-club-betreuung.de\/\" target=\"_blank\" rel=\"noopener\">Opel Club Betreuung<\/a><\/strong> Plataforma que agrupa diversos clubs d&#8217;Opel a Alemanya, incloent aquells dedicats al Manta.  <\/p>\n\t\t\t\t\t\t\t\t<\/div>\n\t\t\t\t<\/div>\n\t\t\t\t\t<\/div>\n\t\t<\/div>\n\t\t\t\t\t<\/div>\n\t\t<\/section>\n\t\t\t\t<section data-particle_enable=\"false\" data-particle-mobile-disabled=\"false\" class=\"elementor-section elementor-top-section elementor-element elementor-element-1f0f34e elementor-section-boxed elementor-section-height-default elementor-section-height-default\" data-id=\"1f0f34e\" data-element_type=\"section\" data-e-type=\"section\">\n\t\t\t\t\t\t<div class=\"elementor-container elementor-column-gap-default\">\n\t\t\t\t\t<div class=\"elementor-column elementor-col-100 elementor-top-column elementor-element elementor-element-e4ce4ff\" data-id=\"e4ce4ff\" data-element_type=\"column\" data-e-type=\"column\">\n\t\t\t<div class=\"elementor-widget-wrap elementor-element-populated\">\n\t\t\t\t\t\t<div class=\"elementor-element elementor-element-dfffde4 elementor-widget elementor-widget-heading\" data-id=\"dfffde4\" data-element_type=\"widget\" data-e-type=\"widget\" data-widget_type=\"heading.default\">\n\t\t\t\t<div class=\"elementor-widget-container\">\n\t\t\t\t\t<h3 class=\"elementor-heading-title elementor-size-default\">Clubs Opel Manta UK<\/h3>\t\t\t\t<\/div>\n\t\t\t\t<\/div>\n\t\t\t\t\t<\/div>\n\t\t<\/div>\n\t\t\t\t\t<\/div>\n\t\t<\/section>\n\t\t\t\t<section data-particle_enable=\"false\" data-particle-mobile-disabled=\"false\" class=\"elementor-section elementor-top-section elementor-element elementor-element-bfe5057 elementor-section-boxed elementor-section-height-default elementor-section-height-default\" data-id=\"bfe5057\" data-element_type=\"section\" data-e-type=\"section\">\n\t\t\t\t\t\t<div class=\"elementor-container elementor-column-gap-default\">\n\t\t\t\t\t<div class=\"elementor-column elementor-col-100 elementor-top-column elementor-element elementor-element-1457e52\" data-id=\"1457e52\" data-element_type=\"column\" data-e-type=\"column\">\n\t\t\t<div class=\"elementor-widget-wrap elementor-element-populated\">\n\t\t\t\t\t\t<div class=\"elementor-element elementor-element-bfd8fc2 elementor-widget__width-initial elementor-widget elementor-widget-text-editor\" data-id=\"bfd8fc2\" data-element_type=\"widget\" data-e-type=\"widget\" data-widget_type=\"text-editor.default\">\n\t\t\t\t<div class=\"elementor-widget-container\">\n\t\t\t\t\t\t\t\t\t<p><strong><a href=\"https:\/\/mantaclub.org\/\" target=\"_blank\" rel=\"noopener\">Opel Manta Owners Club<\/a> (OMOC)<\/strong> : Fundat el 1983, l&#8217; <strong>Opel Manta Owners Club<\/strong> \u00e9s el principal club al Regne Unit dedicat exclusivament als propietaris i aficionats de l&#8217;Opel Manta. Amb aproximadament 500 membres de diverses parts del m\u00f3n, l&#8217;OMOC ofereix una plataforma per compartir experi\u00e8ncies, coneixements i recursos relacionats amb la preservaci\u00f3 i el gaudi de l&#8217;Opel Manta. El club organitza reunions nacionals i regionals i proporciona beneficis com un f\u00f2rum actiu, descomptes en peces i un esquema d&#8217;assegurances per a propietaris.  <\/p>\n<p><strong>Opel Manta UK Fan Club<\/strong> : Aquest grup de Facebook est\u00e0 dirigit a persones que viuen, respiren i senten passi\u00f3 per tot all\u00f2 relacionat amb l&#8217;Opel Manta, Ascona o Cavalier. La p\u00e0gina est\u00e0 dedicada a compartir experi\u00e8ncies, fotografies, consells t\u00e8cnics i discussions relacionades amb aquests models, tot fomentant una comunitat activa i compromesa. <a href=\"https:\/\/www.facebook.com\/groups\/7372544390\/\">facebook.com+1en.wikipedia.org+1<\/a><\/p>\n<p><strong>Opel Manta Motorsport Group<\/strong> : Un altre grup de Facebook que reuneix entusiastes de l&#8217;Opel Manta interessats en l&#8217;aspecte de competici\u00f3 i rendiment del vehicle. Els membres comparteixen contingut relacionat amb preparacions, esdeveniments de motorsport i millores t\u00e8cniques espec\u00edfiques per al Manta. <\/p>\n\t\t\t\t\t\t\t\t<\/div>\n\t\t\t\t<\/div>\n\t\t\t\t\t<\/div>\n\t\t<\/div>\n\t\t\t\t\t<\/div>\n\t\t<\/section>\n\t\t\t\t<section data-particle_enable=\"false\" data-particle-mobile-disabled=\"false\" class=\"elementor-section elementor-top-section elementor-element elementor-element-8877437 elementor-section-boxed elementor-section-height-default elementor-section-height-default\" data-id=\"8877437\" data-element_type=\"section\" data-e-type=\"section\">\n\t\t\t\t\t\t<div class=\"elementor-container elementor-column-gap-default\">\n\t\t\t\t\t<div class=\"elementor-column elementor-col-100 elementor-top-column elementor-element elementor-element-3daac0d\" data-id=\"3daac0d\" data-element_type=\"column\" data-e-type=\"column\">\n\t\t\t<div class=\"elementor-widget-wrap elementor-element-populated\">\n\t\t\t\t\t\t<div class=\"elementor-element elementor-element-cb0f9af elementor-widget elementor-widget-heading\" data-id=\"cb0f9af\" data-element_type=\"widget\" data-e-type=\"widget\" data-widget_type=\"heading.default\">\n\t\t\t\t<div class=\"elementor-widget-container\">\n\t\t\t\t\t<h3 class=\"elementor-heading-title elementor-size-default\">Clubs Opel Manta Fran\u00e7a<\/h3>\t\t\t\t<\/div>\n\t\t\t\t<\/div>\n\t\t\t\t\t<\/div>\n\t\t<\/div>\n\t\t\t\t\t<\/div>\n\t\t<\/section>\n\t\t\t\t<section data-particle_enable=\"false\" data-particle-mobile-disabled=\"false\" class=\"elementor-section elementor-top-section elementor-element elementor-element-549a9dd elementor-section-boxed elementor-section-height-default elementor-section-height-default\" data-id=\"549a9dd\" data-element_type=\"section\" data-e-type=\"section\">\n\t\t\t\t\t\t<div class=\"elementor-container elementor-column-gap-default\">\n\t\t\t\t\t<div class=\"elementor-column elementor-col-100 elementor-top-column elementor-element elementor-element-65bbfba\" data-id=\"65bbfba\" data-element_type=\"column\" data-e-type=\"column\">\n\t\t\t<div class=\"elementor-widget-wrap elementor-element-populated\">\n\t\t\t\t\t\t<div class=\"elementor-element elementor-element-eab92db elementor-widget__width-initial elementor-widget elementor-widget-text-editor\" data-id=\"eab92db\" data-element_type=\"widget\" data-e-type=\"widget\" data-widget_type=\"text-editor.default\">\n\t\t\t\t<div class=\"elementor-widget-container\">\n\t\t\t\t\t\t\t\t\t<p><span class=\"relative -mx-px my-[-0.2rem] rounded px-px py-[0.2rem]\"><strong data-start=\"3\" data-end=\"41\"><a href=\"https:\/\/opel-classic-club.com\/\" target=\"_blank\" rel=\"noopener\">Opel Classic Club de France (OCCF)<\/a> :<\/strong> \u00c9s una associaci\u00f3 sense objectiu lucratiu que reuneix a entusiastes de vehicles Opel cl\u00e0ssics, rars, esportius o <strong data-start=\"151\" data-end=\"166\">youngtimers<\/strong> .<\/span> <span class=\"relative -mx-px my-[-0.2rem] rounded px-px py-[0.2rem]\">Fundat el 1988, inicialment com a <strong data-start=\"35\" data-end=\"63\">Commodore Club de France<\/strong> , va adoptar el seu nom actual el 2003 per reflectir la creixent diversitat de models Opel representats. Compte amb m\u00e9s de 200 membres a Fran\u00e7a i altres pa\u00efsos europeus, facilitant la col\u00b7laboraci\u00f3 i l&#8217;intercanvi de coneixements entre aficionats. <\/span><\/p>\n<p><span class=\"relative -mx-px my-[-0.2rem] rounded px-px py-[0.2rem]\">Ofereix l&#8217;e-Blitz Magazine, un bloc amb articles sobre l&#8217;univers Opel, entrevistes i not\u00edcies del club.<\/span><\/p>\n\t\t\t\t\t\t\t\t<\/div>\n\t\t\t\t<\/div>\n\t\t\t\t\t<\/div>\n\t\t<\/div>\n\t\t\t\t\t<\/div>\n\t\t<\/section>\n\t\t\t\t<section data-particle_enable=\"false\" data-particle-mobile-disabled=\"false\" class=\"elementor-section elementor-top-section elementor-element elementor-element-979d8a3 elementor-section-boxed elementor-section-height-default elementor-section-height-default\" data-id=\"979d8a3\" data-element_type=\"section\" data-e-type=\"section\">\n\t\t\t\t\t\t<div class=\"elementor-container elementor-column-gap-default\">\n\t\t\t\t\t<div class=\"elementor-column elementor-col-100 elementor-top-column elementor-element elementor-element-ee71211\" data-id=\"ee71211\" data-element_type=\"column\" data-e-type=\"column\">\n\t\t\t<div class=\"elementor-widget-wrap elementor-element-populated\">\n\t\t\t\t\t\t<div class=\"elementor-element elementor-element-d1f6cf5 elementor-widget elementor-widget-heading\" data-id=\"d1f6cf5\" data-element_type=\"widget\" data-e-type=\"widget\" data-widget_type=\"heading.default\">\n\t\t\t\t<div class=\"elementor-widget-container\">\n\t\t\t\t\t<h3 class=\"elementor-heading-title elementor-size-default\">Clubs Opel Manta Espanya<\/h3>\t\t\t\t<\/div>\n\t\t\t\t<\/div>\n\t\t\t\t\t<\/div>\n\t\t<\/div>\n\t\t\t\t\t<\/div>\n\t\t<\/section>\n\t\t\t\t<section data-particle_enable=\"false\" data-particle-mobile-disabled=\"false\" class=\"elementor-section elementor-top-section elementor-element elementor-element-bc390ca elementor-section-boxed elementor-section-height-default elementor-section-height-default\" data-id=\"bc390ca\" data-element_type=\"section\" data-e-type=\"section\">\n\t\t\t\t\t\t<div class=\"elementor-container elementor-column-gap-default\">\n\t\t\t\t\t<div class=\"elementor-column elementor-col-100 elementor-top-column elementor-element elementor-element-93ebb34\" data-id=\"93ebb34\" data-element_type=\"column\" data-e-type=\"column\">\n\t\t\t<div class=\"elementor-widget-wrap elementor-element-populated\">\n\t\t\t\t\t\t<div class=\"elementor-element elementor-element-bd128b2 elementor-widget__width-initial elementor-widget elementor-widget-text-editor\" data-id=\"bd128b2\" data-element_type=\"widget\" data-e-type=\"widget\" data-widget_type=\"text-editor.default\">\n\t\t\t\t<div class=\"elementor-widget-container\">\n\t\t\t\t\t\t\t\t\t<p><a href=\"https:\/\/www.opelmantaclub.com\/el-club\/\" target=\"_blank\" rel=\"noopener\"><strong>Opel Manta Club Spain<\/strong><\/a> Fundat el 2005, l&#8217; <strong>Opel Manta Club Spain<\/strong> \u00e9s el principal punt de trobada per als amants de l&#8217;Opel Manta al pa\u00eds. El club ofereix als seus socis diversos avantatges, com ara: <\/p>\n<ul>\n<li><strong>Acc\u00e9s a documentaci\u00f3 t\u00e8cnica<\/strong> : Els membres poden consultar informaci\u00f3 detallada sobre el manteniment i restauraci\u00f3 de l&#8217;Opel Manta.<\/li>\n<li><strong>Descomptes en serveis i productes<\/strong> : Acords amb empreses del sector automotriu permeten als socis beneficiar-se de preus especials en recanvis, serveis de manteniment i altres productes relacionats.<\/li>\n<li><strong>Participaci\u00f3 en concentracions i esdeveniments<\/strong> El club organitza reunions nacionals i internacionals, brindant l&#8217;oportunitat de compartir experi\u00e8ncies i coneixements entre aficionats.<\/li>\n<\/ul>\n<p>A m\u00e9s, l&#8217;Opel Manta Club Spain mant\u00e9 una pres\u00e8ncia activa a les xarxes socials, facilitant la interacci\u00f3 entre membres i seguidors.<\/p>\n\t\t\t\t\t\t\t\t<\/div>\n\t\t\t\t<\/div>\n\t\t\t\t<div class=\"elementor-element elementor-element-c0389a6 elementor-widget-divider--view-line elementor-widget elementor-widget-divider\" data-id=\"c0389a6\" data-element_type=\"widget\" data-e-type=\"widget\" data-widget_type=\"divider.default\">\n\t\t\t\t<div class=\"elementor-widget-container\">\n\t\t\t\t\t\t\t<div class=\"elementor-divider\">\n\t\t\t<span class=\"elementor-divider-separator\">\n\t\t\t\t\t\t<\/span>\n\t\t<\/div>\n\t\t\t\t\t\t<\/div>\n\t\t\t\t<\/div>\n\t\t\t\t\t<\/div>\n\t\t<\/div>\n\t\t\t\t\t<\/div>\n\t\t<\/section>\n\t\t\t\t<section data-particle_enable=\"false\" data-particle-mobile-disabled=\"false\" class=\"elementor-section elementor-top-section elementor-element elementor-element-2b1388d elementor-section-boxed elementor-section-height-default elementor-section-height-default\" data-id=\"2b1388d\" data-element_type=\"section\" data-e-type=\"section\">\n\t\t\t\t\t\t<div class=\"elementor-container elementor-column-gap-default\">\n\t\t\t\t\t<div class=\"elementor-column elementor-col-100 elementor-top-column elementor-element elementor-element-f5be791\" data-id=\"f5be791\" data-element_type=\"column\" data-e-type=\"column\">\n\t\t\t<div class=\"elementor-widget-wrap elementor-element-populated\">\n\t\t\t\t\t\t<div class=\"elementor-element elementor-element-154e92d elementor-widget elementor-widget-image\" data-id=\"154e92d\" data-element_type=\"widget\" data-e-type=\"widget\" data-widget_type=\"image.default\">\n\t\t\t\t<div class=\"elementor-widget-container\">\n\t\t\t\t\t\t\t\t\t\t\t\t\t\t\t<img loading=\"lazy\" decoding=\"async\" width=\"1024\" height=\"576\" src=\"https:\/\/www.jgclassics.com\/wp-content\/uploads\/2025\/03\/20230513_111513-scaled.jpg\" class=\"attachment-large size-large wp-image-21881\" alt=\"Opel manta i200 irmscher volant\" srcset=\"https:\/\/www.jgclassics.com\/wp-content\/uploads\/2025\/03\/20230513_111513-scaled.jpg 2560w, https:\/\/www.jgclassics.com\/wp-content\/uploads\/2025\/03\/20230513_111513-300x169.jpg 300w\" sizes=\"(max-width: 1024px) 100vw, 1024px\" \/>\t\t\t\t\t\t\t\t\t\t\t\t\t\t\t<\/div>\n\t\t\t\t<\/div>\n\t\t\t\t\t<\/div>\n\t\t<\/div>\n\t\t\t\t\t<\/div>\n\t\t<\/section>\n\t\t\t\t<section data-particle_enable=\"false\" data-particle-mobile-disabled=\"false\" class=\"elementor-section elementor-top-section elementor-element elementor-element-42f789a elementor-section-boxed elementor-section-height-default elementor-section-height-default\" data-id=\"42f789a\" data-element_type=\"section\" data-e-type=\"section\">\n\t\t\t\t\t\t<div class=\"elementor-container elementor-column-gap-default\">\n\t\t\t\t\t<div class=\"elementor-column elementor-col-100 elementor-top-column elementor-element elementor-element-fb725a0\" data-id=\"fb725a0\" data-element_type=\"column\" data-e-type=\"column\">\n\t\t\t<div class=\"elementor-widget-wrap elementor-element-populated\">\n\t\t\t\t\t\t<div class=\"elementor-element elementor-element-d28d06d elementor-widget elementor-widget-heading\" data-id=\"d28d06d\" data-element_type=\"widget\" data-e-type=\"widget\" data-widget_type=\"heading.default\">\n\t\t\t\t<div class=\"elementor-widget-container\">\n\t\t\t\t\t<h2 class=\"elementor-heading-title elementor-size-default\">Conclusi\u00f3<\/h2>\t\t\t\t<\/div>\n\t\t\t\t<\/div>\n\t\t\t\t\t<\/div>\n\t\t<\/div>\n\t\t\t\t\t<\/div>\n\t\t<\/section>\n\t\t\t\t<section data-particle_enable=\"false\" data-particle-mobile-disabled=\"false\" class=\"elementor-section elementor-top-section elementor-element elementor-element-af32e83 elementor-section-boxed elementor-section-height-default elementor-section-height-default\" data-id=\"af32e83\" data-element_type=\"section\" data-e-type=\"section\">\n\t\t\t\t\t\t<div class=\"elementor-container elementor-column-gap-default\">\n\t\t\t\t\t<div class=\"elementor-column elementor-col-100 elementor-top-column elementor-element elementor-element-a8db5ca\" data-id=\"a8db5ca\" data-element_type=\"column\" data-e-type=\"column\">\n\t\t\t<div class=\"elementor-widget-wrap elementor-element-populated\">\n\t\t\t\t\t\t<div class=\"elementor-element elementor-element-77bacae elementor-widget elementor-widget-text-editor\" data-id=\"77bacae\" data-element_type=\"widget\" data-e-type=\"widget\" data-widget_type=\"text-editor.default\">\n\t\t\t\t<div class=\"elementor-widget-container\">\n\t\t\t\t\t\t\t\t\t<p>La percepci\u00f3 de l&#8217;Opel Manta ha transitat des de ser objecte d&#8217;estereotips humor\u00edstics, x\u00e0fecs, acudits i reputaci\u00f3 de cotxe decadent a convertir-se en un cl\u00e0ssic venerat. Aquest canvi reflecteix una revaloraci\u00f3 cultural i una apreciaci\u00f3 renovada pel seu disseny i llegat hist\u00f2ric a la ind\u00fastria automotriu alemanya. Recordem que -estimat o injuriat-, gaireb\u00e9 un mili\u00f3 d&#8217;Opel Manta van sortir de les plantes de Bochum i R\u00fcsselsheim, a Alemanya i Anvers, a B\u00e8lgica.<\/p>\n\t\t\t\t\t\t\t\t<\/div>\n\t\t\t\t<\/div>\n\t\t\t\t\t<\/div>\n\t\t<\/div>\n\t\t\t\t\t<\/div>\n\t\t<\/section>\n\t\t\t\t<section data-particle_enable=\"false\" data-particle-mobile-disabled=\"false\" class=\"elementor-section elementor-top-section elementor-element elementor-element-d5c241d elementor-section-boxed elementor-section-height-default elementor-section-height-default\" data-id=\"d5c241d\" data-element_type=\"section\" data-e-type=\"section\">\n\t\t\t\t\t\t<div class=\"elementor-container elementor-column-gap-default\">\n\t\t\t\t\t<div class=\"elementor-column elementor-col-100 elementor-top-column elementor-element elementor-element-1beeca2\" data-id=\"1beeca2\" data-element_type=\"column\" data-e-type=\"column\">\n\t\t\t<div class=\"elementor-widget-wrap elementor-element-populated\">\n\t\t\t\t\t\t<div class=\"elementor-element elementor-element-0c5ea98 elementor-widget elementor-widget-text-editor\" data-id=\"0c5ea98\" data-element_type=\"widget\" data-e-type=\"widget\" data-widget_type=\"text-editor.default\">\n\t\t\t\t<div class=\"elementor-widget-container\">\n\t\t\t\t\t\t\t\t\t<p>Llarga vida a l&#8217;Opel Manta!<\/p>\n\t\t\t\t\t\t\t\t<\/div>\n\t\t\t\t<\/div>\n\t\t\t\t\t<\/div>\n\t\t<\/div>\n\t\t\t\t\t<\/div>\n\t\t<\/section>\n\t\t\t\t<section data-particle_enable=\"false\" data-particle-mobile-disabled=\"false\" class=\"elementor-section elementor-top-section elementor-element elementor-element-92a99b8 elementor-section-boxed elementor-section-height-default elementor-section-height-default\" data-id=\"92a99b8\" data-element_type=\"section\" data-e-type=\"section\">\n\t\t\t\t\t\t<div class=\"elementor-container elementor-column-gap-default\">\n\t\t\t\t\t<div class=\"elementor-column elementor-col-100 elementor-top-column elementor-element elementor-element-8a21f9a\" data-id=\"8a21f9a\" data-element_type=\"column\" data-e-type=\"column\">\n\t\t\t<div class=\"elementor-widget-wrap elementor-element-populated\">\n\t\t\t\t\t\t<div class=\"elementor-element elementor-element-353d172 elementor-widget elementor-widget-image\" data-id=\"353d172\" data-element_type=\"widget\" data-e-type=\"widget\" data-widget_type=\"image.default\">\n\t\t\t\t<div class=\"elementor-widget-container\">\n\t\t\t\t\t\t\t\t\t\t\t\t\t\t\t<img loading=\"lazy\" decoding=\"async\" width=\"1024\" height=\"248\" src=\"https:\/\/www.jgclassics.com\/wp-content\/uploads\/2025\/03\/20230513_110759-fotor-ai-art-effects-20250310183019-1024x248.jpg\" class=\"attachment-large size-large wp-image-21903\" alt=\"\" srcset=\"https:\/\/www.jgclassics.com\/wp-content\/uploads\/2025\/03\/20230513_110759-fotor-ai-art-effects-20250310183019-1024x248.jpg 1024w, https:\/\/www.jgclassics.com\/wp-content\/uploads\/2025\/03\/20230513_110759-fotor-ai-art-effects-20250310183019-300x73.jpg 300w, https:\/\/www.jgclassics.com\/wp-content\/uploads\/2025\/03\/20230513_110759-fotor-ai-art-effects-20250310183019-768x186.jpg 768w, https:\/\/www.jgclassics.com\/wp-content\/uploads\/2025\/03\/20230513_110759-fotor-ai-art-effects-20250310183019-1536x372.jpg 1536w, https:\/\/www.jgclassics.com\/wp-content\/uploads\/2025\/03\/20230513_110759-fotor-ai-art-effects-20250310183019-2048x496.jpg 2048w\" sizes=\"(max-width: 1024px) 100vw, 1024px\" \/>\t\t\t\t\t\t\t\t\t\t\t\t\t\t\t<\/div>\n\t\t\t\t<\/div>\n\t\t\t\t\t<\/div>\n\t\t<\/div>\n\t\t\t\t\t<\/div>\n\t\t<\/section>\n\t\t\t\t<\/div>\n\t\t","protected":false},"excerpt":{"rendered":"<p>Pocs cotxes cl\u00e0ssics han tingut un recorregut tan dur per arribar-hi com l&#8217;Opel Manta. Fabricat a Alemanya, i importat a Espanya va passar dues vegades per la &#8220;travessia del desert&#8221; de la injuriaci\u00f3 i l&#8217;anacronisme fins a arribar a ser considerat com a cl\u00e0ssic. T&#8217;explico aqu\u00ed la seva hist\u00f2ria.  <\/p>\n","protected":false},"author":1,"featured_media":14320,"comment_status":"closed","ping_status":"closed","sticky":false,"template":"elementor_header_footer","format":"standard","meta":{"_monsterinsights_skip_tracking":false,"_monsterinsights_sitenote_active":false,"_monsterinsights_sitenote_note":"","_monsterinsights_sitenote_category":0,"site-sidebar-layout":"default","site-content-layout":"","ast-site-content-layout":"default","site-content-style":"default","site-sidebar-style":"default","ast-global-header-display":"","ast-banner-title-visibility":"","ast-main-header-display":"","ast-hfb-above-header-display":"","ast-hfb-below-header-display":"","ast-hfb-mobile-header-display":"","site-post-title":"","ast-breadcrumbs-content":"","ast-featured-img":"","footer-sml-layout":"","ast-disable-related-posts":"","theme-transparent-header-meta":"","adv-header-id-meta":"","stick-header-meta":"","header-above-stick-meta":"","header-main-stick-meta":"","header-below-stick-meta":"","astra-migrate-meta-layouts":"set","ast-page-background-enabled":"default","ast-page-background-meta":{"desktop":{"background-color":"var(--ast-global-color-4)","background-image":"","background-repeat":"repeat","background-position":"center center","background-size":"auto","background-attachment":"scroll","background-type":"","background-media":"","overlay-type":"","overlay-color":"","overlay-opacity":"","overlay-gradient":""},"tablet":{"background-color":"","background-image":"","background-repeat":"repeat","background-position":"center center","background-size":"auto","background-attachment":"scroll","background-type":"","background-media":"","overlay-type":"","overlay-color":"","overlay-opacity":"","overlay-gradient":""},"mobile":{"background-color":"","background-image":"","background-repeat":"repeat","background-position":"center center","background-size":"auto","background-attachment":"scroll","background-type":"","background-media":"","overlay-type":"","overlay-color":"","overlay-opacity":"","overlay-gradient":""}},"ast-content-background-meta":{"desktop":{"background-color":"var(--ast-global-color-5)","background-image":"","background-repeat":"repeat","background-position":"center center","background-size":"auto","background-attachment":"scroll","background-type":"","background-media":"","overlay-type":"","overlay-color":"","overlay-opacity":"","overlay-gradient":""},"tablet":{"background-color":"var(--ast-global-color-5)","background-image":"","background-repeat":"repeat","background-position":"center center","background-size":"auto","background-attachment":"scroll","background-type":"","background-media":"","overlay-type":"","overlay-color":"","overlay-opacity":"","overlay-gradient":""},"mobile":{"background-color":"var(--ast-global-color-5)","background-image":"","background-repeat":"repeat","background-position":"center center","background-size":"auto","background-attachment":"scroll","background-type":"","background-media":"","overlay-type":"","overlay-color":"","overlay-opacity":"","overlay-gradient":""}},"footnotes":""},"categories":[495],"tags":[],"class_list":["post-21956","post","type-post","status-publish","format-standard","has-post-thumbnail","hentry","category-novetats"],"yoast_head":"<!-- This site is optimized with the Yoast SEO Premium plugin v27.4 (Yoast SEO v27.4) - https:\/\/yoast.com\/product\/yoast-seo-premium-wordpress\/ -->\n<title>L&#039;Opel Manta i el seu cam\u00ed dur fins a arribar a cl\u00e0ssic<\/title>\n<meta name=\"description\" content=\"Pocs cotxes cl\u00e0ssics han tingut un recorregut tan dur per arribar-hi com l&#039;Opel Manta. Fabricat a Alemanya, i importat a Espanya va passar dues vegades per la &quot;travessia del desert&quot; de la injuriaci\u00f3 i l&#039;anacronisme fins a arribar a ser considerat com a cl\u00e0ssic. T&#039;explico aqu\u00ed la seva hist\u00f2ria.\" \/>\n<meta name=\"robots\" content=\"index, follow, max-snippet:-1, max-image-preview:large, max-video-preview:-1\" \/>\n<link rel=\"canonical\" href=\"https:\/\/www.jgclassics.com\/ca\/2025\/03\/10\/opel-manta-la-seva-dura-carrera-fins-a-cotxe-classic\/\" \/>\n<meta property=\"og:locale\" content=\"ca_ES\" \/>\n<meta property=\"og:type\" content=\"article\" \/>\n<meta property=\"og:title\" content=\"Opel Manta: La seva dura carrera fins a cotxe cl\u00e0ssic\" \/>\n<meta property=\"og:description\" content=\"Pocs cotxes cl\u00e0ssics han tingut un recorregut tan dur per arribar-hi com l&#039;Opel Manta. Fabricat a Alemanya, i importat a Espanya va passar dues vegades per la &quot;travessia del desert&quot; de la injuriaci\u00f3 i l&#039;anacronisme fins a arribar a ser considerat com a cl\u00e0ssic. T&#039;explico aqu\u00ed la seva hist\u00f2ria.\" \/>\n<meta property=\"og:url\" content=\"https:\/\/www.jgclassics.com\/ca\/2025\/03\/10\/opel-manta-la-seva-dura-carrera-fins-a-cotxe-classic\/\" \/>\n<meta property=\"og:site_name\" content=\"JG Classics : L&#039;emoci\u00f3 de viatjar en el temps\" \/>\n<meta property=\"article:publisher\" content=\"https:\/\/www.facebook.com\/profile.php?id=100086454427345\" \/>\n<meta property=\"article:published_time\" content=\"2025-03-10T19:37:57+00:00\" \/>\n<meta property=\"article:modified_time\" content=\"2025-03-12T06:45:04+00:00\" \/>\n<meta property=\"og:image\" content=\"https:\/\/www.jgclassics.com\/wp-content\/uploads\/2023\/05\/20230513_111209-scaled.jpg\" \/>\n<meta name=\"author\" content=\"JG Classics Administrator\" \/>\n<meta name=\"twitter:card\" content=\"summary_large_image\" \/>\n<meta name=\"twitter:description\" content=\"Pocs cotxes cl\u00e0ssics han tingut un recorregut tan dur per arribar-hi com l&#039;Opel Manta. Fabricat a Alemanya, i importat a Espanya va passar dues vegades per la &quot;travessia del desert&quot; de la injuriaci\u00f3 i l&#039;anacronisme fins a arribar a ser considerat com a cl\u00e0ssic. T&#039;explico aqu\u00ed la seva hist\u00f2ria.\" \/>\n<meta name=\"twitter:label1\" content=\"Escrit per\" \/>\n\t<meta name=\"twitter:data1\" content=\"JG Classics Administrator\" \/>\n\t<meta name=\"twitter:label2\" content=\"Temps estimat de lectura\" \/>\n\t<meta name=\"twitter:data2\" content=\"1 minut\" \/>\n<script type=\"application\/ld+json\" class=\"yoast-schema-graph\">{\"@context\":\"https:\\\/\\\/schema.org\",\"@graph\":[{\"@type\":\"Article\",\"@id\":\"https:\\\/\\\/www.jgclassics.com\\\/ca\\\/2025\\\/03\\\/10\\\/opel-manta-la-seva-dura-carrera-fins-a-cotxe-classic\\\/#article\",\"isPartOf\":{\"@id\":\"https:\\\/\\\/www.jgclassics.com\\\/ca\\\/2025\\\/03\\\/10\\\/opel-manta-la-seva-dura-carrera-fins-a-cotxe-classic\\\/\"},\"author\":{\"name\":\"JG Classics Administrator\",\"@id\":\"https:\\\/\\\/www.jgclassics.com\\\/ca\\\/#\\\/schema\\\/person\\\/c90c7d27489a18da844c6085e5641f8d\"},\"headline\":\"Opel Manta: La seva dura carrera fins a cotxe cl\u00e0ssic\",\"datePublished\":\"2025-03-10T19:37:57+00:00\",\"dateModified\":\"2025-03-12T06:45:04+00:00\",\"mainEntityOfPage\":{\"@id\":\"https:\\\/\\\/www.jgclassics.com\\\/ca\\\/2025\\\/03\\\/10\\\/opel-manta-la-seva-dura-carrera-fins-a-cotxe-classic\\\/\"},\"wordCount\":6696,\"publisher\":{\"@id\":\"https:\\\/\\\/www.jgclassics.com\\\/ca\\\/#organization\"},\"image\":{\"@id\":\"https:\\\/\\\/www.jgclassics.com\\\/ca\\\/2025\\\/03\\\/10\\\/opel-manta-la-seva-dura-carrera-fins-a-cotxe-classic\\\/#primaryimage\"},\"thumbnailUrl\":\"https:\\\/\\\/www.jgclassics.com\\\/wp-content\\\/uploads\\\/2023\\\/05\\\/20230513_111353-scaled.jpg\",\"articleSection\":[\"Novetats\"],\"inLanguage\":\"ca\"},{\"@type\":\"WebPage\",\"@id\":\"https:\\\/\\\/www.jgclassics.com\\\/ca\\\/2025\\\/03\\\/10\\\/opel-manta-la-seva-dura-carrera-fins-a-cotxe-classic\\\/\",\"url\":\"https:\\\/\\\/www.jgclassics.com\\\/ca\\\/2025\\\/03\\\/10\\\/opel-manta-la-seva-dura-carrera-fins-a-cotxe-classic\\\/\",\"name\":\"L'Opel Manta i el seu cam\u00ed dur fins a arribar a cl\u00e0ssic\",\"isPartOf\":{\"@id\":\"https:\\\/\\\/www.jgclassics.com\\\/ca\\\/#website\"},\"primaryImageOfPage\":{\"@id\":\"https:\\\/\\\/www.jgclassics.com\\\/ca\\\/2025\\\/03\\\/10\\\/opel-manta-la-seva-dura-carrera-fins-a-cotxe-classic\\\/#primaryimage\"},\"image\":{\"@id\":\"https:\\\/\\\/www.jgclassics.com\\\/ca\\\/2025\\\/03\\\/10\\\/opel-manta-la-seva-dura-carrera-fins-a-cotxe-classic\\\/#primaryimage\"},\"thumbnailUrl\":\"https:\\\/\\\/www.jgclassics.com\\\/wp-content\\\/uploads\\\/2023\\\/05\\\/20230513_111353-scaled.jpg\",\"datePublished\":\"2025-03-10T19:37:57+00:00\",\"dateModified\":\"2025-03-12T06:45:04+00:00\",\"description\":\"Pocs cotxes cl\u00e0ssics han tingut un recorregut tan dur per arribar-hi com l'Opel Manta. Fabricat a Alemanya, i importat a Espanya va passar dues vegades per la \\\"travessia del desert\\\" de la injuriaci\u00f3 i l'anacronisme fins a arribar a ser considerat com a cl\u00e0ssic. T'explico aqu\u00ed la seva hist\u00f2ria.\",\"breadcrumb\":{\"@id\":\"https:\\\/\\\/www.jgclassics.com\\\/ca\\\/2025\\\/03\\\/10\\\/opel-manta-la-seva-dura-carrera-fins-a-cotxe-classic\\\/#breadcrumb\"},\"inLanguage\":\"ca\",\"potentialAction\":[{\"@type\":\"ReadAction\",\"target\":[\"https:\\\/\\\/www.jgclassics.com\\\/ca\\\/2025\\\/03\\\/10\\\/opel-manta-la-seva-dura-carrera-fins-a-cotxe-classic\\\/\"]}]},{\"@type\":\"ImageObject\",\"inLanguage\":\"ca\",\"@id\":\"https:\\\/\\\/www.jgclassics.com\\\/ca\\\/2025\\\/03\\\/10\\\/opel-manta-la-seva-dura-carrera-fins-a-cotxe-classic\\\/#primaryimage\",\"url\":\"https:\\\/\\\/www.jgclassics.com\\\/wp-content\\\/uploads\\\/2023\\\/05\\\/20230513_111353-scaled.jpg\",\"contentUrl\":\"https:\\\/\\\/www.jgclassics.com\\\/wp-content\\\/uploads\\\/2023\\\/05\\\/20230513_111353-scaled.jpg\",\"width\":2560,\"height\":1440,\"caption\":\"Opel Manta GTE. Disponible per a lloguer, fotos, filmacions, metratges.\"},{\"@type\":\"BreadcrumbList\",\"@id\":\"https:\\\/\\\/www.jgclassics.com\\\/ca\\\/2025\\\/03\\\/10\\\/opel-manta-la-seva-dura-carrera-fins-a-cotxe-classic\\\/#breadcrumb\",\"itemListElement\":[{\"@type\":\"ListItem\",\"position\":1,\"name\":\"Inicio\",\"item\":\"https:\\\/\\\/www.jgclassics.com\\\/ca\\\/jg-classics-cotxes-classics-i-historics-per-viatjar-en-el-temps\\\/\"},{\"@type\":\"ListItem\",\"position\":2,\"name\":\"Opel Manta: La seva dura carrera fins a cotxe cl\u00e0ssic\"}]},{\"@type\":\"WebSite\",\"@id\":\"https:\\\/\\\/www.jgclassics.com\\\/ca\\\/#website\",\"url\":\"https:\\\/\\\/www.jgclassics.com\\\/ca\\\/\",\"name\":\"JG Classics : L'emoci\u00f3 de viatjar en el temps\",\"description\":\"Cotxes cl\u00e0ssics, autom\u00f2bils hist\u00f2rics: Lloguer, suport a restauracions, info t\u00e8cnica i compra de material\",\"publisher\":{\"@id\":\"https:\\\/\\\/www.jgclassics.com\\\/ca\\\/#organization\"},\"alternateName\":\"JG Classics - Coches cl\u00e1sicos e hist\u00f3ricos - Alquiler, blogs, informaci\u00f3n, art\u00edculos\",\"potentialAction\":[{\"@type\":\"SearchAction\",\"target\":{\"@type\":\"EntryPoint\",\"urlTemplate\":\"https:\\\/\\\/www.jgclassics.com\\\/ca\\\/?s={search_term_string}\"},\"query-input\":{\"@type\":\"PropertyValueSpecification\",\"valueRequired\":true,\"valueName\":\"search_term_string\"}}],\"inLanguage\":\"ca\"},{\"@type\":\"Organization\",\"@id\":\"https:\\\/\\\/www.jgclassics.com\\\/ca\\\/#organization\",\"name\":\"JG Classics : L'emoci\u00f3 de viatjar en el temps\",\"alternateName\":\"JG Classics\",\"url\":\"https:\\\/\\\/www.jgclassics.com\\\/ca\\\/\",\"logo\":{\"@type\":\"ImageObject\",\"inLanguage\":\"ca\",\"@id\":\"https:\\\/\\\/www.jgclassics.com\\\/ca\\\/#\\\/schema\\\/logo\\\/image\\\/\",\"url\":\"https:\\\/\\\/www.jgclassics.com\\\/wp-content\\\/uploads\\\/2022\\\/10\\\/Color-logo-with-background.svg\",\"contentUrl\":\"https:\\\/\\\/www.jgclassics.com\\\/wp-content\\\/uploads\\\/2022\\\/10\\\/Color-logo-with-background.svg\",\"width\":3171,\"height\":2303,\"caption\":\"JG Classics : L'emoci\u00f3 de viatjar en el temps\"},\"image\":{\"@id\":\"https:\\\/\\\/www.jgclassics.com\\\/ca\\\/#\\\/schema\\\/logo\\\/image\\\/\"},\"sameAs\":[\"https:\\\/\\\/www.facebook.com\\\/profile.php?id=100086454427345\"]},{\"@type\":\"Person\",\"@id\":\"https:\\\/\\\/www.jgclassics.com\\\/ca\\\/#\\\/schema\\\/person\\\/c90c7d27489a18da844c6085e5641f8d\",\"name\":\"JG Classics Administrator\",\"image\":{\"@type\":\"ImageObject\",\"inLanguage\":\"ca\",\"@id\":\"https:\\\/\\\/secure.gravatar.com\\\/avatar\\\/ededfcc22765048d597870dfa6024bcb30f5c6fa35cd8cf28a5f1ac6e0067a31?s=96&d=mm&r=g\",\"url\":\"https:\\\/\\\/secure.gravatar.com\\\/avatar\\\/ededfcc22765048d597870dfa6024bcb30f5c6fa35cd8cf28a5f1ac6e0067a31?s=96&d=mm&r=g\",\"contentUrl\":\"https:\\\/\\\/secure.gravatar.com\\\/avatar\\\/ededfcc22765048d597870dfa6024bcb30f5c6fa35cd8cf28a5f1ac6e0067a31?s=96&d=mm&r=g\",\"caption\":\"JG Classics Administrator\"},\"sameAs\":[\"https:\\\/\\\/www.jgclassics.com\"],\"url\":\"https:\\\/\\\/www.jgclassics.com\\\/ca\\\/author\\\/jgclassics_hikp0z\\\/\"}]}<\/script>\n<!-- \/ Yoast SEO Premium plugin. -->","yoast_head_json":{"title":"L'Opel Manta i el seu cam\u00ed dur fins a arribar a cl\u00e0ssic","description":"Pocs cotxes cl\u00e0ssics han tingut un recorregut tan dur per arribar-hi com l'Opel Manta. Fabricat a Alemanya, i importat a Espanya va passar dues vegades per la \"travessia del desert\" de la injuriaci\u00f3 i l'anacronisme fins a arribar a ser considerat com a cl\u00e0ssic. T'explico aqu\u00ed la seva hist\u00f2ria.","robots":{"index":"index","follow":"follow","max-snippet":"max-snippet:-1","max-image-preview":"max-image-preview:large","max-video-preview":"max-video-preview:-1"},"canonical":"https:\/\/www.jgclassics.com\/ca\/2025\/03\/10\/opel-manta-la-seva-dura-carrera-fins-a-cotxe-classic\/","og_locale":"ca_ES","og_type":"article","og_title":"Opel Manta: La seva dura carrera fins a cotxe cl\u00e0ssic","og_description":"Pocs cotxes cl\u00e0ssics han tingut un recorregut tan dur per arribar-hi com l'Opel Manta. Fabricat a Alemanya, i importat a Espanya va passar dues vegades per la \"travessia del desert\" de la injuriaci\u00f3 i l'anacronisme fins a arribar a ser considerat com a cl\u00e0ssic. T'explico aqu\u00ed la seva hist\u00f2ria.","og_url":"https:\/\/www.jgclassics.com\/ca\/2025\/03\/10\/opel-manta-la-seva-dura-carrera-fins-a-cotxe-classic\/","og_site_name":"JG Classics : L'emoci\u00f3 de viatjar en el temps","article_publisher":"https:\/\/www.facebook.com\/profile.php?id=100086454427345","article_published_time":"2025-03-10T19:37:57+00:00","article_modified_time":"2025-03-12T06:45:04+00:00","og_image":[{"url":"https:\/\/www.jgclassics.com\/wp-content\/uploads\/2023\/05\/20230513_111209-scaled.jpg","type":"","width":"","height":""}],"author":"JG Classics Administrator","twitter_card":"summary_large_image","twitter_description":"Pocs cotxes cl\u00e0ssics han tingut un recorregut tan dur per arribar-hi com l'Opel Manta. Fabricat a Alemanya, i importat a Espanya va passar dues vegades per la \"travessia del desert\" de la injuriaci\u00f3 i l'anacronisme fins a arribar a ser considerat com a cl\u00e0ssic. T'explico aqu\u00ed la seva hist\u00f2ria.","twitter_misc":{"Escrit per":"JG Classics Administrator","Temps estimat de lectura":"1 minut"},"schema":{"@context":"https:\/\/schema.org","@graph":[{"@type":"Article","@id":"https:\/\/www.jgclassics.com\/ca\/2025\/03\/10\/opel-manta-la-seva-dura-carrera-fins-a-cotxe-classic\/#article","isPartOf":{"@id":"https:\/\/www.jgclassics.com\/ca\/2025\/03\/10\/opel-manta-la-seva-dura-carrera-fins-a-cotxe-classic\/"},"author":{"name":"JG Classics Administrator","@id":"https:\/\/www.jgclassics.com\/ca\/#\/schema\/person\/c90c7d27489a18da844c6085e5641f8d"},"headline":"Opel Manta: La seva dura carrera fins a cotxe cl\u00e0ssic","datePublished":"2025-03-10T19:37:57+00:00","dateModified":"2025-03-12T06:45:04+00:00","mainEntityOfPage":{"@id":"https:\/\/www.jgclassics.com\/ca\/2025\/03\/10\/opel-manta-la-seva-dura-carrera-fins-a-cotxe-classic\/"},"wordCount":6696,"publisher":{"@id":"https:\/\/www.jgclassics.com\/ca\/#organization"},"image":{"@id":"https:\/\/www.jgclassics.com\/ca\/2025\/03\/10\/opel-manta-la-seva-dura-carrera-fins-a-cotxe-classic\/#primaryimage"},"thumbnailUrl":"https:\/\/www.jgclassics.com\/wp-content\/uploads\/2023\/05\/20230513_111353-scaled.jpg","articleSection":["Novetats"],"inLanguage":"ca"},{"@type":"WebPage","@id":"https:\/\/www.jgclassics.com\/ca\/2025\/03\/10\/opel-manta-la-seva-dura-carrera-fins-a-cotxe-classic\/","url":"https:\/\/www.jgclassics.com\/ca\/2025\/03\/10\/opel-manta-la-seva-dura-carrera-fins-a-cotxe-classic\/","name":"L'Opel Manta i el seu cam\u00ed dur fins a arribar a cl\u00e0ssic","isPartOf":{"@id":"https:\/\/www.jgclassics.com\/ca\/#website"},"primaryImageOfPage":{"@id":"https:\/\/www.jgclassics.com\/ca\/2025\/03\/10\/opel-manta-la-seva-dura-carrera-fins-a-cotxe-classic\/#primaryimage"},"image":{"@id":"https:\/\/www.jgclassics.com\/ca\/2025\/03\/10\/opel-manta-la-seva-dura-carrera-fins-a-cotxe-classic\/#primaryimage"},"thumbnailUrl":"https:\/\/www.jgclassics.com\/wp-content\/uploads\/2023\/05\/20230513_111353-scaled.jpg","datePublished":"2025-03-10T19:37:57+00:00","dateModified":"2025-03-12T06:45:04+00:00","description":"Pocs cotxes cl\u00e0ssics han tingut un recorregut tan dur per arribar-hi com l'Opel Manta. Fabricat a Alemanya, i importat a Espanya va passar dues vegades per la \"travessia del desert\" de la injuriaci\u00f3 i l'anacronisme fins a arribar a ser considerat com a cl\u00e0ssic. T'explico aqu\u00ed la seva hist\u00f2ria.","breadcrumb":{"@id":"https:\/\/www.jgclassics.com\/ca\/2025\/03\/10\/opel-manta-la-seva-dura-carrera-fins-a-cotxe-classic\/#breadcrumb"},"inLanguage":"ca","potentialAction":[{"@type":"ReadAction","target":["https:\/\/www.jgclassics.com\/ca\/2025\/03\/10\/opel-manta-la-seva-dura-carrera-fins-a-cotxe-classic\/"]}]},{"@type":"ImageObject","inLanguage":"ca","@id":"https:\/\/www.jgclassics.com\/ca\/2025\/03\/10\/opel-manta-la-seva-dura-carrera-fins-a-cotxe-classic\/#primaryimage","url":"https:\/\/www.jgclassics.com\/wp-content\/uploads\/2023\/05\/20230513_111353-scaled.jpg","contentUrl":"https:\/\/www.jgclassics.com\/wp-content\/uploads\/2023\/05\/20230513_111353-scaled.jpg","width":2560,"height":1440,"caption":"Opel Manta GTE. Disponible per a lloguer, fotos, filmacions, metratges."},{"@type":"BreadcrumbList","@id":"https:\/\/www.jgclassics.com\/ca\/2025\/03\/10\/opel-manta-la-seva-dura-carrera-fins-a-cotxe-classic\/#breadcrumb","itemListElement":[{"@type":"ListItem","position":1,"name":"Inicio","item":"https:\/\/www.jgclassics.com\/ca\/jg-classics-cotxes-classics-i-historics-per-viatjar-en-el-temps\/"},{"@type":"ListItem","position":2,"name":"Opel Manta: La seva dura carrera fins a cotxe cl\u00e0ssic"}]},{"@type":"WebSite","@id":"https:\/\/www.jgclassics.com\/ca\/#website","url":"https:\/\/www.jgclassics.com\/ca\/","name":"JG Classics : L'emoci\u00f3 de viatjar en el temps","description":"Cotxes cl\u00e0ssics, autom\u00f2bils hist\u00f2rics: Lloguer, suport a restauracions, info t\u00e8cnica i compra de material","publisher":{"@id":"https:\/\/www.jgclassics.com\/ca\/#organization"},"alternateName":"JG Classics - Coches cl\u00e1sicos e hist\u00f3ricos - Alquiler, blogs, informaci\u00f3n, art\u00edculos","potentialAction":[{"@type":"SearchAction","target":{"@type":"EntryPoint","urlTemplate":"https:\/\/www.jgclassics.com\/ca\/?s={search_term_string}"},"query-input":{"@type":"PropertyValueSpecification","valueRequired":true,"valueName":"search_term_string"}}],"inLanguage":"ca"},{"@type":"Organization","@id":"https:\/\/www.jgclassics.com\/ca\/#organization","name":"JG Classics : L'emoci\u00f3 de viatjar en el temps","alternateName":"JG Classics","url":"https:\/\/www.jgclassics.com\/ca\/","logo":{"@type":"ImageObject","inLanguage":"ca","@id":"https:\/\/www.jgclassics.com\/ca\/#\/schema\/logo\/image\/","url":"https:\/\/www.jgclassics.com\/wp-content\/uploads\/2022\/10\/Color-logo-with-background.svg","contentUrl":"https:\/\/www.jgclassics.com\/wp-content\/uploads\/2022\/10\/Color-logo-with-background.svg","width":3171,"height":2303,"caption":"JG Classics : L'emoci\u00f3 de viatjar en el temps"},"image":{"@id":"https:\/\/www.jgclassics.com\/ca\/#\/schema\/logo\/image\/"},"sameAs":["https:\/\/www.facebook.com\/profile.php?id=100086454427345"]},{"@type":"Person","@id":"https:\/\/www.jgclassics.com\/ca\/#\/schema\/person\/c90c7d27489a18da844c6085e5641f8d","name":"JG Classics Administrator","image":{"@type":"ImageObject","inLanguage":"ca","@id":"https:\/\/secure.gravatar.com\/avatar\/ededfcc22765048d597870dfa6024bcb30f5c6fa35cd8cf28a5f1ac6e0067a31?s=96&d=mm&r=g","url":"https:\/\/secure.gravatar.com\/avatar\/ededfcc22765048d597870dfa6024bcb30f5c6fa35cd8cf28a5f1ac6e0067a31?s=96&d=mm&r=g","contentUrl":"https:\/\/secure.gravatar.com\/avatar\/ededfcc22765048d597870dfa6024bcb30f5c6fa35cd8cf28a5f1ac6e0067a31?s=96&d=mm&r=g","caption":"JG Classics Administrator"},"sameAs":["https:\/\/www.jgclassics.com"],"url":"https:\/\/www.jgclassics.com\/ca\/author\/jgclassics_hikp0z\/"}]}},"_links":{"self":[{"href":"https:\/\/www.jgclassics.com\/ca\/wp-json\/wp\/v2\/posts\/21956","targetHints":{"allow":["GET"]}}],"collection":[{"href":"https:\/\/www.jgclassics.com\/ca\/wp-json\/wp\/v2\/posts"}],"about":[{"href":"https:\/\/www.jgclassics.com\/ca\/wp-json\/wp\/v2\/types\/post"}],"author":[{"embeddable":true,"href":"https:\/\/www.jgclassics.com\/ca\/wp-json\/wp\/v2\/users\/1"}],"replies":[{"embeddable":true,"href":"https:\/\/www.jgclassics.com\/ca\/wp-json\/wp\/v2\/comments?post=21956"}],"version-history":[{"count":5,"href":"https:\/\/www.jgclassics.com\/ca\/wp-json\/wp\/v2\/posts\/21956\/revisions"}],"predecessor-version":[{"id":22008,"href":"https:\/\/www.jgclassics.com\/ca\/wp-json\/wp\/v2\/posts\/21956\/revisions\/22008"}],"wp:featuredmedia":[{"embeddable":true,"href":"https:\/\/www.jgclassics.com\/ca\/wp-json\/wp\/v2\/media\/14320"}],"wp:attachment":[{"href":"https:\/\/www.jgclassics.com\/ca\/wp-json\/wp\/v2\/media?parent=21956"}],"wp:term":[{"taxonomy":"category","embeddable":true,"href":"https:\/\/www.jgclassics.com\/ca\/wp-json\/wp\/v2\/categories?post=21956"},{"taxonomy":"post_tag","embeddable":true,"href":"https:\/\/www.jgclassics.com\/ca\/wp-json\/wp\/v2\/tags?post=21956"}],"curies":[{"name":"wp","href":"https:\/\/api.w.org\/{rel}","templated":true}]}}