{"id":18494,"date":"2023-09-26T01:24:00","date_gmt":"2023-09-25T23:24:00","guid":{"rendered":"https:\/\/www.jgclassics.com\/2023\/09\/26\/les-voitures-de-collection-au-rendez-vous-de-montmelo-2023-la-chronique\/"},"modified":"2023-09-26T12:19:03","modified_gmt":"2023-09-26T10:19:03","slug":"les-voitures-de-collection-au-rendez-vous-de-montmelo-2023-la-chronique","status":"publish","type":"post","link":"https:\/\/www.jgclassics.com\/fr\/2023\/09\/26\/les-voitures-de-collection-au-rendez-vous-de-montmelo-2023-la-chronique\/","title":{"rendered":"Les voitures de collection au rendez-vous de Montmel\u00f3 2023 &#8211; La chronique"},"content":{"rendered":"\t\t<div data-elementor-type=\"wp-post\" data-elementor-id=\"18494\" class=\"elementor elementor-18494 elementor-18127\" data-elementor-post-type=\"post\">\n\t\t\t\t\t\t<section data-particle_enable=\"false\" data-particle-mobile-disabled=\"false\" class=\"elementor-section elementor-top-section elementor-element elementor-element-5753eadc elementor-section-boxed elementor-section-height-default elementor-section-height-default\" data-id=\"5753eadc\" data-element_type=\"section\" data-e-type=\"section\">\n\t\t\t\t\t\t<div class=\"elementor-container elementor-column-gap-default\">\n\t\t\t\t\t<div class=\"elementor-column elementor-col-100 elementor-top-column elementor-element elementor-element-7bf7cc12\" data-id=\"7bf7cc12\" data-element_type=\"column\" data-e-type=\"column\">\n\t\t\t<div class=\"elementor-widget-wrap elementor-element-populated\">\n\t\t\t\t\t\t<div class=\"elementor-element elementor-element-5e1bd317 elementor-widget elementor-widget-wpml-language-switcher\" data-id=\"5e1bd317\" data-element_type=\"widget\" data-e-type=\"widget\" data-widget_type=\"wpml-language-switcher.default\">\n\t\t\t\t<div class=\"elementor-widget-container\">\n\t\t\t\t\t<div class=\"wpml-elementor-ls\">\n<div role=\"navigation\" aria-label=\"S\u00e9lecteur de langue\" class=\"wpml-ls-statics-shortcode_actions wpml-ls wpml-ls-legacy-list-horizontal\">\n\t<ul><li class=\"wpml-ls-slot-shortcode_actions wpml-ls-item wpml-ls-item-es wpml-ls-first-item wpml-ls-item-legacy-list-horizontal\">\n\t\t\t\t<a href=\"https:\/\/www.jgclassics.com\/\" hreflang=\"es\" lang=\"es\" class=\"wpml-ls-link\" aria-label=\"Passer \u00e0 Espagnol (Espa\u00f1ol)\" title=\"Passer \u00e0 Espagnol (Espa\u00f1ol)\">\n\t\t\t\t\t                                    <img decoding=\"async\"\n            class=\"wpml-ls-flag\"\n            src=\"https:\/\/www.jgclassics.com\/wp-content\/plugins\/sitepress-multilingual-cms\/res\/flags\/es.svg\"\n            alt=\"\"\n            loading=\"lazy\"\n            width=18\n            height=12\n    \/><span class=\"wpml-ls-native\">Espa\u00f1ol<\/span><span class=\"wpml-ls-display\"><span class=\"wpml-ls-bracket\"> (<\/span>Espagnol<span class=\"wpml-ls-bracket\">)<\/span><\/span><\/a>\n\t\t\t<\/li><li class=\"wpml-ls-slot-shortcode_actions wpml-ls-item wpml-ls-item-ca wpml-ls-item-legacy-list-horizontal\">\n\t\t\t\t<a href=\"https:\/\/www.jgclassics.com\/ca\/\" hreflang=\"ca\" lang=\"ca\" class=\"wpml-ls-link\" aria-label=\"Passer \u00e0 Catalan (Catal\u00e0)\" title=\"Passer \u00e0 Catalan (Catal\u00e0)\">\n\t\t\t\t\t                                    <img decoding=\"async\"\n            class=\"wpml-ls-flag\"\n            src=\"https:\/\/www.jgclassics.com\/wp-content\/plugins\/sitepress-multilingual-cms\/res\/flags\/ca.svg\"\n            alt=\"\"\n            loading=\"lazy\"\n            width=18\n            height=12\n    \/><span class=\"wpml-ls-native\">Catal\u00e0<\/span><span class=\"wpml-ls-display\"><span class=\"wpml-ls-bracket\"> (<\/span>Catalan<span class=\"wpml-ls-bracket\">)<\/span><\/span><\/a>\n\t\t\t<\/li><li class=\"wpml-ls-slot-shortcode_actions wpml-ls-item wpml-ls-item-en wpml-ls-item-legacy-list-horizontal\">\n\t\t\t\t<a href=\"https:\/\/www.jgclassics.com\/en\/\" hreflang=\"en\" lang=\"en\" class=\"wpml-ls-link\" aria-label=\"Passer \u00e0 Anglais (English)\" title=\"Passer \u00e0 Anglais (English)\">\n\t\t\t\t\t                                    <img decoding=\"async\"\n            class=\"wpml-ls-flag\"\n            src=\"https:\/\/www.jgclassics.com\/wp-content\/plugins\/sitepress-multilingual-cms\/res\/flags\/en.svg\"\n            alt=\"\"\n            loading=\"lazy\"\n            width=18\n            height=12\n    \/><span class=\"wpml-ls-native\">English<\/span><span class=\"wpml-ls-display\"><span class=\"wpml-ls-bracket\"> (<\/span>Anglais<span class=\"wpml-ls-bracket\">)<\/span><\/span><\/a>\n\t\t\t<\/li><li class=\"wpml-ls-slot-shortcode_actions wpml-ls-item wpml-ls-item-fr wpml-ls-current-language wpml-ls-last-item wpml-ls-item-legacy-list-horizontal\">\n\t\t\t\t<a href=\"https:\/\/www.jgclassics.com\/fr\/\" hreflang=\"fr\" lang=\"fr\" class=\"wpml-ls-link\" aria-current=\"page\" aria-label=\"Passer \u00e0 Fran\u00e7ais (Fran\u00e7ais)\" title=\"Passer \u00e0 Fran\u00e7ais (Fran\u00e7ais)\">\n\t\t\t\t\t                                    <img decoding=\"async\"\n            class=\"wpml-ls-flag\"\n            src=\"https:\/\/www.jgclassics.com\/wp-content\/plugins\/sitepress-multilingual-cms\/res\/flags\/fr.svg\"\n            alt=\"\"\n            loading=\"lazy\"\n            width=18\n            height=12\n    \/><span class=\"wpml-ls-native\">Fran\u00e7ais<\/span><\/a>\n\t\t\t<\/li><\/ul>\n<\/div>\n<\/div>\t\t\t\t<\/div>\n\t\t\t\t<\/div>\n\t\t\t\t\t<\/div>\n\t\t<\/div>\n\t\t\t\t\t<\/div>\n\t\t<\/section>\n\t\t\t\t<section data-particle_enable=\"false\" data-particle-mobile-disabled=\"false\" class=\"elementor-section elementor-top-section elementor-element elementor-element-623d7706 elementor-section-boxed elementor-section-height-default elementor-section-height-default\" data-id=\"623d7706\" data-element_type=\"section\" data-e-type=\"section\">\n\t\t\t\t\t\t<div class=\"elementor-container elementor-column-gap-default\">\n\t\t\t\t\t<div class=\"elementor-column elementor-col-50 elementor-top-column elementor-element elementor-element-b0be77e\" data-id=\"b0be77e\" data-element_type=\"column\" data-e-type=\"column\">\n\t\t\t<div class=\"elementor-widget-wrap\">\n\t\t\t\t\t\t\t<\/div>\n\t\t<\/div>\n\t\t\t\t<div class=\"elementor-column elementor-col-50 elementor-top-column elementor-element elementor-element-68fd80a1\" data-id=\"68fd80a1\" data-element_type=\"column\" data-e-type=\"column\">\n\t\t\t<div class=\"elementor-widget-wrap elementor-element-populated\">\n\t\t\t\t\t\t<div class=\"elementor-element elementor-element-46663c2a elementor-share-buttons--view-icon elementor-share-buttons--skin-gradient elementor-share-buttons--shape-square elementor-grid-0 elementor-share-buttons--color-official elementor-widget elementor-widget-share-buttons\" data-id=\"46663c2a\" data-element_type=\"widget\" data-e-type=\"widget\" data-widget_type=\"share-buttons.default\">\n\t\t\t\t<div class=\"elementor-widget-container\">\n\t\t\t\t\t\t\t<div class=\"elementor-grid\" role=\"list\">\n\t\t\t\t\t\t\t\t<div class=\"elementor-grid-item\" role=\"listitem\">\n\t\t\t\t\t\t<div class=\"elementor-share-btn elementor-share-btn_facebook\" role=\"button\" tabindex=\"0\" aria-label=\"Partager sur facebook\">\n\t\t\t\t\t\t\t\t\t\t\t\t\t\t\t<span class=\"elementor-share-btn__icon\">\n\t\t\t\t\t\t\t\t<i class=\"fab fa-facebook\" aria-hidden=\"true\"><\/i>\t\t\t\t\t\t\t<\/span>\n\t\t\t\t\t\t\t\t\t\t\t\t\t\t\t\t\t\t\t\t<\/div>\n\t\t\t\t\t<\/div>\n\t\t\t\t\t\t\t\t\t<div class=\"elementor-grid-item\" role=\"listitem\">\n\t\t\t\t\t\t<div class=\"elementor-share-btn elementor-share-btn_whatsapp\" role=\"button\" tabindex=\"0\" aria-label=\"Partager sur whatsapp\">\n\t\t\t\t\t\t\t\t\t\t\t\t\t\t\t<span class=\"elementor-share-btn__icon\">\n\t\t\t\t\t\t\t\t<i class=\"fab fa-whatsapp\" aria-hidden=\"true\"><\/i>\t\t\t\t\t\t\t<\/span>\n\t\t\t\t\t\t\t\t\t\t\t\t\t\t\t\t\t\t\t\t<\/div>\n\t\t\t\t\t<\/div>\n\t\t\t\t\t\t\t\t\t<div class=\"elementor-grid-item\" role=\"listitem\">\n\t\t\t\t\t\t<div class=\"elementor-share-btn elementor-share-btn_email\" role=\"button\" tabindex=\"0\" aria-label=\"Partager sur email\">\n\t\t\t\t\t\t\t\t\t\t\t\t\t\t\t<span class=\"elementor-share-btn__icon\">\n\t\t\t\t\t\t\t\t<i class=\"fas fa-envelope\" aria-hidden=\"true\"><\/i>\t\t\t\t\t\t\t<\/span>\n\t\t\t\t\t\t\t\t\t\t\t\t\t\t\t\t\t\t\t\t<\/div>\n\t\t\t\t\t<\/div>\n\t\t\t\t\t\t\t\t\t<div class=\"elementor-grid-item\" role=\"listitem\">\n\t\t\t\t\t\t<div class=\"elementor-share-btn elementor-share-btn_pinterest\" role=\"button\" tabindex=\"0\" aria-label=\"Partager sur pinterest\">\n\t\t\t\t\t\t\t\t\t\t\t\t\t\t\t<span class=\"elementor-share-btn__icon\">\n\t\t\t\t\t\t\t\t<i class=\"fab fa-pinterest\" aria-hidden=\"true\"><\/i>\t\t\t\t\t\t\t<\/span>\n\t\t\t\t\t\t\t\t\t\t\t\t\t\t\t\t\t\t\t\t<\/div>\n\t\t\t\t\t<\/div>\n\t\t\t\t\t\t<\/div>\n\t\t\t\t\t\t<\/div>\n\t\t\t\t<\/div>\n\t\t\t\t\t<\/div>\n\t\t<\/div>\n\t\t\t\t\t<\/div>\n\t\t<\/section>\n\t\t\t\t<section data-particle_enable=\"false\" data-particle-mobile-disabled=\"false\" class=\"elementor-section elementor-top-section elementor-element elementor-element-138c4407 elementor-section-full_width elementor-section-height-min-height elementor-section-stretched elementor-section-height-default elementor-section-items-middle\" data-id=\"138c4407\" data-element_type=\"section\" data-e-type=\"section\" data-settings=\"{&quot;stretch_section&quot;:&quot;section-stretched&quot;}\">\n\t\t\t\t\t\t<div class=\"elementor-container elementor-column-gap-no\">\n\t\t\t\t\t<div class=\"elementor-column elementor-col-100 elementor-top-column elementor-element elementor-element-3bd6d333\" data-id=\"3bd6d333\" data-element_type=\"column\" data-e-type=\"column\">\n\t\t\t<div class=\"elementor-widget-wrap elementor-element-populated\">\n\t\t\t\t\t\t<div class=\"elementor-element elementor-element-7ad34c86 elementor-invisible elementor-widget elementor-widget-image\" data-id=\"7ad34c86\" data-element_type=\"widget\" data-e-type=\"widget\" data-settings=\"{&quot;_animation&quot;:&quot;fadeInUp&quot;}\" data-widget_type=\"image.default\">\n\t\t\t\t<div class=\"elementor-widget-container\">\n\t\t\t\t\t\t\t\t\t\t\t\t\t\t\t<img fetchpriority=\"high\" decoding=\"async\" width=\"768\" height=\"400\" src=\"https:\/\/www.jgclassics.com\/wp-content\/uploads\/2023\/09\/20230924_151454-scaled.jpg\" class=\"attachment-medium_large size-medium_large wp-image-18131\" alt=\"10\u00e8me rencontre de voitures de collection Montmel\u00f3 2023\" srcset=\"https:\/\/www.jgclassics.com\/wp-content\/uploads\/2023\/09\/20230924_151454-scaled.jpg 2560w, https:\/\/www.jgclassics.com\/wp-content\/uploads\/2023\/09\/20230924_151454-300x156.jpg 300w\" sizes=\"(max-width: 768px) 100vw, 768px\" \/>\t\t\t\t\t\t\t\t\t\t\t\t\t\t\t<\/div>\n\t\t\t\t<\/div>\n\t\t\t\t<div class=\"elementor-element elementor-element-6882606a elementor-widget__width-inherit elementor-invisible elementor-widget elementor-widget-heading\" data-id=\"6882606a\" data-element_type=\"widget\" data-e-type=\"widget\" data-settings=\"{&quot;_animation&quot;:&quot;fadeInDown&quot;}\" data-widget_type=\"heading.default\">\n\t\t\t\t<div class=\"elementor-widget-container\">\n\t\t\t\t\t<h1 class=\"elementor-heading-title elementor-size-default\">R\u00e9union de voitures de collection \u00e0 Montmel\u00f3 24 septembre 2023<\/h1>\t\t\t\t<\/div>\n\t\t\t\t<\/div>\n\t\t\t\t<div class=\"elementor-element elementor-element-7bdc868 elementor-invisible elementor-widget elementor-widget-heading\" data-id=\"7bdc868\" data-element_type=\"widget\" data-e-type=\"widget\" data-settings=\"{&quot;_animation&quot;:&quot;fadeInDown&quot;}\" data-widget_type=\"heading.default\">\n\t\t\t\t<div class=\"elementor-widget-container\">\n\t\t\t\t\t<h2 class=\"elementor-heading-title elementor-size-default\">La chronique. Reportage<\/h2>\t\t\t\t<\/div>\n\t\t\t\t<\/div>\n\t\t\t\t<div class=\"elementor-element elementor-element-4f6bcab6 elementor-widget elementor-widget-post-info\" data-id=\"4f6bcab6\" data-element_type=\"widget\" data-e-type=\"widget\" data-widget_type=\"post-info.default\">\n\t\t\t\t<div class=\"elementor-widget-container\">\n\t\t\t\t\t\t\t<ul class=\"elementor-inline-items elementor-icon-list-items elementor-post-info\">\n\t\t\t\t\t\t\t\t<li class=\"elementor-icon-list-item elementor-repeater-item-6869cb2 elementor-inline-item\" itemprop=\"author\">\n\t\t\t\t\t\t<a href=\"https:\/\/www.jgclassics.com\/fr\/author\/jgclassics_hikp0z\/\">\n\t\t\t\t\t\t\t\t\t\t\t<span class=\"elementor-icon-list-icon\">\n\t\t\t\t\t\t\t\t<i aria-hidden=\"true\" class=\"far fa-user-circle\"><\/i>\t\t\t\t\t\t\t<\/span>\n\t\t\t\t\t\t\t\t\t<span class=\"elementor-icon-list-text elementor-post-info__item elementor-post-info__item--type-author\">\n\t\t\t\t\t\t\t\t\t\tJG Classics Administrator\t\t\t\t\t<\/span>\n\t\t\t\t\t\t\t\t\t<\/a>\n\t\t\t\t<\/li>\n\t\t\t\t<li class=\"elementor-icon-list-item elementor-repeater-item-a911f47 elementor-inline-item\" itemprop=\"datePublished\">\n\t\t\t\t\t\t<a href=\"https:\/\/www.jgclassics.com\/fr\/2023\/09\/26\/\">\n\t\t\t\t\t\t\t\t\t\t\t<span class=\"elementor-icon-list-icon\">\n\t\t\t\t\t\t\t\t<i aria-hidden=\"true\" class=\"fas fa-calendar\"><\/i>\t\t\t\t\t\t\t<\/span>\n\t\t\t\t\t\t\t\t\t<span class=\"elementor-icon-list-text elementor-post-info__item elementor-post-info__item--type-date\">\n\t\t\t\t\t\t\t\t\t\t<time>septembre 26, 2023<\/time>\t\t\t\t\t<\/span>\n\t\t\t\t\t\t\t\t\t<\/a>\n\t\t\t\t<\/li>\n\t\t\t\t<li class=\"elementor-icon-list-item elementor-repeater-item-5aa2e53 elementor-inline-item\">\n\t\t\t\t\t\t\t\t\t\t<span class=\"elementor-icon-list-icon\">\n\t\t\t\t\t\t\t\t<i aria-hidden=\"true\" class=\"far fa-clock\"><\/i>\t\t\t\t\t\t\t<\/span>\n\t\t\t\t\t\t\t\t\t<span class=\"elementor-icon-list-text elementor-post-info__item elementor-post-info__item--type-time\">\n\t\t\t\t\t\t\t\t\t\t<time>1:24 am<\/time>\t\t\t\t\t<\/span>\n\t\t\t\t\t\t\t\t<\/li>\n\t\t\t\t<li class=\"elementor-icon-list-item elementor-repeater-item-c495926 elementor-inline-item\" itemprop=\"commentCount\">\n\t\t\t\t\t\t<a href=\"https:\/\/www.jgclassics.com\/fr\/2023\/09\/26\/les-voitures-de-collection-au-rendez-vous-de-montmelo-2023-la-chronique\/#respond\">\n\t\t\t\t\t\t\t\t\t\t\t<span class=\"elementor-icon-list-icon\">\n\t\t\t\t\t\t\t\t<i aria-hidden=\"true\" class=\"far fa-comment-dots\"><\/i>\t\t\t\t\t\t\t<\/span>\n\t\t\t\t\t\t\t\t\t<span class=\"elementor-icon-list-text elementor-post-info__item elementor-post-info__item--type-comments\">\n\t\t\t\t\t\t\t\t\t\tAucun commentaire\t\t\t\t\t<\/span>\n\t\t\t\t\t\t\t\t\t<\/a>\n\t\t\t\t<\/li>\n\t\t\t\t<\/ul>\n\t\t\t\t\t\t<\/div>\n\t\t\t\t<\/div>\n\t\t\t\t\t<\/div>\n\t\t<\/div>\n\t\t\t\t\t<\/div>\n\t\t<\/section>\n\t\t\t\t<section data-particle_enable=\"false\" data-particle-mobile-disabled=\"false\" class=\"elementor-section elementor-top-section elementor-element elementor-element-0759a5c elementor-section-boxed elementor-section-height-default elementor-section-height-default\" data-id=\"0759a5c\" data-element_type=\"section\" data-e-type=\"section\">\n\t\t\t\t\t\t<div class=\"elementor-container elementor-column-gap-default\">\n\t\t\t\t\t<div class=\"elementor-column elementor-col-100 elementor-top-column elementor-element elementor-element-7fc11af\" data-id=\"7fc11af\" data-element_type=\"column\" data-e-type=\"column\">\n\t\t\t<div class=\"elementor-widget-wrap elementor-element-populated\">\n\t\t\t\t\t\t<div class=\"elementor-element elementor-element-c3ec336 elementor-widget elementor-widget-heading\" data-id=\"c3ec336\" data-element_type=\"widget\" data-e-type=\"widget\" data-widget_type=\"heading.default\">\n\t\t\t\t<div class=\"elementor-widget-container\">\n\t\t\t\t\t<h2 class=\"elementor-heading-title elementor-size-default\">Montmel\u00f3 : \"10\u00aa Trobada cotxes classics\" (24 septembre 2023)<\/h2>\t\t\t\t<\/div>\n\t\t\t\t<\/div>\n\t\t\t\t\t<\/div>\n\t\t<\/div>\n\t\t\t\t\t<\/div>\n\t\t<\/section>\n\t\t\t\t<section data-particle_enable=\"false\" data-particle-mobile-disabled=\"false\" class=\"elementor-section elementor-top-section elementor-element elementor-element-694b50d2 elementor-section-boxed elementor-section-height-default elementor-section-height-default\" data-id=\"694b50d2\" data-element_type=\"section\" data-e-type=\"section\">\n\t\t\t\t\t\t<div class=\"elementor-container elementor-column-gap-default\">\n\t\t\t\t\t<div class=\"elementor-column elementor-col-100 elementor-top-column elementor-element elementor-element-5912a7ec\" data-id=\"5912a7ec\" data-element_type=\"column\" data-e-type=\"column\">\n\t\t\t<div class=\"elementor-widget-wrap elementor-element-populated\">\n\t\t\t\t\t\t<div class=\"elementor-element elementor-element-1fa7b790 elementor-widget elementor-widget-image\" data-id=\"1fa7b790\" data-element_type=\"widget\" data-e-type=\"widget\" data-settings=\"{&quot;_animation&quot;:&quot;none&quot;}\" data-widget_type=\"image.default\">\n\t\t\t\t<div class=\"elementor-widget-container\">\n\t\t\t\t\t\t\t\t\t\t\t\t\t\t\t<img decoding=\"async\" width=\"768\" height=\"432\" src=\"https:\/\/www.jgclassics.com\/wp-content\/uploads\/2023\/09\/20230924_094414-scaled.jpg\" class=\"attachment-medium_large size-medium_large wp-image-18137\" alt=\"10\u00e8me Montmel\u00f3 2023 Classic Car Meeting - MG TA\" srcset=\"https:\/\/www.jgclassics.com\/wp-content\/uploads\/2023\/09\/20230924_094414-scaled.jpg 2560w, https:\/\/www.jgclassics.com\/wp-content\/uploads\/2023\/09\/20230924_094414-300x169.jpg 300w\" sizes=\"(max-width: 768px) 100vw, 768px\" \/>\t\t\t\t\t\t\t\t\t\t\t\t\t\t\t<\/div>\n\t\t\t\t<\/div>\n\t\t\t\t\t<\/div>\n\t\t<\/div>\n\t\t\t\t\t<\/div>\n\t\t<\/section>\n\t\t\t\t<section data-particle_enable=\"false\" data-particle-mobile-disabled=\"false\" class=\"elementor-section elementor-top-section elementor-element elementor-element-11d7b4e elementor-section-boxed elementor-section-height-default elementor-section-height-default\" data-id=\"11d7b4e\" data-element_type=\"section\" data-e-type=\"section\">\n\t\t\t\t\t\t<div class=\"elementor-container elementor-column-gap-default\">\n\t\t\t\t\t<div class=\"elementor-column elementor-col-100 elementor-top-column elementor-element elementor-element-742acb2\" data-id=\"742acb2\" data-element_type=\"column\" data-e-type=\"column\">\n\t\t\t<div class=\"elementor-widget-wrap elementor-element-populated\">\n\t\t\t\t\t\t<div class=\"elementor-element elementor-element-1785d9e elementor-widget elementor-widget-text-editor\" data-id=\"1785d9e\" data-element_type=\"widget\" data-e-type=\"widget\" data-widget_type=\"text-editor.default\">\n\t\t\t\t<div class=\"elementor-widget-container\">\n\t\t\t\t\t\t\t\t\t<p>Le dimanche 24 septembre, co\u00efncidant avec le jour de la Merc\u00e8, patronne de la ville de Barcelone, la 10e rencontre de voitures classiques a eu lieu dans la ville de Montmel\u00f3. La r\u00e9union a \u00e9t\u00e9 organis\u00e9e par l&#8217;association &#8220;<a href=\"https:\/\/www.classicclubmontmelo.com\/\" target=\"_blank\" rel=\"noopener\"><strong>Classic Club Montmel\u00f3<\/strong><\/a>&#8220;avec la collaboration de diverses entreprises et organisations, telles que le Gremi d&#8217;automoci\u00f3 de Catalunya, des entit\u00e9s priv\u00e9es telles que Desguaces STOP, Mecandbox, Argem\u00ed Motors, le Centre SALA, ainsi que l&#8217;organisation m\u00eame de l&#8217;\u00e9v\u00e9nement.  <a href=\"https:\/\/www.circuitcat.com\/es\/\" target=\"_blank\" rel=\"noopener\">Circuit de Catalunya<\/a>  (g\u00e9r\u00e9 par un consortium associant la Generalitat de Catalunya, le RACC et les mairies de Montmel\u00f3 et de Barcelone).<\/p>\n\t\t\t\t\t\t\t\t<\/div>\n\t\t\t\t<\/div>\n\t\t\t\t<div class=\"elementor-element elementor-element-6024b31 elementor-widget elementor-widget-text-editor\" data-id=\"6024b31\" data-element_type=\"widget\" data-e-type=\"widget\" data-widget_type=\"text-editor.default\">\n\t\t\t\t<div class=\"elementor-widget-container\">\n\t\t\t\t\t\t\t\t\t<p>L&#8217;\u00e9v\u00e9nement s&#8217;est d\u00e9roul\u00e9 sur l&#8217;esplanade de la Ronda del Pedregar \u00e0 Montmel\u00f3, lieu habituel de spectacles, de concerts et d&#8217;expositions.<a href=\"http:\/\/www.clubmaresmeclassics.com\/\" target=\"_blank\" rel=\"noopener\"><strong>Maresme Classics Club<\/strong><\/a>&#8220;qui ont fourni environ 75 des 409 voitures et motos qui ont particip\u00e9 au total.<\/p>\n\t\t\t\t\t\t\t\t<\/div>\n\t\t\t\t<\/div>\n\t\t\t\t<div class=\"elementor-element elementor-element-907f86a elementor-widget elementor-widget-text-editor\" data-id=\"907f86a\" data-element_type=\"widget\" data-e-type=\"widget\" data-widget_type=\"text-editor.default\">\n\t\t\t\t<div class=\"elementor-widget-container\">\n\t\t\t\t\t\t\t\t\t<p>Plusieurs espaces ont \u00e9t\u00e9 am\u00e9nag\u00e9s sur le site pour accueillir les diff\u00e9rentes activit\u00e9s et expositions. Il y avait une zone d&#8217;exposition de voitures, dans laquelle un sous-espace a \u00e9t\u00e9 am\u00e9nag\u00e9 pour exposer certains des v\u00e9hicules les plus uniques ou les plus anciens, une autre zone pour les motos, et un march\u00e9 aux puces avec des objets li\u00e9s aux voitures\/motos classiques : pi\u00e8ces d\u00e9tach\u00e9es, pi\u00e8ces d&#8217;occasion, ainsi que des objets de merchandising, des miniatures et des objets de collection. Le complexe \u00e9tait compl\u00e9t\u00e9 par un bar o\u00f9 l&#8217;on pouvait prendre un petit d\u00e9jeuner, du caf\u00e9, de l&#8217;eau, des boissons et des boissons non alcoolis\u00e9es pour un prix tr\u00e8s modique.<\/p>\n\t\t\t\t\t\t\t\t<\/div>\n\t\t\t\t<\/div>\n\t\t\t\t\t<\/div>\n\t\t<\/div>\n\t\t\t\t\t<\/div>\n\t\t<\/section>\n\t\t\t\t<section data-particle_enable=\"false\" data-particle-mobile-disabled=\"false\" class=\"elementor-section elementor-top-section elementor-element elementor-element-361b2ee elementor-section-boxed elementor-section-height-default elementor-section-height-default\" data-id=\"361b2ee\" data-element_type=\"section\" data-e-type=\"section\">\n\t\t\t\t\t\t<div class=\"elementor-container elementor-column-gap-default\">\n\t\t\t\t\t<div class=\"elementor-column elementor-col-100 elementor-top-column elementor-element elementor-element-03161df\" data-id=\"03161df\" data-element_type=\"column\" data-e-type=\"column\">\n\t\t\t<div class=\"elementor-widget-wrap elementor-element-populated\">\n\t\t\t\t\t\t<div class=\"elementor-element elementor-element-4ea8c2f elementor-widget elementor-widget-gallery\" data-id=\"4ea8c2f\" data-element_type=\"widget\" data-e-type=\"widget\" data-settings=\"{&quot;gallery_layout&quot;:&quot;justified&quot;,&quot;ideal_row_height&quot;:{&quot;unit&quot;:&quot;px&quot;,&quot;size&quot;:113,&quot;sizes&quot;:[]},&quot;ideal_row_height_mobile&quot;:{&quot;unit&quot;:&quot;px&quot;,&quot;size&quot;:90,&quot;sizes&quot;:[]},&quot;lazyload&quot;:&quot;yes&quot;,&quot;ideal_row_height_tablet&quot;:{&quot;unit&quot;:&quot;px&quot;,&quot;size&quot;:150,&quot;sizes&quot;:[]},&quot;gap&quot;:{&quot;unit&quot;:&quot;px&quot;,&quot;size&quot;:10,&quot;sizes&quot;:[]},&quot;gap_tablet&quot;:{&quot;unit&quot;:&quot;px&quot;,&quot;size&quot;:10,&quot;sizes&quot;:[]},&quot;gap_mobile&quot;:{&quot;unit&quot;:&quot;px&quot;,&quot;size&quot;:10,&quot;sizes&quot;:[]},&quot;link_to&quot;:&quot;file&quot;,&quot;overlay_background&quot;:&quot;yes&quot;,&quot;content_hover_animation&quot;:&quot;fade-in&quot;}\" data-widget_type=\"gallery.default\">\n\t\t\t\t<div class=\"elementor-widget-container\">\n\t\t\t\t\t\t\t<div class=\"elementor-gallery__container\">\n\t\t\t\t\t\t\t<a class=\"e-gallery-item elementor-gallery-item elementor-animated-content\" href=\"https:\/\/www.jgclassics.com\/wp-content\/uploads\/2023\/09\/20230924_101916-scaled.jpg\" data-elementor-open-lightbox=\"yes\" data-elementor-lightbox-slideshow=\"4ea8c2f\" data-elementor-lightbox-title=\"10\u00e8me rencontre de voitures classiques Montmel\u00f3 2023 - Merchandising Zone\" data-elementor-lightbox-description=\"Espace merchandising\" data-e-action-hash=\"#elementor-action%3Aaction%3Dlightbox%26settings%3DeyJpZCI6MTg0NDEsInVybCI6Imh0dHBzOlwvXC93d3cuamdjbGFzc2ljcy5jb21cL3dwLWNvbnRlbnRcL3VwbG9hZHNcLzIwMjNcLzA5XC8yMDIzMDkyNF8xMDE5MTYtc2NhbGVkLmpwZyIsInNsaWRlc2hvdyI6IjRlYThjMmYifQ%3D%3D\">\n\t\t\t\t\t<div class=\"e-gallery-image elementor-gallery-item__image\" data-thumbnail=\"https:\/\/www.jgclassics.com\/wp-content\/uploads\/2023\/09\/20230924_101916-300x169.jpg\" data-width=\"300\" data-height=\"169\" aria-label=\"10\u00e8me rencontre de voitures classiques Montmel\u00f3 2023 - Merchandising Zone\" role=\"img\" ><\/div>\n\t\t\t\t\t\t\t\t\t\t\t<div class=\"elementor-gallery-item__overlay\"><\/div>\n\t\t\t\t\t\t\t\t\t\t\t\t\t\t<\/a>\n\t\t\t\t\t\t\t<a class=\"e-gallery-item elementor-gallery-item elementor-animated-content\" href=\"https:\/\/www.jgclassics.com\/wp-content\/uploads\/2023\/09\/20230924_101914-scaled.jpg\" data-elementor-open-lightbox=\"yes\" data-elementor-lightbox-slideshow=\"4ea8c2f\" data-elementor-lightbox-title=\"10\u00e8me rencontre de voitures classiques Montmel\u00f3 2023 - Merchandising Zone\" data-elementor-lightbox-description=\"Espace merchandising\" data-e-action-hash=\"#elementor-action%3Aaction%3Dlightbox%26settings%3DeyJpZCI6MTg0MzcsInVybCI6Imh0dHBzOlwvXC93d3cuamdjbGFzc2ljcy5jb21cL3dwLWNvbnRlbnRcL3VwbG9hZHNcLzIwMjNcLzA5XC8yMDIzMDkyNF8xMDE5MTQtc2NhbGVkLmpwZyIsInNsaWRlc2hvdyI6IjRlYThjMmYifQ%3D%3D\">\n\t\t\t\t\t<div class=\"e-gallery-image elementor-gallery-item__image\" data-thumbnail=\"https:\/\/www.jgclassics.com\/wp-content\/uploads\/2023\/09\/20230924_101914-300x169.jpg\" data-width=\"300\" data-height=\"169\" aria-label=\"10\u00e8me rencontre de voitures classiques Montmel\u00f3 2023 - Merchandising Zone\" role=\"img\" ><\/div>\n\t\t\t\t\t\t\t\t\t\t\t<div class=\"elementor-gallery-item__overlay\"><\/div>\n\t\t\t\t\t\t\t\t\t\t\t\t\t\t<\/a>\n\t\t\t\t\t\t\t<a class=\"e-gallery-item elementor-gallery-item elementor-animated-content\" href=\"https:\/\/www.jgclassics.com\/wp-content\/uploads\/2023\/09\/20230924_101645-scaled.jpg\" data-elementor-open-lightbox=\"yes\" data-elementor-lightbox-slideshow=\"4ea8c2f\" data-elementor-lightbox-title=\"10\u00e8me rencontre de voitures classiques Montmel\u00f3 2023 - Merchandising Zone\" data-elementor-lightbox-description=\"Espace merchandising\" data-e-action-hash=\"#elementor-action%3Aaction%3Dlightbox%26settings%3DeyJpZCI6MTg0MzMsInVybCI6Imh0dHBzOlwvXC93d3cuamdjbGFzc2ljcy5jb21cL3dwLWNvbnRlbnRcL3VwbG9hZHNcLzIwMjNcLzA5XC8yMDIzMDkyNF8xMDE2NDUtc2NhbGVkLmpwZyIsInNsaWRlc2hvdyI6IjRlYThjMmYifQ%3D%3D\">\n\t\t\t\t\t<div class=\"e-gallery-image elementor-gallery-item__image\" data-thumbnail=\"https:\/\/www.jgclassics.com\/wp-content\/uploads\/2023\/09\/20230924_101645-169x300.jpg\" data-width=\"169\" data-height=\"300\" aria-label=\"10\u00e8me rencontre de voitures classiques Montmel\u00f3 2023 - Merchandising Zone\" role=\"img\" ><\/div>\n\t\t\t\t\t\t\t\t\t\t\t<div class=\"elementor-gallery-item__overlay\"><\/div>\n\t\t\t\t\t\t\t\t\t\t\t\t\t\t<\/a>\n\t\t\t\t\t\t\t<a class=\"e-gallery-item elementor-gallery-item elementor-animated-content\" href=\"https:\/\/www.jgclassics.com\/wp-content\/uploads\/2023\/09\/20230924_101634-scaled.jpg\" data-elementor-open-lightbox=\"yes\" data-elementor-lightbox-slideshow=\"4ea8c2f\" data-elementor-lightbox-title=\"10\u00e8me rencontre de voitures classiques Montmel\u00f3 2023 - Merchandising Zone\" data-elementor-lightbox-description=\"Espace merchandising\" data-e-action-hash=\"#elementor-action%3Aaction%3Dlightbox%26settings%3DeyJpZCI6MTg0MjksInVybCI6Imh0dHBzOlwvXC93d3cuamdjbGFzc2ljcy5jb21cL3dwLWNvbnRlbnRcL3VwbG9hZHNcLzIwMjNcLzA5XC8yMDIzMDkyNF8xMDE2MzQtc2NhbGVkLmpwZyIsInNsaWRlc2hvdyI6IjRlYThjMmYifQ%3D%3D\">\n\t\t\t\t\t<div class=\"e-gallery-image elementor-gallery-item__image\" data-thumbnail=\"https:\/\/www.jgclassics.com\/wp-content\/uploads\/2023\/09\/20230924_101634-300x169.jpg\" data-width=\"300\" data-height=\"169\" aria-label=\"10\u00e8me rencontre de voitures classiques Montmel\u00f3 2023 - Merchandising Zone\" role=\"img\" ><\/div>\n\t\t\t\t\t\t\t\t\t\t\t<div class=\"elementor-gallery-item__overlay\"><\/div>\n\t\t\t\t\t\t\t\t\t\t\t\t\t\t<\/a>\n\t\t\t\t\t\t\t<a class=\"e-gallery-item elementor-gallery-item elementor-animated-content\" href=\"https:\/\/www.jgclassics.com\/wp-content\/uploads\/2023\/09\/20230924_101629-scaled.jpg\" data-elementor-open-lightbox=\"yes\" data-elementor-lightbox-slideshow=\"4ea8c2f\" data-elementor-lightbox-title=\"10\u00e8me rencontre de voitures classiques Montmel\u00f3 2023 - Merchandising Zone\" data-elementor-lightbox-description=\"Espace merchandising\" data-e-action-hash=\"#elementor-action%3Aaction%3Dlightbox%26settings%3DeyJpZCI6MTg0MjUsInVybCI6Imh0dHBzOlwvXC93d3cuamdjbGFzc2ljcy5jb21cL3dwLWNvbnRlbnRcL3VwbG9hZHNcLzIwMjNcLzA5XC8yMDIzMDkyNF8xMDE2Mjktc2NhbGVkLmpwZyIsInNsaWRlc2hvdyI6IjRlYThjMmYifQ%3D%3D\">\n\t\t\t\t\t<div class=\"e-gallery-image elementor-gallery-item__image\" data-thumbnail=\"https:\/\/www.jgclassics.com\/wp-content\/uploads\/2023\/09\/20230924_101629-300x169.jpg\" data-width=\"300\" data-height=\"169\" aria-label=\"10\u00e8me rencontre de voitures classiques Montmel\u00f3 2023 - Merchandising Zone\" role=\"img\" ><\/div>\n\t\t\t\t\t\t\t\t\t\t\t<div class=\"elementor-gallery-item__overlay\"><\/div>\n\t\t\t\t\t\t\t\t\t\t\t\t\t\t<\/a>\n\t\t\t\t\t\t\t<a class=\"e-gallery-item elementor-gallery-item elementor-animated-content\" href=\"https:\/\/www.jgclassics.com\/wp-content\/uploads\/2023\/09\/20230924_085051-scaled.jpg\" data-elementor-open-lightbox=\"yes\" data-elementor-lightbox-slideshow=\"4ea8c2f\" data-elementor-lightbox-title=\"10\u00e8me rencontre de voitures classiques Montmel\u00f3 2023 - Merchandising Zone\" data-elementor-lightbox-description=\"Espace merchandising\" data-e-action-hash=\"#elementor-action%3Aaction%3Dlightbox%26settings%3DeyJpZCI6MTg0MjEsInVybCI6Imh0dHBzOlwvXC93d3cuamdjbGFzc2ljcy5jb21cL3dwLWNvbnRlbnRcL3VwbG9hZHNcLzIwMjNcLzA5XC8yMDIzMDkyNF8wODUwNTEtc2NhbGVkLmpwZyIsInNsaWRlc2hvdyI6IjRlYThjMmYifQ%3D%3D\">\n\t\t\t\t\t<div class=\"e-gallery-image elementor-gallery-item__image\" data-thumbnail=\"https:\/\/www.jgclassics.com\/wp-content\/uploads\/2023\/09\/20230924_085051-scaled.jpg\" data-width=\"300\" data-height=\"169\" aria-label=\"10\u00e8me rencontre de voitures classiques Montmel\u00f3 2023 - Merchandising Zone\" role=\"img\" ><\/div>\n\t\t\t\t\t\t\t\t\t\t\t<div class=\"elementor-gallery-item__overlay\"><\/div>\n\t\t\t\t\t\t\t\t\t\t\t\t\t\t<\/a>\n\t\t\t\t\t\t\t<a class=\"e-gallery-item elementor-gallery-item elementor-animated-content\" href=\"https:\/\/www.jgclassics.com\/wp-content\/uploads\/2023\/09\/20230924_085039.jpg\" data-elementor-open-lightbox=\"yes\" data-elementor-lightbox-slideshow=\"4ea8c2f\" data-elementor-lightbox-title=\"10\u00e8me Montmel\u00f3 2023 Classic Car Meeting - Merchandising Zone - Citr\u00f6en Dyane 6 Semi-Caravan\" data-elementor-lightbox-description=\"Zone de merchandising - Citr\u00f6en Dyane 6 Semi-Caravan\" data-e-action-hash=\"#elementor-action%3Aaction%3Dlightbox%26settings%3DeyJpZCI6MTg0MTcsInVybCI6Imh0dHBzOlwvXC93d3cuamdjbGFzc2ljcy5jb21cL3dwLWNvbnRlbnRcL3VwbG9hZHNcLzIwMjNcLzA5XC8yMDIzMDkyNF8wODUwMzkuanBnIiwic2xpZGVzaG93IjoiNGVhOGMyZiJ9\">\n\t\t\t\t\t<div class=\"e-gallery-image elementor-gallery-item__image\" data-thumbnail=\"https:\/\/www.jgclassics.com\/wp-content\/uploads\/2023\/09\/20230924_085039.jpg\" data-width=\"1\" data-height=\"1\" aria-label=\"10\u00e8me Montmel\u00f3 2023 Classic Car Meeting - Merchandising Zone - Citr\u00f6en Dyane 6 Semi-Caravan\" role=\"img\" ><\/div>\n\t\t\t\t\t\t\t\t\t\t\t<div class=\"elementor-gallery-item__overlay\"><\/div>\n\t\t\t\t\t\t\t\t\t\t\t\t\t\t<\/a>\n\t\t\t\t\t\t\t<a class=\"e-gallery-item elementor-gallery-item elementor-animated-content\" href=\"https:\/\/www.jgclassics.com\/wp-content\/uploads\/2023\/09\/20230924_085027-scaled.jpg\" data-elementor-open-lightbox=\"yes\" data-elementor-lightbox-slideshow=\"4ea8c2f\" data-elementor-lightbox-title=\"10\u00e8me Montmel\u00f3 2023 Classic Car Meeting - Merchandising Zone - Citr\u00f6en Dyane 6 Semi-Caravan\" data-elementor-lightbox-description=\"Zone de merchandising - Citr\u00f6en Dyane 6 Semi-Caravan\" data-e-action-hash=\"#elementor-action%3Aaction%3Dlightbox%26settings%3DeyJpZCI6MTg0MTMsInVybCI6Imh0dHBzOlwvXC93d3cuamdjbGFzc2ljcy5jb21cL3dwLWNvbnRlbnRcL3VwbG9hZHNcLzIwMjNcLzA5XC8yMDIzMDkyNF8wODUwMjctc2NhbGVkLmpwZyIsInNsaWRlc2hvdyI6IjRlYThjMmYifQ%3D%3D\">\n\t\t\t\t\t<div class=\"e-gallery-image elementor-gallery-item__image\" data-thumbnail=\"https:\/\/www.jgclassics.com\/wp-content\/uploads\/2023\/09\/20230924_085027-300x169.jpg\" data-width=\"300\" data-height=\"169\" aria-label=\"10\u00e8me Montmel\u00f3 2023 Classic Car Meeting - Merchandising Zone - Citr\u00f6en Dyane 6 Semi-Caravan\" role=\"img\" ><\/div>\n\t\t\t\t\t\t\t\t\t\t\t<div class=\"elementor-gallery-item__overlay\"><\/div>\n\t\t\t\t\t\t\t\t\t\t\t\t\t\t<\/a>\n\t\t\t\t\t\t\t<a class=\"e-gallery-item elementor-gallery-item elementor-animated-content\" href=\"https:\/\/www.jgclassics.com\/wp-content\/uploads\/2023\/09\/20230924_101930-scaled.jpg\" data-elementor-open-lightbox=\"yes\" data-elementor-lightbox-slideshow=\"4ea8c2f\" data-elementor-lightbox-title=\"10\u00e8me Montmel\u00f3 2023 Classic Car Meeting - Espace merchandising - Miniatures de collection\" data-elementor-lightbox-description=\"Zone de merchandising - Figurines de collection\" data-e-action-hash=\"#elementor-action%3Aaction%3Dlightbox%26settings%3DeyJpZCI6MTg0MDksInVybCI6Imh0dHBzOlwvXC93d3cuamdjbGFzc2ljcy5jb21cL3dwLWNvbnRlbnRcL3VwbG9hZHNcLzIwMjNcLzA5XC8yMDIzMDkyNF8xMDE5MzAtc2NhbGVkLmpwZyIsInNsaWRlc2hvdyI6IjRlYThjMmYifQ%3D%3D\">\n\t\t\t\t\t<div class=\"e-gallery-image elementor-gallery-item__image\" data-thumbnail=\"https:\/\/www.jgclassics.com\/wp-content\/uploads\/2023\/09\/20230924_101930-300x169.jpg\" data-width=\"300\" data-height=\"169\" aria-label=\"10\u00e8me Montmel\u00f3 2023 Classic Car Meeting - Espace merchandising - Miniatures de collection\" role=\"img\" ><\/div>\n\t\t\t\t\t\t\t\t\t\t\t<div class=\"elementor-gallery-item__overlay\"><\/div>\n\t\t\t\t\t\t\t\t\t\t\t\t\t\t<\/a>\n\t\t\t\t\t\t\t<a class=\"e-gallery-item elementor-gallery-item elementor-animated-content\" href=\"https:\/\/www.jgclassics.com\/wp-content\/uploads\/2023\/09\/20230924_101924-scaled.jpg\" data-elementor-open-lightbox=\"yes\" data-elementor-lightbox-slideshow=\"4ea8c2f\" data-elementor-lightbox-title=\"10\u00e8me Montmel\u00f3 2023 Classic Car Meeting - Espace merchandising - Miniatures de collection\" data-elementor-lightbox-description=\"Zone de merchandising - Figurines de collection\" data-e-action-hash=\"#elementor-action%3Aaction%3Dlightbox%26settings%3DeyJpZCI6MTg0MDUsInVybCI6Imh0dHBzOlwvXC93d3cuamdjbGFzc2ljcy5jb21cL3dwLWNvbnRlbnRcL3VwbG9hZHNcLzIwMjNcLzA5XC8yMDIzMDkyNF8xMDE5MjQtc2NhbGVkLmpwZyIsInNsaWRlc2hvdyI6IjRlYThjMmYifQ%3D%3D\">\n\t\t\t\t\t<div class=\"e-gallery-image elementor-gallery-item__image\" data-thumbnail=\"https:\/\/www.jgclassics.com\/wp-content\/uploads\/2023\/09\/20230924_101924-300x169.jpg\" data-width=\"300\" data-height=\"169\" aria-label=\"10\u00e8me Montmel\u00f3 2023 Classic Car Meeting - Espace merchandising - Miniatures de collection\" role=\"img\" ><\/div>\n\t\t\t\t\t\t\t\t\t\t\t<div class=\"elementor-gallery-item__overlay\"><\/div>\n\t\t\t\t\t\t\t\t\t\t\t\t\t\t<\/a>\n\t\t\t\t\t\t\t<a class=\"e-gallery-item elementor-gallery-item elementor-animated-content\" href=\"https:\/\/www.jgclassics.com\/wp-content\/uploads\/2023\/09\/20230924_101918-scaled.jpg\" data-elementor-open-lightbox=\"yes\" data-elementor-lightbox-slideshow=\"4ea8c2f\" data-elementor-lightbox-title=\"10\u00e8me Montmel\u00f3 2023 Classic Car Meeting - Espace merchandising - Miniatures de collection\" data-elementor-lightbox-description=\"Zone de merchandising - Figurines de collection\" data-e-action-hash=\"#elementor-action%3Aaction%3Dlightbox%26settings%3DeyJpZCI6MTg0MDEsInVybCI6Imh0dHBzOlwvXC93d3cuamdjbGFzc2ljcy5jb21cL3dwLWNvbnRlbnRcL3VwbG9hZHNcLzIwMjNcLzA5XC8yMDIzMDkyNF8xMDE5MTgtc2NhbGVkLmpwZyIsInNsaWRlc2hvdyI6IjRlYThjMmYifQ%3D%3D\">\n\t\t\t\t\t<div class=\"e-gallery-image elementor-gallery-item__image\" data-thumbnail=\"https:\/\/www.jgclassics.com\/wp-content\/uploads\/2023\/09\/20230924_101918-300x169.jpg\" data-width=\"300\" data-height=\"169\" aria-label=\"10\u00e8me Montmel\u00f3 2023 Classic Car Meeting - Espace merchandising - Miniatures de collection\" role=\"img\" ><\/div>\n\t\t\t\t\t\t\t\t\t\t\t<div class=\"elementor-gallery-item__overlay\"><\/div>\n\t\t\t\t\t\t\t\t\t\t\t\t\t\t<\/a>\n\t\t\t\t\t<\/div>\n\t\t\t\t\t<\/div>\n\t\t\t\t<\/div>\n\t\t\t\t\t<\/div>\n\t\t<\/div>\n\t\t\t\t\t<\/div>\n\t\t<\/section>\n\t\t\t\t<section data-particle_enable=\"false\" data-particle-mobile-disabled=\"false\" class=\"elementor-section elementor-top-section elementor-element elementor-element-67ae77d elementor-section-boxed elementor-section-height-default elementor-section-height-default\" data-id=\"67ae77d\" data-element_type=\"section\" data-e-type=\"section\">\n\t\t\t\t\t\t<div class=\"elementor-container elementor-column-gap-default\">\n\t\t\t\t\t<div class=\"elementor-column elementor-col-100 elementor-top-column elementor-element elementor-element-0e45212\" data-id=\"0e45212\" data-element_type=\"column\" data-e-type=\"column\">\n\t\t\t<div class=\"elementor-widget-wrap elementor-element-populated\">\n\t\t\t\t\t\t<div class=\"elementor-element elementor-element-3444ad4 elementor-widget elementor-widget-text-editor\" data-id=\"3444ad4\" data-element_type=\"widget\" data-e-type=\"widget\" data-widget_type=\"text-editor.default\">\n\t\t\t\t<div class=\"elementor-widget-container\">\n\t\t\t\t\t\t\t\t\t<p>L&#8217;ensemble de l&#8217;\u00e9v\u00e9nement a \u00e9t\u00e9 anim\u00e9 par un groupe jouant de la musique en direct &#8211; avec une performance de tr\u00e8s bonne qualit\u00e9, soit dit en passant &#8211; et un orateur charg\u00e9 d&#8217;animer la matin\u00e9e et de partager avec les participants les informations relatives \u00e0 toutes les activit\u00e9s au fur et \u00e0 mesure qu&#8217;elles se d\u00e9roulaient.<\/p>\n\t\t\t\t\t\t\t\t<\/div>\n\t\t\t\t<\/div>\n\t\t\t\t\t<\/div>\n\t\t<\/div>\n\t\t\t\t\t<\/div>\n\t\t<\/section>\n\t\t\t\t<section data-particle_enable=\"false\" data-particle-mobile-disabled=\"false\" class=\"elementor-section elementor-top-section elementor-element elementor-element-715215a elementor-section-boxed elementor-section-height-default elementor-section-height-default\" data-id=\"715215a\" data-element_type=\"section\" data-e-type=\"section\">\n\t\t\t\t\t\t<div class=\"elementor-container elementor-column-gap-default\">\n\t\t\t\t\t<div class=\"elementor-column elementor-col-100 elementor-top-column elementor-element elementor-element-ac0db05\" data-id=\"ac0db05\" data-element_type=\"column\" data-e-type=\"column\">\n\t\t\t<div class=\"elementor-widget-wrap elementor-element-populated\">\n\t\t\t\t\t\t<div class=\"elementor-element elementor-element-aae3b0e elementor-widget elementor-widget-heading\" data-id=\"aae3b0e\" data-element_type=\"widget\" data-e-type=\"widget\" data-widget_type=\"heading.default\">\n\t\t\t\t<div class=\"elementor-widget-container\">\n\t\t\t\t\t<h2 class=\"elementor-heading-title elementor-size-default\">C\u00e9l\u00e9bration du 40e anniversaire de la Volkswagen Golf Mk-II<\/h2>\t\t\t\t<\/div>\n\t\t\t\t<\/div>\n\t\t\t\t\t<\/div>\n\t\t<\/div>\n\t\t\t\t\t<\/div>\n\t\t<\/section>\n\t\t\t\t<section data-particle_enable=\"false\" data-particle-mobile-disabled=\"false\" class=\"elementor-section elementor-top-section elementor-element elementor-element-061e3b7 elementor-section-boxed elementor-section-height-default elementor-section-height-default\" data-id=\"061e3b7\" data-element_type=\"section\" data-e-type=\"section\">\n\t\t\t\t\t\t<div class=\"elementor-container elementor-column-gap-default\">\n\t\t\t\t\t<div class=\"elementor-column elementor-col-100 elementor-top-column elementor-element elementor-element-1eafc1a\" data-id=\"1eafc1a\" data-element_type=\"column\" data-e-type=\"column\">\n\t\t\t<div class=\"elementor-widget-wrap elementor-element-populated\">\n\t\t\t\t\t\t<div class=\"elementor-element elementor-element-d800181 elementor-widget elementor-widget-text-editor\" data-id=\"d800181\" data-element_type=\"widget\" data-e-type=\"widget\" data-widget_type=\"text-editor.default\">\n\t\t\t\t<div class=\"elementor-widget-container\">\n\t\t\t\t\t\t\t\t\t<p>Cette ann\u00e9e, l&#8217;\u00e9v\u00e9nement c\u00e9l\u00e9brait \u00e9galement le 40e anniversaire de la Volkswagen Golf MK-ii, v\u00e9ritable ic\u00f4ne automobile des ann\u00e9es 1980 &#8211; quel amateur de voitures n\u00e9 entre 1965 et 1975 n&#8217;a pas r\u00eav\u00e9 d&#8217;en poss\u00e9der une &#8211; et une partie de l&#8217;exposition comprenait d&#8217;ailleurs plusieurs exemplaires de ce mod\u00e8le, tous dans un \u00e9tat de conservation enviable.<\/p>\n\t\t\t\t\t\t\t\t<\/div>\n\t\t\t\t<\/div>\n\t\t\t\t\t<\/div>\n\t\t<\/div>\n\t\t\t\t\t<\/div>\n\t\t<\/section>\n\t\t\t\t<section data-particle_enable=\"false\" data-particle-mobile-disabled=\"false\" class=\"elementor-section elementor-top-section elementor-element elementor-element-f3c8930 elementor-section-boxed elementor-section-height-default elementor-section-height-default\" data-id=\"f3c8930\" data-element_type=\"section\" data-e-type=\"section\">\n\t\t\t\t\t\t<div class=\"elementor-container elementor-column-gap-default\">\n\t\t\t\t\t<div class=\"elementor-column elementor-col-100 elementor-top-column elementor-element elementor-element-374535f\" data-id=\"374535f\" data-element_type=\"column\" data-e-type=\"column\">\n\t\t\t<div class=\"elementor-widget-wrap elementor-element-populated\">\n\t\t\t\t\t\t<div class=\"elementor-element elementor-element-f552fc4 elementor-widget elementor-widget-gallery\" data-id=\"f552fc4\" data-element_type=\"widget\" data-e-type=\"widget\" data-settings=\"{&quot;gallery_layout&quot;:&quot;justified&quot;,&quot;ideal_row_height&quot;:{&quot;unit&quot;:&quot;px&quot;,&quot;size&quot;:113,&quot;sizes&quot;:[]},&quot;ideal_row_height_mobile&quot;:{&quot;unit&quot;:&quot;px&quot;,&quot;size&quot;:116,&quot;sizes&quot;:[]},&quot;lazyload&quot;:&quot;yes&quot;,&quot;ideal_row_height_tablet&quot;:{&quot;unit&quot;:&quot;px&quot;,&quot;size&quot;:150,&quot;sizes&quot;:[]},&quot;gap&quot;:{&quot;unit&quot;:&quot;px&quot;,&quot;size&quot;:10,&quot;sizes&quot;:[]},&quot;gap_tablet&quot;:{&quot;unit&quot;:&quot;px&quot;,&quot;size&quot;:10,&quot;sizes&quot;:[]},&quot;gap_mobile&quot;:{&quot;unit&quot;:&quot;px&quot;,&quot;size&quot;:10,&quot;sizes&quot;:[]},&quot;link_to&quot;:&quot;file&quot;,&quot;overlay_background&quot;:&quot;yes&quot;,&quot;content_hover_animation&quot;:&quot;fade-in&quot;}\" data-widget_type=\"gallery.default\">\n\t\t\t\t<div class=\"elementor-widget-container\">\n\t\t\t\t\t\t\t<div class=\"elementor-gallery__container\">\n\t\t\t\t\t\t\t<a class=\"e-gallery-item elementor-gallery-item elementor-animated-content\" href=\"https:\/\/www.jgclassics.com\/wp-content\/uploads\/2023\/09\/20230924_102147-scaled.jpg\" data-elementor-open-lightbox=\"yes\" data-elementor-lightbox-slideshow=\"f552fc4\" data-elementor-lightbox-title=\"10\u00e8me Montmel\u00f3 2023 Classic Car Meeting - VWGolf MK II\" data-elementor-lightbox-description=\"VWGolf MK II\" data-e-action-hash=\"#elementor-action%3Aaction%3Dlightbox%26settings%3DeyJpZCI6MTgzMzcsInVybCI6Imh0dHBzOlwvXC93d3cuamdjbGFzc2ljcy5jb21cL3dwLWNvbnRlbnRcL3VwbG9hZHNcLzIwMjNcLzA5XC8yMDIzMDkyNF8xMDIxNDctc2NhbGVkLmpwZyIsInNsaWRlc2hvdyI6ImY1NTJmYzQifQ%3D%3D\">\n\t\t\t\t\t<div class=\"e-gallery-image elementor-gallery-item__image\" data-thumbnail=\"https:\/\/www.jgclassics.com\/wp-content\/uploads\/2023\/09\/20230924_102147-300x169.jpg\" data-width=\"300\" data-height=\"169\" aria-label=\"10\u00e8me Montmel\u00f3 2023 Classic Car Meeting - VWGolf MK II\" role=\"img\" ><\/div>\n\t\t\t\t\t\t\t\t\t\t\t<div class=\"elementor-gallery-item__overlay\"><\/div>\n\t\t\t\t\t\t\t\t\t\t\t\t\t\t<\/a>\n\t\t\t\t\t\t\t<a class=\"e-gallery-item elementor-gallery-item elementor-animated-content\" href=\"https:\/\/www.jgclassics.com\/wp-content\/uploads\/2023\/09\/20230924_102212-scaled.jpg\" data-elementor-open-lightbox=\"yes\" data-elementor-lightbox-slideshow=\"f552fc4\" data-elementor-lightbox-title=\"10\u00e8me Montmel\u00f3 2023 Classic Car Meeting - VW Golf MK II\" data-elementor-lightbox-description=\"VW Golf MK II\" data-e-action-hash=\"#elementor-action%3Aaction%3Dlightbox%26settings%3DeyJpZCI6MTgzMjksInVybCI6Imh0dHBzOlwvXC93d3cuamdjbGFzc2ljcy5jb21cL3dwLWNvbnRlbnRcL3VwbG9hZHNcLzIwMjNcLzA5XC8yMDIzMDkyNF8xMDIyMTItc2NhbGVkLmpwZyIsInNsaWRlc2hvdyI6ImY1NTJmYzQifQ%3D%3D\">\n\t\t\t\t\t<div class=\"e-gallery-image elementor-gallery-item__image\" data-thumbnail=\"https:\/\/www.jgclassics.com\/wp-content\/uploads\/2023\/09\/20230924_102212-300x169.jpg\" data-width=\"300\" data-height=\"169\" aria-label=\"10\u00e8me Montmel\u00f3 2023 Classic Car Meeting - VW Golf MK II\" role=\"img\" ><\/div>\n\t\t\t\t\t\t\t\t\t\t\t<div class=\"elementor-gallery-item__overlay\"><\/div>\n\t\t\t\t\t\t\t\t\t\t\t\t\t\t<\/a>\n\t\t\t\t\t\t\t<a class=\"e-gallery-item elementor-gallery-item elementor-animated-content\" href=\"https:\/\/www.jgclassics.com\/wp-content\/uploads\/2023\/09\/20230924_102154-scaled.jpg\" data-elementor-open-lightbox=\"yes\" data-elementor-lightbox-slideshow=\"f552fc4\" data-elementor-lightbox-title=\"10\u00e8me Montmel\u00f3 2023 Classic Car Meeting - VWGolf MK II\" data-elementor-lightbox-description=\"VWGolf MK II\" data-e-action-hash=\"#elementor-action%3Aaction%3Dlightbox%26settings%3DeyJpZCI6MTgzNDEsInVybCI6Imh0dHBzOlwvXC93d3cuamdjbGFzc2ljcy5jb21cL3dwLWNvbnRlbnRcL3VwbG9hZHNcLzIwMjNcLzA5XC8yMDIzMDkyNF8xMDIxNTQtc2NhbGVkLmpwZyIsInNsaWRlc2hvdyI6ImY1NTJmYzQifQ%3D%3D\">\n\t\t\t\t\t<div class=\"e-gallery-image elementor-gallery-item__image\" data-thumbnail=\"https:\/\/www.jgclassics.com\/wp-content\/uploads\/2023\/09\/20230924_102154-300x169.jpg\" data-width=\"300\" data-height=\"169\" aria-label=\"10\u00e8me Montmel\u00f3 2023 Classic Car Meeting - VWGolf MK II\" role=\"img\" ><\/div>\n\t\t\t\t\t\t\t\t\t\t\t<div class=\"elementor-gallery-item__overlay\"><\/div>\n\t\t\t\t\t\t\t\t\t\t\t\t\t\t<\/a>\n\t\t\t\t\t\t\t<a class=\"e-gallery-item elementor-gallery-item elementor-animated-content\" href=\"https:\/\/www.jgclassics.com\/wp-content\/uploads\/2023\/09\/20230924_102221.jpg\" data-elementor-open-lightbox=\"yes\" data-elementor-lightbox-slideshow=\"f552fc4\" data-elementor-lightbox-title=\"10\u00e8me Montmel\u00f3 2023 Classic Car Meeting - VW Golf MK II\" data-elementor-lightbox-description=\"VW Golf MK II\" data-e-action-hash=\"#elementor-action%3Aaction%3Dlightbox%26settings%3DeyJpZCI6MTgzMzMsInVybCI6Imh0dHBzOlwvXC93d3cuamdjbGFzc2ljcy5jb21cL3dwLWNvbnRlbnRcL3VwbG9hZHNcLzIwMjNcLzA5XC8yMDIzMDkyNF8xMDIyMjEuanBnIiwic2xpZGVzaG93IjoiZjU1MmZjNCJ9\">\n\t\t\t\t\t<div class=\"e-gallery-image elementor-gallery-item__image\" data-thumbnail=\"https:\/\/www.jgclassics.com\/wp-content\/uploads\/2023\/09\/20230924_102221.jpg\" data-width=\"1\" data-height=\"1\" aria-label=\"10\u00e8me Montmel\u00f3 2023 Classic Car Meeting - VW Golf MK II\" role=\"img\" ><\/div>\n\t\t\t\t\t\t\t\t\t\t\t<div class=\"elementor-gallery-item__overlay\"><\/div>\n\t\t\t\t\t\t\t\t\t\t\t\t\t\t<\/a>\n\t\t\t\t\t\t\t<a class=\"e-gallery-item elementor-gallery-item elementor-animated-content\" href=\"https:\/\/www.jgclassics.com\/wp-content\/uploads\/2023\/09\/20230924_102209-scaled.jpg\" data-elementor-open-lightbox=\"yes\" data-elementor-lightbox-slideshow=\"f552fc4\" data-elementor-lightbox-title=\"10\u00e8me Montmel\u00f3 2023 Classic Car Meeting - VWGolf MK II\" data-elementor-lightbox-description=\"VWGolf MK II\" data-e-action-hash=\"#elementor-action%3Aaction%3Dlightbox%26settings%3DeyJpZCI6MTgzMjUsInVybCI6Imh0dHBzOlwvXC93d3cuamdjbGFzc2ljcy5jb21cL3dwLWNvbnRlbnRcL3VwbG9hZHNcLzIwMjNcLzA5XC8yMDIzMDkyNF8xMDIyMDktc2NhbGVkLmpwZyIsInNsaWRlc2hvdyI6ImY1NTJmYzQifQ%3D%3D\">\n\t\t\t\t\t<div class=\"e-gallery-image elementor-gallery-item__image\" data-thumbnail=\"https:\/\/www.jgclassics.com\/wp-content\/uploads\/2023\/09\/20230924_102209-300x169.jpg\" data-width=\"300\" data-height=\"169\" aria-label=\"10\u00e8me Montmel\u00f3 2023 Classic Car Meeting - VW Golf MK II\" role=\"img\" ><\/div>\n\t\t\t\t\t\t\t\t\t\t\t<div class=\"elementor-gallery-item__overlay\"><\/div>\n\t\t\t\t\t\t\t\t\t\t\t\t\t\t<\/a>\n\t\t\t\t\t\t\t<a class=\"e-gallery-item elementor-gallery-item elementor-animated-content\" href=\"https:\/\/www.jgclassics.com\/wp-content\/uploads\/2023\/09\/20230924_102202.jpg\" data-elementor-open-lightbox=\"yes\" data-elementor-lightbox-slideshow=\"f552fc4\" data-elementor-lightbox-title=\"10\u00e8me Montmel\u00f3 2023 Classic Car Meeting - VW Golf MK II\" data-elementor-lightbox-description=\"VW Golf MK II\" data-e-action-hash=\"#elementor-action%3Aaction%3Dlightbox%26settings%3DeyJpZCI6MTgzMjEsInVybCI6Imh0dHBzOlwvXC93d3cuamdjbGFzc2ljcy5jb21cL3dwLWNvbnRlbnRcL3VwbG9hZHNcLzIwMjNcLzA5XC8yMDIzMDkyNF8xMDIyMDIuanBnIiwic2xpZGVzaG93IjoiZjU1MmZjNCJ9\">\n\t\t\t\t\t<div class=\"e-gallery-image elementor-gallery-item__image\" data-thumbnail=\"https:\/\/www.jgclassics.com\/wp-content\/uploads\/2023\/09\/20230924_102202.jpg\" data-width=\"1\" data-height=\"1\" aria-label=\"10\u00e8me Montmel\u00f3 2023 Classic Car Meeting - VW Golf MK II\" role=\"img\" ><\/div>\n\t\t\t\t\t\t\t\t\t\t\t<div class=\"elementor-gallery-item__overlay\"><\/div>\n\t\t\t\t\t\t\t\t\t\t\t\t\t\t<\/a>\n\t\t\t\t\t<\/div>\n\t\t\t\t\t<\/div>\n\t\t\t\t<\/div>\n\t\t\t\t\t<\/div>\n\t\t<\/div>\n\t\t\t\t\t<\/div>\n\t\t<\/section>\n\t\t\t\t<section data-particle_enable=\"false\" data-particle-mobile-disabled=\"false\" class=\"elementor-section elementor-top-section elementor-element elementor-element-228c6dc elementor-section-boxed elementor-section-height-default elementor-section-height-default\" data-id=\"228c6dc\" data-element_type=\"section\" data-e-type=\"section\">\n\t\t\t\t\t\t<div class=\"elementor-container elementor-column-gap-default\">\n\t\t\t\t\t<div class=\"elementor-column elementor-col-100 elementor-top-column elementor-element elementor-element-62e9ec5\" data-id=\"62e9ec5\" data-element_type=\"column\" data-e-type=\"column\">\n\t\t\t<div class=\"elementor-widget-wrap elementor-element-populated\">\n\t\t\t\t\t\t<div class=\"elementor-element elementor-element-83dd6d8 elementor-widget elementor-widget-heading\" data-id=\"83dd6d8\" data-element_type=\"widget\" data-e-type=\"widget\" data-widget_type=\"heading.default\">\n\t\t\t\t<div class=\"elementor-widget-container\">\n\t\t\t\t\t<h2 class=\"elementor-heading-title elementor-size-default\">Le matin : exposition et activit\u00e9s \u00e0 partir de 9 heures.<\/h2>\t\t\t\t<\/div>\n\t\t\t\t<\/div>\n\t\t\t\t\t<\/div>\n\t\t<\/div>\n\t\t\t\t\t<\/div>\n\t\t<\/section>\n\t\t\t\t<section data-particle_enable=\"false\" data-particle-mobile-disabled=\"false\" class=\"elementor-section elementor-top-section elementor-element elementor-element-6be59d2 elementor-section-boxed elementor-section-height-default elementor-section-height-default\" data-id=\"6be59d2\" data-element_type=\"section\" data-e-type=\"section\">\n\t\t\t\t\t\t<div class=\"elementor-container elementor-column-gap-default\">\n\t\t\t\t\t<div class=\"elementor-column elementor-col-100 elementor-top-column elementor-element elementor-element-4634085\" data-id=\"4634085\" data-element_type=\"column\" data-e-type=\"column\">\n\t\t\t<div class=\"elementor-widget-wrap elementor-element-populated\">\n\t\t\t\t\t\t<div class=\"elementor-element elementor-element-5a5c16e elementor-widget elementor-widget-text-editor\" data-id=\"5a5c16e\" data-element_type=\"widget\" data-e-type=\"widget\" data-widget_type=\"text-editor.default\">\n\t\t\t\t<div class=\"elementor-widget-container\">\n\t\t\t\t\t\t\t\t\t<p>Bien que l&#8217;\u00e9quipe organisatrice ait travaill\u00e9 quelques heures auparavant, les premiers v\u00e9hicules expos\u00e9s ont commenc\u00e9 \u00e0 arriver vers 8 heures. Le groupe du <a href=\"http:\/\/www.clubmaresmeclassics.com\/\" target=\"_blank\" rel=\"noopener\">Maresme Classics Club<\/a> a \u00e9t\u00e9 l&#8217;un des premiers \u00e0 arriver, et dans l&#8217;heure qui a suivi, le gros des v\u00e9hicules a commenc\u00e9 \u00e0 arriver. Les organisateurs ont mis en place deux entr\u00e9es \u00e0 partir de deux rues diff\u00e9rentes afin que l&#8217;entr\u00e9e se fasse en douceur.<\/p>\n\t\t\t\t\t\t\t\t<\/div>\n\t\t\t\t<\/div>\n\t\t\t\t\t<\/div>\n\t\t<\/div>\n\t\t\t\t\t<\/div>\n\t\t<\/section>\n\t\t\t\t<section data-particle_enable=\"false\" data-particle-mobile-disabled=\"false\" class=\"elementor-section elementor-top-section elementor-element elementor-element-b0708a1 elementor-section-boxed elementor-section-height-default elementor-section-height-default\" data-id=\"b0708a1\" data-element_type=\"section\" data-e-type=\"section\">\n\t\t\t\t\t\t<div class=\"elementor-container elementor-column-gap-default\">\n\t\t\t\t\t<div class=\"elementor-column elementor-col-100 elementor-top-column elementor-element elementor-element-8d93aeb\" data-id=\"8d93aeb\" data-element_type=\"column\" data-e-type=\"column\">\n\t\t\t<div class=\"elementor-widget-wrap elementor-element-populated\">\n\t\t\t\t\t\t<div class=\"elementor-element elementor-element-e23c327 elementor-widget elementor-widget-gallery\" data-id=\"e23c327\" data-element_type=\"widget\" data-e-type=\"widget\" data-settings=\"{&quot;gallery_layout&quot;:&quot;justified&quot;,&quot;ideal_row_height&quot;:{&quot;unit&quot;:&quot;px&quot;,&quot;size&quot;:118,&quot;sizes&quot;:[]},&quot;ideal_row_height_mobile&quot;:{&quot;unit&quot;:&quot;px&quot;,&quot;size&quot;:100,&quot;sizes&quot;:[]},&quot;lazyload&quot;:&quot;yes&quot;,&quot;ideal_row_height_tablet&quot;:{&quot;unit&quot;:&quot;px&quot;,&quot;size&quot;:150,&quot;sizes&quot;:[]},&quot;gap&quot;:{&quot;unit&quot;:&quot;px&quot;,&quot;size&quot;:10,&quot;sizes&quot;:[]},&quot;gap_tablet&quot;:{&quot;unit&quot;:&quot;px&quot;,&quot;size&quot;:10,&quot;sizes&quot;:[]},&quot;gap_mobile&quot;:{&quot;unit&quot;:&quot;px&quot;,&quot;size&quot;:10,&quot;sizes&quot;:[]},&quot;link_to&quot;:&quot;file&quot;,&quot;overlay_background&quot;:&quot;yes&quot;,&quot;content_hover_animation&quot;:&quot;fade-in&quot;}\" data-widget_type=\"gallery.default\">\n\t\t\t\t<div class=\"elementor-widget-container\">\n\t\t\t\t\t\t\t<div class=\"elementor-gallery__container\">\n\t\t\t\t\t\t\t<a class=\"e-gallery-item elementor-gallery-item elementor-animated-content\" href=\"https:\/\/www.jgclassics.com\/wp-content\/uploads\/2023\/09\/20230924_151454-scaled.jpg\" data-elementor-open-lightbox=\"yes\" data-elementor-lightbox-slideshow=\"e23c327\" data-elementor-lightbox-title=\"10\u00e8me rencontre de voitures de collection Montmel\u00f3 2023\" data-elementor-lightbox-description=\"10\u00e8me Montmel\u00f3 2023 Classic Car Meeting - Notre num\u00e9ro de dorsale 075\" data-e-action-hash=\"#elementor-action%3Aaction%3Dlightbox%26settings%3DeyJpZCI6MTgxMzEsInVybCI6Imh0dHBzOlwvXC93d3cuamdjbGFzc2ljcy5jb21cL3dwLWNvbnRlbnRcL3VwbG9hZHNcLzIwMjNcLzA5XC8yMDIzMDkyNF8xNTE0NTQtc2NhbGVkLmpwZyIsInNsaWRlc2hvdyI6ImUyM2MzMjcifQ%3D%3D\">\n\t\t\t\t\t<div class=\"e-gallery-image elementor-gallery-item__image\" data-thumbnail=\"https:\/\/www.jgclassics.com\/wp-content\/uploads\/2023\/09\/20230924_151454-300x156.jpg\" data-width=\"300\" data-height=\"156\" aria-label=\"10\u00e8me rencontre de voitures de collection Montmel\u00f3 2023\" role=\"img\" ><\/div>\n\t\t\t\t\t\t\t\t\t\t\t<div class=\"elementor-gallery-item__overlay\"><\/div>\n\t\t\t\t\t\t\t\t\t\t\t\t\t\t<\/a>\n\t\t\t\t\t\t\t<a class=\"e-gallery-item elementor-gallery-item elementor-animated-content\" href=\"https:\/\/www.jgclassics.com\/wp-content\/uploads\/2023\/09\/20230924_090318-scaled.jpg\" data-elementor-open-lightbox=\"yes\" data-elementor-lightbox-slideshow=\"e23c327\" data-elementor-lightbox-title=\"10\u00e8me Montmel\u00f3 2023 Classic Car Meeting - Assemblage des arr\u00eats\" data-elementor-lightbox-description=\"Assemblage des but\u00e9es\" data-e-action-hash=\"#elementor-action%3Aaction%3Dlightbox%26settings%3DeyJpZCI6MTgxMjYsInVybCI6Imh0dHBzOlwvXC93d3cuamdjbGFzc2ljcy5jb21cL3dwLWNvbnRlbnRcL3VwbG9hZHNcLzIwMjNcLzA5XC8yMDIzMDkyNF8wOTAzMTgtc2NhbGVkLmpwZyIsInNsaWRlc2hvdyI6ImUyM2MzMjcifQ%3D%3D\">\n\t\t\t\t\t<div class=\"e-gallery-image elementor-gallery-item__image\" data-thumbnail=\"https:\/\/www.jgclassics.com\/wp-content\/uploads\/2023\/09\/20230924_090318-300x169.jpg\" data-width=\"300\" data-height=\"169\" aria-label=\"10\u00e8me Montmel\u00f3 2023 Classic Car Meeting - Assemblage des arr\u00eats\" role=\"img\" ><\/div>\n\t\t\t\t\t\t\t\t\t\t\t<div class=\"elementor-gallery-item__overlay\"><\/div>\n\t\t\t\t\t\t\t\t\t\t\t\t\t\t<\/a>\n\t\t\t\t\t\t\t<a class=\"e-gallery-item elementor-gallery-item elementor-animated-content\" href=\"https:\/\/www.jgclassics.com\/wp-content\/uploads\/2023\/09\/20230924_090333-scaled.jpg\" data-elementor-open-lightbox=\"yes\" data-elementor-lightbox-slideshow=\"e23c327\" data-elementor-lightbox-title=\"10\u00e8me rencontre de voitures de collection Montmel\u00f3 2023\" data-elementor-lightbox-description=\"Arriv\u00e9e des premi\u00e8res motos\" data-e-action-hash=\"#elementor-action%3Aaction%3Dlightbox%26settings%3DeyJpZCI6MTgwOTgsInVybCI6Imh0dHBzOlwvXC93d3cuamdjbGFzc2ljcy5jb21cL3dwLWNvbnRlbnRcL3VwbG9hZHNcLzIwMjNcLzA5XC8yMDIzMDkyNF8wOTAzMzMtc2NhbGVkLmpwZyIsInNsaWRlc2hvdyI6ImUyM2MzMjcifQ%3D%3D\">\n\t\t\t\t\t<div class=\"e-gallery-image elementor-gallery-item__image\" data-thumbnail=\"https:\/\/www.jgclassics.com\/wp-content\/uploads\/2023\/09\/20230924_090333-300x169.jpg\" data-width=\"300\" data-height=\"169\" aria-label=\"10e r\u00e9union de voitures classiques Montmel\u00f3 2023. Les premi\u00e8res motos\" role=\"img\" ><\/div>\n\t\t\t\t\t\t\t\t\t\t\t<div class=\"elementor-gallery-item__overlay\"><\/div>\n\t\t\t\t\t\t\t\t\t\t\t\t\t\t<\/a>\n\t\t\t\t\t\t\t<a class=\"e-gallery-item elementor-gallery-item elementor-animated-content\" href=\"https:\/\/www.jgclassics.com\/wp-content\/uploads\/2023\/09\/20230924_090108-scaled.jpg\" data-elementor-open-lightbox=\"yes\" data-elementor-lightbox-slideshow=\"e23c327\" data-elementor-lightbox-title=\"10\u00e8me Montmel\u00f3 2023 Classic Car Meeting - De Tomaso Pantera\" data-elementor-lightbox-description=\"De Tomaso Pantera\" data-e-action-hash=\"#elementor-action%3Aaction%3Dlightbox%26settings%3DeyJpZCI6MTgxMjIsInVybCI6Imh0dHBzOlwvXC93d3cuamdjbGFzc2ljcy5jb21cL3dwLWNvbnRlbnRcL3VwbG9hZHNcLzIwMjNcLzA5XC8yMDIzMDkyNF8wOTAxMDgtc2NhbGVkLmpwZyIsInNsaWRlc2hvdyI6ImUyM2MzMjcifQ%3D%3D\">\n\t\t\t\t\t<div class=\"e-gallery-image elementor-gallery-item__image\" data-thumbnail=\"https:\/\/www.jgclassics.com\/wp-content\/uploads\/2023\/09\/20230924_090108-300x169.jpg\" data-width=\"300\" data-height=\"169\" aria-label=\"10\u00e8me Montmel\u00f3 2023 Classic Car Meeting - De Tomaso Pantera\" role=\"img\" ><\/div>\n\t\t\t\t\t\t\t\t\t\t\t<div class=\"elementor-gallery-item__overlay\"><\/div>\n\t\t\t\t\t\t\t\t\t\t\t\t\t\t<\/a>\n\t\t\t\t\t\t\t<a class=\"e-gallery-item elementor-gallery-item elementor-animated-content\" href=\"https:\/\/www.jgclassics.com\/wp-content\/uploads\/2023\/09\/20230924_090320-scaled.jpg\" data-elementor-open-lightbox=\"yes\" data-elementor-lightbox-slideshow=\"e23c327\" data-elementor-lightbox-title=\"10\u00e8me rencontre de voitures de collection Montmel\u00f3 2023\" data-elementor-lightbox-description=\"Mise en place de stands de vente de produits d\u00e9riv\u00e9s\" data-e-action-hash=\"#elementor-action%3Aaction%3Dlightbox%26settings%3DeyJpZCI6MTgwOTQsInVybCI6Imh0dHBzOlwvXC93d3cuamdjbGFzc2ljcy5jb21cL3dwLWNvbnRlbnRcL3VwbG9hZHNcLzIwMjNcLzA5XC8yMDIzMDkyNF8wOTAzMjAtc2NhbGVkLmpwZyIsInNsaWRlc2hvdyI6ImUyM2MzMjcifQ%3D%3D\">\n\t\t\t\t\t<div class=\"e-gallery-image elementor-gallery-item__image\" data-thumbnail=\"https:\/\/www.jgclassics.com\/wp-content\/uploads\/2023\/09\/20230924_090320-300x169.jpg\" data-width=\"300\" data-height=\"169\" aria-label=\"10\u00e8me rencontre de voitures de collection Montmel\u00f3 2023\" role=\"img\" ><\/div>\n\t\t\t\t\t\t\t\t\t\t\t<div class=\"elementor-gallery-item__overlay\"><\/div>\n\t\t\t\t\t\t\t\t\t\t\t\t\t\t<\/a>\n\t\t\t\t\t\t\t<a class=\"e-gallery-item elementor-gallery-item elementor-animated-content\" href=\"https:\/\/www.jgclassics.com\/wp-content\/uploads\/2023\/09\/20230924_094141-scaled.jpg\" data-elementor-open-lightbox=\"yes\" data-elementor-lightbox-slideshow=\"e23c327\" data-elementor-lightbox-title=\"10\u00e8me Montmel\u00f3 2023 Classic Car Meeting - De Tomaso Pantera et Renault Alpine\" data-elementor-lightbox-description=\"De Tomaso Pantera et Renault Alpine\" data-e-action-hash=\"#elementor-action%3Aaction%3Dlightbox%26settings%3DeyJpZCI6MTgxMTgsInVybCI6Imh0dHBzOlwvXC93d3cuamdjbGFzc2ljcy5jb21cL3dwLWNvbnRlbnRcL3VwbG9hZHNcLzIwMjNcLzA5XC8yMDIzMDkyNF8wOTQxNDEtc2NhbGVkLmpwZyIsInNsaWRlc2hvdyI6ImUyM2MzMjcifQ%3D%3D\">\n\t\t\t\t\t<div class=\"e-gallery-image elementor-gallery-item__image\" data-thumbnail=\"https:\/\/www.jgclassics.com\/wp-content\/uploads\/2023\/09\/20230924_094141-300x169.jpg\" data-width=\"300\" data-height=\"169\" aria-label=\"10\u00e8me Montmel\u00f3 2023 Classic Car Meeting - De Tomaso Pantera et Renault Alpine\" role=\"img\" ><\/div>\n\t\t\t\t\t\t\t\t\t\t\t<div class=\"elementor-gallery-item__overlay\"><\/div>\n\t\t\t\t\t\t\t\t\t\t\t\t\t\t<\/a>\n\t\t\t\t\t\t\t<a class=\"e-gallery-item elementor-gallery-item elementor-animated-content\" href=\"https:\/\/www.jgclassics.com\/wp-content\/uploads\/2023\/09\/20230924_094133-scaled.jpg\" data-elementor-open-lightbox=\"yes\" data-elementor-lightbox-slideshow=\"e23c327\" data-elementor-lightbox-title=\"10\u00e8me Montmel\u00f3 2023 Classic Car Meeting - Peugeot 205 GTI\" data-elementor-lightbox-description=\"Peugeot 205 GTI\" data-e-action-hash=\"#elementor-action%3Aaction%3Dlightbox%26settings%3DeyJpZCI6MTgxMTQsInVybCI6Imh0dHBzOlwvXC93d3cuamdjbGFzc2ljcy5jb21cL3dwLWNvbnRlbnRcL3VwbG9hZHNcLzIwMjNcLzA5XC8yMDIzMDkyNF8wOTQxMzMtc2NhbGVkLmpwZyIsInNsaWRlc2hvdyI6ImUyM2MzMjcifQ%3D%3D\">\n\t\t\t\t\t<div class=\"e-gallery-image elementor-gallery-item__image\" data-thumbnail=\"https:\/\/www.jgclassics.com\/wp-content\/uploads\/2023\/09\/20230924_094133-300x169.jpg\" data-width=\"300\" data-height=\"169\" aria-label=\"10\u00e8me Montmel\u00f3 2023 Classic Car Meeting - Peugeot 205 GTI\" role=\"img\" ><\/div>\n\t\t\t\t\t\t\t\t\t\t\t<div class=\"elementor-gallery-item__overlay\"><\/div>\n\t\t\t\t\t\t\t\t\t\t\t\t\t\t<\/a>\n\t\t\t\t\t\t\t<a class=\"e-gallery-item elementor-gallery-item elementor-animated-content\" href=\"https:\/\/www.jgclassics.com\/wp-content\/uploads\/2023\/09\/20230924_094121-scaled.jpg\" data-elementor-open-lightbox=\"yes\" data-elementor-lightbox-slideshow=\"e23c327\" data-elementor-lightbox-title=\"10\u00e8me Montmel\u00f3 2023 Classic Car Meeting - Porsche 550\" data-elementor-lightbox-description=\"Porsche 550\" data-e-action-hash=\"#elementor-action%3Aaction%3Dlightbox%26settings%3DeyJpZCI6MTgxMTAsInVybCI6Imh0dHBzOlwvXC93d3cuamdjbGFzc2ljcy5jb21cL3dwLWNvbnRlbnRcL3VwbG9hZHNcLzIwMjNcLzA5XC8yMDIzMDkyNF8wOTQxMjEtc2NhbGVkLmpwZyIsInNsaWRlc2hvdyI6ImUyM2MzMjcifQ%3D%3D\">\n\t\t\t\t\t<div class=\"e-gallery-image elementor-gallery-item__image\" data-thumbnail=\"https:\/\/www.jgclassics.com\/wp-content\/uploads\/2023\/09\/20230924_094121-300x169.jpg\" data-width=\"300\" data-height=\"169\" aria-label=\"10\u00e8me Montmel\u00f3 2023 Classic Car Meeting - Porsche 550\" role=\"img\" ><\/div>\n\t\t\t\t\t\t\t\t\t\t\t<div class=\"elementor-gallery-item__overlay\"><\/div>\n\t\t\t\t\t\t\t\t\t\t\t\t\t\t<\/a>\n\t\t\t\t\t\t\t<a class=\"e-gallery-item elementor-gallery-item elementor-animated-content\" href=\"https:\/\/www.jgclassics.com\/wp-content\/uploads\/2023\/09\/20230924_094105-scaled.jpg\" data-elementor-open-lightbox=\"yes\" data-elementor-lightbox-slideshow=\"e23c327\" data-elementor-lightbox-title=\"10\u00e8me Montmel\u00f3 2023 Classic Car Meeting - Porsche 550\" data-elementor-lightbox-description=\"Porsche 550\" data-e-action-hash=\"#elementor-action%3Aaction%3Dlightbox%26settings%3DeyJpZCI6MTgxMDYsInVybCI6Imh0dHBzOlwvXC93d3cuamdjbGFzc2ljcy5jb21cL3dwLWNvbnRlbnRcL3VwbG9hZHNcLzIwMjNcLzA5XC8yMDIzMDkyNF8wOTQxMDUtc2NhbGVkLmpwZyIsInNsaWRlc2hvdyI6ImUyM2MzMjcifQ%3D%3D\">\n\t\t\t\t\t<div class=\"e-gallery-image elementor-gallery-item__image\" data-thumbnail=\"https:\/\/www.jgclassics.com\/wp-content\/uploads\/2023\/09\/20230924_094105-300x169.jpg\" data-width=\"300\" data-height=\"169\" aria-label=\"10\u00e8me Montmel\u00f3 2023 Classic Car Meeting - Porsche 550\" role=\"img\" ><\/div>\n\t\t\t\t\t\t\t\t\t\t\t<div class=\"elementor-gallery-item__overlay\"><\/div>\n\t\t\t\t\t\t\t\t\t\t\t\t\t\t<\/a>\n\t\t\t\t\t\t\t<a class=\"e-gallery-item elementor-gallery-item elementor-animated-content\" href=\"https:\/\/www.jgclassics.com\/wp-content\/uploads\/2023\/09\/20230924_094052-scaled.jpg\" data-elementor-open-lightbox=\"yes\" data-elementor-lightbox-slideshow=\"e23c327\" data-elementor-lightbox-title=\"10\u00e8me Montmel\u00f3 2023 Classic Car Meeting - Une MG TA\" data-elementor-lightbox-description=\"Localisation d&#039;une MG TA\" data-e-action-hash=\"#elementor-action%3Aaction%3Dlightbox%26settings%3DeyJpZCI6MTgxMDIsInVybCI6Imh0dHBzOlwvXC93d3cuamdjbGFzc2ljcy5jb21cL3dwLWNvbnRlbnRcL3VwbG9hZHNcLzIwMjNcLzA5XC8yMDIzMDkyNF8wOTQwNTItc2NhbGVkLmpwZyIsInNsaWRlc2hvdyI6ImUyM2MzMjcifQ%3D%3D\">\n\t\t\t\t\t<div class=\"e-gallery-image elementor-gallery-item__image\" data-thumbnail=\"https:\/\/www.jgclassics.com\/wp-content\/uploads\/2023\/09\/20230924_094052-169x300.jpg\" data-width=\"169\" data-height=\"300\" aria-label=\"10\u00e8me Montmel\u00f3 2023 Classic Car Meeting - Une MG TA\" role=\"img\" ><\/div>\n\t\t\t\t\t\t\t\t\t\t\t<div class=\"elementor-gallery-item__overlay\"><\/div>\n\t\t\t\t\t\t\t\t\t\t\t\t\t\t<\/a>\n\t\t\t\t\t<\/div>\n\t\t\t\t\t<\/div>\n\t\t\t\t<\/div>\n\t\t\t\t\t<\/div>\n\t\t<\/div>\n\t\t\t\t\t<\/div>\n\t\t<\/section>\n\t\t\t\t<section data-particle_enable=\"false\" data-particle-mobile-disabled=\"false\" class=\"elementor-section elementor-top-section elementor-element elementor-element-4b892ce elementor-section-boxed elementor-section-height-default elementor-section-height-default\" data-id=\"4b892ce\" data-element_type=\"section\" data-e-type=\"section\">\n\t\t\t\t\t\t<div class=\"elementor-container elementor-column-gap-default\">\n\t\t\t\t\t<div class=\"elementor-column elementor-col-100 elementor-top-column elementor-element elementor-element-0be6ad4\" data-id=\"0be6ad4\" data-element_type=\"column\" data-e-type=\"column\">\n\t\t\t<div class=\"elementor-widget-wrap elementor-element-populated\">\n\t\t\t\t\t\t<div class=\"elementor-element elementor-element-8746c18 elementor-widget elementor-widget-text-editor\" data-id=\"8746c18\" data-element_type=\"widget\" data-e-type=\"widget\" data-widget_type=\"text-editor.default\">\n\t\t\t\t<div class=\"elementor-widget-container\">\n\t\t\t\t\t\t\t\t\t<p>Le public a commenc\u00e9 \u00e0 arriver vers 10 heures et a augment\u00e9 progressivement jusqu&#8217;\u00e0 l&#8217;apog\u00e9e de l&#8217;\u00e9v\u00e9nement entre 11 heures et 13 heures 30, heure \u00e0 laquelle le salon \u00e9tait compl\u00e8tement rempli de visiteurs, qui ont pu profiter de l&#8217;exposition de leurs voitures classiques pr\u00e9f\u00e9r\u00e9es, ou voir des mod\u00e8les qu&#8217;ils n&#8217;auraient peut-\u00eatre jamais eu l&#8217;occasion de voir en direct et en direct.<\/p>\n\t\t\t\t\t\t\t\t<\/div>\n\t\t\t\t<\/div>\n\t\t\t\t\t<\/div>\n\t\t<\/div>\n\t\t\t\t\t<\/div>\n\t\t<\/section>\n\t\t\t\t<section data-particle_enable=\"false\" data-particle-mobile-disabled=\"false\" class=\"elementor-section elementor-top-section elementor-element elementor-element-835a9ae elementor-section-boxed elementor-section-height-default elementor-section-height-default\" data-id=\"835a9ae\" data-element_type=\"section\" data-e-type=\"section\">\n\t\t\t\t\t\t<div class=\"elementor-container elementor-column-gap-default\">\n\t\t\t\t\t<div class=\"elementor-column elementor-col-100 elementor-top-column elementor-element elementor-element-faaeca1\" data-id=\"faaeca1\" data-element_type=\"column\" data-e-type=\"column\">\n\t\t\t<div class=\"elementor-widget-wrap elementor-element-populated\">\n\t\t\t\t\t\t<div class=\"elementor-element elementor-element-01edae2 elementor-widget elementor-widget-gallery\" data-id=\"01edae2\" data-element_type=\"widget\" data-e-type=\"widget\" data-settings=\"{&quot;gallery_layout&quot;:&quot;justified&quot;,&quot;ideal_row_height&quot;:{&quot;unit&quot;:&quot;px&quot;,&quot;size&quot;:113,&quot;sizes&quot;:[]},&quot;ideal_row_height_mobile&quot;:{&quot;unit&quot;:&quot;px&quot;,&quot;size&quot;:84,&quot;sizes&quot;:[]},&quot;lazyload&quot;:&quot;yes&quot;,&quot;ideal_row_height_tablet&quot;:{&quot;unit&quot;:&quot;px&quot;,&quot;size&quot;:150,&quot;sizes&quot;:[]},&quot;gap&quot;:{&quot;unit&quot;:&quot;px&quot;,&quot;size&quot;:10,&quot;sizes&quot;:[]},&quot;gap_tablet&quot;:{&quot;unit&quot;:&quot;px&quot;,&quot;size&quot;:10,&quot;sizes&quot;:[]},&quot;gap_mobile&quot;:{&quot;unit&quot;:&quot;px&quot;,&quot;size&quot;:10,&quot;sizes&quot;:[]},&quot;link_to&quot;:&quot;file&quot;,&quot;overlay_background&quot;:&quot;yes&quot;,&quot;content_hover_animation&quot;:&quot;fade-in&quot;}\" data-widget_type=\"gallery.default\">\n\t\t\t\t<div class=\"elementor-widget-container\">\n\t\t\t\t\t\t\t<div class=\"elementor-gallery__container\">\n\t\t\t\t\t\t\t<a class=\"e-gallery-item elementor-gallery-item elementor-animated-content\" href=\"https:\/\/www.jgclassics.com\/wp-content\/uploads\/2023\/09\/20230924_094357-scaled.jpg\" data-elementor-open-lightbox=\"yes\" data-elementor-lightbox-slideshow=\"01edae2\" data-elementor-lightbox-title=\"10\u00e8me Montmel\u00f3 2023 Classic Car Meeting - MGA TA\" data-elementor-lightbox-description=\"MGA TA\" data-e-action-hash=\"#elementor-action%3Aaction%3Dlightbox%26settings%3DeyJpZCI6MTgzMDEsInVybCI6Imh0dHBzOlwvXC93d3cuamdjbGFzc2ljcy5jb21cL3dwLWNvbnRlbnRcL3VwbG9hZHNcLzIwMjNcLzA5XC8yMDIzMDkyNF8wOTQzNTctc2NhbGVkLmpwZyIsInNsaWRlc2hvdyI6IjAxZWRhZTIifQ%3D%3D\">\n\t\t\t\t\t<div class=\"e-gallery-image elementor-gallery-item__image\" data-thumbnail=\"https:\/\/www.jgclassics.com\/wp-content\/uploads\/2023\/09\/20230924_094357-300x169.jpg\" data-width=\"300\" data-height=\"169\" aria-label=\"10\u00e8me Montmel\u00f3 2023 Classic Car Meeting - MGA TA\" role=\"img\" ><\/div>\n\t\t\t\t\t\t\t\t\t\t\t<div class=\"elementor-gallery-item__overlay\"><\/div>\n\t\t\t\t\t\t\t\t\t\t\t\t\t\t<\/a>\n\t\t\t\t\t\t\t<a class=\"e-gallery-item elementor-gallery-item elementor-animated-content\" href=\"https:\/\/www.jgclassics.com\/wp-content\/uploads\/2023\/09\/20230924_123642-scaled.jpg\" data-elementor-open-lightbox=\"yes\" data-elementor-lightbox-slideshow=\"01edae2\" data-elementor-lightbox-title=\"10\u00e8me Montmel\u00f3 Classic Car Meeting 2023 - BMW M3 E30\" data-elementor-lightbox-description=\"BMW M3 E30\" data-e-action-hash=\"#elementor-action%3Aaction%3Dlightbox%26settings%3DeyJpZCI6MTgyOTcsInVybCI6Imh0dHBzOlwvXC93d3cuamdjbGFzc2ljcy5jb21cL3dwLWNvbnRlbnRcL3VwbG9hZHNcLzIwMjNcLzA5XC8yMDIzMDkyNF8xMjM2NDItc2NhbGVkLmpwZyIsInNsaWRlc2hvdyI6IjAxZWRhZTIifQ%3D%3D\">\n\t\t\t\t\t<div class=\"e-gallery-image elementor-gallery-item__image\" data-thumbnail=\"https:\/\/www.jgclassics.com\/wp-content\/uploads\/2023\/09\/20230924_123642-300x169.jpg\" data-width=\"300\" data-height=\"169\" aria-label=\"10\u00e8me Montmel\u00f3 Classic Car Meeting 2023 - BMW M3 E30\" role=\"img\" ><\/div>\n\t\t\t\t\t\t\t\t\t\t\t<div class=\"elementor-gallery-item__overlay\"><\/div>\n\t\t\t\t\t\t\t\t\t\t\t\t\t\t<\/a>\n\t\t\t\t\t\t\t<a class=\"e-gallery-item elementor-gallery-item elementor-animated-content\" href=\"https:\/\/www.jgclassics.com\/wp-content\/uploads\/2023\/09\/20230924_120658.jpg\" data-elementor-open-lightbox=\"yes\" data-elementor-lightbox-slideshow=\"01edae2\" data-elementor-lightbox-title=\"10\u00e8me Montmel\u00f3 2023 Classic Car Meeting - Montesa sidecar &quot;Schreck&quot; :-)\" data-elementor-lightbox-description=\"Montesa sidecar &quot;Schreck&quot; :-)\" data-e-action-hash=\"#elementor-action%3Aaction%3Dlightbox%26settings%3DeyJpZCI6MTgyOTMsInVybCI6Imh0dHBzOlwvXC93d3cuamdjbGFzc2ljcy5jb21cL3dwLWNvbnRlbnRcL3VwbG9hZHNcLzIwMjNcLzA5XC8yMDIzMDkyNF8xMjA2NTguanBnIiwic2xpZGVzaG93IjoiMDFlZGFlMiJ9\">\n\t\t\t\t\t<div class=\"e-gallery-image elementor-gallery-item__image\" data-thumbnail=\"https:\/\/www.jgclassics.com\/wp-content\/uploads\/2023\/09\/20230924_120658.jpg\" data-width=\"1\" data-height=\"1\" aria-label=\"10\u00e8me Montmel\u00f3 2023 Classic Car Meeting - Montesa sidecar &quot;Schreck&quot; :-)\" role=\"img\" ><\/div>\n\t\t\t\t\t\t\t\t\t\t\t<div class=\"elementor-gallery-item__overlay\"><\/div>\n\t\t\t\t\t\t\t\t\t\t\t\t\t\t<\/a>\n\t\t\t\t\t\t\t<a class=\"e-gallery-item elementor-gallery-item elementor-animated-content\" href=\"https:\/\/www.jgclassics.com\/wp-content\/uploads\/2023\/09\/20230924_103243-scaled.jpg\" data-elementor-open-lightbox=\"yes\" data-elementor-lightbox-slideshow=\"01edae2\" data-elementor-lightbox-title=\"10\u00e8me Montmel\u00f3 Classic Car Meeting 2023 - Renault 5 Turbo \u00e0 moteur central\" data-elementor-lightbox-description=\"Renault 5 Turbo \u00e0 moteur central\" data-e-action-hash=\"#elementor-action%3Aaction%3Dlightbox%26settings%3DeyJpZCI6MTgyODksInVybCI6Imh0dHBzOlwvXC93d3cuamdjbGFzc2ljcy5jb21cL3dwLWNvbnRlbnRcL3VwbG9hZHNcLzIwMjNcLzA5XC8yMDIzMDkyNF8xMDMyNDMtc2NhbGVkLmpwZyIsInNsaWRlc2hvdyI6IjAxZWRhZTIifQ%3D%3D\">\n\t\t\t\t\t<div class=\"e-gallery-image elementor-gallery-item__image\" data-thumbnail=\"https:\/\/www.jgclassics.com\/wp-content\/uploads\/2023\/09\/20230924_103243-300x169.jpg\" data-width=\"300\" data-height=\"169\" aria-label=\"10\u00e8me Montmel\u00f3 2023 Classic Car Meeting - Renault 5 Turbo \u00e0 moteur central\" role=\"img\" ><\/div>\n\t\t\t\t\t\t\t\t\t\t\t<div class=\"elementor-gallery-item__overlay\"><\/div>\n\t\t\t\t\t\t\t\t\t\t\t\t\t\t<\/a>\n\t\t\t\t\t\t\t<a class=\"e-gallery-item elementor-gallery-item elementor-animated-content\" href=\"https:\/\/www.jgclassics.com\/wp-content\/uploads\/2023\/09\/20230924_103207-scaled.jpg\" data-elementor-open-lightbox=\"yes\" data-elementor-lightbox-slideshow=\"01edae2\" data-elementor-lightbox-title=\"10\u00e8me Montmel\u00f3 Classic Car Meeting 2023 - Talbot 1928\" data-elementor-lightbox-description=\"Talbot 1928 (Prix de la voiture la plus ancienne du concours)\" data-e-action-hash=\"#elementor-action%3Aaction%3Dlightbox%26settings%3DeyJpZCI6MTgyODUsInVybCI6Imh0dHBzOlwvXC93d3cuamdjbGFzc2ljcy5jb21cL3dwLWNvbnRlbnRcL3VwbG9hZHNcLzIwMjNcLzA5XC8yMDIzMDkyNF8xMDMyMDctc2NhbGVkLmpwZyIsInNsaWRlc2hvdyI6IjAxZWRhZTIifQ%3D%3D\">\n\t\t\t\t\t<div class=\"e-gallery-image elementor-gallery-item__image\" data-thumbnail=\"https:\/\/www.jgclassics.com\/wp-content\/uploads\/2023\/09\/20230924_103207-300x169.jpg\" data-width=\"300\" data-height=\"169\" aria-label=\"10\u00e8me Montmel\u00f3 Classic Car Meeting 2023 - Talbot 1928\" role=\"img\" ><\/div>\n\t\t\t\t\t\t\t\t\t\t\t<div class=\"elementor-gallery-item__overlay\"><\/div>\n\t\t\t\t\t\t\t\t\t\t\t\t\t\t<\/a>\n\t\t\t\t\t\t\t<a class=\"e-gallery-item elementor-gallery-item elementor-animated-content\" href=\"https:\/\/www.jgclassics.com\/wp-content\/uploads\/2023\/09\/20230924_102956-scaled.jpg\" data-elementor-open-lightbox=\"yes\" data-elementor-lightbox-slideshow=\"01edae2\" data-elementor-lightbox-title=\"10e r\u00e9union de voitures classiques Montmel\u00f3 2023. Seat 850 Coupe Special\" data-elementor-lightbox-description=\"Seat 850 Coupe Special\" data-e-action-hash=\"#elementor-action%3Aaction%3Dlightbox%26settings%3DeyJpZCI6MTgyODEsInVybCI6Imh0dHBzOlwvXC93d3cuamdjbGFzc2ljcy5jb21cL3dwLWNvbnRlbnRcL3VwbG9hZHNcLzIwMjNcLzA5XC8yMDIzMDkyNF8xMDI5NTYtc2NhbGVkLmpwZyIsInNsaWRlc2hvdyI6IjAxZWRhZTIifQ%3D%3D\">\n\t\t\t\t\t<div class=\"e-gallery-image elementor-gallery-item__image\" data-thumbnail=\"https:\/\/www.jgclassics.com\/wp-content\/uploads\/2023\/09\/20230924_102956-300x169.jpg\" data-width=\"300\" data-height=\"169\" aria-label=\"10e r\u00e9union de voitures classiques Montmel\u00f3 2023. Seat 850 Coupe Special\" role=\"img\" ><\/div>\n\t\t\t\t\t\t\t\t\t\t\t<div class=\"elementor-gallery-item__overlay\"><\/div>\n\t\t\t\t\t\t\t\t\t\t\t\t\t\t<\/a>\n\t\t\t\t\t\t\t<a class=\"e-gallery-item elementor-gallery-item elementor-animated-content\" href=\"https:\/\/www.jgclassics.com\/wp-content\/uploads\/2023\/09\/20230924_102826-scaled.jpg\" data-elementor-open-lightbox=\"yes\" data-elementor-lightbox-slideshow=\"01edae2\" data-elementor-lightbox-title=\"10e r\u00e9union de voitures classiques Montmel\u00f3 2023. Spectaculaire moteur de Chevrolet Corvette\" data-elementor-lightbox-description=\"Spectaculaire moteur de Chevrolet Corvette\" data-e-action-hash=\"#elementor-action%3Aaction%3Dlightbox%26settings%3DeyJpZCI6MTgyNzcsInVybCI6Imh0dHBzOlwvXC93d3cuamdjbGFzc2ljcy5jb21cL3dwLWNvbnRlbnRcL3VwbG9hZHNcLzIwMjNcLzA5XC8yMDIzMDkyNF8xMDI4MjYtc2NhbGVkLmpwZyIsInNsaWRlc2hvdyI6IjAxZWRhZTIifQ%3D%3D\">\n\t\t\t\t\t<div class=\"e-gallery-image elementor-gallery-item__image\" data-thumbnail=\"https:\/\/www.jgclassics.com\/wp-content\/uploads\/2023\/09\/20230924_102826-300x169.jpg\" data-width=\"300\" data-height=\"169\" aria-label=\"10e r\u00e9union de voitures classiques Montmel\u00f3 2023. Spectaculaire moteur de Chevrolet Corvette\" role=\"img\" ><\/div>\n\t\t\t\t\t\t\t\t\t\t\t<div class=\"elementor-gallery-item__overlay\"><\/div>\n\t\t\t\t\t\t\t\t\t\t\t\t\t\t<\/a>\n\t\t\t\t\t\t\t<a class=\"e-gallery-item elementor-gallery-item elementor-animated-content\" href=\"https:\/\/www.jgclassics.com\/wp-content\/uploads\/2023\/09\/20230924_102722-scaled.jpg\" data-elementor-open-lightbox=\"yes\" data-elementor-lightbox-slideshow=\"01edae2\" data-elementor-lightbox-title=\"10\u00e8me rencontre de voitures de collection Montmel\u00f3 2023\" data-elementor-lightbox-description=\"10\u00e8me rencontre de voitures de collection Montmel\u00f3 2023\" data-e-action-hash=\"#elementor-action%3Aaction%3Dlightbox%26settings%3DeyJpZCI6MTgyNzMsInVybCI6Imh0dHBzOlwvXC93d3cuamdjbGFzc2ljcy5jb21cL3dwLWNvbnRlbnRcL3VwbG9hZHNcLzIwMjNcLzA5XC8yMDIzMDkyNF8xMDI3MjItc2NhbGVkLmpwZyIsInNsaWRlc2hvdyI6IjAxZWRhZTIifQ%3D%3D\">\n\t\t\t\t\t<div class=\"e-gallery-image elementor-gallery-item__image\" data-thumbnail=\"https:\/\/www.jgclassics.com\/wp-content\/uploads\/2023\/09\/20230924_102722-300x169.jpg\" data-width=\"300\" data-height=\"169\" aria-label=\"10\u00e8me rencontre de voitures de collection Montmel\u00f3 2023\" role=\"img\" ><\/div>\n\t\t\t\t\t\t\t\t\t\t\t<div class=\"elementor-gallery-item__overlay\"><\/div>\n\t\t\t\t\t\t\t\t\t\t\t\t\t\t<\/a>\n\t\t\t\t\t\t\t<a class=\"e-gallery-item elementor-gallery-item elementor-animated-content\" href=\"https:\/\/www.jgclassics.com\/wp-content\/uploads\/2023\/09\/20230924_102658-scaled.jpg\" data-elementor-open-lightbox=\"yes\" data-elementor-lightbox-slideshow=\"01edae2\" data-elementor-lightbox-title=\"10e r\u00e9union de voitures classiques Montmel\u00f3 2023. Golf MKI Cabriolet\" data-elementor-lightbox-description=\"Golf MKI Cabriolet\" data-e-action-hash=\"#elementor-action%3Aaction%3Dlightbox%26settings%3DeyJpZCI6MTgyNjksInVybCI6Imh0dHBzOlwvXC93d3cuamdjbGFzc2ljcy5jb21cL3dwLWNvbnRlbnRcL3VwbG9hZHNcLzIwMjNcLzA5XC8yMDIzMDkyNF8xMDI2NTgtc2NhbGVkLmpwZyIsInNsaWRlc2hvdyI6IjAxZWRhZTIifQ%3D%3D\">\n\t\t\t\t\t<div class=\"e-gallery-image elementor-gallery-item__image\" data-thumbnail=\"https:\/\/www.jgclassics.com\/wp-content\/uploads\/2023\/09\/20230924_102658-300x169.jpg\" data-width=\"300\" data-height=\"169\" aria-label=\"10e r\u00e9union de voitures classiques Montmel\u00f3 2023. Golf MKI Cabriolet\" role=\"img\" ><\/div>\n\t\t\t\t\t\t\t\t\t\t\t<div class=\"elementor-gallery-item__overlay\"><\/div>\n\t\t\t\t\t\t\t\t\t\t\t\t\t\t<\/a>\n\t\t\t\t\t\t\t<a class=\"e-gallery-item elementor-gallery-item elementor-animated-content\" href=\"https:\/\/www.jgclassics.com\/wp-content\/uploads\/2023\/09\/20230924_102620-scaled.jpg\" data-elementor-open-lightbox=\"yes\" data-elementor-lightbox-slideshow=\"01edae2\" data-elementor-lightbox-title=\"10e r\u00e9union de voitures classiques Montmel\u00f3 2023. Chapiteau Maresme Classics. Renault 8 TS\" data-elementor-lightbox-description=\"Chapiteau Maresme Classics. Renault 8 TS\" data-e-action-hash=\"#elementor-action%3Aaction%3Dlightbox%26settings%3DeyJpZCI6MTgyNjUsInVybCI6Imh0dHBzOlwvXC93d3cuamdjbGFzc2ljcy5jb21cL3dwLWNvbnRlbnRcL3VwbG9hZHNcLzIwMjNcLzA5XC8yMDIzMDkyNF8xMDI2MjAtc2NhbGVkLmpwZyIsInNsaWRlc2hvdyI6IjAxZWRhZTIifQ%3D%3D\">\n\t\t\t\t\t<div class=\"e-gallery-image elementor-gallery-item__image\" data-thumbnail=\"https:\/\/www.jgclassics.com\/wp-content\/uploads\/2023\/09\/20230924_102620-300x169.jpg\" data-width=\"300\" data-height=\"169\" aria-label=\"10e r\u00e9union de voitures classiques Montmel\u00f3 2023. Chapiteau Maresme Classics. Renault 8 TS\" role=\"img\" ><\/div>\n\t\t\t\t\t\t\t\t\t\t\t<div class=\"elementor-gallery-item__overlay\"><\/div>\n\t\t\t\t\t\t\t\t\t\t\t\t\t\t<\/a>\n\t\t\t\t\t\t\t<a class=\"e-gallery-item elementor-gallery-item elementor-animated-content\" href=\"https:\/\/www.jgclassics.com\/wp-content\/uploads\/2023\/09\/20230924_102601-scaled.jpg\" data-elementor-open-lightbox=\"yes\" data-elementor-lightbox-slideshow=\"01edae2\" data-elementor-lightbox-title=\"10e r\u00e9union de voitures classiques Montmel\u00f3 2023. Tente Maresme Classics\" data-elementor-lightbox-description=\"Tente Maresme Classics\" data-e-action-hash=\"#elementor-action%3Aaction%3Dlightbox%26settings%3DeyJpZCI6MTgyNjEsInVybCI6Imh0dHBzOlwvXC93d3cuamdjbGFzc2ljcy5jb21cL3dwLWNvbnRlbnRcL3VwbG9hZHNcLzIwMjNcLzA5XC8yMDIzMDkyNF8xMDI2MDEtc2NhbGVkLmpwZyIsInNsaWRlc2hvdyI6IjAxZWRhZTIifQ%3D%3D\">\n\t\t\t\t\t<div class=\"e-gallery-image elementor-gallery-item__image\" data-thumbnail=\"https:\/\/www.jgclassics.com\/wp-content\/uploads\/2023\/09\/20230924_102601-300x169.jpg\" data-width=\"300\" data-height=\"169\" aria-label=\"10e r\u00e9union de voitures classiques Montmel\u00f3 2023. Tente Maresme Classics\" role=\"img\" ><\/div>\n\t\t\t\t\t\t\t\t\t\t\t<div class=\"elementor-gallery-item__overlay\"><\/div>\n\t\t\t\t\t\t\t\t\t\t\t\t\t\t<\/a>\n\t\t\t\t\t\t\t<a class=\"e-gallery-item elementor-gallery-item elementor-animated-content\" href=\"https:\/\/www.jgclassics.com\/wp-content\/uploads\/2023\/09\/20230924_102528.jpg\" data-elementor-open-lightbox=\"yes\" data-elementor-lightbox-slideshow=\"01edae2\" data-elementor-lightbox-title=\"10\u00e8me rencontre de voitures classiques de Montmel\u00f3 2023 - Seat 1500\" data-elementor-lightbox-description=\"Si\u00e8ge 1500\" data-e-action-hash=\"#elementor-action%3Aaction%3Dlightbox%26settings%3DeyJpZCI6MTgyNTcsInVybCI6Imh0dHBzOlwvXC93d3cuamdjbGFzc2ljcy5jb21cL3dwLWNvbnRlbnRcL3VwbG9hZHNcLzIwMjNcLzA5XC8yMDIzMDkyNF8xMDI1MjguanBnIiwic2xpZGVzaG93IjoiMDFlZGFlMiJ9\">\n\t\t\t\t\t<div class=\"e-gallery-image elementor-gallery-item__image\" data-thumbnail=\"https:\/\/www.jgclassics.com\/wp-content\/uploads\/2023\/09\/20230924_102528.jpg\" data-width=\"1\" data-height=\"1\" aria-label=\"10\u00e8me rencontre de voitures classiques de Montmel\u00f3 2023 - Seat 1500\" role=\"img\" ><\/div>\n\t\t\t\t\t\t\t\t\t\t\t<div class=\"elementor-gallery-item__overlay\"><\/div>\n\t\t\t\t\t\t\t\t\t\t\t\t\t\t<\/a>\n\t\t\t\t\t\t\t<a class=\"e-gallery-item elementor-gallery-item elementor-animated-content\" href=\"https:\/\/www.jgclassics.com\/wp-content\/uploads\/2023\/09\/20230924_102507-scaled.jpg\" data-elementor-open-lightbox=\"yes\" data-elementor-lightbox-slideshow=\"01edae2\" data-elementor-lightbox-title=\"10e r\u00e9union de voitures classiques Montmel\u00f3 2023. Si\u00e8ge 124 &quot;Pamplona\" data-elementor-lightbox-description=\"Si\u00e8ge 124 &quot;Pamplona\" data-e-action-hash=\"#elementor-action%3Aaction%3Dlightbox%26settings%3DeyJpZCI6MTgyNTMsInVybCI6Imh0dHBzOlwvXC93d3cuamdjbGFzc2ljcy5jb21cL3dwLWNvbnRlbnRcL3VwbG9hZHNcLzIwMjNcLzA5XC8yMDIzMDkyNF8xMDI1MDctc2NhbGVkLmpwZyIsInNsaWRlc2hvdyI6IjAxZWRhZTIifQ%3D%3D\">\n\t\t\t\t\t<div class=\"e-gallery-image elementor-gallery-item__image\" data-thumbnail=\"https:\/\/www.jgclassics.com\/wp-content\/uploads\/2023\/09\/20230924_102507-300x169.jpg\" data-width=\"300\" data-height=\"169\" aria-label=\"10e r\u00e9union de voitures classiques Montmel\u00f3 2023. Si\u00e8ge 124 &quot;Pamplona\" role=\"img\" ><\/div>\n\t\t\t\t\t\t\t\t\t\t\t<div class=\"elementor-gallery-item__overlay\"><\/div>\n\t\t\t\t\t\t\t\t\t\t\t\t\t\t<\/a>\n\t\t\t\t\t\t\t<a class=\"e-gallery-item elementor-gallery-item elementor-animated-content\" href=\"https:\/\/www.jgclassics.com\/wp-content\/uploads\/2023\/09\/20230924_101519-scaled.jpg\" data-elementor-open-lightbox=\"yes\" data-elementor-lightbox-slideshow=\"01edae2\" data-elementor-lightbox-title=\"10\u00e8me rencontre de voitures de collection Montmel\u00f3 2023\" data-elementor-lightbox-description=\"10\u00e8me rencontre de voitures de collection Montmel\u00f3 2023\" data-e-action-hash=\"#elementor-action%3Aaction%3Dlightbox%26settings%3DeyJpZCI6MTgyNDksInVybCI6Imh0dHBzOlwvXC93d3cuamdjbGFzc2ljcy5jb21cL3dwLWNvbnRlbnRcL3VwbG9hZHNcLzIwMjNcLzA5XC8yMDIzMDkyNF8xMDE1MTktc2NhbGVkLmpwZyIsInNsaWRlc2hvdyI6IjAxZWRhZTIifQ%3D%3D\">\n\t\t\t\t\t<div class=\"e-gallery-image elementor-gallery-item__image\" data-thumbnail=\"https:\/\/www.jgclassics.com\/wp-content\/uploads\/2023\/09\/20230924_101519-300x169.jpg\" data-width=\"300\" data-height=\"169\" aria-label=\"10\u00e8me rencontre de voitures de collection Montmel\u00f3 2023\" role=\"img\" ><\/div>\n\t\t\t\t\t\t\t\t\t\t\t<div class=\"elementor-gallery-item__overlay\"><\/div>\n\t\t\t\t\t\t\t\t\t\t\t\t\t\t<\/a>\n\t\t\t\t\t\t\t<a class=\"e-gallery-item elementor-gallery-item elementor-animated-content\" href=\"https:\/\/www.jgclassics.com\/wp-content\/uploads\/2023\/09\/20230924_101516-scaled.jpg\" data-elementor-open-lightbox=\"yes\" data-elementor-lightbox-slideshow=\"01edae2\" data-elementor-lightbox-title=\"10\u00e8me rencontre de voitures de collection Montmel\u00f3 2023\" data-elementor-lightbox-description=\"10\u00e8me rencontre de voitures de collection Montmel\u00f3 2023\" data-e-action-hash=\"#elementor-action%3Aaction%3Dlightbox%26settings%3DeyJpZCI6MTgyNDUsInVybCI6Imh0dHBzOlwvXC93d3cuamdjbGFzc2ljcy5jb21cL3dwLWNvbnRlbnRcL3VwbG9hZHNcLzIwMjNcLzA5XC8yMDIzMDkyNF8xMDE1MTYtc2NhbGVkLmpwZyIsInNsaWRlc2hvdyI6IjAxZWRhZTIifQ%3D%3D\">\n\t\t\t\t\t<div class=\"e-gallery-image elementor-gallery-item__image\" data-thumbnail=\"https:\/\/www.jgclassics.com\/wp-content\/uploads\/2023\/09\/20230924_101516-300x169.jpg\" data-width=\"300\" data-height=\"169\" aria-label=\"10\u00e8me rencontre de voitures de collection Montmel\u00f3 2023\" role=\"img\" ><\/div>\n\t\t\t\t\t\t\t\t\t\t\t<div class=\"elementor-gallery-item__overlay\"><\/div>\n\t\t\t\t\t\t\t\t\t\t\t\t\t\t<\/a>\n\t\t\t\t\t\t\t<a class=\"e-gallery-item elementor-gallery-item elementor-animated-content\" href=\"https:\/\/www.jgclassics.com\/wp-content\/uploads\/2023\/09\/20230924_101455.jpg\" data-elementor-open-lightbox=\"yes\" data-elementor-lightbox-slideshow=\"01edae2\" data-elementor-lightbox-title=\"10\u00e8me rencontre de voitures classiques Montmel\u00f3 2023 - Merchandising Zone\" data-elementor-lightbox-description=\"Espace merchandising\" data-e-action-hash=\"#elementor-action%3Aaction%3Dlightbox%26settings%3DeyJpZCI6MTgyNDEsInVybCI6Imh0dHBzOlwvXC93d3cuamdjbGFzc2ljcy5jb21cL3dwLWNvbnRlbnRcL3VwbG9hZHNcLzIwMjNcLzA5XC8yMDIzMDkyNF8xMDE0NTUuanBnIiwic2xpZGVzaG93IjoiMDFlZGFlMiJ9\">\n\t\t\t\t\t<div class=\"e-gallery-image elementor-gallery-item__image\" data-thumbnail=\"https:\/\/www.jgclassics.com\/wp-content\/uploads\/2023\/09\/20230924_101455.jpg\" data-width=\"1\" data-height=\"1\" aria-label=\"10\u00e8me rencontre de voitures classiques Montmel\u00f3 2023 - Merchandising Zone\" role=\"img\" ><\/div>\n\t\t\t\t\t\t\t\t\t\t\t<div class=\"elementor-gallery-item__overlay\"><\/div>\n\t\t\t\t\t\t\t\t\t\t\t\t\t\t<\/a>\n\t\t\t\t\t\t\t<a class=\"e-gallery-item elementor-gallery-item elementor-animated-content\" href=\"https:\/\/www.jgclassics.com\/wp-content\/uploads\/2023\/09\/20230924_101451-scaled.jpg\" data-elementor-open-lightbox=\"yes\" data-elementor-lightbox-slideshow=\"01edae2\" data-elementor-lightbox-title=\"10\u00e8me rencontre de voitures classiques Montmel\u00f3 2023 - Merchandising Zone\" data-elementor-lightbox-description=\"Espace merchandising\" data-e-action-hash=\"#elementor-action%3Aaction%3Dlightbox%26settings%3DeyJpZCI6MTgyMzcsInVybCI6Imh0dHBzOlwvXC93d3cuamdjbGFzc2ljcy5jb21cL3dwLWNvbnRlbnRcL3VwbG9hZHNcLzIwMjNcLzA5XC8yMDIzMDkyNF8xMDE0NTEtc2NhbGVkLmpwZyIsInNsaWRlc2hvdyI6IjAxZWRhZTIifQ%3D%3D\">\n\t\t\t\t\t<div class=\"e-gallery-image elementor-gallery-item__image\" data-thumbnail=\"https:\/\/www.jgclassics.com\/wp-content\/uploads\/2023\/09\/20230924_101451-300x169.jpg\" data-width=\"300\" data-height=\"169\" aria-label=\"10\u00e8me rencontre de voitures classiques Montmel\u00f3 2023 - Merchandising Zone\" role=\"img\" ><\/div>\n\t\t\t\t\t\t\t\t\t\t\t<div class=\"elementor-gallery-item__overlay\"><\/div>\n\t\t\t\t\t\t\t\t\t\t\t\t\t\t<\/a>\n\t\t\t\t\t\t\t<a class=\"e-gallery-item elementor-gallery-item elementor-animated-content\" href=\"https:\/\/www.jgclassics.com\/wp-content\/uploads\/2023\/09\/20230924_101448-scaled.jpg\" data-elementor-open-lightbox=\"yes\" data-elementor-lightbox-slideshow=\"01edae2\" data-elementor-lightbox-title=\"10\u00e8me rencontre de voitures de collection Montmel\u00f3 2023\" data-elementor-lightbox-description=\"10\u00e8me rencontre de voitures de collection Montmel\u00f3 2023\" data-e-action-hash=\"#elementor-action%3Aaction%3Dlightbox%26settings%3DeyJpZCI6MTgyMzMsInVybCI6Imh0dHBzOlwvXC93d3cuamdjbGFzc2ljcy5jb21cL3dwLWNvbnRlbnRcL3VwbG9hZHNcLzIwMjNcLzA5XC8yMDIzMDkyNF8xMDE0NDgtc2NhbGVkLmpwZyIsInNsaWRlc2hvdyI6IjAxZWRhZTIifQ%3D%3D\">\n\t\t\t\t\t<div class=\"e-gallery-image elementor-gallery-item__image\" data-thumbnail=\"https:\/\/www.jgclassics.com\/wp-content\/uploads\/2023\/09\/20230924_101448-169x300.jpg\" data-width=\"169\" data-height=\"300\" aria-label=\"10\u00e8me rencontre de voitures de collection Montmel\u00f3 2023\" role=\"img\" ><\/div>\n\t\t\t\t\t\t\t\t\t\t\t<div class=\"elementor-gallery-item__overlay\"><\/div>\n\t\t\t\t\t\t\t\t\t\t\t\t\t\t<\/a>\n\t\t\t\t\t\t\t<a class=\"e-gallery-item elementor-gallery-item elementor-animated-content\" href=\"https:\/\/www.jgclassics.com\/wp-content\/uploads\/2023\/09\/20230924_100807.jpg\" data-elementor-open-lightbox=\"yes\" data-elementor-lightbox-slideshow=\"01edae2\" data-elementor-lightbox-title=\"10\u00e8me Montmel\u00f3 2023 Classic Car Meeting - MGB Coupe\" data-elementor-lightbox-description=\"MGB Coup\u00e9\" data-e-action-hash=\"#elementor-action%3Aaction%3Dlightbox%26settings%3DeyJpZCI6MTgyMjksInVybCI6Imh0dHBzOlwvXC93d3cuamdjbGFzc2ljcy5jb21cL3dwLWNvbnRlbnRcL3VwbG9hZHNcLzIwMjNcLzA5XC8yMDIzMDkyNF8xMDA4MDcuanBnIiwic2xpZGVzaG93IjoiMDFlZGFlMiJ9\">\n\t\t\t\t\t<div class=\"e-gallery-image elementor-gallery-item__image\" data-thumbnail=\"https:\/\/www.jgclassics.com\/wp-content\/uploads\/2023\/09\/20230924_100807.jpg\" data-width=\"1\" data-height=\"1\" aria-label=\"10\u00e8me Montmel\u00f3 2023 Classic Car Meeting - MGB Coupe\" role=\"img\" ><\/div>\n\t\t\t\t\t\t\t\t\t\t\t<div class=\"elementor-gallery-item__overlay\"><\/div>\n\t\t\t\t\t\t\t\t\t\t\t\t\t\t<\/a>\n\t\t\t\t\t\t\t<a class=\"e-gallery-item elementor-gallery-item elementor-animated-content\" href=\"https:\/\/www.jgclassics.com\/wp-content\/uploads\/2023\/09\/20230924_100711-scaled.jpg\" data-elementor-open-lightbox=\"yes\" data-elementor-lightbox-slideshow=\"01edae2\" data-elementor-lightbox-title=\"10\u00e8me Montmel\u00f3 2023 Classic Cars Meeting - Porsche 944\" data-elementor-lightbox-description=\"Porsche 944\" data-e-action-hash=\"#elementor-action%3Aaction%3Dlightbox%26settings%3DeyJpZCI6MTgyMjUsInVybCI6Imh0dHBzOlwvXC93d3cuamdjbGFzc2ljcy5jb21cL3dwLWNvbnRlbnRcL3VwbG9hZHNcLzIwMjNcLzA5XC8yMDIzMDkyNF8xMDA3MTEtc2NhbGVkLmpwZyIsInNsaWRlc2hvdyI6IjAxZWRhZTIifQ%3D%3D\">\n\t\t\t\t\t<div class=\"e-gallery-image elementor-gallery-item__image\" data-thumbnail=\"https:\/\/www.jgclassics.com\/wp-content\/uploads\/2023\/09\/20230924_100711-300x169.jpg\" data-width=\"300\" data-height=\"169\" aria-label=\"10\u00e8me Montmel\u00f3 2023 Classic Cars Meeting - Porsche 944\" role=\"img\" ><\/div>\n\t\t\t\t\t\t\t\t\t\t\t<div class=\"elementor-gallery-item__overlay\"><\/div>\n\t\t\t\t\t\t\t\t\t\t\t\t\t\t<\/a>\n\t\t\t\t\t\t\t<a class=\"e-gallery-item elementor-gallery-item elementor-animated-content\" href=\"https:\/\/www.jgclassics.com\/wp-content\/uploads\/2023\/09\/20230924_100700-scaled.jpg\" data-elementor-open-lightbox=\"yes\" data-elementor-lightbox-slideshow=\"01edae2\" data-elementor-lightbox-title=\"10\u00e8me meeting de voitures de collection de Montmel\u00f3 2023 - Seat 124 sport\" data-elementor-lightbox-description=\"Seat 124 sport\" data-e-action-hash=\"#elementor-action%3Aaction%3Dlightbox%26settings%3DeyJpZCI6MTgyMjEsInVybCI6Imh0dHBzOlwvXC93d3cuamdjbGFzc2ljcy5jb21cL3dwLWNvbnRlbnRcL3VwbG9hZHNcLzIwMjNcLzA5XC8yMDIzMDkyNF8xMDA3MDAtc2NhbGVkLmpwZyIsInNsaWRlc2hvdyI6IjAxZWRhZTIifQ%3D%3D\">\n\t\t\t\t\t<div class=\"e-gallery-image elementor-gallery-item__image\" data-thumbnail=\"https:\/\/www.jgclassics.com\/wp-content\/uploads\/2023\/09\/20230924_100700-300x169.jpg\" data-width=\"300\" data-height=\"169\" aria-label=\"10\u00e8me meeting de voitures de collection de Montmel\u00f3 2023 - Seat 124 sport\" role=\"img\" ><\/div>\n\t\t\t\t\t\t\t\t\t\t\t<div class=\"elementor-gallery-item__overlay\"><\/div>\n\t\t\t\t\t\t\t\t\t\t\t\t\t\t<\/a>\n\t\t\t\t\t\t\t<a class=\"e-gallery-item elementor-gallery-item elementor-animated-content\" href=\"https:\/\/www.jgclassics.com\/wp-content\/uploads\/2023\/09\/20230924_100656-scaled.jpg\" data-elementor-open-lightbox=\"yes\" data-elementor-lightbox-slideshow=\"01edae2\" data-elementor-lightbox-title=\"10\u00e8me meeting de voitures de collection de Montmel\u00f3 2023 - Seat 124 sport\" data-elementor-lightbox-description=\"Seat 124 sport\" data-e-action-hash=\"#elementor-action%3Aaction%3Dlightbox%26settings%3DeyJpZCI6MTgyMTcsInVybCI6Imh0dHBzOlwvXC93d3cuamdjbGFzc2ljcy5jb21cL3dwLWNvbnRlbnRcL3VwbG9hZHNcLzIwMjNcLzA5XC8yMDIzMDkyNF8xMDA2NTYtc2NhbGVkLmpwZyIsInNsaWRlc2hvdyI6IjAxZWRhZTIifQ%3D%3D\">\n\t\t\t\t\t<div class=\"e-gallery-image elementor-gallery-item__image\" data-thumbnail=\"https:\/\/www.jgclassics.com\/wp-content\/uploads\/2023\/09\/20230924_100656-300x169.jpg\" data-width=\"300\" data-height=\"169\" aria-label=\"10\u00e8me meeting de voitures de collection de Montmel\u00f3 2023 - Seat 124 sport\" role=\"img\" ><\/div>\n\t\t\t\t\t\t\t\t\t\t\t<div class=\"elementor-gallery-item__overlay\"><\/div>\n\t\t\t\t\t\t\t\t\t\t\t\t\t\t<\/a>\n\t\t\t\t\t\t\t<a class=\"e-gallery-item elementor-gallery-item elementor-animated-content\" href=\"https:\/\/www.jgclassics.com\/wp-content\/uploads\/2023\/09\/20230924_100546-scaled.jpg\" data-elementor-open-lightbox=\"yes\" data-elementor-lightbox-slideshow=\"01edae2\" data-elementor-lightbox-title=\"10\u00e8me Montmel\u00f3 Classic Car Meeting 2023 - Golf MKI cabrio\" data-elementor-lightbox-description=\"Golf MKI cabrio\" data-e-action-hash=\"#elementor-action%3Aaction%3Dlightbox%26settings%3DeyJpZCI6MTgyMTMsInVybCI6Imh0dHBzOlwvXC93d3cuamdjbGFzc2ljcy5jb21cL3dwLWNvbnRlbnRcL3VwbG9hZHNcLzIwMjNcLzA5XC8yMDIzMDkyNF8xMDA1NDYtc2NhbGVkLmpwZyIsInNsaWRlc2hvdyI6IjAxZWRhZTIifQ%3D%3D\">\n\t\t\t\t\t<div class=\"e-gallery-image elementor-gallery-item__image\" data-thumbnail=\"https:\/\/www.jgclassics.com\/wp-content\/uploads\/2023\/09\/20230924_100546-300x169.jpg\" data-width=\"300\" data-height=\"169\" aria-label=\"10\u00e8me Montmel\u00f3 Classic Car Meeting 2023 - Golf MKI cabrio\" role=\"img\" ><\/div>\n\t\t\t\t\t\t\t\t\t\t\t<div class=\"elementor-gallery-item__overlay\"><\/div>\n\t\t\t\t\t\t\t\t\t\t\t\t\t\t<\/a>\n\t\t\t\t\t\t\t<a class=\"e-gallery-item elementor-gallery-item elementor-animated-content\" href=\"https:\/\/www.jgclassics.com\/wp-content\/uploads\/2023\/09\/20230924_100456-scaled.jpg\" data-elementor-open-lightbox=\"yes\" data-elementor-lightbox-slideshow=\"01edae2\" data-elementor-lightbox-title=\"10\u00e8me Montmel\u00f3 2023 Classic Car Meeting - Porsche 550\" data-elementor-lightbox-description=\"Porsche 550\" data-e-action-hash=\"#elementor-action%3Aaction%3Dlightbox%26settings%3DeyJpZCI6MTgyMDksInVybCI6Imh0dHBzOlwvXC93d3cuamdjbGFzc2ljcy5jb21cL3dwLWNvbnRlbnRcL3VwbG9hZHNcLzIwMjNcLzA5XC8yMDIzMDkyNF8xMDA0NTYtc2NhbGVkLmpwZyIsInNsaWRlc2hvdyI6IjAxZWRhZTIifQ%3D%3D\">\n\t\t\t\t\t<div class=\"e-gallery-image elementor-gallery-item__image\" data-thumbnail=\"https:\/\/www.jgclassics.com\/wp-content\/uploads\/2023\/09\/20230924_100456-300x169.jpg\" data-width=\"300\" data-height=\"169\" aria-label=\"10\u00e8me Montmel\u00f3 2023 Classic Car Meeting - Porsche 550\" role=\"img\" ><\/div>\n\t\t\t\t\t\t\t\t\t\t\t<div class=\"elementor-gallery-item__overlay\"><\/div>\n\t\t\t\t\t\t\t\t\t\t\t\t\t\t<\/a>\n\t\t\t\t\t\t\t<a class=\"e-gallery-item elementor-gallery-item elementor-animated-content\" href=\"https:\/\/www.jgclassics.com\/wp-content\/uploads\/2023\/09\/20230924_094514-scaled.jpg\" data-elementor-open-lightbox=\"yes\" data-elementor-lightbox-slideshow=\"01edae2\" data-elementor-lightbox-title=\"10\u00e8me rencontre de voitures classiques Montmel\u00f3 2023 - MGA\" data-elementor-lightbox-description=\"Notre AGM dans son espace d&#039;exposition\" data-e-action-hash=\"#elementor-action%3Aaction%3Dlightbox%26settings%3DeyJpZCI6MTgxNDUsInVybCI6Imh0dHBzOlwvXC93d3cuamdjbGFzc2ljcy5jb21cL3dwLWNvbnRlbnRcL3VwbG9hZHNcLzIwMjNcLzA5XC8yMDIzMDkyNF8wOTQ1MTQtc2NhbGVkLmpwZyIsInNsaWRlc2hvdyI6IjAxZWRhZTIifQ%3D%3D\">\n\t\t\t\t\t<div class=\"e-gallery-image elementor-gallery-item__image\" data-thumbnail=\"https:\/\/www.jgclassics.com\/wp-content\/uploads\/2023\/09\/20230924_094514-300x169.jpg\" data-width=\"300\" data-height=\"169\" aria-label=\"10\u00e8me rencontre de voitures classiques Montmel\u00f3 2023 - MGA\" role=\"img\" ><\/div>\n\t\t\t\t\t\t\t\t\t\t\t<div class=\"elementor-gallery-item__overlay\"><\/div>\n\t\t\t\t\t\t\t\t\t\t\t\t\t\t<\/a>\n\t\t\t\t\t\t\t<a class=\"e-gallery-item elementor-gallery-item elementor-animated-content\" href=\"https:\/\/www.jgclassics.com\/wp-content\/uploads\/2023\/09\/20230924_100447.jpg\" data-elementor-open-lightbox=\"yes\" data-elementor-lightbox-slideshow=\"01edae2\" data-elementor-lightbox-title=\"10\u00e8me Montmel\u00f3 2023 Classic Car Meeting - Porsche 550\" data-elementor-lightbox-description=\"Porsche 550\" data-e-action-hash=\"#elementor-action%3Aaction%3Dlightbox%26settings%3DeyJpZCI6MTgyMDUsInVybCI6Imh0dHBzOlwvXC93d3cuamdjbGFzc2ljcy5jb21cL3dwLWNvbnRlbnRcL3VwbG9hZHNcLzIwMjNcLzA5XC8yMDIzMDkyNF8xMDA0NDcuanBnIiwic2xpZGVzaG93IjoiMDFlZGFlMiJ9\">\n\t\t\t\t\t<div class=\"e-gallery-image elementor-gallery-item__image\" data-thumbnail=\"https:\/\/www.jgclassics.com\/wp-content\/uploads\/2023\/09\/20230924_100447.jpg\" data-width=\"1\" data-height=\"1\" aria-label=\"10\u00e8me Montmel\u00f3 2023 Classic Car Meeting - Porsche 550\" role=\"img\" ><\/div>\n\t\t\t\t\t\t\t\t\t\t\t<div class=\"elementor-gallery-item__overlay\"><\/div>\n\t\t\t\t\t\t\t\t\t\t\t\t\t\t<\/a>\n\t\t\t\t\t\t\t<a class=\"e-gallery-item elementor-gallery-item elementor-animated-content\" href=\"https:\/\/www.jgclassics.com\/wp-content\/uploads\/2023\/09\/20230924_100431-scaled.jpg\" data-elementor-open-lightbox=\"yes\" data-elementor-lightbox-slideshow=\"01edae2\" data-elementor-lightbox-title=\"10e r\u00e9union de voitures classiques Montmel\u00f3 2023. Citr\u00f6en Avant Traction\" data-elementor-lightbox-description=\"Citr\u00f6en Avant Traction\" data-e-action-hash=\"#elementor-action%3Aaction%3Dlightbox%26settings%3DeyJpZCI6MTgyMDEsInVybCI6Imh0dHBzOlwvXC93d3cuamdjbGFzc2ljcy5jb21cL3dwLWNvbnRlbnRcL3VwbG9hZHNcLzIwMjNcLzA5XC8yMDIzMDkyNF8xMDA0MzEtc2NhbGVkLmpwZyIsInNsaWRlc2hvdyI6IjAxZWRhZTIifQ%3D%3D\">\n\t\t\t\t\t<div class=\"e-gallery-image elementor-gallery-item__image\" data-thumbnail=\"https:\/\/www.jgclassics.com\/wp-content\/uploads\/2023\/09\/20230924_100431-300x169.jpg\" data-width=\"300\" data-height=\"169\" aria-label=\"10e r\u00e9union de voitures classiques Montmel\u00f3 2023. Citr\u00f6en Avant Traction\" role=\"img\" ><\/div>\n\t\t\t\t\t\t\t\t\t\t\t<div class=\"elementor-gallery-item__overlay\"><\/div>\n\t\t\t\t\t\t\t\t\t\t\t\t\t\t<\/a>\n\t\t\t\t\t\t\t<a class=\"e-gallery-item elementor-gallery-item elementor-animated-content\" href=\"https:\/\/www.jgclassics.com\/wp-content\/uploads\/2023\/09\/20230924_100413-scaled.jpg\" data-elementor-open-lightbox=\"yes\" data-elementor-lightbox-slideshow=\"01edae2\" data-elementor-lightbox-title=\"10e r\u00e9union de voitures classiques Montmel\u00f3 2023. Renault Alpine\" data-elementor-lightbox-description=\"Renault Alpine\" data-e-action-hash=\"#elementor-action%3Aaction%3Dlightbox%26settings%3DeyJpZCI6MTgxOTcsInVybCI6Imh0dHBzOlwvXC93d3cuamdjbGFzc2ljcy5jb21cL3dwLWNvbnRlbnRcL3VwbG9hZHNcLzIwMjNcLzA5XC8yMDIzMDkyNF8xMDA0MTMtc2NhbGVkLmpwZyIsInNsaWRlc2hvdyI6IjAxZWRhZTIifQ%3D%3D\">\n\t\t\t\t\t<div class=\"e-gallery-image elementor-gallery-item__image\" data-thumbnail=\"https:\/\/www.jgclassics.com\/wp-content\/uploads\/2023\/09\/20230924_100413-300x169.jpg\" data-width=\"300\" data-height=\"169\" aria-label=\"10e r\u00e9union de voitures classiques Montmel\u00f3 2023. Renault Alpine\" role=\"img\" ><\/div>\n\t\t\t\t\t\t\t\t\t\t\t<div class=\"elementor-gallery-item__overlay\"><\/div>\n\t\t\t\t\t\t\t\t\t\t\t\t\t\t<\/a>\n\t\t\t\t\t\t\t<a class=\"e-gallery-item elementor-gallery-item elementor-animated-content\" href=\"https:\/\/www.jgclassics.com\/wp-content\/uploads\/2023\/09\/20230924_100341-scaled.jpg\" data-elementor-open-lightbox=\"yes\" data-elementor-lightbox-slideshow=\"01edae2\" data-elementor-lightbox-title=\"10e r\u00e9union de voitures classiques Montmel\u00f3 2023. De Tomaso Pantera GTS\" data-elementor-lightbox-description=\"De Tomaso Pantera GTS. Elle a remport\u00e9 le prix de la voiture la plus \u00e9l\u00e9gante.\" data-e-action-hash=\"#elementor-action%3Aaction%3Dlightbox%26settings%3DeyJpZCI6MTgxOTMsInVybCI6Imh0dHBzOlwvXC93d3cuamdjbGFzc2ljcy5jb21cL3dwLWNvbnRlbnRcL3VwbG9hZHNcLzIwMjNcLzA5XC8yMDIzMDkyNF8xMDAzNDEtc2NhbGVkLmpwZyIsInNsaWRlc2hvdyI6IjAxZWRhZTIifQ%3D%3D\">\n\t\t\t\t\t<div class=\"e-gallery-image elementor-gallery-item__image\" data-thumbnail=\"https:\/\/www.jgclassics.com\/wp-content\/uploads\/2023\/09\/20230924_100341-300x169.jpg\" data-width=\"300\" data-height=\"169\" aria-label=\"10e r\u00e9union de voitures classiques Montmel\u00f3 2023. De Tomaso Pantera GTS\" role=\"img\" ><\/div>\n\t\t\t\t\t\t\t\t\t\t\t<div class=\"elementor-gallery-item__overlay\"><\/div>\n\t\t\t\t\t\t\t\t\t\t\t\t\t\t<\/a>\n\t\t\t\t\t\t\t<a class=\"e-gallery-item elementor-gallery-item elementor-animated-content\" href=\"https:\/\/www.jgclassics.com\/wp-content\/uploads\/2023\/09\/20230924_100327-scaled.jpg\" data-elementor-open-lightbox=\"yes\" data-elementor-lightbox-slideshow=\"01edae2\" data-elementor-lightbox-title=\"10e r\u00e9union de voitures classiques Montmel\u00f3 2023. Citr\u00f6en Avant Traction\" data-elementor-lightbox-description=\"Citr\u00f6en Avant Traction\" data-e-action-hash=\"#elementor-action%3Aaction%3Dlightbox%26settings%3DeyJpZCI6MTgxODksInVybCI6Imh0dHBzOlwvXC93d3cuamdjbGFzc2ljcy5jb21cL3dwLWNvbnRlbnRcL3VwbG9hZHNcLzIwMjNcLzA5XC8yMDIzMDkyNF8xMDAzMjctc2NhbGVkLmpwZyIsInNsaWRlc2hvdyI6IjAxZWRhZTIifQ%3D%3D\">\n\t\t\t\t\t<div class=\"e-gallery-image elementor-gallery-item__image\" data-thumbnail=\"https:\/\/www.jgclassics.com\/wp-content\/uploads\/2023\/09\/20230924_100327-300x169.jpg\" data-width=\"300\" data-height=\"169\" aria-label=\"10e r\u00e9union de voitures classiques Montmel\u00f3 2023. Citr\u00f6en Avant Traction\" role=\"img\" ><\/div>\n\t\t\t\t\t\t\t\t\t\t\t<div class=\"elementor-gallery-item__overlay\"><\/div>\n\t\t\t\t\t\t\t\t\t\t\t\t\t\t<\/a>\n\t\t\t\t\t\t\t<a class=\"e-gallery-item elementor-gallery-item elementor-animated-content\" href=\"https:\/\/www.jgclassics.com\/wp-content\/uploads\/2023\/09\/20230924_100253.jpg\" data-elementor-open-lightbox=\"yes\" data-elementor-lightbox-slideshow=\"01edae2\" data-elementor-lightbox-title=\"10e r\u00e9union de voitures classiques Montmel\u00f3 2023. Seat 850 Coupe Special\" data-elementor-lightbox-description=\"Seat 850 Coupe Special\" data-e-action-hash=\"#elementor-action%3Aaction%3Dlightbox%26settings%3DeyJpZCI6MTgxODUsInVybCI6Imh0dHBzOlwvXC93d3cuamdjbGFzc2ljcy5jb21cL3dwLWNvbnRlbnRcL3VwbG9hZHNcLzIwMjNcLzA5XC8yMDIzMDkyNF8xMDAyNTMuanBnIiwic2xpZGVzaG93IjoiMDFlZGFlMiJ9\">\n\t\t\t\t\t<div class=\"e-gallery-image elementor-gallery-item__image\" data-thumbnail=\"https:\/\/www.jgclassics.com\/wp-content\/uploads\/2023\/09\/20230924_100253.jpg\" data-width=\"1\" data-height=\"1\" aria-label=\"10e r\u00e9union de voitures classiques Montmel\u00f3 2023. Seat 850 Coupe Special\" role=\"img\" ><\/div>\n\t\t\t\t\t\t\t\t\t\t\t<div class=\"elementor-gallery-item__overlay\"><\/div>\n\t\t\t\t\t\t\t\t\t\t\t\t\t\t<\/a>\n\t\t\t\t\t\t\t<a class=\"e-gallery-item elementor-gallery-item elementor-animated-content\" href=\"https:\/\/www.jgclassics.com\/wp-content\/uploads\/2023\/09\/20230924_100202-scaled.jpg\" data-elementor-open-lightbox=\"yes\" data-elementor-lightbox-slideshow=\"01edae2\" data-elementor-lightbox-title=\"10e r\u00e9union de voitures classiques Montmel\u00f3 2023. Renault 5\" data-elementor-lightbox-description=\"Renault 5\" data-e-action-hash=\"#elementor-action%3Aaction%3Dlightbox%26settings%3DeyJpZCI6MTgxODEsInVybCI6Imh0dHBzOlwvXC93d3cuamdjbGFzc2ljcy5jb21cL3dwLWNvbnRlbnRcL3VwbG9hZHNcLzIwMjNcLzA5XC8yMDIzMDkyNF8xMDAyMDItc2NhbGVkLmpwZyIsInNsaWRlc2hvdyI6IjAxZWRhZTIifQ%3D%3D\">\n\t\t\t\t\t<div class=\"e-gallery-image elementor-gallery-item__image\" data-thumbnail=\"https:\/\/www.jgclassics.com\/wp-content\/uploads\/2023\/09\/20230924_100202-300x169.jpg\" data-width=\"300\" data-height=\"169\" aria-label=\"10e r\u00e9union de voitures classiques Montmel\u00f3 2023. Renault 5\" role=\"img\" ><\/div>\n\t\t\t\t\t\t\t\t\t\t\t<div class=\"elementor-gallery-item__overlay\"><\/div>\n\t\t\t\t\t\t\t\t\t\t\t\t\t\t<\/a>\n\t\t\t\t\t\t\t<a class=\"e-gallery-item elementor-gallery-item elementor-animated-content\" href=\"https:\/\/www.jgclassics.com\/wp-content\/uploads\/2023\/09\/20230924_100155-scaled.jpg\" data-elementor-open-lightbox=\"yes\" data-elementor-lightbox-slideshow=\"01edae2\" data-elementor-lightbox-title=\"10e r\u00e9union de voitures classiques Montmel\u00f3 2023. Renault 5\" data-elementor-lightbox-description=\"Renault 5\" data-e-action-hash=\"#elementor-action%3Aaction%3Dlightbox%26settings%3DeyJpZCI6MTgxNzcsInVybCI6Imh0dHBzOlwvXC93d3cuamdjbGFzc2ljcy5jb21cL3dwLWNvbnRlbnRcL3VwbG9hZHNcLzIwMjNcLzA5XC8yMDIzMDkyNF8xMDAxNTUtc2NhbGVkLmpwZyIsInNsaWRlc2hvdyI6IjAxZWRhZTIifQ%3D%3D\">\n\t\t\t\t\t<div class=\"e-gallery-image elementor-gallery-item__image\" data-thumbnail=\"https:\/\/www.jgclassics.com\/wp-content\/uploads\/2023\/09\/20230924_100155-300x169.jpg\" data-width=\"300\" data-height=\"169\" aria-label=\"10e r\u00e9union de voitures classiques Montmel\u00f3 2023. Renault 5\" role=\"img\" ><\/div>\n\t\t\t\t\t\t\t\t\t\t\t<div class=\"elementor-gallery-item__overlay\"><\/div>\n\t\t\t\t\t\t\t\t\t\t\t\t\t\t<\/a>\n\t\t\t\t\t\t\t<a class=\"e-gallery-item elementor-gallery-item elementor-animated-content\" href=\"https:\/\/www.jgclassics.com\/wp-content\/uploads\/2023\/09\/20230924_100128.jpg\" data-elementor-open-lightbox=\"yes\" data-elementor-lightbox-slideshow=\"01edae2\" data-elementor-lightbox-title=\"10e r\u00e9union de voitures classiques Montmel\u00f3 2023. Citr\u00f6en 2CV\" data-elementor-lightbox-description=\"Citr\u00f6en 2CV\" data-e-action-hash=\"#elementor-action%3Aaction%3Dlightbox%26settings%3DeyJpZCI6MTgxNzMsInVybCI6Imh0dHBzOlwvXC93d3cuamdjbGFzc2ljcy5jb21cL3dwLWNvbnRlbnRcL3VwbG9hZHNcLzIwMjNcLzA5XC8yMDIzMDkyNF8xMDAxMjguanBnIiwic2xpZGVzaG93IjoiMDFlZGFlMiJ9\">\n\t\t\t\t\t<div class=\"e-gallery-image elementor-gallery-item__image\" data-thumbnail=\"https:\/\/www.jgclassics.com\/wp-content\/uploads\/2023\/09\/20230924_100128.jpg\" data-width=\"1\" data-height=\"1\" aria-label=\"10e r\u00e9union de voitures classiques Montmel\u00f3 2023. Citr\u00f6en 2CV\" role=\"img\" ><\/div>\n\t\t\t\t\t\t\t\t\t\t\t<div class=\"elementor-gallery-item__overlay\"><\/div>\n\t\t\t\t\t\t\t\t\t\t\t\t\t\t<\/a>\n\t\t\t\t\t\t\t<a class=\"e-gallery-item elementor-gallery-item elementor-animated-content\" href=\"https:\/\/www.jgclassics.com\/wp-content\/uploads\/2023\/09\/20230924_100106-scaled.jpg\" data-elementor-open-lightbox=\"yes\" data-elementor-lightbox-slideshow=\"01edae2\" data-elementor-lightbox-title=\"10e r\u00e9union de voitures classiques Montmel\u00f3 2023. Renault 8 TS\" data-elementor-lightbox-description=\"Renault 8 TS (avec deux passagers tr\u00e8s particuliers \u00e0 l&#039;arri\u00e8re :-))\" data-e-action-hash=\"#elementor-action%3Aaction%3Dlightbox%26settings%3DeyJpZCI6MTgxNjksInVybCI6Imh0dHBzOlwvXC93d3cuamdjbGFzc2ljcy5jb21cL3dwLWNvbnRlbnRcL3VwbG9hZHNcLzIwMjNcLzA5XC8yMDIzMDkyNF8xMDAxMDYtc2NhbGVkLmpwZyIsInNsaWRlc2hvdyI6IjAxZWRhZTIifQ%3D%3D\">\n\t\t\t\t\t<div class=\"e-gallery-image elementor-gallery-item__image\" data-thumbnail=\"https:\/\/www.jgclassics.com\/wp-content\/uploads\/2023\/09\/20230924_100106-300x169.jpg\" data-width=\"300\" data-height=\"169\" aria-label=\"10e r\u00e9union de voitures classiques Montmel\u00f3 2023. Renault 8 TS\" role=\"img\" ><\/div>\n\t\t\t\t\t\t\t\t\t\t\t<div class=\"elementor-gallery-item__overlay\"><\/div>\n\t\t\t\t\t\t\t\t\t\t\t\t\t\t<\/a>\n\t\t\t\t\t\t\t<a class=\"e-gallery-item elementor-gallery-item elementor-animated-content\" href=\"https:\/\/www.jgclassics.com\/wp-content\/uploads\/2023\/09\/20230924_100100-scaled.jpg\" data-elementor-open-lightbox=\"yes\" data-elementor-lightbox-slideshow=\"01edae2\" data-elementor-lightbox-title=\"10e r\u00e9union de voitures classiques Montmel\u00f3 2023. Renault 8 TS\" data-elementor-lightbox-description=\"Renault 8 TS\" data-e-action-hash=\"#elementor-action%3Aaction%3Dlightbox%26settings%3DeyJpZCI6MTgxNjUsInVybCI6Imh0dHBzOlwvXC93d3cuamdjbGFzc2ljcy5jb21cL3dwLWNvbnRlbnRcL3VwbG9hZHNcLzIwMjNcLzA5XC8yMDIzMDkyNF8xMDAxMDAtc2NhbGVkLmpwZyIsInNsaWRlc2hvdyI6IjAxZWRhZTIifQ%3D%3D\">\n\t\t\t\t\t<div class=\"e-gallery-image elementor-gallery-item__image\" data-thumbnail=\"https:\/\/www.jgclassics.com\/wp-content\/uploads\/2023\/09\/20230924_100100-300x169.jpg\" data-width=\"300\" data-height=\"169\" aria-label=\"10e r\u00e9union de voitures classiques Montmel\u00f3 2023. Renault 8 TS\" role=\"img\" ><\/div>\n\t\t\t\t\t\t\t\t\t\t\t<div class=\"elementor-gallery-item__overlay\"><\/div>\n\t\t\t\t\t\t\t\t\t\t\t\t\t\t<\/a>\n\t\t\t\t\t\t\t<a class=\"e-gallery-item elementor-gallery-item elementor-animated-content\" href=\"https:\/\/www.jgclassics.com\/wp-content\/uploads\/2023\/09\/20230924_094913.jpg\" data-elementor-open-lightbox=\"yes\" data-elementor-lightbox-slideshow=\"01edae2\" data-elementor-lightbox-title=\"10\u00e8me Montmel\u00f3 Classic Car Meeting 2023 - Talbot 1928\" data-elementor-lightbox-description=\"Talbot 1928... Elle a remport\u00e9 le prix de la voiture la plus ancienne.\" data-e-action-hash=\"#elementor-action%3Aaction%3Dlightbox%26settings%3DeyJpZCI6MTgxNjEsInVybCI6Imh0dHBzOlwvXC93d3cuamdjbGFzc2ljcy5jb21cL3dwLWNvbnRlbnRcL3VwbG9hZHNcLzIwMjNcLzA5XC8yMDIzMDkyNF8wOTQ5MTMuanBnIiwic2xpZGVzaG93IjoiMDFlZGFlMiJ9\">\n\t\t\t\t\t<div class=\"e-gallery-image elementor-gallery-item__image\" data-thumbnail=\"https:\/\/www.jgclassics.com\/wp-content\/uploads\/2023\/09\/20230924_094913.jpg\" data-width=\"1\" data-height=\"1\" aria-label=\"10\u00e8me Montmel\u00f3 Classic Car Meeting 2023 - Talbot 1928\" role=\"img\" ><\/div>\n\t\t\t\t\t\t\t\t\t\t\t<div class=\"elementor-gallery-item__overlay\"><\/div>\n\t\t\t\t\t\t\t\t\t\t\t\t\t\t<\/a>\n\t\t\t\t\t\t\t<a class=\"e-gallery-item elementor-gallery-item elementor-animated-content\" href=\"https:\/\/www.jgclassics.com\/wp-content\/uploads\/2023\/09\/20230924_094839-scaled.jpg\" data-elementor-open-lightbox=\"yes\" data-elementor-lightbox-slideshow=\"01edae2\" data-elementor-lightbox-title=\"10\u00e8me Montmel\u00f3 Classic Car Meeting 2023 - Talbot 1928\" data-elementor-lightbox-description=\"Talbot 1928... Elle a remport\u00e9 le prix de la voiture la plus ancienne.\" data-e-action-hash=\"#elementor-action%3Aaction%3Dlightbox%26settings%3DeyJpZCI6MTgxNTcsInVybCI6Imh0dHBzOlwvXC93d3cuamdjbGFzc2ljcy5jb21cL3dwLWNvbnRlbnRcL3VwbG9hZHNcLzIwMjNcLzA5XC8yMDIzMDkyNF8wOTQ4Mzktc2NhbGVkLmpwZyIsInNsaWRlc2hvdyI6IjAxZWRhZTIifQ%3D%3D\">\n\t\t\t\t\t<div class=\"e-gallery-image elementor-gallery-item__image\" data-thumbnail=\"https:\/\/www.jgclassics.com\/wp-content\/uploads\/2023\/09\/20230924_094839-300x169.jpg\" data-width=\"300\" data-height=\"169\" aria-label=\"10\u00e8me Montmel\u00f3 Classic Car Meeting 2023 - Talbot 1928\" role=\"img\" ><\/div>\n\t\t\t\t\t\t\t\t\t\t\t<div class=\"elementor-gallery-item__overlay\"><\/div>\n\t\t\t\t\t\t\t\t\t\t\t\t\t\t<\/a>\n\t\t\t\t\t\t\t<a class=\"e-gallery-item elementor-gallery-item elementor-animated-content\" href=\"https:\/\/www.jgclassics.com\/wp-content\/uploads\/2023\/09\/20230924_094543-scaled.jpg\" data-elementor-open-lightbox=\"yes\" data-elementor-lightbox-slideshow=\"01edae2\" data-elementor-lightbox-title=\"10\u00e8me rencontre de voitures classiques Montmel\u00f3 2023 - MGA\" data-elementor-lightbox-description=\"Notre AGM dans son espace d&#039;exposition\" data-e-action-hash=\"#elementor-action%3Aaction%3Dlightbox%26settings%3DeyJpZCI6MTgxNTMsInVybCI6Imh0dHBzOlwvXC93d3cuamdjbGFzc2ljcy5jb21cL3dwLWNvbnRlbnRcL3VwbG9hZHNcLzIwMjNcLzA5XC8yMDIzMDkyNF8wOTQ1NDMtc2NhbGVkLmpwZyIsInNsaWRlc2hvdyI6IjAxZWRhZTIifQ%3D%3D\">\n\t\t\t\t\t<div class=\"e-gallery-image elementor-gallery-item__image\" data-thumbnail=\"https:\/\/www.jgclassics.com\/wp-content\/uploads\/2023\/09\/20230924_094543-300x169.jpg\" data-width=\"300\" data-height=\"169\" aria-label=\"10\u00e8me rencontre de voitures classiques Montmel\u00f3 2023 - MGA\" role=\"img\" ><\/div>\n\t\t\t\t\t\t\t\t\t\t\t<div class=\"elementor-gallery-item__overlay\"><\/div>\n\t\t\t\t\t\t\t\t\t\t\t\t\t\t<\/a>\n\t\t\t\t\t\t\t<a class=\"e-gallery-item elementor-gallery-item elementor-animated-content\" href=\"https:\/\/www.jgclassics.com\/wp-content\/uploads\/2023\/09\/20230924_094524-scaled.jpg\" data-elementor-open-lightbox=\"yes\" data-elementor-lightbox-slideshow=\"01edae2\" data-elementor-lightbox-title=\"10\u00e8me rencontre de voitures classiques Montmel\u00f3 2023 - MGA\" data-elementor-lightbox-description=\"Notre AGM dans son espace d&#039;exposition\" data-e-action-hash=\"#elementor-action%3Aaction%3Dlightbox%26settings%3DeyJpZCI6MTgxNDksInVybCI6Imh0dHBzOlwvXC93d3cuamdjbGFzc2ljcy5jb21cL3dwLWNvbnRlbnRcL3VwbG9hZHNcLzIwMjNcLzA5XC8yMDIzMDkyNF8wOTQ1MjQtc2NhbGVkLmpwZyIsInNsaWRlc2hvdyI6IjAxZWRhZTIifQ%3D%3D\">\n\t\t\t\t\t<div class=\"e-gallery-image elementor-gallery-item__image\" data-thumbnail=\"https:\/\/www.jgclassics.com\/wp-content\/uploads\/2023\/09\/20230924_094524-300x169.jpg\" data-width=\"300\" data-height=\"169\" aria-label=\"10\u00e8me rencontre de voitures classiques Montmel\u00f3 2023 - MGA\" role=\"img\" ><\/div>\n\t\t\t\t\t\t\t\t\t\t\t<div class=\"elementor-gallery-item__overlay\"><\/div>\n\t\t\t\t\t\t\t\t\t\t\t\t\t\t<\/a>\n\t\t\t\t\t\t\t<a class=\"e-gallery-item elementor-gallery-item elementor-animated-content\" href=\"https:\/\/www.jgclassics.com\/wp-content\/uploads\/2023\/09\/20230924_094500-scaled.jpg\" data-elementor-open-lightbox=\"yes\" data-elementor-lightbox-slideshow=\"01edae2\" data-elementor-lightbox-title=\"10\u00e8me Montmel\u00f3 2023 Classic Car Meeting - MG TA\" data-elementor-lightbox-description=\"MG TA\" data-e-action-hash=\"#elementor-action%3Aaction%3Dlightbox%26settings%3DeyJpZCI6MTgxNDEsInVybCI6Imh0dHBzOlwvXC93d3cuamdjbGFzc2ljcy5jb21cL3dwLWNvbnRlbnRcL3VwbG9hZHNcLzIwMjNcLzA5XC8yMDIzMDkyNF8wOTQ1MDAtc2NhbGVkLmpwZyIsInNsaWRlc2hvdyI6IjAxZWRhZTIifQ%3D%3D\">\n\t\t\t\t\t<div class=\"e-gallery-image elementor-gallery-item__image\" data-thumbnail=\"https:\/\/www.jgclassics.com\/wp-content\/uploads\/2023\/09\/20230924_094500-169x300.jpg\" data-width=\"169\" data-height=\"300\" aria-label=\"10\u00e8me Montmel\u00f3 2023 Classic Car Meeting - MG TA\" role=\"img\" ><\/div>\n\t\t\t\t\t\t\t\t\t\t\t<div class=\"elementor-gallery-item__overlay\"><\/div>\n\t\t\t\t\t\t\t\t\t\t\t\t\t\t<\/a>\n\t\t\t\t\t\t\t<a class=\"e-gallery-item elementor-gallery-item elementor-animated-content\" href=\"https:\/\/www.jgclassics.com\/wp-content\/uploads\/2023\/09\/20230924_094414-scaled.jpg\" data-elementor-open-lightbox=\"yes\" data-elementor-lightbox-slideshow=\"01edae2\" data-elementor-lightbox-title=\"10\u00e8me Montmel\u00f3 2023 Classic Car Meeting - MG TA\" data-elementor-lightbox-description=\"MG TA\" data-e-action-hash=\"#elementor-action%3Aaction%3Dlightbox%26settings%3DeyJpZCI6MTgxMzcsInVybCI6Imh0dHBzOlwvXC93d3cuamdjbGFzc2ljcy5jb21cL3dwLWNvbnRlbnRcL3VwbG9hZHNcLzIwMjNcLzA5XC8yMDIzMDkyNF8wOTQ0MTQtc2NhbGVkLmpwZyIsInNsaWRlc2hvdyI6IjAxZWRhZTIifQ%3D%3D\">\n\t\t\t\t\t<div class=\"e-gallery-image elementor-gallery-item__image\" data-thumbnail=\"https:\/\/www.jgclassics.com\/wp-content\/uploads\/2023\/09\/20230924_094414-300x169.jpg\" data-width=\"300\" data-height=\"169\" aria-label=\"10\u00e8me Montmel\u00f3 2023 Classic Car Meeting - MG TA\" role=\"img\" ><\/div>\n\t\t\t\t\t\t\t\t\t\t\t<div class=\"elementor-gallery-item__overlay\"><\/div>\n\t\t\t\t\t\t\t\t\t\t\t\t\t\t<\/a>\n\t\t\t\t\t<\/div>\n\t\t\t\t\t<\/div>\n\t\t\t\t<\/div>\n\t\t\t\t\t<\/div>\n\t\t<\/div>\n\t\t\t\t\t<\/div>\n\t\t<\/section>\n\t\t\t\t<section data-particle_enable=\"false\" data-particle-mobile-disabled=\"false\" class=\"elementor-section elementor-top-section elementor-element elementor-element-c341bd6 elementor-section-boxed elementor-section-height-default elementor-section-height-default\" data-id=\"c341bd6\" data-element_type=\"section\" data-e-type=\"section\">\n\t\t\t\t\t\t<div class=\"elementor-container elementor-column-gap-default\">\n\t\t\t\t\t<div class=\"elementor-column elementor-col-100 elementor-top-column elementor-element elementor-element-1ba93b0\" data-id=\"1ba93b0\" data-element_type=\"column\" data-e-type=\"column\">\n\t\t\t<div class=\"elementor-widget-wrap elementor-element-populated\">\n\t\t\t\t\t\t<div class=\"elementor-element elementor-element-0f1465a elementor-widget elementor-widget-heading\" data-id=\"0f1465a\" data-element_type=\"widget\" data-e-type=\"widget\" data-widget_type=\"heading.default\">\n\t\t\t\t<div class=\"elementor-widget-container\">\n\t\t\t\t\t<h2 class=\"elementor-heading-title elementor-size-default\">Prix et r\u00e9compenses. Tombola et meilleures voitures\/motos<\/h2>\t\t\t\t<\/div>\n\t\t\t\t<\/div>\n\t\t\t\t\t<\/div>\n\t\t<\/div>\n\t\t\t\t\t<\/div>\n\t\t<\/section>\n\t\t\t\t<section data-particle_enable=\"false\" data-particle-mobile-disabled=\"false\" class=\"elementor-section elementor-top-section elementor-element elementor-element-14d8888 elementor-section-boxed elementor-section-height-default elementor-section-height-default\" data-id=\"14d8888\" data-element_type=\"section\" data-e-type=\"section\">\n\t\t\t\t\t\t<div class=\"elementor-container elementor-column-gap-default\">\n\t\t\t\t\t<div class=\"elementor-column elementor-col-100 elementor-top-column elementor-element elementor-element-833066f\" data-id=\"833066f\" data-element_type=\"column\" data-e-type=\"column\">\n\t\t\t<div class=\"elementor-widget-wrap elementor-element-populated\">\n\t\t\t\t\t\t<div class=\"elementor-element elementor-element-bbcb085 elementor-widget elementor-widget-text-editor\" data-id=\"bbcb085\" data-element_type=\"widget\" data-e-type=\"widget\" data-widget_type=\"text-editor.default\">\n\t\t\t\t<div class=\"elementor-widget-container\">\n\t\t\t\t\t\t\t\t\t<p>Divers prix et r\u00e9compenses ont \u00e9t\u00e9 remis au cours de la matin\u00e9e. En ce qui concerne les prix, divers lots de produits et services offerts par les diff\u00e9rents sponsors ont \u00e9t\u00e9 tir\u00e9s au sort parmi les participants. En ce qui concerne les prix, les motos et les voitures ont \u00e9t\u00e9 r\u00e9compens\u00e9es selon les crit\u00e8res de la voiture\/v\u00e9lo la plus ancienne, de la voiture\/v\u00e9lo la plus \u00e9l\u00e9gante et de la Volkswagen Golf Mk-ii dans le meilleur \u00e9tat de restauration.<\/p>\n\t\t\t\t\t\t\t\t<\/div>\n\t\t\t\t<\/div>\n\t\t\t\t\t<\/div>\n\t\t<\/div>\n\t\t\t\t\t<\/div>\n\t\t<\/section>\n\t\t\t\t<section data-particle_enable=\"false\" data-particle-mobile-disabled=\"false\" class=\"elementor-section elementor-top-section elementor-element elementor-element-6c0309a elementor-section-boxed elementor-section-height-default elementor-section-height-default\" data-id=\"6c0309a\" data-element_type=\"section\" data-e-type=\"section\">\n\t\t\t\t\t\t<div class=\"elementor-container elementor-column-gap-default\">\n\t\t\t\t\t<div class=\"elementor-column elementor-col-100 elementor-top-column elementor-element elementor-element-4aca5d4\" data-id=\"4aca5d4\" data-element_type=\"column\" data-e-type=\"column\">\n\t\t\t<div class=\"elementor-widget-wrap elementor-element-populated\">\n\t\t\t\t\t\t<div class=\"elementor-element elementor-element-e4535a3 elementor-widget elementor-widget-heading\" data-id=\"e4535a3\" data-element_type=\"widget\" data-e-type=\"widget\" data-widget_type=\"heading.default\">\n\t\t\t\t<div class=\"elementor-widget-container\">\n\t\t\t\t\t<h2 class=\"elementor-heading-title elementor-size-default\">Arriv\u00e9e du groupe Harley-Davinson<\/h2>\t\t\t\t<\/div>\n\t\t\t\t<\/div>\n\t\t\t\t<div class=\"elementor-element elementor-element-ea998f9 elementor-widget elementor-widget-text-editor\" data-id=\"ea998f9\" data-element_type=\"widget\" data-e-type=\"widget\" data-widget_type=\"text-editor.default\">\n\t\t\t\t<div class=\"elementor-widget-container\">\n\t\t\t\t\t\t\t\t\t<p>Il n&#8217;y a pas grand-chose \u00e0 dire. Des dispositifs spectaculaires. Impressionnant, comme toujours \ud83d\ude42<\/p>\n\t\t\t\t\t\t\t\t<\/div>\n\t\t\t\t<\/div>\n\t\t\t\t\t<\/div>\n\t\t<\/div>\n\t\t\t\t\t<\/div>\n\t\t<\/section>\n\t\t\t\t<section data-particle_enable=\"false\" data-particle-mobile-disabled=\"false\" class=\"elementor-section elementor-top-section elementor-element elementor-element-f760676 elementor-section-boxed elementor-section-height-default elementor-section-height-default\" data-id=\"f760676\" data-element_type=\"section\" data-e-type=\"section\">\n\t\t\t\t\t\t<div class=\"elementor-container elementor-column-gap-default\">\n\t\t\t\t\t<div class=\"elementor-column elementor-col-100 elementor-top-column elementor-element elementor-element-b29e049\" data-id=\"b29e049\" data-element_type=\"column\" data-e-type=\"column\">\n\t\t\t<div class=\"elementor-widget-wrap elementor-element-populated\">\n\t\t\t\t\t\t<div class=\"elementor-element elementor-element-5f4a201 elementor-widget elementor-widget-gallery\" data-id=\"5f4a201\" data-element_type=\"widget\" data-e-type=\"widget\" data-settings=\"{&quot;columns_mobile&quot;:2,&quot;lazyload&quot;:&quot;yes&quot;,&quot;gallery_layout&quot;:&quot;grid&quot;,&quot;columns&quot;:4,&quot;columns_tablet&quot;:2,&quot;gap&quot;:{&quot;unit&quot;:&quot;px&quot;,&quot;size&quot;:10,&quot;sizes&quot;:[]},&quot;gap_tablet&quot;:{&quot;unit&quot;:&quot;px&quot;,&quot;size&quot;:10,&quot;sizes&quot;:[]},&quot;gap_mobile&quot;:{&quot;unit&quot;:&quot;px&quot;,&quot;size&quot;:10,&quot;sizes&quot;:[]},&quot;link_to&quot;:&quot;file&quot;,&quot;aspect_ratio&quot;:&quot;3:2&quot;,&quot;overlay_background&quot;:&quot;yes&quot;,&quot;content_hover_animation&quot;:&quot;fade-in&quot;}\" data-widget_type=\"gallery.default\">\n\t\t\t\t<div class=\"elementor-widget-container\">\n\t\t\t\t\t\t\t<div class=\"elementor-gallery__container\">\n\t\t\t\t\t\t\t<a class=\"e-gallery-item elementor-gallery-item elementor-animated-content\" href=\"https:\/\/www.jgclassics.com\/wp-content\/uploads\/2023\/09\/20230924_103050.jpg\" data-elementor-open-lightbox=\"yes\" data-elementor-lightbox-slideshow=\"5f4a201\" data-elementor-lightbox-title=\"10\u00e8me Montmel\u00f3 2023 Classic Car Meeting - Arriv\u00e9e du groupe Harley Davinson\" data-elementor-lightbox-description=\"Arriv\u00e9e du groupe Harley Davinson\" data-e-action-hash=\"#elementor-action%3Aaction%3Dlightbox%26settings%3DeyJpZCI6MTgzMTcsInVybCI6Imh0dHBzOlwvXC93d3cuamdjbGFzc2ljcy5jb21cL3dwLWNvbnRlbnRcL3VwbG9hZHNcLzIwMjNcLzA5XC8yMDIzMDkyNF8xMDMwNTAuanBnIiwic2xpZGVzaG93IjoiNWY0YTIwMSJ9\">\n\t\t\t\t\t<div class=\"e-gallery-image elementor-gallery-item__image\" data-thumbnail=\"https:\/\/www.jgclassics.com\/wp-content\/uploads\/2023\/09\/20230924_103050.jpg\" data-width=\"1\" data-height=\"1\" aria-label=\"10\u00e8me Montmel\u00f3 2023 Classic Car Meeting - Arriv\u00e9e du groupe Harley Davinson\" role=\"img\" ><\/div>\n\t\t\t\t\t\t\t\t\t\t\t<div class=\"elementor-gallery-item__overlay\"><\/div>\n\t\t\t\t\t\t\t\t\t\t\t\t\t\t<\/a>\n\t\t\t\t\t\t\t<a class=\"e-gallery-item elementor-gallery-item elementor-animated-content\" href=\"https:\/\/www.jgclassics.com\/wp-content\/uploads\/2023\/09\/20230924_103133-scaled.jpg\" data-elementor-open-lightbox=\"yes\" data-elementor-lightbox-slideshow=\"5f4a201\" data-elementor-lightbox-title=\"10\u00e8me Montmel\u00f3 2023 Classic Car Meeting - Arriv\u00e9e du groupe Harley Davinson\" data-elementor-lightbox-description=\"Arriv\u00e9e du groupe Harley Davinson\" data-e-action-hash=\"#elementor-action%3Aaction%3Dlightbox%26settings%3DeyJpZCI6MTgzMTMsInVybCI6Imh0dHBzOlwvXC93d3cuamdjbGFzc2ljcy5jb21cL3dwLWNvbnRlbnRcL3VwbG9hZHNcLzIwMjNcLzA5XC8yMDIzMDkyNF8xMDMxMzMtc2NhbGVkLmpwZyIsInNsaWRlc2hvdyI6IjVmNGEyMDEifQ%3D%3D\">\n\t\t\t\t\t<div class=\"e-gallery-image elementor-gallery-item__image\" data-thumbnail=\"https:\/\/www.jgclassics.com\/wp-content\/uploads\/2023\/09\/20230924_103133-300x169.jpg\" data-width=\"300\" data-height=\"169\" aria-label=\"10\u00e8me Montmel\u00f3 2023 Classic Car Meeting - Arriv\u00e9e du groupe Harley Davinson\" role=\"img\" ><\/div>\n\t\t\t\t\t\t\t\t\t\t\t<div class=\"elementor-gallery-item__overlay\"><\/div>\n\t\t\t\t\t\t\t\t\t\t\t\t\t\t<\/a>\n\t\t\t\t\t\t\t<a class=\"e-gallery-item elementor-gallery-item elementor-animated-content\" href=\"https:\/\/www.jgclassics.com\/wp-content\/uploads\/2023\/09\/20230924_103130-scaled.jpg\" data-elementor-open-lightbox=\"yes\" data-elementor-lightbox-slideshow=\"5f4a201\" data-elementor-lightbox-title=\"10\u00e8me Montmel\u00f3 2023 Classic Car Meeting - Arriv\u00e9e du groupe Harley Davinson\" data-elementor-lightbox-description=\"Arriv\u00e9e du groupe Harley Davinson\" data-e-action-hash=\"#elementor-action%3Aaction%3Dlightbox%26settings%3DeyJpZCI6MTgzMDksInVybCI6Imh0dHBzOlwvXC93d3cuamdjbGFzc2ljcy5jb21cL3dwLWNvbnRlbnRcL3VwbG9hZHNcLzIwMjNcLzA5XC8yMDIzMDkyNF8xMDMxMzAtc2NhbGVkLmpwZyIsInNsaWRlc2hvdyI6IjVmNGEyMDEifQ%3D%3D\">\n\t\t\t\t\t<div class=\"e-gallery-image elementor-gallery-item__image\" data-thumbnail=\"https:\/\/www.jgclassics.com\/wp-content\/uploads\/2023\/09\/20230924_103130-300x169.jpg\" data-width=\"300\" data-height=\"169\" aria-label=\"10\u00e8me Montmel\u00f3 2023 Classic Car Meeting - Arriv\u00e9e du groupe Harley Davinson\" role=\"img\" ><\/div>\n\t\t\t\t\t\t\t\t\t\t\t<div class=\"elementor-gallery-item__overlay\"><\/div>\n\t\t\t\t\t\t\t\t\t\t\t\t\t\t<\/a>\n\t\t\t\t\t\t\t<a class=\"e-gallery-item elementor-gallery-item elementor-animated-content\" href=\"https:\/\/www.jgclassics.com\/wp-content\/uploads\/2023\/09\/20230924_103053-scaled.jpg\" data-elementor-open-lightbox=\"yes\" data-elementor-lightbox-slideshow=\"5f4a201\" data-elementor-lightbox-title=\"10\u00e8me Montmel\u00f3 2023 Classic Car Meeting - Arriv\u00e9e du groupe Harley Davinson\" data-elementor-lightbox-description=\"Arriv\u00e9e du groupe Harley Davinson\" data-e-action-hash=\"#elementor-action%3Aaction%3Dlightbox%26settings%3DeyJpZCI6MTgzMDUsInVybCI6Imh0dHBzOlwvXC93d3cuamdjbGFzc2ljcy5jb21cL3dwLWNvbnRlbnRcL3VwbG9hZHNcLzIwMjNcLzA5XC8yMDIzMDkyNF8xMDMwNTMtc2NhbGVkLmpwZyIsInNsaWRlc2hvdyI6IjVmNGEyMDEifQ%3D%3D\">\n\t\t\t\t\t<div class=\"e-gallery-image elementor-gallery-item__image\" data-thumbnail=\"https:\/\/www.jgclassics.com\/wp-content\/uploads\/2023\/09\/20230924_103053-300x169.jpg\" data-width=\"300\" data-height=\"169\" aria-label=\"10\u00e8me Montmel\u00f3 2023 Classic Car Meeting - Arriv\u00e9e du groupe Harley Davinson\" role=\"img\" ><\/div>\n\t\t\t\t\t\t\t\t\t\t\t<div class=\"elementor-gallery-item__overlay\"><\/div>\n\t\t\t\t\t\t\t\t\t\t\t\t\t\t<\/a>\n\t\t\t\t\t<\/div>\n\t\t\t\t\t<\/div>\n\t\t\t\t<\/div>\n\t\t\t\t\t<\/div>\n\t\t<\/div>\n\t\t\t\t\t<\/div>\n\t\t<\/section>\n\t\t\t\t<section data-particle_enable=\"false\" data-particle-mobile-disabled=\"false\" class=\"elementor-section elementor-top-section elementor-element elementor-element-2d4b4ed elementor-section-boxed elementor-section-height-default elementor-section-height-default\" data-id=\"2d4b4ed\" data-element_type=\"section\" data-e-type=\"section\">\n\t\t\t\t\t\t<div class=\"elementor-container elementor-column-gap-default\">\n\t\t\t\t\t<div class=\"elementor-column elementor-col-100 elementor-top-column elementor-element elementor-element-3e45e0c\" data-id=\"3e45e0c\" data-element_type=\"column\" data-e-type=\"column\">\n\t\t\t<div class=\"elementor-widget-wrap elementor-element-populated\">\n\t\t\t\t\t\t<div class=\"elementor-element elementor-element-44d668a elementor-widget elementor-widget-heading\" data-id=\"44d668a\" data-element_type=\"widget\" data-e-type=\"widget\" data-widget_type=\"heading.default\">\n\t\t\t\t<div class=\"elementor-widget-container\">\n\t\t\t\t\t<h2 class=\"elementor-heading-title elementor-size-default\">Le point culminant : l'entr\u00e9e sur le circuit de Catalunya avec le v\u00e9hicule lui-m\u00eame.<\/h2>\t\t\t\t<\/div>\n\t\t\t\t<\/div>\n\t\t\t\t\t<\/div>\n\t\t<\/div>\n\t\t\t\t\t<\/div>\n\t\t<\/section>\n\t\t\t\t<section data-particle_enable=\"false\" data-particle-mobile-disabled=\"false\" class=\"elementor-section elementor-top-section elementor-element elementor-element-70c2851 elementor-section-boxed elementor-section-height-default elementor-section-height-default\" data-id=\"70c2851\" data-element_type=\"section\" data-e-type=\"section\">\n\t\t\t\t\t\t<div class=\"elementor-container elementor-column-gap-default\">\n\t\t\t\t\t<div class=\"elementor-column elementor-col-100 elementor-top-column elementor-element elementor-element-2497514\" data-id=\"2497514\" data-element_type=\"column\" data-e-type=\"column\">\n\t\t\t<div class=\"elementor-widget-wrap elementor-element-populated\">\n\t\t\t\t\t\t<div class=\"elementor-element elementor-element-8874954 elementor-widget elementor-widget-text-editor\" data-id=\"8874954\" data-element_type=\"widget\" data-e-type=\"widget\" data-widget_type=\"text-editor.default\">\n\t\t\t\t<div class=\"elementor-widget-container\">\n\t\t\t\t\t\t\t\t\t<p>Pour cl\u00f4turer l&#8217;\u00e9v\u00e9nement, les organisateurs ont pu faire en sorte que tous les participants conduisent leur propre v\u00e9hicule sur le circuit de Catalunya. <a href=\"https:\/\/www.circuitcat.com\/es\/\" target=\"_blank\" rel=\"noopener\"><br \/>\n  <strong>Circuit de Catalunya<\/strong><br \/>\n<\/a>. Cela peut se faire de deux mani\u00e8res :<\/p>\n<ul>\n<li>Faire des tours : Les v\u00e9hicules qui le souhaitent peuvent s&#8217;inscrire pour faire des tours de circuit avec leur propre v\u00e9hicule. Cette activit\u00e9, payante (environ 70 euros), \u00e9tait ouverte \u00e0 toutes les voitures participant \u00e0 l&#8217;exposition.<\/li>\n<li>Visite guid\u00e9e du circuit : une invitation \u00e0 un tour de deux tours du circuit \u00e0 bord de leur propre v\u00e9hicule \u00e9tait pr\u00e9vue pour tous les participants, qu&#8217;ils prennent part ou non aux \u00e9liminatoires. Les organisateurs les ont divis\u00e9s en groupes de 50 voitures, qui ont pu faire le tour du circuit avec une voiture guide. Bien que le parcours ne comprenne pas de courses de vitesse, les participants ont pu \u00e9prouver la sensation de courir sur un circuit de comp\u00e9tition.<\/li>\n<\/ul>\n\t\t\t\t\t\t\t\t<\/div>\n\t\t\t\t<\/div>\n\t\t\t\t\t<\/div>\n\t\t<\/div>\n\t\t\t\t\t<\/div>\n\t\t<\/section>\n\t\t\t\t<section data-particle_enable=\"false\" data-particle-mobile-disabled=\"false\" class=\"elementor-section elementor-top-section elementor-element elementor-element-527a7e7 elementor-section-boxed elementor-section-height-default elementor-section-height-default\" data-id=\"527a7e7\" data-element_type=\"section\" data-e-type=\"section\">\n\t\t\t\t\t\t<div class=\"elementor-container elementor-column-gap-default\">\n\t\t\t\t\t<div class=\"elementor-column elementor-col-100 elementor-top-column elementor-element elementor-element-38a2ef1\" data-id=\"38a2ef1\" data-element_type=\"column\" data-e-type=\"column\">\n\t\t\t<div class=\"elementor-widget-wrap elementor-element-populated\">\n\t\t\t\t\t\t<div class=\"elementor-element elementor-element-8e80ada elementor-widget elementor-widget-gallery\" data-id=\"8e80ada\" data-element_type=\"widget\" data-e-type=\"widget\" data-settings=\"{&quot;gallery_layout&quot;:&quot;justified&quot;,&quot;ideal_row_height&quot;:{&quot;unit&quot;:&quot;px&quot;,&quot;size&quot;:181,&quot;sizes&quot;:[]},&quot;ideal_row_height_mobile&quot;:{&quot;unit&quot;:&quot;px&quot;,&quot;size&quot;:94,&quot;sizes&quot;:[]},&quot;lazyload&quot;:&quot;yes&quot;,&quot;ideal_row_height_tablet&quot;:{&quot;unit&quot;:&quot;px&quot;,&quot;size&quot;:150,&quot;sizes&quot;:[]},&quot;gap&quot;:{&quot;unit&quot;:&quot;px&quot;,&quot;size&quot;:10,&quot;sizes&quot;:[]},&quot;gap_tablet&quot;:{&quot;unit&quot;:&quot;px&quot;,&quot;size&quot;:10,&quot;sizes&quot;:[]},&quot;gap_mobile&quot;:{&quot;unit&quot;:&quot;px&quot;,&quot;size&quot;:10,&quot;sizes&quot;:[]},&quot;link_to&quot;:&quot;file&quot;,&quot;overlay_background&quot;:&quot;yes&quot;,&quot;content_hover_animation&quot;:&quot;fade-in&quot;}\" data-widget_type=\"gallery.default\">\n\t\t\t\t<div class=\"elementor-widget-container\">\n\t\t\t\t\t\t\t<div class=\"elementor-gallery__container\">\n\t\t\t\t\t\t\t<a class=\"e-gallery-item elementor-gallery-item elementor-animated-content\" href=\"https:\/\/www.jgclassics.com\/wp-content\/uploads\/2023\/09\/20230924_131910-scaled.jpg\" data-elementor-open-lightbox=\"yes\" data-elementor-lightbox-slideshow=\"8e80ada\" data-elementor-lightbox-title=\"10\u00e8me Montmel\u00f3 2023 Classic Car Meeting -D\u00e9part pour le Circuit de Catalunya\" data-elementor-lightbox-description=\"D\u00e9part pour le circuit de Catalunya\" data-e-action-hash=\"#elementor-action%3Aaction%3Dlightbox%26settings%3DeyJpZCI6MTgzOTMsInVybCI6Imh0dHBzOlwvXC93d3cuamdjbGFzc2ljcy5jb21cL3dwLWNvbnRlbnRcL3VwbG9hZHNcLzIwMjNcLzA5XC8yMDIzMDkyNF8xMzE5MTAtc2NhbGVkLmpwZyIsInNsaWRlc2hvdyI6IjhlODBhZGEifQ%3D%3D\">\n\t\t\t\t\t<div class=\"e-gallery-image elementor-gallery-item__image\" data-thumbnail=\"https:\/\/www.jgclassics.com\/wp-content\/uploads\/2023\/09\/20230924_131910-300x169.jpg\" data-width=\"300\" data-height=\"169\" aria-label=\"10\u00e8me Montmel\u00f3 2023 Classic Car Meeting -D\u00e9part pour le Circuit de Catalunya\" role=\"img\" ><\/div>\n\t\t\t\t\t\t\t\t\t\t\t<div class=\"elementor-gallery-item__overlay\"><\/div>\n\t\t\t\t\t\t\t\t\t\t\t\t\t\t<\/a>\n\t\t\t\t\t\t\t<a class=\"e-gallery-item elementor-gallery-item elementor-animated-content\" href=\"https:\/\/www.jgclassics.com\/wp-content\/uploads\/2023\/09\/20230924_131919-scaled.jpg\" data-elementor-open-lightbox=\"yes\" data-elementor-lightbox-slideshow=\"8e80ada\" data-elementor-lightbox-title=\"10\u00e8me Montmel\u00f3 2023 Classic Car Meeting -D\u00e9part pour le Circuit de Catalunya\" data-elementor-lightbox-description=\"D\u00e9part pour le circuit de Catalunya\" data-e-action-hash=\"#elementor-action%3Aaction%3Dlightbox%26settings%3DeyJpZCI6MTgzOTcsInVybCI6Imh0dHBzOlwvXC93d3cuamdjbGFzc2ljcy5jb21cL3dwLWNvbnRlbnRcL3VwbG9hZHNcLzIwMjNcLzA5XC8yMDIzMDkyNF8xMzE5MTktc2NhbGVkLmpwZyIsInNsaWRlc2hvdyI6IjhlODBhZGEifQ%3D%3D\">\n\t\t\t\t\t<div class=\"e-gallery-image elementor-gallery-item__image\" data-thumbnail=\"https:\/\/www.jgclassics.com\/wp-content\/uploads\/2023\/09\/20230924_131919-300x169.jpg\" data-width=\"300\" data-height=\"169\" aria-label=\"10\u00e8me Montmel\u00f3 2023 Classic Car Meeting -D\u00e9part pour le Circuit de Catalunya\" role=\"img\" ><\/div>\n\t\t\t\t\t\t\t\t\t\t\t<div class=\"elementor-gallery-item__overlay\"><\/div>\n\t\t\t\t\t\t\t\t\t\t\t\t\t\t<\/a>\n\t\t\t\t\t\t\t<a class=\"e-gallery-item elementor-gallery-item elementor-animated-content\" href=\"https:\/\/www.jgclassics.com\/wp-content\/uploads\/2023\/09\/20230924_133914-scaled.jpg\" data-elementor-open-lightbox=\"yes\" data-elementor-lightbox-slideshow=\"8e80ada\" data-elementor-lightbox-title=\"10\u00e8me Montmel\u00f3 2023 Classic Car Meeting - En attendant d&#039;entrer sur le Circuit de Catalunya\" data-elementor-lightbox-description=\"En attendant d&#039;entrer sur le circuit de Catalunya\" data-e-action-hash=\"#elementor-action%3Aaction%3Dlightbox%26settings%3DeyJpZCI6MTgzNDUsInVybCI6Imh0dHBzOlwvXC93d3cuamdjbGFzc2ljcy5jb21cL3dwLWNvbnRlbnRcL3VwbG9hZHNcLzIwMjNcLzA5XC8yMDIzMDkyNF8xMzM5MTQtc2NhbGVkLmpwZyIsInNsaWRlc2hvdyI6IjhlODBhZGEifQ%3D%3D\">\n\t\t\t\t\t<div class=\"e-gallery-image elementor-gallery-item__image\" data-thumbnail=\"https:\/\/www.jgclassics.com\/wp-content\/uploads\/2023\/09\/20230924_133914-300x169.jpg\" data-width=\"300\" data-height=\"169\" aria-label=\"10\u00e8me Montmel\u00f3 2023 Classic Car Meeting - En attendant d&#039;entrer sur le Circuit de Catalunya\" role=\"img\" ><\/div>\n\t\t\t\t\t\t\t\t\t\t\t<div class=\"elementor-gallery-item__overlay\"><\/div>\n\t\t\t\t\t\t\t\t\t\t\t\t\t\t<\/a>\n\t\t\t\t\t\t\t<a class=\"e-gallery-item elementor-gallery-item elementor-animated-content\" href=\"https:\/\/www.jgclassics.com\/wp-content\/uploads\/2023\/09\/20230924_133949-scaled.jpg\" data-elementor-open-lightbox=\"yes\" data-elementor-lightbox-slideshow=\"8e80ada\" data-elementor-lightbox-title=\"10\u00e8me Montmel\u00f3 2023 Classic Car Meeting - En attendant d&#039;entrer sur le Circuit de Catalunya\" data-elementor-lightbox-description=\"En attendant d&#039;entrer sur le circuit de Catalunya\" data-e-action-hash=\"#elementor-action%3Aaction%3Dlightbox%26settings%3DeyJpZCI6MTgzNDksInVybCI6Imh0dHBzOlwvXC93d3cuamdjbGFzc2ljcy5jb21cL3dwLWNvbnRlbnRcL3VwbG9hZHNcLzIwMjNcLzA5XC8yMDIzMDkyNF8xMzM5NDktc2NhbGVkLmpwZyIsInNsaWRlc2hvdyI6IjhlODBhZGEifQ%3D%3D\">\n\t\t\t\t\t<div class=\"e-gallery-image elementor-gallery-item__image\" data-thumbnail=\"https:\/\/www.jgclassics.com\/wp-content\/uploads\/2023\/09\/20230924_133949-300x169.jpg\" data-width=\"300\" data-height=\"169\" aria-label=\"10\u00e8me Montmel\u00f3 2023 Classic Car Meeting - En attendant d&#039;entrer sur le Circuit de Catalunya\" role=\"img\" ><\/div>\n\t\t\t\t\t\t\t\t\t\t\t<div class=\"elementor-gallery-item__overlay\"><\/div>\n\t\t\t\t\t\t\t\t\t\t\t\t\t\t<\/a>\n\t\t\t\t\t\t\t<a class=\"e-gallery-item elementor-gallery-item elementor-animated-content\" href=\"https:\/\/www.jgclassics.com\/wp-content\/uploads\/2023\/09\/20230924_133953-scaled.jpg\" data-elementor-open-lightbox=\"yes\" data-elementor-lightbox-slideshow=\"8e80ada\" data-elementor-lightbox-title=\"10\u00e8me Montmel\u00f3 2023 Classic Car Meeting - En attendant d&#039;entrer sur le Circuit de Catalunya\" data-elementor-lightbox-description=\"En attendant d&#039;entrer sur le circuit de Catalunya\" data-e-action-hash=\"#elementor-action%3Aaction%3Dlightbox%26settings%3DeyJpZCI6MTgzNTMsInVybCI6Imh0dHBzOlwvXC93d3cuamdjbGFzc2ljcy5jb21cL3dwLWNvbnRlbnRcL3VwbG9hZHNcLzIwMjNcLzA5XC8yMDIzMDkyNF8xMzM5NTMtc2NhbGVkLmpwZyIsInNsaWRlc2hvdyI6IjhlODBhZGEifQ%3D%3D\">\n\t\t\t\t\t<div class=\"e-gallery-image elementor-gallery-item__image\" data-thumbnail=\"https:\/\/www.jgclassics.com\/wp-content\/uploads\/2023\/09\/20230924_133953-169x300.jpg\" data-width=\"169\" data-height=\"300\" aria-label=\"10\u00e8me Montmel\u00f3 2023 Classic Car Meeting - En attendant d&#039;entrer sur le Circuit de Catalunya\" role=\"img\" ><\/div>\n\t\t\t\t\t\t\t\t\t\t\t<div class=\"elementor-gallery-item__overlay\"><\/div>\n\t\t\t\t\t\t\t\t\t\t\t\t\t\t<\/a>\n\t\t\t\t\t\t\t<a class=\"e-gallery-item elementor-gallery-item elementor-animated-content\" href=\"https:\/\/www.jgclassics.com\/wp-content\/uploads\/2023\/09\/20230924_141550-scaled.jpg\" data-elementor-open-lightbox=\"yes\" data-elementor-lightbox-slideshow=\"8e80ada\" data-elementor-lightbox-title=\"10\u00e8me Montmel\u00f3 2023 Classic Car Meeting - Pit Lane au Circuit de Catalunya\" data-elementor-lightbox-description=\"La voie des stands au Circuit de Catalunya\" data-e-action-hash=\"#elementor-action%3Aaction%3Dlightbox%26settings%3DeyJpZCI6MTgzNTcsInVybCI6Imh0dHBzOlwvXC93d3cuamdjbGFzc2ljcy5jb21cL3dwLWNvbnRlbnRcL3VwbG9hZHNcLzIwMjNcLzA5XC8yMDIzMDkyNF8xNDE1NTAtc2NhbGVkLmpwZyIsInNsaWRlc2hvdyI6IjhlODBhZGEifQ%3D%3D\">\n\t\t\t\t\t<div class=\"e-gallery-image elementor-gallery-item__image\" data-thumbnail=\"https:\/\/www.jgclassics.com\/wp-content\/uploads\/2023\/09\/20230924_141550-300x169.jpg\" data-width=\"300\" data-height=\"169\" aria-label=\"10\u00e8me Montmel\u00f3 2023 Classic Car Meeting - Pit Lane au Circuit de Catalunya\" role=\"img\" ><\/div>\n\t\t\t\t\t\t\t\t\t\t\t<div class=\"elementor-gallery-item__overlay\"><\/div>\n\t\t\t\t\t\t\t\t\t\t\t\t\t\t<\/a>\n\t\t\t\t\t\t\t<a class=\"e-gallery-item elementor-gallery-item elementor-animated-content\" href=\"https:\/\/www.jgclassics.com\/wp-content\/uploads\/2023\/09\/20230924_141602-scaled.jpg\" data-elementor-open-lightbox=\"yes\" data-elementor-lightbox-slideshow=\"8e80ada\" data-elementor-lightbox-title=\"10\u00e8me Montmel\u00f3 2023 Classic Car Meeting - Pit Lane au Circuit de Catalunya\" data-elementor-lightbox-description=\"La voie des stands au Circuit de Catalunya\" data-e-action-hash=\"#elementor-action%3Aaction%3Dlightbox%26settings%3DeyJpZCI6MTgzNjEsInVybCI6Imh0dHBzOlwvXC93d3cuamdjbGFzc2ljcy5jb21cL3dwLWNvbnRlbnRcL3VwbG9hZHNcLzIwMjNcLzA5XC8yMDIzMDkyNF8xNDE2MDItc2NhbGVkLmpwZyIsInNsaWRlc2hvdyI6IjhlODBhZGEifQ%3D%3D\">\n\t\t\t\t\t<div class=\"e-gallery-image elementor-gallery-item__image\" data-thumbnail=\"https:\/\/www.jgclassics.com\/wp-content\/uploads\/2023\/09\/20230924_141602-300x169.jpg\" data-width=\"300\" data-height=\"169\" aria-label=\"10\u00e8me Montmel\u00f3 2023 Classic Car Meeting - Pit Lane au Circuit de Catalunya\" role=\"img\" ><\/div>\n\t\t\t\t\t\t\t\t\t\t\t<div class=\"elementor-gallery-item__overlay\"><\/div>\n\t\t\t\t\t\t\t\t\t\t\t\t\t\t<\/a>\n\t\t\t\t\t\t\t<a class=\"e-gallery-item elementor-gallery-item elementor-animated-content\" href=\"https:\/\/www.jgclassics.com\/wp-content\/uploads\/2023\/09\/20230924_141749-scaled.jpg\" data-elementor-open-lightbox=\"yes\" data-elementor-lightbox-slideshow=\"8e80ada\" data-elementor-lightbox-title=\"10\u00e8me Montmel\u00f3 2023 Classic Car Meeting - Pit Lane au Circuit de Catalunya\" data-elementor-lightbox-description=\"La voie des stands au Circuit de Catalunya\" data-e-action-hash=\"#elementor-action%3Aaction%3Dlightbox%26settings%3DeyJpZCI6MTgzNjUsInVybCI6Imh0dHBzOlwvXC93d3cuamdjbGFzc2ljcy5jb21cL3dwLWNvbnRlbnRcL3VwbG9hZHNcLzIwMjNcLzA5XC8yMDIzMDkyNF8xNDE3NDktc2NhbGVkLmpwZyIsInNsaWRlc2hvdyI6IjhlODBhZGEifQ%3D%3D\">\n\t\t\t\t\t<div class=\"e-gallery-image elementor-gallery-item__image\" data-thumbnail=\"https:\/\/www.jgclassics.com\/wp-content\/uploads\/2023\/09\/20230924_141749-300x169.jpg\" data-width=\"300\" data-height=\"169\" aria-label=\"10\u00e8me Montmel\u00f3 2023 Classic Car Meeting - Pit Lane au Circuit de Catalunya\" role=\"img\" ><\/div>\n\t\t\t\t\t\t\t\t\t\t\t<div class=\"elementor-gallery-item__overlay\"><\/div>\n\t\t\t\t\t\t\t\t\t\t\t\t\t\t<\/a>\n\t\t\t\t\t\t\t<a class=\"e-gallery-item elementor-gallery-item elementor-animated-content\" href=\"https:\/\/www.jgclassics.com\/wp-content\/uploads\/2023\/09\/20230924_141910-scaled.jpg\" data-elementor-open-lightbox=\"yes\" data-elementor-lightbox-slideshow=\"8e80ada\" data-elementor-lightbox-title=\"10\u00e8me Montmel\u00f3 2023 Classic Car Meeting - Pit Lane au Circuit de Catalunya\" data-elementor-lightbox-description=\"La voie des stands au Circuit de Catalunya\" data-e-action-hash=\"#elementor-action%3Aaction%3Dlightbox%26settings%3DeyJpZCI6MTgzNjksInVybCI6Imh0dHBzOlwvXC93d3cuamdjbGFzc2ljcy5jb21cL3dwLWNvbnRlbnRcL3VwbG9hZHNcLzIwMjNcLzA5XC8yMDIzMDkyNF8xNDE5MTAtc2NhbGVkLmpwZyIsInNsaWRlc2hvdyI6IjhlODBhZGEifQ%3D%3D\">\n\t\t\t\t\t<div class=\"e-gallery-image elementor-gallery-item__image\" data-thumbnail=\"https:\/\/www.jgclassics.com\/wp-content\/uploads\/2023\/09\/20230924_141910-300x169.jpg\" data-width=\"300\" data-height=\"169\" aria-label=\"10\u00e8me Montmel\u00f3 2023 Classic Car Meeting - Pit Lane au Circuit de Catalunya\" role=\"img\" ><\/div>\n\t\t\t\t\t\t\t\t\t\t\t<div class=\"elementor-gallery-item__overlay\"><\/div>\n\t\t\t\t\t\t\t\t\t\t\t\t\t\t<\/a>\n\t\t\t\t\t\t\t<a class=\"e-gallery-item elementor-gallery-item elementor-animated-content\" href=\"https:\/\/www.jgclassics.com\/wp-content\/uploads\/2023\/09\/20230924_141958-scaled.jpg\" data-elementor-open-lightbox=\"yes\" data-elementor-lightbox-slideshow=\"8e80ada\" data-elementor-lightbox-title=\"10\u00e8me Montmel\u00f3 2023 Classic Car Meeting - Pit Lane au Circuit de Catalunya\" data-elementor-lightbox-description=\"La voie des stands au Circuit de Catalunya\" data-e-action-hash=\"#elementor-action%3Aaction%3Dlightbox%26settings%3DeyJpZCI6MTgzNzMsInVybCI6Imh0dHBzOlwvXC93d3cuamdjbGFzc2ljcy5jb21cL3dwLWNvbnRlbnRcL3VwbG9hZHNcLzIwMjNcLzA5XC8yMDIzMDkyNF8xNDE5NTgtc2NhbGVkLmpwZyIsInNsaWRlc2hvdyI6IjhlODBhZGEifQ%3D%3D\">\n\t\t\t\t\t<div class=\"e-gallery-image elementor-gallery-item__image\" data-thumbnail=\"https:\/\/www.jgclassics.com\/wp-content\/uploads\/2023\/09\/20230924_141958-300x169.jpg\" data-width=\"300\" data-height=\"169\" aria-label=\"10\u00e8me Montmel\u00f3 2023 Classic Car Meeting - Pit Lane au Circuit de Catalunya\" role=\"img\" ><\/div>\n\t\t\t\t\t\t\t\t\t\t\t<div class=\"elementor-gallery-item__overlay\"><\/div>\n\t\t\t\t\t\t\t\t\t\t\t\t\t\t<\/a>\n\t\t\t\t\t\t\t<a class=\"e-gallery-item elementor-gallery-item elementor-animated-content\" href=\"https:\/\/www.jgclassics.com\/wp-content\/uploads\/2023\/09\/20230924_142104.jpg\" data-elementor-open-lightbox=\"yes\" data-elementor-lightbox-slideshow=\"8e80ada\" data-elementor-lightbox-title=\"10\u00e8me Montmel\u00f3 2023 Classic Car Meeting -Racing at the Circuit de Catalunya\" data-elementor-lightbox-description=\"Rouler sur le circuit de Catalunya\" data-e-action-hash=\"#elementor-action%3Aaction%3Dlightbox%26settings%3DeyJpZCI6MTgzNzcsInVybCI6Imh0dHBzOlwvXC93d3cuamdjbGFzc2ljcy5jb21cL3dwLWNvbnRlbnRcL3VwbG9hZHNcLzIwMjNcLzA5XC8yMDIzMDkyNF8xNDIxMDQuanBnIiwic2xpZGVzaG93IjoiOGU4MGFkYSJ9\">\n\t\t\t\t\t<div class=\"e-gallery-image elementor-gallery-item__image\" data-thumbnail=\"https:\/\/www.jgclassics.com\/wp-content\/uploads\/2023\/09\/20230924_142104-300x254.jpg\" data-width=\"300\" data-height=\"254\" aria-label=\"10\u00e8me Montmel\u00f3 2023 Classic Car Meeting - Course au Circuit de Catalunya\" role=\"img\" ><\/div>\n\t\t\t\t\t\t\t\t\t\t\t<div class=\"elementor-gallery-item__overlay\"><\/div>\n\t\t\t\t\t\t\t\t\t\t\t\t\t\t<\/a>\n\t\t\t\t\t\t\t<a class=\"e-gallery-item elementor-gallery-item elementor-animated-content\" href=\"https:\/\/www.jgclassics.com\/wp-content\/uploads\/2023\/09\/20230924_142210-scaled.jpg\" data-elementor-open-lightbox=\"yes\" data-elementor-lightbox-slideshow=\"8e80ada\" data-elementor-lightbox-title=\"10\u00e8me Montmel\u00f3 2023 Classic Car Meeting - Course au Circuit de Catalunya\" data-elementor-lightbox-description=\"Rouler sur le circuit de Catalunya\" data-e-action-hash=\"#elementor-action%3Aaction%3Dlightbox%26settings%3DeyJpZCI6MTgzODEsInVybCI6Imh0dHBzOlwvXC93d3cuamdjbGFzc2ljcy5jb21cL3dwLWNvbnRlbnRcL3VwbG9hZHNcLzIwMjNcLzA5XC8yMDIzMDkyNF8xNDIyMTAtc2NhbGVkLmpwZyIsInNsaWRlc2hvdyI6IjhlODBhZGEifQ%3D%3D\">\n\t\t\t\t\t<div class=\"e-gallery-image elementor-gallery-item__image\" data-thumbnail=\"https:\/\/www.jgclassics.com\/wp-content\/uploads\/2023\/09\/20230924_142210-300x169.jpg\" data-width=\"300\" data-height=\"169\" aria-label=\"10\u00e8me Montmel\u00f3 2023 Classic Car Meeting - Course au Circuit de Catalunya\" role=\"img\" ><\/div>\n\t\t\t\t\t\t\t\t\t\t\t<div class=\"elementor-gallery-item__overlay\"><\/div>\n\t\t\t\t\t\t\t\t\t\t\t\t\t\t<\/a>\n\t\t\t\t\t\t\t<a class=\"e-gallery-item elementor-gallery-item elementor-animated-content\" href=\"https:\/\/www.jgclassics.com\/wp-content\/uploads\/2023\/09\/20230924_142310-scaled.jpg\" data-elementor-open-lightbox=\"yes\" data-elementor-lightbox-slideshow=\"8e80ada\" data-elementor-lightbox-title=\"10\u00e8me Montmel\u00f3 2023 Classic Car Meeting - Course au Circuit de Catalunya\" data-elementor-lightbox-description=\"Rouler sur le circuit de Catalunya\" data-e-action-hash=\"#elementor-action%3Aaction%3Dlightbox%26settings%3DeyJpZCI6MTgzODUsInVybCI6Imh0dHBzOlwvXC93d3cuamdjbGFzc2ljcy5jb21cL3dwLWNvbnRlbnRcL3VwbG9hZHNcLzIwMjNcLzA5XC8yMDIzMDkyNF8xNDIzMTAtc2NhbGVkLmpwZyIsInNsaWRlc2hvdyI6IjhlODBhZGEifQ%3D%3D\">\n\t\t\t\t\t<div class=\"e-gallery-image elementor-gallery-item__image\" data-thumbnail=\"https:\/\/www.jgclassics.com\/wp-content\/uploads\/2023\/09\/20230924_142310-300x169.jpg\" data-width=\"300\" data-height=\"169\" aria-label=\"10\u00e8me Montmel\u00f3 2023 Classic Car Meeting - Course au Circuit de Catalunya\" role=\"img\" ><\/div>\n\t\t\t\t\t\t\t\t\t\t\t<div class=\"elementor-gallery-item__overlay\"><\/div>\n\t\t\t\t\t\t\t\t\t\t\t\t\t\t<\/a>\n\t\t\t\t\t\t\t<a class=\"e-gallery-item elementor-gallery-item elementor-animated-content\" href=\"https:\/\/www.jgclassics.com\/wp-content\/uploads\/2023\/09\/20230924_142321-scaled.jpg\" data-elementor-open-lightbox=\"yes\" data-elementor-lightbox-slideshow=\"8e80ada\" data-elementor-lightbox-title=\"10\u00e8me Montmel\u00f3 2023 Classic Car Meeting - Course au Circuit de Catalunya\" data-elementor-lightbox-description=\"Rouler sur le circuit de Catalunya\" data-e-action-hash=\"#elementor-action%3Aaction%3Dlightbox%26settings%3DeyJpZCI6MTgzODksInVybCI6Imh0dHBzOlwvXC93d3cuamdjbGFzc2ljcy5jb21cL3dwLWNvbnRlbnRcL3VwbG9hZHNcLzIwMjNcLzA5XC8yMDIzMDkyNF8xNDIzMjEtc2NhbGVkLmpwZyIsInNsaWRlc2hvdyI6IjhlODBhZGEifQ%3D%3D\">\n\t\t\t\t\t<div class=\"e-gallery-image elementor-gallery-item__image\" data-thumbnail=\"https:\/\/www.jgclassics.com\/wp-content\/uploads\/2023\/09\/20230924_142321-300x169.jpg\" data-width=\"300\" data-height=\"169\" aria-label=\"10\u00e8me Montmel\u00f3 2023 Classic Car Meeting - Course au Circuit de Catalunya\" role=\"img\" ><\/div>\n\t\t\t\t\t\t\t\t\t\t\t<div class=\"elementor-gallery-item__overlay\"><\/div>\n\t\t\t\t\t\t\t\t\t\t\t\t\t\t<\/a>\n\t\t\t\t\t<\/div>\n\t\t\t\t\t<\/div>\n\t\t\t\t<\/div>\n\t\t\t\t\t<\/div>\n\t\t<\/div>\n\t\t\t\t\t<\/div>\n\t\t<\/section>\n\t\t\t\t<section data-particle_enable=\"false\" data-particle-mobile-disabled=\"false\" class=\"elementor-section elementor-top-section elementor-element elementor-element-02ecd54 elementor-section-boxed elementor-section-height-default elementor-section-height-default\" data-id=\"02ecd54\" data-element_type=\"section\" data-e-type=\"section\">\n\t\t\t\t\t\t<div class=\"elementor-container elementor-column-gap-default\">\n\t\t\t\t\t<div class=\"elementor-column elementor-col-100 elementor-top-column elementor-element elementor-element-562ba5b\" data-id=\"562ba5b\" data-element_type=\"column\" data-e-type=\"column\">\n\t\t\t<div class=\"elementor-widget-wrap elementor-element-populated\">\n\t\t\t\t\t\t<div class=\"elementor-element elementor-element-856bc0f elementor-widget elementor-widget-heading\" data-id=\"856bc0f\" data-element_type=\"widget\" data-e-type=\"widget\" data-widget_type=\"heading.default\">\n\t\t\t\t<div class=\"elementor-widget-container\">\n\t\t\t\t\t<h2 class=\"elementor-heading-title elementor-size-default\">Un succ\u00e8s retentissant. Nous attendons d\u00e9j\u00e0 avec impatience le 11e \u00e9v\u00e9nement en 2024.<\/h2>\t\t\t\t<\/div>\n\t\t\t\t<\/div>\n\t\t\t\t<div class=\"elementor-element elementor-element-cefb4d3 elementor-widget elementor-widget-text-editor\" data-id=\"cefb4d3\" data-element_type=\"widget\" data-e-type=\"widget\" data-widget_type=\"text-editor.default\">\n\t\t\t\t<div class=\"elementor-widget-container\">\n\t\t\t\t\t\t\t\t\t<p>En conclusion, l&#8217;\u00e9v\u00e9nement a \u00e9t\u00e9 un succ\u00e8s retentissant \u00e0 tous points de vue : Une organisation impeccable qui a fait en sorte que tout se d\u00e9roule comme sur des roulettes, depuis l&#8217;acc\u00e8s et l&#8217;organisation des participants jusqu&#8217;\u00e0 l&#8217;activit\u00e9 \u00e0 l&#8217;int\u00e9rieur du <a href=\"https:\/\/www.circuitcat.com\/es\/\" target=\"_blank\" rel=\"noopener\">Circuit de Catalunya<\/a>.L&#8217;exposition comprenait \u00e9galement des installations permettant au public d&#8217;y acc\u00e9der confortablement, le service de bar, l&#8217;animation assur\u00e9e par le groupe de musique et le conf\u00e9rencier, les stands de merchandising et la collaboration des propri\u00e9taires qui exposaient leurs v\u00e9hicules, toujours pr\u00eats \u00e0 partager toutes les informations que les visiteurs souhaitaient conna\u00eetre, ainsi que leur passion pour ces machines, h\u00e9ritage du patrimoine industriel de l&#8217;industrie automobile.<\/p>\n<p>Nous ne pouvons que f\u00e9liciter le <strong><br \/>\n  <a href=\"https:\/\/www.classicclubmontmelo.com\/\" target=\"_blank\" rel=\"noopener\">Classic Club Montmel\u00f3<\/a><br \/>\n<\/strong> et nous attendons avec impatience le 11e \u00e9v\u00e9nement en 2024.<\/p>\n\t\t\t\t\t\t\t\t<\/div>\n\t\t\t\t<\/div>\n\t\t\t\t\t<\/div>\n\t\t<\/div>\n\t\t\t\t\t<\/div>\n\t\t<\/section>\n\t\t\t\t<\/div>\n\t\t","protected":false},"excerpt":{"rendered":"<p>Le dimanche 24 septembre, co\u00efncidant avec le jour de la Merc\u00e8, patronne de la ville de Barcelone, la 10e rencontre de voitures classiques a eu lieu dans la ville de Montmel\u00f3. Nous vous en parlons<\/p>\n","protected":false},"author":1,"featured_media":18131,"comment_status":"open","ping_status":"open","sticky":false,"template":"elementor_header_footer","format":"standard","meta":{"_monsterinsights_skip_tracking":false,"_monsterinsights_sitenote_active":false,"_monsterinsights_sitenote_note":"","_monsterinsights_sitenote_category":0,"site-sidebar-layout":"default","site-content-layout":"","ast-site-content-layout":"default","site-content-style":"default","site-sidebar-style":"default","ast-global-header-display":"","ast-banner-title-visibility":"","ast-main-header-display":"","ast-hfb-above-header-display":"","ast-hfb-below-header-display":"","ast-hfb-mobile-header-display":"","site-post-title":"","ast-breadcrumbs-content":"","ast-featured-img":"","footer-sml-layout":"","ast-disable-related-posts":"","theme-transparent-header-meta":"","adv-header-id-meta":"","stick-header-meta":"","header-above-stick-meta":"","header-main-stick-meta":"","header-below-stick-meta":"","astra-migrate-meta-layouts":"set","ast-page-background-enabled":"default","ast-page-background-meta":{"desktop":{"background-color":"var(--ast-global-color-4)","background-image":"","background-repeat":"repeat","background-position":"center center","background-size":"auto","background-attachment":"scroll","background-type":"","background-media":"","overlay-type":"","overlay-color":"","overlay-opacity":"","overlay-gradient":""},"tablet":{"background-color":"","background-image":"","background-repeat":"repeat","background-position":"center center","background-size":"auto","background-attachment":"scroll","background-type":"","background-media":"","overlay-type":"","overlay-color":"","overlay-opacity":"","overlay-gradient":""},"mobile":{"background-color":"","background-image":"","background-repeat":"repeat","background-position":"center center","background-size":"auto","background-attachment":"scroll","background-type":"","background-media":"","overlay-type":"","overlay-color":"","overlay-opacity":"","overlay-gradient":""}},"ast-content-background-meta":{"desktop":{"background-color":"var(--ast-global-color-5)","background-image":"","background-repeat":"repeat","background-position":"center center","background-size":"auto","background-attachment":"scroll","background-type":"","background-media":"","overlay-type":"","overlay-color":"","overlay-opacity":"","overlay-gradient":""},"tablet":{"background-color":"var(--ast-global-color-5)","background-image":"","background-repeat":"repeat","background-position":"center center","background-size":"auto","background-attachment":"scroll","background-type":"","background-media":"","overlay-type":"","overlay-color":"","overlay-opacity":"","overlay-gradient":""},"mobile":{"background-color":"var(--ast-global-color-5)","background-image":"","background-repeat":"repeat","background-position":"center center","background-size":"auto","background-attachment":"scroll","background-type":"","background-media":"","overlay-type":"","overlay-color":"","overlay-opacity":"","overlay-gradient":""}},"footnotes":""},"categories":[497],"tags":[],"class_list":["post-18494","post","type-post","status-publish","format-standard","has-post-thumbnail","hentry","category-actualites"],"yoast_head":"<!-- This site is optimized with the Yoast SEO Premium plugin v27.4 (Yoast SEO v27.4) - https:\/\/yoast.com\/product\/yoast-seo-premium-wordpress\/ -->\n<title>Les voitures de collection au rendez-vous de Montmel\u00f3 2023 - La chronique - JG Classics : L&#039;\u00e9motion du voyage dans le temps<\/title>\n<meta name=\"description\" content=\"Le dimanche 24 septembre, co\u00efncidant avec le jour de la Merc\u00e8, patronne de la ville de Barcelone, la 10e rencontre de voitures classiques a eu lieu dans la ville de Montmel\u00f3. Nous vous en parlons\" \/>\n<meta name=\"robots\" content=\"index, follow, max-snippet:-1, max-image-preview:large, max-video-preview:-1\" \/>\n<link rel=\"canonical\" href=\"https:\/\/www.jgclassics.com\/fr\/2023\/09\/26\/les-voitures-de-collection-au-rendez-vous-de-montmelo-2023-la-chronique\/\" \/>\n<meta property=\"og:locale\" content=\"fr_FR\" \/>\n<meta property=\"og:type\" content=\"article\" \/>\n<meta property=\"og:title\" content=\"Les voitures de collection au rendez-vous de Montmel\u00f3 2023 - La chronique\" \/>\n<meta property=\"og:description\" content=\"Le dimanche 24 septembre, co\u00efncidant avec le jour de la Merc\u00e8, patronne de la ville de Barcelone, la 10e rencontre de voitures classiques a eu lieu dans la ville de Montmel\u00f3. Nous vous en parlons\" \/>\n<meta property=\"og:url\" content=\"https:\/\/www.jgclassics.com\/fr\/2023\/09\/26\/les-voitures-de-collection-au-rendez-vous-de-montmelo-2023-la-chronique\/\" \/>\n<meta property=\"og:site_name\" content=\"JG Classics : L&#039;\u00e9motion du voyage dans le temps\" \/>\n<meta property=\"article:publisher\" content=\"https:\/\/www.facebook.com\/profile.php?id=100086454427345\" \/>\n<meta property=\"article:published_time\" content=\"2023-09-25T23:24:00+00:00\" \/>\n<meta property=\"article:modified_time\" content=\"2023-09-26T10:19:03+00:00\" \/>\n<meta property=\"og:image\" content=\"https:\/\/www.jgclassics.com\/wp-content\/uploads\/2023\/09\/20230924_151454-scaled.jpg\" \/>\n\t<meta property=\"og:image:width\" content=\"2560\" \/>\n\t<meta property=\"og:image:height\" content=\"1332\" \/>\n\t<meta property=\"og:image:type\" content=\"image\/jpeg\" \/>\n<meta name=\"author\" content=\"JG Classics Administrator\" \/>\n<meta name=\"twitter:card\" content=\"summary_large_image\" \/>\n<meta name=\"twitter:description\" content=\"Le 24 septembre 2023, la 10e rencontre de voitures classiques aura lieu \u00e0 Montmel\u00f3. Organis\u00e9 par le Cl\u00e0ssic Club Montmel\u00f3, avec la collaboration de divers clubs, administrations et entit\u00e9s, l&#039;\u00e9v\u00e9nement se d\u00e9roulera sur l&#039;Esplanada de la Ronda del Pedregar \u00e0 Montmel\u00f3.\" \/>\n<meta name=\"twitter:label1\" content=\"\u00c9crit par\" \/>\n\t<meta name=\"twitter:data1\" content=\"JG Classics Administrator\" \/>\n\t<meta name=\"twitter:label2\" content=\"Dur\u00e9e de lecture estim\u00e9e\" \/>\n\t<meta name=\"twitter:data2\" content=\"6 minutes\" \/>\n<script type=\"application\/ld+json\" class=\"yoast-schema-graph\">{\"@context\":\"https:\\\/\\\/schema.org\",\"@graph\":[{\"@type\":\"Article\",\"@id\":\"https:\\\/\\\/www.jgclassics.com\\\/fr\\\/2023\\\/09\\\/26\\\/les-voitures-de-collection-au-rendez-vous-de-montmelo-2023-la-chronique\\\/#article\",\"isPartOf\":{\"@id\":\"https:\\\/\\\/www.jgclassics.com\\\/fr\\\/2023\\\/09\\\/26\\\/les-voitures-de-collection-au-rendez-vous-de-montmelo-2023-la-chronique\\\/\"},\"author\":{\"name\":\"JG Classics Administrator\",\"@id\":\"https:\\\/\\\/www.jgclassics.com\\\/fr\\\/#\\\/schema\\\/person\\\/c90c7d27489a18da844c6085e5641f8d\"},\"headline\":\"Les voitures de collection au rendez-vous de Montmel\u00f3 2023 &#8211; La chronique\",\"datePublished\":\"2023-09-25T23:24:00+00:00\",\"dateModified\":\"2023-09-26T10:19:03+00:00\",\"mainEntityOfPage\":{\"@id\":\"https:\\\/\\\/www.jgclassics.com\\\/fr\\\/2023\\\/09\\\/26\\\/les-voitures-de-collection-au-rendez-vous-de-montmelo-2023-la-chronique\\\/\"},\"wordCount\":1061,\"commentCount\":0,\"publisher\":{\"@id\":\"https:\\\/\\\/www.jgclassics.com\\\/fr\\\/#organization\"},\"image\":{\"@id\":\"https:\\\/\\\/www.jgclassics.com\\\/fr\\\/2023\\\/09\\\/26\\\/les-voitures-de-collection-au-rendez-vous-de-montmelo-2023-la-chronique\\\/#primaryimage\"},\"thumbnailUrl\":\"https:\\\/\\\/www.jgclassics.com\\\/wp-content\\\/uploads\\\/2023\\\/09\\\/20230924_151454-scaled.jpg\",\"articleSection\":[\"Actualit\u00e9s\"],\"inLanguage\":\"fr-FR\",\"potentialAction\":[{\"@type\":\"CommentAction\",\"name\":\"Comment\",\"target\":[\"https:\\\/\\\/www.jgclassics.com\\\/fr\\\/2023\\\/09\\\/26\\\/les-voitures-de-collection-au-rendez-vous-de-montmelo-2023-la-chronique\\\/#respond\"]}]},{\"@type\":\"WebPage\",\"@id\":\"https:\\\/\\\/www.jgclassics.com\\\/fr\\\/2023\\\/09\\\/26\\\/les-voitures-de-collection-au-rendez-vous-de-montmelo-2023-la-chronique\\\/\",\"url\":\"https:\\\/\\\/www.jgclassics.com\\\/fr\\\/2023\\\/09\\\/26\\\/les-voitures-de-collection-au-rendez-vous-de-montmelo-2023-la-chronique\\\/\",\"name\":\"Les voitures de collection au rendez-vous de Montmel\u00f3 2023 - La chronique - JG Classics : L'\u00e9motion du voyage dans le temps\",\"isPartOf\":{\"@id\":\"https:\\\/\\\/www.jgclassics.com\\\/fr\\\/#website\"},\"primaryImageOfPage\":{\"@id\":\"https:\\\/\\\/www.jgclassics.com\\\/fr\\\/2023\\\/09\\\/26\\\/les-voitures-de-collection-au-rendez-vous-de-montmelo-2023-la-chronique\\\/#primaryimage\"},\"image\":{\"@id\":\"https:\\\/\\\/www.jgclassics.com\\\/fr\\\/2023\\\/09\\\/26\\\/les-voitures-de-collection-au-rendez-vous-de-montmelo-2023-la-chronique\\\/#primaryimage\"},\"thumbnailUrl\":\"https:\\\/\\\/www.jgclassics.com\\\/wp-content\\\/uploads\\\/2023\\\/09\\\/20230924_151454-scaled.jpg\",\"datePublished\":\"2023-09-25T23:24:00+00:00\",\"dateModified\":\"2023-09-26T10:19:03+00:00\",\"description\":\"Le dimanche 24 septembre, co\u00efncidant avec le jour de la Merc\u00e8, patronne de la ville de Barcelone, la 10e rencontre de voitures classiques a eu lieu dans la ville de Montmel\u00f3. Nous vous en parlons\",\"breadcrumb\":{\"@id\":\"https:\\\/\\\/www.jgclassics.com\\\/fr\\\/2023\\\/09\\\/26\\\/les-voitures-de-collection-au-rendez-vous-de-montmelo-2023-la-chronique\\\/#breadcrumb\"},\"inLanguage\":\"fr-FR\",\"potentialAction\":[{\"@type\":\"ReadAction\",\"target\":[\"https:\\\/\\\/www.jgclassics.com\\\/fr\\\/2023\\\/09\\\/26\\\/les-voitures-de-collection-au-rendez-vous-de-montmelo-2023-la-chronique\\\/\"]}]},{\"@type\":\"ImageObject\",\"inLanguage\":\"fr-FR\",\"@id\":\"https:\\\/\\\/www.jgclassics.com\\\/fr\\\/2023\\\/09\\\/26\\\/les-voitures-de-collection-au-rendez-vous-de-montmelo-2023-la-chronique\\\/#primaryimage\",\"url\":\"https:\\\/\\\/www.jgclassics.com\\\/wp-content\\\/uploads\\\/2023\\\/09\\\/20230924_151454-scaled.jpg\",\"contentUrl\":\"https:\\\/\\\/www.jgclassics.com\\\/wp-content\\\/uploads\\\/2023\\\/09\\\/20230924_151454-scaled.jpg\",\"width\":2560,\"height\":1332,\"caption\":\"10\u00e8me Montmel\u00f3 2023 Classic Car Meeting - Notre num\u00e9ro de dorsale 075\"},{\"@type\":\"BreadcrumbList\",\"@id\":\"https:\\\/\\\/www.jgclassics.com\\\/fr\\\/2023\\\/09\\\/26\\\/les-voitures-de-collection-au-rendez-vous-de-montmelo-2023-la-chronique\\\/#breadcrumb\",\"itemListElement\":[{\"@type\":\"ListItem\",\"position\":1,\"name\":\"Inicio\",\"item\":\"https:\\\/\\\/www.jgclassics.com\\\/fr\\\/jg-classics-des-voitures-classiques-et-historiques-pour-voyager-dans-le-temps\\\/\"},{\"@type\":\"ListItem\",\"position\":2,\"name\":\"Les voitures de collection au rendez-vous de Montmel\u00f3 2023 &#8211; La chronique\"}]},{\"@type\":\"WebSite\",\"@id\":\"https:\\\/\\\/www.jgclassics.com\\\/fr\\\/#website\",\"url\":\"https:\\\/\\\/www.jgclassics.com\\\/fr\\\/\",\"name\":\"JG Classics : L'\u00e9motion du voyage dans le temps\",\"description\":\"Voitures anciennes, voitures historiques : Location, accompagnement aux restaurations, informations techniques et achat de mat\u00e9riel\",\"publisher\":{\"@id\":\"https:\\\/\\\/www.jgclassics.com\\\/fr\\\/#organization\"},\"alternateName\":\"JG Classics - Coches cl\u00e1sicos e hist\u00f3ricos - Alquiler, blogs, informaci\u00f3n, art\u00edculos\",\"potentialAction\":[{\"@type\":\"SearchAction\",\"target\":{\"@type\":\"EntryPoint\",\"urlTemplate\":\"https:\\\/\\\/www.jgclassics.com\\\/fr\\\/?s={search_term_string}\"},\"query-input\":{\"@type\":\"PropertyValueSpecification\",\"valueRequired\":true,\"valueName\":\"search_term_string\"}}],\"inLanguage\":\"fr-FR\"},{\"@type\":\"Organization\",\"@id\":\"https:\\\/\\\/www.jgclassics.com\\\/fr\\\/#organization\",\"name\":\"JG Classics : L'\u00e9motion du voyage dans le temps\",\"alternateName\":\"JG Classics\",\"url\":\"https:\\\/\\\/www.jgclassics.com\\\/fr\\\/\",\"logo\":{\"@type\":\"ImageObject\",\"inLanguage\":\"fr-FR\",\"@id\":\"https:\\\/\\\/www.jgclassics.com\\\/fr\\\/#\\\/schema\\\/logo\\\/image\\\/\",\"url\":\"https:\\\/\\\/www.jgclassics.com\\\/wp-content\\\/uploads\\\/2022\\\/10\\\/Color-logo-with-background.svg\",\"contentUrl\":\"https:\\\/\\\/www.jgclassics.com\\\/wp-content\\\/uploads\\\/2022\\\/10\\\/Color-logo-with-background.svg\",\"width\":3171,\"height\":2303,\"caption\":\"JG Classics : L'\u00e9motion du voyage dans le temps\"},\"image\":{\"@id\":\"https:\\\/\\\/www.jgclassics.com\\\/fr\\\/#\\\/schema\\\/logo\\\/image\\\/\"},\"sameAs\":[\"https:\\\/\\\/www.facebook.com\\\/profile.php?id=100086454427345\"]},{\"@type\":\"Person\",\"@id\":\"https:\\\/\\\/www.jgclassics.com\\\/fr\\\/#\\\/schema\\\/person\\\/c90c7d27489a18da844c6085e5641f8d\",\"name\":\"JG Classics Administrator\",\"image\":{\"@type\":\"ImageObject\",\"inLanguage\":\"fr-FR\",\"@id\":\"https:\\\/\\\/secure.gravatar.com\\\/avatar\\\/ededfcc22765048d597870dfa6024bcb30f5c6fa35cd8cf28a5f1ac6e0067a31?s=96&d=mm&r=g\",\"url\":\"https:\\\/\\\/secure.gravatar.com\\\/avatar\\\/ededfcc22765048d597870dfa6024bcb30f5c6fa35cd8cf28a5f1ac6e0067a31?s=96&d=mm&r=g\",\"contentUrl\":\"https:\\\/\\\/secure.gravatar.com\\\/avatar\\\/ededfcc22765048d597870dfa6024bcb30f5c6fa35cd8cf28a5f1ac6e0067a31?s=96&d=mm&r=g\",\"caption\":\"JG Classics Administrator\"},\"sameAs\":[\"https:\\\/\\\/www.jgclassics.com\"],\"url\":\"https:\\\/\\\/www.jgclassics.com\\\/fr\\\/author\\\/jgclassics_hikp0z\\\/\"}]}<\/script>\n<!-- \/ Yoast SEO Premium plugin. -->","yoast_head_json":{"title":"Les voitures de collection au rendez-vous de Montmel\u00f3 2023 - La chronique - JG Classics : L'\u00e9motion du voyage dans le temps","description":"Le dimanche 24 septembre, co\u00efncidant avec le jour de la Merc\u00e8, patronne de la ville de Barcelone, la 10e rencontre de voitures classiques a eu lieu dans la ville de Montmel\u00f3. Nous vous en parlons","robots":{"index":"index","follow":"follow","max-snippet":"max-snippet:-1","max-image-preview":"max-image-preview:large","max-video-preview":"max-video-preview:-1"},"canonical":"https:\/\/www.jgclassics.com\/fr\/2023\/09\/26\/les-voitures-de-collection-au-rendez-vous-de-montmelo-2023-la-chronique\/","og_locale":"fr_FR","og_type":"article","og_title":"Les voitures de collection au rendez-vous de Montmel\u00f3 2023 - La chronique","og_description":"Le dimanche 24 septembre, co\u00efncidant avec le jour de la Merc\u00e8, patronne de la ville de Barcelone, la 10e rencontre de voitures classiques a eu lieu dans la ville de Montmel\u00f3. Nous vous en parlons","og_url":"https:\/\/www.jgclassics.com\/fr\/2023\/09\/26\/les-voitures-de-collection-au-rendez-vous-de-montmelo-2023-la-chronique\/","og_site_name":"JG Classics : L'\u00e9motion du voyage dans le temps","article_publisher":"https:\/\/www.facebook.com\/profile.php?id=100086454427345","article_published_time":"2023-09-25T23:24:00+00:00","article_modified_time":"2023-09-26T10:19:03+00:00","og_image":[{"width":2560,"height":1332,"url":"https:\/\/www.jgclassics.com\/wp-content\/uploads\/2023\/09\/20230924_151454-scaled.jpg","type":"image\/jpeg"}],"author":"JG Classics Administrator","twitter_card":"summary_large_image","twitter_description":"Le 24 septembre 2023, la 10e rencontre de voitures classiques aura lieu \u00e0 Montmel\u00f3. Organis\u00e9 par le Cl\u00e0ssic Club Montmel\u00f3, avec la collaboration de divers clubs, administrations et entit\u00e9s, l'\u00e9v\u00e9nement se d\u00e9roulera sur l'Esplanada de la Ronda del Pedregar \u00e0 Montmel\u00f3.","twitter_misc":{"\u00c9crit par":"JG Classics Administrator","Dur\u00e9e de lecture estim\u00e9e":"6 minutes"},"schema":{"@context":"https:\/\/schema.org","@graph":[{"@type":"Article","@id":"https:\/\/www.jgclassics.com\/fr\/2023\/09\/26\/les-voitures-de-collection-au-rendez-vous-de-montmelo-2023-la-chronique\/#article","isPartOf":{"@id":"https:\/\/www.jgclassics.com\/fr\/2023\/09\/26\/les-voitures-de-collection-au-rendez-vous-de-montmelo-2023-la-chronique\/"},"author":{"name":"JG Classics Administrator","@id":"https:\/\/www.jgclassics.com\/fr\/#\/schema\/person\/c90c7d27489a18da844c6085e5641f8d"},"headline":"Les voitures de collection au rendez-vous de Montmel\u00f3 2023 &#8211; La chronique","datePublished":"2023-09-25T23:24:00+00:00","dateModified":"2023-09-26T10:19:03+00:00","mainEntityOfPage":{"@id":"https:\/\/www.jgclassics.com\/fr\/2023\/09\/26\/les-voitures-de-collection-au-rendez-vous-de-montmelo-2023-la-chronique\/"},"wordCount":1061,"commentCount":0,"publisher":{"@id":"https:\/\/www.jgclassics.com\/fr\/#organization"},"image":{"@id":"https:\/\/www.jgclassics.com\/fr\/2023\/09\/26\/les-voitures-de-collection-au-rendez-vous-de-montmelo-2023-la-chronique\/#primaryimage"},"thumbnailUrl":"https:\/\/www.jgclassics.com\/wp-content\/uploads\/2023\/09\/20230924_151454-scaled.jpg","articleSection":["Actualit\u00e9s"],"inLanguage":"fr-FR","potentialAction":[{"@type":"CommentAction","name":"Comment","target":["https:\/\/www.jgclassics.com\/fr\/2023\/09\/26\/les-voitures-de-collection-au-rendez-vous-de-montmelo-2023-la-chronique\/#respond"]}]},{"@type":"WebPage","@id":"https:\/\/www.jgclassics.com\/fr\/2023\/09\/26\/les-voitures-de-collection-au-rendez-vous-de-montmelo-2023-la-chronique\/","url":"https:\/\/www.jgclassics.com\/fr\/2023\/09\/26\/les-voitures-de-collection-au-rendez-vous-de-montmelo-2023-la-chronique\/","name":"Les voitures de collection au rendez-vous de Montmel\u00f3 2023 - La chronique - JG Classics : L'\u00e9motion du voyage dans le temps","isPartOf":{"@id":"https:\/\/www.jgclassics.com\/fr\/#website"},"primaryImageOfPage":{"@id":"https:\/\/www.jgclassics.com\/fr\/2023\/09\/26\/les-voitures-de-collection-au-rendez-vous-de-montmelo-2023-la-chronique\/#primaryimage"},"image":{"@id":"https:\/\/www.jgclassics.com\/fr\/2023\/09\/26\/les-voitures-de-collection-au-rendez-vous-de-montmelo-2023-la-chronique\/#primaryimage"},"thumbnailUrl":"https:\/\/www.jgclassics.com\/wp-content\/uploads\/2023\/09\/20230924_151454-scaled.jpg","datePublished":"2023-09-25T23:24:00+00:00","dateModified":"2023-09-26T10:19:03+00:00","description":"Le dimanche 24 septembre, co\u00efncidant avec le jour de la Merc\u00e8, patronne de la ville de Barcelone, la 10e rencontre de voitures classiques a eu lieu dans la ville de Montmel\u00f3. Nous vous en parlons","breadcrumb":{"@id":"https:\/\/www.jgclassics.com\/fr\/2023\/09\/26\/les-voitures-de-collection-au-rendez-vous-de-montmelo-2023-la-chronique\/#breadcrumb"},"inLanguage":"fr-FR","potentialAction":[{"@type":"ReadAction","target":["https:\/\/www.jgclassics.com\/fr\/2023\/09\/26\/les-voitures-de-collection-au-rendez-vous-de-montmelo-2023-la-chronique\/"]}]},{"@type":"ImageObject","inLanguage":"fr-FR","@id":"https:\/\/www.jgclassics.com\/fr\/2023\/09\/26\/les-voitures-de-collection-au-rendez-vous-de-montmelo-2023-la-chronique\/#primaryimage","url":"https:\/\/www.jgclassics.com\/wp-content\/uploads\/2023\/09\/20230924_151454-scaled.jpg","contentUrl":"https:\/\/www.jgclassics.com\/wp-content\/uploads\/2023\/09\/20230924_151454-scaled.jpg","width":2560,"height":1332,"caption":"10\u00e8me Montmel\u00f3 2023 Classic Car Meeting - Notre num\u00e9ro de dorsale 075"},{"@type":"BreadcrumbList","@id":"https:\/\/www.jgclassics.com\/fr\/2023\/09\/26\/les-voitures-de-collection-au-rendez-vous-de-montmelo-2023-la-chronique\/#breadcrumb","itemListElement":[{"@type":"ListItem","position":1,"name":"Inicio","item":"https:\/\/www.jgclassics.com\/fr\/jg-classics-des-voitures-classiques-et-historiques-pour-voyager-dans-le-temps\/"},{"@type":"ListItem","position":2,"name":"Les voitures de collection au rendez-vous de Montmel\u00f3 2023 &#8211; La chronique"}]},{"@type":"WebSite","@id":"https:\/\/www.jgclassics.com\/fr\/#website","url":"https:\/\/www.jgclassics.com\/fr\/","name":"JG Classics : L'\u00e9motion du voyage dans le temps","description":"Voitures anciennes, voitures historiques : Location, accompagnement aux restaurations, informations techniques et achat de mat\u00e9riel","publisher":{"@id":"https:\/\/www.jgclassics.com\/fr\/#organization"},"alternateName":"JG Classics - Coches cl\u00e1sicos e hist\u00f3ricos - Alquiler, blogs, informaci\u00f3n, art\u00edculos","potentialAction":[{"@type":"SearchAction","target":{"@type":"EntryPoint","urlTemplate":"https:\/\/www.jgclassics.com\/fr\/?s={search_term_string}"},"query-input":{"@type":"PropertyValueSpecification","valueRequired":true,"valueName":"search_term_string"}}],"inLanguage":"fr-FR"},{"@type":"Organization","@id":"https:\/\/www.jgclassics.com\/fr\/#organization","name":"JG Classics : L'\u00e9motion du voyage dans le temps","alternateName":"JG Classics","url":"https:\/\/www.jgclassics.com\/fr\/","logo":{"@type":"ImageObject","inLanguage":"fr-FR","@id":"https:\/\/www.jgclassics.com\/fr\/#\/schema\/logo\/image\/","url":"https:\/\/www.jgclassics.com\/wp-content\/uploads\/2022\/10\/Color-logo-with-background.svg","contentUrl":"https:\/\/www.jgclassics.com\/wp-content\/uploads\/2022\/10\/Color-logo-with-background.svg","width":3171,"height":2303,"caption":"JG Classics : L'\u00e9motion du voyage dans le temps"},"image":{"@id":"https:\/\/www.jgclassics.com\/fr\/#\/schema\/logo\/image\/"},"sameAs":["https:\/\/www.facebook.com\/profile.php?id=100086454427345"]},{"@type":"Person","@id":"https:\/\/www.jgclassics.com\/fr\/#\/schema\/person\/c90c7d27489a18da844c6085e5641f8d","name":"JG Classics Administrator","image":{"@type":"ImageObject","inLanguage":"fr-FR","@id":"https:\/\/secure.gravatar.com\/avatar\/ededfcc22765048d597870dfa6024bcb30f5c6fa35cd8cf28a5f1ac6e0067a31?s=96&d=mm&r=g","url":"https:\/\/secure.gravatar.com\/avatar\/ededfcc22765048d597870dfa6024bcb30f5c6fa35cd8cf28a5f1ac6e0067a31?s=96&d=mm&r=g","contentUrl":"https:\/\/secure.gravatar.com\/avatar\/ededfcc22765048d597870dfa6024bcb30f5c6fa35cd8cf28a5f1ac6e0067a31?s=96&d=mm&r=g","caption":"JG Classics Administrator"},"sameAs":["https:\/\/www.jgclassics.com"],"url":"https:\/\/www.jgclassics.com\/fr\/author\/jgclassics_hikp0z\/"}]}},"_links":{"self":[{"href":"https:\/\/www.jgclassics.com\/fr\/wp-json\/wp\/v2\/posts\/18494","targetHints":{"allow":["GET"]}}],"collection":[{"href":"https:\/\/www.jgclassics.com\/fr\/wp-json\/wp\/v2\/posts"}],"about":[{"href":"https:\/\/www.jgclassics.com\/fr\/wp-json\/wp\/v2\/types\/post"}],"author":[{"embeddable":true,"href":"https:\/\/www.jgclassics.com\/fr\/wp-json\/wp\/v2\/users\/1"}],"replies":[{"embeddable":true,"href":"https:\/\/www.jgclassics.com\/fr\/wp-json\/wp\/v2\/comments?post=18494"}],"version-history":[{"count":0,"href":"https:\/\/www.jgclassics.com\/fr\/wp-json\/wp\/v2\/posts\/18494\/revisions"}],"wp:featuredmedia":[{"embeddable":true,"href":"https:\/\/www.jgclassics.com\/fr\/wp-json\/wp\/v2\/media\/18131"}],"wp:attachment":[{"href":"https:\/\/www.jgclassics.com\/fr\/wp-json\/wp\/v2\/media?parent=18494"}],"wp:term":[{"taxonomy":"category","embeddable":true,"href":"https:\/\/www.jgclassics.com\/fr\/wp-json\/wp\/v2\/categories?post=18494"},{"taxonomy":"post_tag","embeddable":true,"href":"https:\/\/www.jgclassics.com\/fr\/wp-json\/wp\/v2\/tags?post=18494"}],"curies":[{"name":"wp","href":"https:\/\/api.w.org\/{rel}","templated":true}]}}