{"id":21960,"date":"2025-03-10T20:37:57","date_gmt":"2025-03-10T19:37:57","guid":{"rendered":"https:\/\/www.jgclassics.com\/2025\/03\/10\/opel-manta-une-course-acharnee-vers-la-voiture-classique\/"},"modified":"2025-03-12T18:27:38","modified_gmt":"2025-03-12T17:27:38","slug":"opel-manta-une-course-acharnee-vers-la-voiture-classique","status":"publish","type":"post","link":"https:\/\/www.jgclassics.com\/fr\/2025\/03\/10\/opel-manta-une-course-acharnee-vers-la-voiture-classique\/","title":{"rendered":"Opel Manta : une course acharn\u00e9e vers la voiture classique"},"content":{"rendered":"\t\t<div data-elementor-type=\"wp-post\" data-elementor-id=\"21960\" class=\"elementor elementor-21960 elementor-21787\" data-elementor-post-type=\"post\">\n\t\t\t\t\t\t<section data-particle_enable=\"false\" data-particle-mobile-disabled=\"false\" class=\"elementor-section elementor-top-section elementor-element elementor-element-5753eadc elementor-section-boxed elementor-section-height-default elementor-section-height-default\" data-id=\"5753eadc\" data-element_type=\"section\" data-e-type=\"section\">\n\t\t\t\t\t\t<div class=\"elementor-container elementor-column-gap-default\">\n\t\t\t\t\t<div class=\"elementor-column elementor-col-100 elementor-top-column elementor-element elementor-element-7bf7cc12\" data-id=\"7bf7cc12\" data-element_type=\"column\" data-e-type=\"column\">\n\t\t\t<div class=\"elementor-widget-wrap elementor-element-populated\">\n\t\t\t\t\t\t<div class=\"elementor-element elementor-element-5e1bd317 elementor-widget elementor-widget-wpml-language-switcher\" data-id=\"5e1bd317\" data-element_type=\"widget\" data-e-type=\"widget\" data-widget_type=\"wpml-language-switcher.default\">\n\t\t\t\t<div class=\"elementor-widget-container\">\n\t\t\t\t\t<div class=\"wpml-elementor-ls\">\n<div role=\"navigation\" aria-label=\"S\u00e9lecteur de langue\" class=\"wpml-ls-statics-shortcode_actions wpml-ls wpml-ls-legacy-list-horizontal\">\n\t<ul><li class=\"wpml-ls-slot-shortcode_actions wpml-ls-item wpml-ls-item-es wpml-ls-first-item wpml-ls-item-legacy-list-horizontal\">\n\t\t\t\t<a href=\"https:\/\/www.jgclassics.com\/\" hreflang=\"es\" lang=\"es\" class=\"wpml-ls-link\" aria-label=\"Passer \u00e0 Espagnol (Espa\u00f1ol)\" title=\"Passer \u00e0 Espagnol (Espa\u00f1ol)\">\n\t\t\t\t\t                                    <img decoding=\"async\"\n            class=\"wpml-ls-flag\"\n            src=\"https:\/\/www.jgclassics.com\/wp-content\/plugins\/sitepress-multilingual-cms\/res\/flags\/es.svg\"\n            alt=\"\"\n            loading=\"lazy\"\n            width=18\n            height=12\n    \/><span class=\"wpml-ls-native\">Espa\u00f1ol<\/span><span class=\"wpml-ls-display\"><span class=\"wpml-ls-bracket\"> (<\/span>Espagnol<span class=\"wpml-ls-bracket\">)<\/span><\/span><\/a>\n\t\t\t<\/li><li class=\"wpml-ls-slot-shortcode_actions wpml-ls-item wpml-ls-item-ca wpml-ls-item-legacy-list-horizontal\">\n\t\t\t\t<a href=\"https:\/\/www.jgclassics.com\/ca\/\" hreflang=\"ca\" lang=\"ca\" class=\"wpml-ls-link\" aria-label=\"Passer \u00e0 Catalan (Catal\u00e0)\" title=\"Passer \u00e0 Catalan (Catal\u00e0)\">\n\t\t\t\t\t                                    <img decoding=\"async\"\n            class=\"wpml-ls-flag\"\n            src=\"https:\/\/www.jgclassics.com\/wp-content\/plugins\/sitepress-multilingual-cms\/res\/flags\/ca.svg\"\n            alt=\"\"\n            loading=\"lazy\"\n            width=18\n            height=12\n    \/><span class=\"wpml-ls-native\">Catal\u00e0<\/span><span class=\"wpml-ls-display\"><span class=\"wpml-ls-bracket\"> (<\/span>Catalan<span class=\"wpml-ls-bracket\">)<\/span><\/span><\/a>\n\t\t\t<\/li><li class=\"wpml-ls-slot-shortcode_actions wpml-ls-item wpml-ls-item-en wpml-ls-item-legacy-list-horizontal\">\n\t\t\t\t<a href=\"https:\/\/www.jgclassics.com\/en\/\" hreflang=\"en\" lang=\"en\" class=\"wpml-ls-link\" aria-label=\"Passer \u00e0 Anglais (English)\" title=\"Passer \u00e0 Anglais (English)\">\n\t\t\t\t\t                                    <img decoding=\"async\"\n            class=\"wpml-ls-flag\"\n            src=\"https:\/\/www.jgclassics.com\/wp-content\/plugins\/sitepress-multilingual-cms\/res\/flags\/en.svg\"\n            alt=\"\"\n            loading=\"lazy\"\n            width=18\n            height=12\n    \/><span class=\"wpml-ls-native\">English<\/span><span class=\"wpml-ls-display\"><span class=\"wpml-ls-bracket\"> (<\/span>Anglais<span class=\"wpml-ls-bracket\">)<\/span><\/span><\/a>\n\t\t\t<\/li><li class=\"wpml-ls-slot-shortcode_actions wpml-ls-item wpml-ls-item-fr wpml-ls-current-language wpml-ls-last-item wpml-ls-item-legacy-list-horizontal\">\n\t\t\t\t<a href=\"https:\/\/www.jgclassics.com\/fr\/\" hreflang=\"fr\" lang=\"fr\" class=\"wpml-ls-link\" aria-current=\"page\" aria-label=\"Passer \u00e0 Fran\u00e7ais (Fran\u00e7ais)\" title=\"Passer \u00e0 Fran\u00e7ais (Fran\u00e7ais)\">\n\t\t\t\t\t                                    <img decoding=\"async\"\n            class=\"wpml-ls-flag\"\n            src=\"https:\/\/www.jgclassics.com\/wp-content\/plugins\/sitepress-multilingual-cms\/res\/flags\/fr.svg\"\n            alt=\"\"\n            loading=\"lazy\"\n            width=18\n            height=12\n    \/><span class=\"wpml-ls-native\">Fran\u00e7ais<\/span><\/a>\n\t\t\t<\/li><\/ul>\n<\/div>\n<\/div>\t\t\t\t<\/div>\n\t\t\t\t<\/div>\n\t\t\t\t\t<\/div>\n\t\t<\/div>\n\t\t\t\t\t<\/div>\n\t\t<\/section>\n\t\t\t\t<section data-particle_enable=\"false\" data-particle-mobile-disabled=\"false\" class=\"elementor-section elementor-top-section elementor-element elementor-element-623d7706 elementor-section-boxed elementor-section-height-default elementor-section-height-default\" data-id=\"623d7706\" data-element_type=\"section\" data-e-type=\"section\">\n\t\t\t\t\t\t<div class=\"elementor-container elementor-column-gap-default\">\n\t\t\t\t\t<div class=\"elementor-column elementor-col-50 elementor-top-column elementor-element elementor-element-b0be77e\" data-id=\"b0be77e\" data-element_type=\"column\" data-e-type=\"column\">\n\t\t\t<div class=\"elementor-widget-wrap\">\n\t\t\t\t\t\t\t<\/div>\n\t\t<\/div>\n\t\t\t\t<div class=\"elementor-column elementor-col-50 elementor-top-column elementor-element elementor-element-68fd80a1\" data-id=\"68fd80a1\" data-element_type=\"column\" data-e-type=\"column\">\n\t\t\t<div class=\"elementor-widget-wrap elementor-element-populated\">\n\t\t\t\t\t\t<div class=\"elementor-element elementor-element-46663c2a elementor-share-buttons--view-icon elementor-share-buttons--skin-gradient elementor-share-buttons--shape-square elementor-grid-0 elementor-share-buttons--color-official elementor-widget elementor-widget-share-buttons\" data-id=\"46663c2a\" data-element_type=\"widget\" data-e-type=\"widget\" data-widget_type=\"share-buttons.default\">\n\t\t\t\t<div class=\"elementor-widget-container\">\n\t\t\t\t\t\t\t<div class=\"elementor-grid\" role=\"list\">\n\t\t\t\t\t\t\t\t<div class=\"elementor-grid-item\" role=\"listitem\">\n\t\t\t\t\t\t<div class=\"elementor-share-btn elementor-share-btn_facebook\" role=\"button\" tabindex=\"0\" aria-label=\"Partager sur facebook\">\n\t\t\t\t\t\t\t\t\t\t\t\t\t\t\t<span class=\"elementor-share-btn__icon\">\n\t\t\t\t\t\t\t\t<i class=\"fab fa-facebook\" aria-hidden=\"true\"><\/i>\t\t\t\t\t\t\t<\/span>\n\t\t\t\t\t\t\t\t\t\t\t\t\t\t\t\t\t\t\t\t<\/div>\n\t\t\t\t\t<\/div>\n\t\t\t\t\t\t\t\t\t<div class=\"elementor-grid-item\" role=\"listitem\">\n\t\t\t\t\t\t<div class=\"elementor-share-btn elementor-share-btn_whatsapp\" role=\"button\" tabindex=\"0\" aria-label=\"Partager sur whatsapp\">\n\t\t\t\t\t\t\t\t\t\t\t\t\t\t\t<span class=\"elementor-share-btn__icon\">\n\t\t\t\t\t\t\t\t<i class=\"fab fa-whatsapp\" aria-hidden=\"true\"><\/i>\t\t\t\t\t\t\t<\/span>\n\t\t\t\t\t\t\t\t\t\t\t\t\t\t\t\t\t\t\t\t<\/div>\n\t\t\t\t\t<\/div>\n\t\t\t\t\t\t\t\t\t<div class=\"elementor-grid-item\" role=\"listitem\">\n\t\t\t\t\t\t<div class=\"elementor-share-btn elementor-share-btn_email\" role=\"button\" tabindex=\"0\" aria-label=\"Partager sur email\">\n\t\t\t\t\t\t\t\t\t\t\t\t\t\t\t<span class=\"elementor-share-btn__icon\">\n\t\t\t\t\t\t\t\t<i class=\"fas fa-envelope\" aria-hidden=\"true\"><\/i>\t\t\t\t\t\t\t<\/span>\n\t\t\t\t\t\t\t\t\t\t\t\t\t\t\t\t\t\t\t\t<\/div>\n\t\t\t\t\t<\/div>\n\t\t\t\t\t\t\t\t\t<div class=\"elementor-grid-item\" role=\"listitem\">\n\t\t\t\t\t\t<div class=\"elementor-share-btn elementor-share-btn_pinterest\" role=\"button\" tabindex=\"0\" aria-label=\"Partager sur pinterest\">\n\t\t\t\t\t\t\t\t\t\t\t\t\t\t\t<span class=\"elementor-share-btn__icon\">\n\t\t\t\t\t\t\t\t<i class=\"fab fa-pinterest\" aria-hidden=\"true\"><\/i>\t\t\t\t\t\t\t<\/span>\n\t\t\t\t\t\t\t\t\t\t\t\t\t\t\t\t\t\t\t\t<\/div>\n\t\t\t\t\t<\/div>\n\t\t\t\t\t\t<\/div>\n\t\t\t\t\t\t<\/div>\n\t\t\t\t<\/div>\n\t\t\t\t\t<\/div>\n\t\t<\/div>\n\t\t\t\t\t<\/div>\n\t\t<\/section>\n\t\t\t\t<section data-particle_enable=\"false\" data-particle-mobile-disabled=\"false\" class=\"elementor-section elementor-top-section elementor-element elementor-element-138c4407 elementor-section-full_width elementor-section-height-min-height elementor-section-stretched elementor-section-height-default elementor-section-items-middle\" data-id=\"138c4407\" data-element_type=\"section\" data-e-type=\"section\" data-settings=\"{&quot;stretch_section&quot;:&quot;section-stretched&quot;}\">\n\t\t\t\t\t\t<div class=\"elementor-container elementor-column-gap-no\">\n\t\t\t\t\t<div class=\"elementor-column elementor-col-100 elementor-top-column elementor-element elementor-element-3bd6d333\" data-id=\"3bd6d333\" data-element_type=\"column\" data-e-type=\"column\">\n\t\t\t<div class=\"elementor-widget-wrap elementor-element-populated\">\n\t\t\t\t\t\t<div class=\"elementor-element elementor-element-7ad34c86 elementor-invisible elementor-widget elementor-widget-image\" data-id=\"7ad34c86\" data-element_type=\"widget\" data-e-type=\"widget\" data-settings=\"{&quot;_animation&quot;:&quot;fadeInUp&quot;}\" data-widget_type=\"image.default\">\n\t\t\t\t<div class=\"elementor-widget-container\">\n\t\t\t\t\t\t\t\t\t\t\t\t\t\t\t<img fetchpriority=\"high\" decoding=\"async\" width=\"1536\" height=\"864\" src=\"https:\/\/www.jgclassics.com\/wp-content\/uploads\/2023\/05\/20230513_110720-1536x864.jpg\" class=\"attachment-1536x1536 size-1536x1536 wp-image-14259\" alt=\"Opel Manta GTE. Disponible pour la location, les photos, les tournages, les s\u00e9quences.\" srcset=\"https:\/\/www.jgclassics.com\/wp-content\/uploads\/2023\/05\/20230513_110720-1536x864.jpg 1536w, https:\/\/www.jgclassics.com\/wp-content\/uploads\/2023\/05\/20230513_110720-300x169.jpg 300w, https:\/\/www.jgclassics.com\/wp-content\/uploads\/2023\/05\/20230513_110720-1024x576.jpg 1024w, https:\/\/www.jgclassics.com\/wp-content\/uploads\/2023\/05\/20230513_110720-768x432.jpg 768w, https:\/\/www.jgclassics.com\/wp-content\/uploads\/2023\/05\/20230513_110720-2048x1152.jpg 2048w\" sizes=\"(max-width: 1536px) 100vw, 1536px\" \/>\t\t\t\t\t\t\t\t\t\t\t\t\t\t\t<\/div>\n\t\t\t\t<\/div>\n\t\t\t\t<div class=\"elementor-element elementor-element-6882606a elementor-widget__width-inherit elementor-invisible elementor-widget elementor-widget-heading\" data-id=\"6882606a\" data-element_type=\"widget\" data-e-type=\"widget\" data-settings=\"{&quot;_animation&quot;:&quot;fadeInDown&quot;}\" data-widget_type=\"heading.default\">\n\t\t\t\t<div class=\"elementor-widget-container\">\n\t\t\t\t\t<h1 class=\"elementor-heading-title elementor-size-default\">L'Opel Manta, sa r\u00e9putation et toutes les blagues qui l'entourent.<\/h1>\t\t\t\t<\/div>\n\t\t\t\t<\/div>\n\t\t\t\t<div class=\"elementor-element elementor-element-42e091c elementor-widget__width-inherit elementor-invisible elementor-widget elementor-widget-heading\" data-id=\"42e091c\" data-element_type=\"widget\" data-e-type=\"widget\" data-settings=\"{&quot;_animation&quot;:&quot;fadeInDown&quot;}\" data-widget_type=\"heading.default\">\n\t\t\t\t<div class=\"elementor-widget-container\">\n\t\t\t\t\t<h2 class=\"elementor-heading-title elementor-size-default\">Une carri\u00e8re durement gagn\u00e9e pour devenir une voiture de collection<\/h2>\t\t\t\t<\/div>\n\t\t\t\t<\/div>\n\t\t\t\t<div class=\"elementor-element elementor-element-4f6bcab6 elementor-widget elementor-widget-post-info\" data-id=\"4f6bcab6\" data-element_type=\"widget\" data-e-type=\"widget\" data-widget_type=\"post-info.default\">\n\t\t\t\t<div class=\"elementor-widget-container\">\n\t\t\t\t\t\t\t<ul class=\"elementor-inline-items elementor-icon-list-items elementor-post-info\">\n\t\t\t\t\t\t\t\t<li class=\"elementor-icon-list-item elementor-repeater-item-6869cb2 elementor-inline-item\" itemprop=\"author\">\n\t\t\t\t\t\t<a href=\"https:\/\/www.jgclassics.com\/fr\/author\/jgclassics_hikp0z\/\">\n\t\t\t\t\t\t\t\t\t\t\t<span class=\"elementor-icon-list-icon\">\n\t\t\t\t\t\t\t\t<i aria-hidden=\"true\" class=\"far fa-user-circle\"><\/i>\t\t\t\t\t\t\t<\/span>\n\t\t\t\t\t\t\t\t\t<span class=\"elementor-icon-list-text elementor-post-info__item elementor-post-info__item--type-author\">\n\t\t\t\t\t\t\t\t\t\tJG Classics Administrator\t\t\t\t\t<\/span>\n\t\t\t\t\t\t\t\t\t<\/a>\n\t\t\t\t<\/li>\n\t\t\t\t<li class=\"elementor-icon-list-item elementor-repeater-item-a911f47 elementor-inline-item\" itemprop=\"datePublished\">\n\t\t\t\t\t\t<a href=\"https:\/\/www.jgclassics.com\/fr\/2025\/03\/10\/\">\n\t\t\t\t\t\t\t\t\t\t\t<span class=\"elementor-icon-list-icon\">\n\t\t\t\t\t\t\t\t<i aria-hidden=\"true\" class=\"fas fa-calendar\"><\/i>\t\t\t\t\t\t\t<\/span>\n\t\t\t\t\t\t\t\t\t<span class=\"elementor-icon-list-text elementor-post-info__item elementor-post-info__item--type-date\">\n\t\t\t\t\t\t\t\t\t\t<time>mars 10, 2025<\/time>\t\t\t\t\t<\/span>\n\t\t\t\t\t\t\t\t\t<\/a>\n\t\t\t\t<\/li>\n\t\t\t\t<li class=\"elementor-icon-list-item elementor-repeater-item-5aa2e53 elementor-inline-item\">\n\t\t\t\t\t\t\t\t\t\t<span class=\"elementor-icon-list-icon\">\n\t\t\t\t\t\t\t\t<i aria-hidden=\"true\" class=\"far fa-clock\"><\/i>\t\t\t\t\t\t\t<\/span>\n\t\t\t\t\t\t\t\t\t<span class=\"elementor-icon-list-text elementor-post-info__item elementor-post-info__item--type-time\">\n\t\t\t\t\t\t\t\t\t\t<time>8:37 pm<\/time>\t\t\t\t\t<\/span>\n\t\t\t\t\t\t\t\t<\/li>\n\t\t\t\t<\/ul>\n\t\t\t\t\t\t<\/div>\n\t\t\t\t<\/div>\n\t\t\t\t\t<\/div>\n\t\t<\/div>\n\t\t\t\t\t<\/div>\n\t\t<\/section>\n\t\t\t\t<section data-particle_enable=\"false\" data-particle-mobile-disabled=\"false\" class=\"elementor-section elementor-top-section elementor-element elementor-element-9eedccd elementor-section-boxed elementor-section-height-default elementor-section-height-default\" data-id=\"9eedccd\" data-element_type=\"section\" data-e-type=\"section\">\n\t\t\t\t\t\t<div class=\"elementor-container elementor-column-gap-default\">\n\t\t\t\t\t<div class=\"elementor-column elementor-col-100 elementor-top-column elementor-element elementor-element-e09e3b2\" data-id=\"e09e3b2\" data-element_type=\"column\" data-e-type=\"column\">\n\t\t\t<div class=\"elementor-widget-wrap elementor-element-populated\">\n\t\t\t\t\t\t<div class=\"elementor-element elementor-element-dfdf5ed elementor-widget elementor-widget-heading\" data-id=\"dfdf5ed\" data-element_type=\"widget\" data-e-type=\"widget\" data-widget_type=\"heading.default\">\n\t\t\t\t<div class=\"elementor-widget-container\">\n\t\t\t\t\t<h2 class=\"elementor-heading-title elementor-size-default\">De la naissance \u00e0 la reconnaissance en passant par la stigmatisation<\/h2>\t\t\t\t<\/div>\n\t\t\t\t<\/div>\n\t\t\t\t\t<\/div>\n\t\t<\/div>\n\t\t\t\t\t<\/div>\n\t\t<\/section>\n\t\t\t\t<section data-particle_enable=\"false\" data-particle-mobile-disabled=\"false\" class=\"elementor-section elementor-top-section elementor-element elementor-element-11d7b4e elementor-section-boxed elementor-section-height-default elementor-section-height-default\" data-id=\"11d7b4e\" data-element_type=\"section\" data-e-type=\"section\">\n\t\t\t\t\t\t<div class=\"elementor-container elementor-column-gap-default\">\n\t\t\t\t\t<div class=\"elementor-column elementor-col-100 elementor-top-column elementor-element elementor-element-742acb2\" data-id=\"742acb2\" data-element_type=\"column\" data-e-type=\"column\">\n\t\t\t<div class=\"elementor-widget-wrap elementor-element-populated\">\n\t\t\t\t\t\t<div class=\"elementor-element elementor-element-6024b31 elementor-widget elementor-widget-text-editor\" data-id=\"6024b31\" data-element_type=\"widget\" data-e-type=\"widget\" data-widget_type=\"text-editor.default\">\n\t\t\t\t<div class=\"elementor-widget-container\">\n\t\t\t\t\t\t\t\t\t<p>L&#8217;Opel Manta appartient \u00e0 la g\u00e9n\u00e9ration des &#8220;coup\u00e9s industriels&#8221;. Elle est apparue en 1970, a connu deux g\u00e9n\u00e9rations (Manta A et Manta B) et a \u00e9t\u00e9 abandonn\u00e9e en 1988 avec pr\u00e8s d&#8217;un million d&#8217;unit\u00e9s. On dit que presque toutes les voitures classiques passent par une &#8220;travers\u00e9e du d\u00e9sert&#8221; au cours de laquelle elles passent de l&#8217;anachronique \u00e0 l&#8217;ancien, et de l&#8217;ancien au classique. C&#8217;est aussi le cas de l&#8217;Opel Manta, mais c&#8217;est aussi un v\u00e9hicule qui a travers\u00e9 deux fois la &#8220;via crucis&#8221; de l&#8217;anachronisme, de la diffamation et de la stigmatisation &#8211; en Allemagne et en Espagne, \u00e0 des \u00e9poques diff\u00e9rentes &#8211; avant de devenir un classique jouissant de tous les droits et d&#8217;une reconnaissance pleine et enti\u00e8re. Mais cette stigmatisation a peut-\u00eatre \u00e9t\u00e9 l&#8217;une des cl\u00e9s qui l&#8217;a sauv\u00e9 de l&#8217;oubli.      <\/p>\n\t\t\t\t\t\t\t\t<\/div>\n\t\t\t\t<\/div>\n\t\t\t\t\t<\/div>\n\t\t<\/div>\n\t\t\t\t\t<\/div>\n\t\t<\/section>\n\t\t\t\t<section data-particle_enable=\"false\" data-particle-mobile-disabled=\"false\" class=\"elementor-section elementor-top-section elementor-element elementor-element-0759a5c elementor-section-boxed elementor-section-height-default elementor-section-height-default\" data-id=\"0759a5c\" data-element_type=\"section\" data-e-type=\"section\">\n\t\t\t\t\t\t<div class=\"elementor-container elementor-column-gap-default\">\n\t\t\t\t\t<div class=\"elementor-column elementor-col-100 elementor-top-column elementor-element elementor-element-7fc11af\" data-id=\"7fc11af\" data-element_type=\"column\" data-e-type=\"column\">\n\t\t\t<div class=\"elementor-widget-wrap elementor-element-populated\">\n\t\t\t\t\t\t<div class=\"elementor-element elementor-element-c3ec336 elementor-widget elementor-widget-heading\" data-id=\"c3ec336\" data-element_type=\"widget\" data-e-type=\"widget\" data-widget_type=\"heading.default\">\n\t\t\t\t<div class=\"elementor-widget-container\">\n\t\t\t\t\t<h2 class=\"elementor-heading-title elementor-size-default\">Avertissement et remarque pr\u00e9liminaire : Bonne humeur !<\/h2>\t\t\t\t<\/div>\n\t\t\t\t<\/div>\n\t\t\t\t\t<\/div>\n\t\t<\/div>\n\t\t\t\t\t<\/div>\n\t\t<\/section>\n\t\t\t\t<section data-particle_enable=\"false\" data-particle-mobile-disabled=\"false\" class=\"elementor-section elementor-top-section elementor-element elementor-element-3963e93 elementor-section-boxed elementor-section-height-default elementor-section-height-default\" data-id=\"3963e93\" data-element_type=\"section\" data-e-type=\"section\">\n\t\t\t\t\t\t<div class=\"elementor-container elementor-column-gap-default\">\n\t\t\t\t\t<div class=\"elementor-column elementor-col-100 elementor-top-column elementor-element elementor-element-c5d86d0\" data-id=\"c5d86d0\" data-element_type=\"column\" data-e-type=\"column\">\n\t\t\t<div class=\"elementor-widget-wrap elementor-element-populated\">\n\t\t\t\t\t\t<div class=\"elementor-element elementor-element-5f7e614 elementor-widget elementor-widget-text-editor\" data-id=\"5f7e614\" data-element_type=\"widget\" data-e-type=\"widget\" data-widget_type=\"text-editor.default\">\n\t\t\t\t<div class=\"elementor-widget-container\">\n\t\t\t\t\t\t\t\t\t<p style=\"text-align: left;\"><strong><span style=\"color: #000080;\">Tout d&#8217;abord, permettez-moi de vous parler des pr\u00e9liminaires<\/span> <\/strong>\ud83d\ude0a<\/p>\n<ul>\n<li>Nous avons nous-m\u00eames une Opel Manta. Vous pouvez la voir <a href=\"https:\/\/www.jgclassics.com\/fr\/nos-vehicules\/opel-manta-gte\/\" target=\"_blank\" rel=\"noopener\">ici<\/a> <\/li>\n<li>Ma premi\u00e8re voiture \u00e9tait une Opel Manta (pas celle que vous voyez ici), dont je garde un souvenir ind\u00e9l\u00e9bile. Aujourd&#8217;hui encore, je me souviens de la sensation que j&#8217;ai ressentie en m&#8217;asseyant au volant pour la premi\u00e8re fois (une sensation que je n&#8217;ai probablement jamais ressentie dans aucune autre voiture \u00e0 ce jour). <\/li>\n<li>La <a href=\"https:\/\/www.jgclassics.com\/fr\/a-propos-de-nous\/\" target=\"_blank\" rel=\"noopener\">raison de mon arriv\u00e9e dans le monde des voitures classiques<\/a> \u00e9tait pr\u00e9cis\u00e9ment cette premi\u00e8re Opel Manta, sur laquelle je travaillais \u00e0 sa restauration et \u00e0 sa remise en service apr\u00e8s son &#8220;d\u00e9classement&#8221;.<\/li>\n<\/ul>\n\t\t\t\t\t\t\t\t<\/div>\n\t\t\t\t<\/div>\n\t\t\t\t\t<\/div>\n\t\t<\/div>\n\t\t\t\t\t<\/div>\n\t\t<\/section>\n\t\t\t\t<section data-particle_enable=\"false\" data-particle-mobile-disabled=\"false\" class=\"elementor-section elementor-top-section elementor-element elementor-element-c839e1c elementor-section-boxed elementor-section-height-default elementor-section-height-default\" data-id=\"c839e1c\" data-element_type=\"section\" data-e-type=\"section\">\n\t\t\t\t\t\t<div class=\"elementor-container elementor-column-gap-default\">\n\t\t\t\t\t<div class=\"elementor-column elementor-col-100 elementor-top-column elementor-element elementor-element-70c11f7\" data-id=\"70c11f7\" data-element_type=\"column\" data-e-type=\"column\">\n\t\t\t<div class=\"elementor-widget-wrap elementor-element-populated\">\n\t\t\t\t\t\t<div class=\"elementor-element elementor-element-edc3faa elementor-widget elementor-widget-text-editor\" data-id=\"edc3faa\" data-element_type=\"widget\" data-e-type=\"widget\" data-widget_type=\"text-editor.default\">\n\t\t\t\t<div class=\"elementor-widget-container\">\n\t\t\t\t\t\t\t\t\t<p>Veuillez lire cet article en tenant compte du fait qu&#8217;il est \u00e9crit par un propri\u00e9taire non pas d&#8217;une, mais de deux Opel Manta, -il a donc \u00e9t\u00e9 le premier \u00e0 faire l&#8217;exp\u00e9rience de ces plaisanteries-, toujours avec bonne humeur, mais surtout avec affection pour le mod\u00e8le, en raison de l&#8217;implication personnelle que j&#8217;ai eue, et que j&#8217;ai toujours, avec lui.<\/p>\n\t\t\t\t\t\t\t\t<\/div>\n\t\t\t\t<\/div>\n\t\t\t\t\t<\/div>\n\t\t<\/div>\n\t\t\t\t\t<\/div>\n\t\t<\/section>\n\t\t\t\t<section data-particle_enable=\"false\" data-particle-mobile-disabled=\"false\" class=\"elementor-section elementor-top-section elementor-element elementor-element-a51cd40 elementor-section-boxed elementor-section-height-default elementor-section-height-default\" data-id=\"a51cd40\" data-element_type=\"section\" data-e-type=\"section\">\n\t\t\t\t\t\t<div class=\"elementor-container elementor-column-gap-default\">\n\t\t\t\t\t<div class=\"elementor-column elementor-col-100 elementor-top-column elementor-element elementor-element-02ca7dd\" data-id=\"02ca7dd\" data-element_type=\"column\" data-e-type=\"column\">\n\t\t\t<div class=\"elementor-widget-wrap elementor-element-populated\">\n\t\t\t\t\t\t<div class=\"elementor-element elementor-element-4a24dbd elementor-widget elementor-widget-text-editor\" data-id=\"4a24dbd\" data-element_type=\"widget\" data-e-type=\"widget\" data-widget_type=\"text-editor.default\">\n\t\t\t\t<div class=\"elementor-widget-container\">\n\t\t\t\t\t\t\t\t\t<p>Ceci \u00e9tant dit, commen\u00e7ons :<\/p>\n\t\t\t\t\t\t\t\t<\/div>\n\t\t\t\t<\/div>\n\t\t\t\t\t<\/div>\n\t\t<\/div>\n\t\t\t\t\t<\/div>\n\t\t<\/section>\n\t\t\t\t<section data-particle_enable=\"false\" data-particle-mobile-disabled=\"false\" class=\"elementor-section elementor-top-section elementor-element elementor-element-9692d7a elementor-section-boxed elementor-section-height-default elementor-section-height-default\" data-id=\"9692d7a\" data-element_type=\"section\" data-e-type=\"section\">\n\t\t\t\t\t\t<div class=\"elementor-container elementor-column-gap-default\">\n\t\t\t\t\t<div class=\"elementor-column elementor-col-100 elementor-top-column elementor-element elementor-element-0bafe43\" data-id=\"0bafe43\" data-element_type=\"column\" data-e-type=\"column\">\n\t\t\t<div class=\"elementor-widget-wrap elementor-element-populated\">\n\t\t\t\t\t\t<div class=\"elementor-element elementor-element-d028169 elementor-widget elementor-widget-heading\" data-id=\"d028169\" data-element_type=\"widget\" data-e-type=\"widget\" data-widget_type=\"heading.default\">\n\t\t\t\t<div class=\"elementor-widget-container\">\n\t\t\t\t\t<h2 class=\"elementor-heading-title elementor-size-default\">Comment ai-je eu connaissance des \"blagues sur l'Opel Manta\" ?<\/h2>\t\t\t\t<\/div>\n\t\t\t\t<\/div>\n\t\t\t\t\t<\/div>\n\t\t<\/div>\n\t\t\t\t\t<\/div>\n\t\t<\/section>\n\t\t\t\t<section data-particle_enable=\"false\" data-particle-mobile-disabled=\"false\" class=\"elementor-section elementor-top-section elementor-element elementor-element-d180327 elementor-section-boxed elementor-section-height-default elementor-section-height-default\" data-id=\"d180327\" data-element_type=\"section\" data-e-type=\"section\">\n\t\t\t\t\t\t<div class=\"elementor-container elementor-column-gap-default\">\n\t\t\t\t\t<div class=\"elementor-column elementor-col-50 elementor-top-column elementor-element elementor-element-6b3535e\" data-id=\"6b3535e\" data-element_type=\"column\" data-e-type=\"column\">\n\t\t\t<div class=\"elementor-widget-wrap elementor-element-populated\">\n\t\t\t\t\t\t<div class=\"elementor-element elementor-element-b8fe71f elementor-widget elementor-widget-image\" data-id=\"b8fe71f\" data-element_type=\"widget\" data-e-type=\"widget\" data-widget_type=\"image.default\">\n\t\t\t\t<div class=\"elementor-widget-container\">\n\t\t\t\t\t\t\t\t\t\t\t\t<figure class=\"wp-caption\">\n\t\t\t\t\t\t\t\t\t\t<img decoding=\"async\" width=\"913\" height=\"913\" src=\"https:\/\/www.jgclassics.com\/wp-content\/uploads\/2025\/03\/manta_bromas_001.jpg\" class=\"attachment-large size-large wp-image-21792\" alt=\"Avez-vous des blagues sur le Manta ?\" srcset=\"https:\/\/www.jgclassics.com\/wp-content\/uploads\/2025\/03\/manta_bromas_001.jpg 913w, https:\/\/www.jgclassics.com\/wp-content\/uploads\/2025\/03\/manta_bromas_001-300x300.jpg 300w, https:\/\/www.jgclassics.com\/wp-content\/uploads\/2025\/03\/manta_bromas_001-150x150.jpg 150w, https:\/\/www.jgclassics.com\/wp-content\/uploads\/2025\/03\/manta_bromas_001-768x768.jpg 768w\" sizes=\"(max-width: 913px) 100vw, 913px\" \/>\t\t\t\t\t\t\t\t\t\t\t<figcaption class=\"widget-image-caption wp-caption-text\">Avez-vous des blagues sur les Manta dans votre chambre ? Crachez-les maintenant ! <\/figcaption>\n\t\t\t\t\t\t\t\t\t\t<\/figure>\n\t\t\t\t\t\t\t\t\t<\/div>\n\t\t\t\t<\/div>\n\t\t\t\t\t<\/div>\n\t\t<\/div>\n\t\t\t\t<div class=\"elementor-column elementor-col-50 elementor-top-column elementor-element elementor-element-93a3591\" data-id=\"93a3591\" data-element_type=\"column\" data-e-type=\"column\">\n\t\t\t<div class=\"elementor-widget-wrap elementor-element-populated\">\n\t\t\t\t\t\t<div class=\"elementor-element elementor-element-6a96fb4 elementor-widget__width-initial elementor-widget elementor-widget-text-editor\" data-id=\"6a96fb4\" data-element_type=\"widget\" data-e-type=\"widget\" data-widget_type=\"text-editor.default\">\n\t\t\t\t<div class=\"elementor-widget-container\">\n\t\t\t\t\t\t\t\t\t<p>Il y a quelques ann\u00e9es, j&#8217;ai eu l&#8217;occasion de travailler avec plusieurs coll\u00e8gues allemands sur un projet professionnel qui a dur\u00e9 deux ans. Apr\u00e8s avoir partag\u00e9 de nombreuses heures de travail, il est courant de d\u00e9velopper de bonnes amiti\u00e9s, de passer du temps en discussions g\u00e9n\u00e9rales, de parler de la vie, d&#8217;aspects personnels et de passe-temps &#8211; et c&#8217;\u00e9taient tous des gens tr\u00e8s sympathiques. Et entre autres choses, nous avons pu partager des conversations sur les voitures, la culture et les curiosit\u00e9s automobiles.  <\/p>\n<p>\u00c0 l&#8217;\u00e9poque, je restaurais ma premi\u00e8re Opel Manta, une voiture qui, comme je l&#8217;ai dit au d\u00e9but de cet article, \u00e9tait ma voiture de tous les jours et pour laquelle j&#8217;avais une affection particuli\u00e8re. Un jour, alors que nous parlions de voitures, j&#8217;ai mentionn\u00e9 ma Manta et mes travaux de restauration. \u00c0 ma grande surprise, ils m&#8217;ont regard\u00e9 en souriant et m&#8217;ont dit : &#8220;Vous ne savez pas quelle est la renomm\u00e9e de l&#8217;Opel Manta ici en Allemagne ? <\/p>\n\t\t\t\t\t\t\t\t<\/div>\n\t\t\t\t<\/div>\n\t\t\t\t\t<\/div>\n\t\t<\/div>\n\t\t\t\t\t<\/div>\n\t\t<\/section>\n\t\t\t\t<section data-particle_enable=\"false\" data-particle-mobile-disabled=\"false\" class=\"elementor-section elementor-top-section elementor-element elementor-element-350166b elementor-section-boxed elementor-section-height-default elementor-section-height-default\" data-id=\"350166b\" data-element_type=\"section\" data-e-type=\"section\">\n\t\t\t\t\t\t<div class=\"elementor-container elementor-column-gap-default\">\n\t\t\t\t\t<div class=\"elementor-column elementor-col-100 elementor-top-column elementor-element elementor-element-5333048\" data-id=\"5333048\" data-element_type=\"column\" data-e-type=\"column\">\n\t\t\t<div class=\"elementor-widget-wrap elementor-element-populated\">\n\t\t\t\t\t\t<div class=\"elementor-element elementor-element-a27511d elementor-widget__width-initial elementor-widget elementor-widget-text-editor\" data-id=\"a27511d\" data-element_type=\"widget\" data-e-type=\"widget\" data-widget_type=\"text-editor.default\">\n\t\t\t\t<div class=\"elementor-widget-container\">\n\t\t\t\t\t\t\t\t\t<p>C&#8217;est alors qu&#8217;ils m&#8217;ont racont\u00e9 qu&#8217;il existait toute une tradition de blagues sur cette voiture et sur son propri\u00e9taire arch\u00e9typal. Ils m&#8217;ont dit que, dans les ann\u00e9es 80 et 90, la voiture \u00e9tait devenue une ic\u00f4ne de ce que l&#8217;on appellerait ici en Espagne le &#8220;ca\u00f1\u00ed&#8221; (&#8220;beauf&#8221; en fran\u00e7ais?), le tuning exag\u00e9r\u00e9, des choses comme \u00e7a. Et on m&#8217;a dit que les &#8220;Manta-Fahrer&#8221; (les conducteurs de Manta) avaient la r\u00e9putation d&#8217;\u00eatre un peu particuliers, d&#8217;un niveau culturel moyen peu \u00e9lev\u00e9, ostentatoires dans ce qu&#8217;on appellerait en Espagne un &#8220;blaireau&#8221; et un peu ce qu&#8217;on appellerait ici &#8211; pardonnez-moi l&#8217;expression &#8211; des &#8220;k\u00e9k\u00e9s&#8221;, des &#8220;jackies&#8221; ou quelque chose de ce genre.  <\/p>\n<p>Cela m&#8217;a quelque peu amus\u00e9 et je me souviens encore de certaines des blagues que l&#8217;on m&#8217;a racont\u00e9es. Les commentaires ne m&#8217;ont pas vraiment d\u00e9rang\u00e9, et j&#8217;ai m\u00eame trouv\u00e9 certains d&#8217;entre eux assez spirituels, preuve que la culture populaire donne parfois \u00e0 certaines voitures et \u00e0 leurs propri\u00e9taires une vie qui leur est propre. <\/p>\n\t\t\t\t\t\t\t\t<\/div>\n\t\t\t\t<\/div>\n\t\t\t\t\t<\/div>\n\t\t<\/div>\n\t\t\t\t\t<\/div>\n\t\t<\/section>\n\t\t\t\t<section data-particle_enable=\"false\" data-particle-mobile-disabled=\"false\" class=\"elementor-section elementor-top-section elementor-element elementor-element-78e898e elementor-section-boxed elementor-section-height-default elementor-section-height-default\" data-id=\"78e898e\" data-element_type=\"section\" data-e-type=\"section\">\n\t\t\t\t\t\t<div class=\"elementor-container elementor-column-gap-default\">\n\t\t\t\t\t<div class=\"elementor-column elementor-col-100 elementor-top-column elementor-element elementor-element-c66ce86\" data-id=\"c66ce86\" data-element_type=\"column\" data-e-type=\"column\">\n\t\t\t<div class=\"elementor-widget-wrap elementor-element-populated\">\n\t\t\t\t\t\t<div class=\"elementor-element elementor-element-568d5dd elementor-widget elementor-widget-heading\" data-id=\"568d5dd\" data-element_type=\"widget\" data-e-type=\"widget\" data-widget_type=\"heading.default\">\n\t\t\t\t<div class=\"elementor-widget-container\">\n\t\t\t\t\t<h2 class=\"elementor-heading-title elementor-size-default\">L'Opel Manta : aujourd'hui, c'est une voiture classique, mais cela n'a pas toujours \u00e9t\u00e9 le cas.<\/h2>\t\t\t\t<\/div>\n\t\t\t\t<\/div>\n\t\t\t\t\t<\/div>\n\t\t<\/div>\n\t\t\t\t\t<\/div>\n\t\t<\/section>\n\t\t\t\t<section data-particle_enable=\"false\" data-particle-mobile-disabled=\"false\" class=\"elementor-section elementor-top-section elementor-element elementor-element-9e776c4 elementor-section-boxed elementor-section-height-default elementor-section-height-default\" data-id=\"9e776c4\" data-element_type=\"section\" data-e-type=\"section\">\n\t\t\t\t\t\t<div class=\"elementor-container elementor-column-gap-default\">\n\t\t\t\t\t<div class=\"elementor-column elementor-col-100 elementor-top-column elementor-element elementor-element-ebb569d\" data-id=\"ebb569d\" data-element_type=\"column\" data-e-type=\"column\">\n\t\t\t<div class=\"elementor-widget-wrap elementor-element-populated\">\n\t\t\t\t\t\t<div class=\"elementor-element elementor-element-72b889c elementor-widget elementor-widget-text-editor\" data-id=\"72b889c\" data-element_type=\"widget\" data-e-type=\"widget\" data-widget_type=\"text-editor.default\">\n\t\t\t\t<div class=\"elementor-widget-container\">\n\t\t\t\t\t\t\t\t\t<p>Au fil des ans, l&#8217;Opel Manta est pass\u00e9e du statut de sujet de plaisanterie &#8211; en Allemagne, mais aussi en Espagne &#8211; \u00e0 celui de voiture classique appr\u00e9ci\u00e9e, je ne dirais peut-\u00eatre pas &#8220;culte&#8221;, mais avec une base de fans qui la revendique comme un classique digne d&#8217;admiration, et une partie de la population d&#8217;une certaine tranche d&#8217;\u00e2ge qui se souvient d&#8217;elle comme d&#8217;une voiture &#8220;tr\u00e8s cool&#8221; \u00e0 l&#8217;\u00e9poque.<\/p>\n\t\t\t\t\t\t\t\t<\/div>\n\t\t\t\t<\/div>\n\t\t\t\t\t<\/div>\n\t\t<\/div>\n\t\t\t\t\t<\/div>\n\t\t<\/section>\n\t\t\t\t<section data-particle_enable=\"false\" data-particle-mobile-disabled=\"false\" class=\"elementor-section elementor-top-section elementor-element elementor-element-7ee8d72 elementor-section-boxed elementor-section-height-default elementor-section-height-default\" data-id=\"7ee8d72\" data-element_type=\"section\" data-e-type=\"section\">\n\t\t\t\t\t\t<div class=\"elementor-container elementor-column-gap-default\">\n\t\t\t\t\t<div class=\"elementor-column elementor-col-100 elementor-top-column elementor-element elementor-element-725b043\" data-id=\"725b043\" data-element_type=\"column\" data-e-type=\"column\">\n\t\t\t<div class=\"elementor-widget-wrap elementor-element-populated\">\n\t\t\t\t\t\t<div class=\"elementor-element elementor-element-fa5015e elementor-widget elementor-widget-heading\" data-id=\"fa5015e\" data-element_type=\"widget\" data-e-type=\"widget\" data-widget_type=\"heading.default\">\n\t\t\t\t<div class=\"elementor-widget-container\">\n\t\t\t\t\t<h2 class=\"elementor-heading-title elementor-size-default\">L'Opel Manta et les plaisanteries \u00e0 son sujet en Allemagne<\/h2>\t\t\t\t<\/div>\n\t\t\t\t<\/div>\n\t\t\t\t\t<\/div>\n\t\t<\/div>\n\t\t\t\t\t<\/div>\n\t\t<\/section>\n\t\t\t\t<section data-particle_enable=\"false\" data-particle-mobile-disabled=\"false\" class=\"elementor-section elementor-top-section elementor-element elementor-element-a6014dc elementor-section-boxed elementor-section-height-default elementor-section-height-default\" data-id=\"a6014dc\" data-element_type=\"section\" data-e-type=\"section\">\n\t\t\t\t\t\t<div class=\"elementor-container elementor-column-gap-default\">\n\t\t\t\t\t<div class=\"elementor-column elementor-col-100 elementor-top-column elementor-element elementor-element-2f1f6c9\" data-id=\"2f1f6c9\" data-element_type=\"column\" data-e-type=\"column\">\n\t\t\t<div class=\"elementor-widget-wrap elementor-element-populated\">\n\t\t\t\t\t\t<div class=\"elementor-element elementor-element-23297b5 elementor-widget elementor-widget-text-editor\" data-id=\"23297b5\" data-element_type=\"widget\" data-e-type=\"widget\" data-widget_type=\"text-editor.default\">\n\t\t\t\t<div class=\"elementor-widget-container\">\n\t\t\t\t\t\t\t\t\t<p>Allons-y, je vous en parlerai, ainsi que des blagues qui l&#8217;accompagnent dans son pays d&#8217;origine. \ud83d\ude0a &#8211; <\/p>\n<p>La r\u00e9putation &#8220;k\u00e9k\u00e9&#8221; ou &#8220;jacky&#8221; de l&#8217;Opel Manta en Allemagne a clairement commenc\u00e9 au d\u00e9but des ann\u00e9es 1980 et \u00e9tait li\u00e9e \u00e0 une combinaison de facteurs sociaux, \u00e9conomiques et culturels propres au pays \u00e0 cette \u00e9poque.<\/p>\n\t\t\t\t\t\t\t\t<\/div>\n\t\t\t\t<\/div>\n\t\t\t\t\t<\/div>\n\t\t<\/div>\n\t\t\t\t\t<\/div>\n\t\t<\/section>\n\t\t\t\t<section data-particle_enable=\"false\" data-particle-mobile-disabled=\"false\" class=\"elementor-section elementor-top-section elementor-element elementor-element-f01744d elementor-section-boxed elementor-section-height-default elementor-section-height-default\" data-id=\"f01744d\" data-element_type=\"section\" data-e-type=\"section\">\n\t\t\t\t\t\t<div class=\"elementor-container elementor-column-gap-default\">\n\t\t\t\t\t<div class=\"elementor-column elementor-col-100 elementor-top-column elementor-element elementor-element-86eadb9\" data-id=\"86eadb9\" data-element_type=\"column\" data-e-type=\"column\">\n\t\t\t<div class=\"elementor-widget-wrap elementor-element-populated\">\n\t\t\t\t\t\t<div class=\"elementor-element elementor-element-f805b31 elementor-widget elementor-widget-text-editor\" data-id=\"f805b31\" data-element_type=\"widget\" data-e-type=\"widget\" data-widget_type=\"text-editor.default\">\n\t\t\t\t<div class=\"elementor-widget-container\">\n\t\t\t\t\t\t\t\t\t<p>Je vais vous expliquer comment cela s&#8217;est pass\u00e9 :<\/p>\n\t\t\t\t\t\t\t\t<\/div>\n\t\t\t\t<\/div>\n\t\t\t\t\t<\/div>\n\t\t<\/div>\n\t\t\t\t\t<\/div>\n\t\t<\/section>\n\t\t\t\t<section data-particle_enable=\"false\" data-particle-mobile-disabled=\"false\" class=\"elementor-section elementor-top-section elementor-element elementor-element-5cac0e1 elementor-section-boxed elementor-section-height-default elementor-section-height-default\" data-id=\"5cac0e1\" data-element_type=\"section\" data-e-type=\"section\">\n\t\t\t\t\t\t<div class=\"elementor-container elementor-column-gap-default\">\n\t\t\t\t\t<div class=\"elementor-column elementor-col-100 elementor-top-column elementor-element elementor-element-9e46426\" data-id=\"9e46426\" data-element_type=\"column\" data-e-type=\"column\">\n\t\t\t<div class=\"elementor-widget-wrap elementor-element-populated\">\n\t\t\t\t\t\t<div class=\"elementor-element elementor-element-3ff4b3f elementor-widget elementor-widget-text-editor\" data-id=\"3ff4b3f\" data-element_type=\"widget\" data-e-type=\"widget\" data-widget_type=\"text-editor.default\">\n\t\t\t\t<div class=\"elementor-widget-container\">\n\t\t\t\t\t\t\t\t\t<p><u>Popularit\u00e9 aupr\u00e8s des jeunes de la classe ouvri\u00e8re : <\/u>au d\u00e9but des ann\u00e9es 1980, l&#8217;Opel Manta B (1975-1988) \u00e9tait une voiture de sport abordable pour les jeunes travailleurs allemands, en particulier dans les r\u00e9gions industrielles telles que la Ruhr. Cela a conduit \u00e0 une forte association avec les secteurs de la classe ouvri\u00e8re et de la jeunesse : <\/p>\n\t\t\t\t\t\t\t\t<\/div>\n\t\t\t\t<\/div>\n\t\t\t\t\t<\/div>\n\t\t<\/div>\n\t\t\t\t\t<\/div>\n\t\t<\/section>\n\t\t\t\t<section data-particle_enable=\"false\" data-particle-mobile-disabled=\"false\" class=\"elementor-section elementor-top-section elementor-element elementor-element-ad7a4b8 elementor-section-boxed elementor-section-height-default elementor-section-height-default\" data-id=\"ad7a4b8\" data-element_type=\"section\" data-e-type=\"section\">\n\t\t\t\t\t\t<div class=\"elementor-container elementor-column-gap-default\">\n\t\t\t\t\t<div class=\"elementor-column elementor-col-100 elementor-top-column elementor-element elementor-element-496d3ec\" data-id=\"496d3ec\" data-element_type=\"column\" data-e-type=\"column\">\n\t\t\t<div class=\"elementor-widget-wrap elementor-element-populated\">\n\t\t\t\t\t\t<div class=\"elementor-element elementor-element-b3d570a elementor-widget elementor-widget-text-editor\" data-id=\"b3d570a\" data-element_type=\"widget\" data-e-type=\"widget\" data-widget_type=\"text-editor.default\">\n\t\t\t\t<div class=\"elementor-widget-container\">\n\t\t\t\t\t\t\t\t\t<ul>\n<li>Relativement pas chere, elle \u00e9tait accessible aux jeunes \u00e0 la recherche d&#8217;une voiture plus ch\u00e8re et plus sportive. C&#8217;\u00e9tait en quelque sorte la voiture de sport pour ceux qui ne pouvaient pas s&#8217;offrir les mod\u00e8les Audi, BMW ou Mercedes. <\/li>\n<li>De nombreux propri\u00e9taires ont commenc\u00e9 \u00e0 la modifier, en y ajoutant des accessoires accrocheurs tels que de grandes roues, des autocollants sportifs, des kits a\u00e9rodynamiques et l&#8217;embl\u00e9matique queue de renard accroch\u00e9e \u00e0 l&#8217;antenne.<\/li>\n<\/ul>\n\t\t\t\t\t\t\t\t<\/div>\n\t\t\t\t<\/div>\n\t\t\t\t\t<\/div>\n\t\t<\/div>\n\t\t\t\t\t<\/div>\n\t\t<\/section>\n\t\t\t\t<section data-particle_enable=\"false\" data-particle-mobile-disabled=\"false\" class=\"elementor-section elementor-top-section elementor-element elementor-element-6d17652 elementor-section-boxed elementor-section-height-default elementor-section-height-default\" data-id=\"6d17652\" data-element_type=\"section\" data-e-type=\"section\">\n\t\t\t\t\t\t<div class=\"elementor-container elementor-column-gap-default\">\n\t\t\t\t\t<div class=\"elementor-column elementor-col-100 elementor-top-column elementor-element elementor-element-fbfc198\" data-id=\"fbfc198\" data-element_type=\"column\" data-e-type=\"column\">\n\t\t\t<div class=\"elementor-widget-wrap elementor-element-populated\">\n\t\t\t\t\t\t<div class=\"elementor-element elementor-element-6ed5dff elementor-widget elementor-widget-heading\" data-id=\"6ed5dff\" data-element_type=\"widget\" data-e-type=\"widget\" data-widget_type=\"heading.default\">\n\t\t\t\t<div class=\"elementor-widget-container\">\n\t\t\t\t\t<h2 class=\"elementor-heading-title elementor-size-default\">Blagues et r\u00e9f\u00e9rences culturelles sur l'Opel Manta en Allemagne<\/h2>\t\t\t\t<\/div>\n\t\t\t\t<\/div>\n\t\t\t\t\t<\/div>\n\t\t<\/div>\n\t\t\t\t\t<\/div>\n\t\t<\/section>\n\t\t\t\t<section data-particle_enable=\"false\" data-particle-mobile-disabled=\"false\" class=\"elementor-section elementor-top-section elementor-element elementor-element-e725f0b elementor-section-boxed elementor-section-height-default elementor-section-height-default\" data-id=\"e725f0b\" data-element_type=\"section\" data-e-type=\"section\">\n\t\t\t\t\t\t<div class=\"elementor-container elementor-column-gap-default\">\n\t\t\t\t\t<div class=\"elementor-column elementor-col-100 elementor-top-column elementor-element elementor-element-1705ded\" data-id=\"1705ded\" data-element_type=\"column\" data-e-type=\"column\">\n\t\t\t<div class=\"elementor-widget-wrap elementor-element-populated\">\n\t\t\t\t\t\t<div class=\"elementor-element elementor-element-a2c8d0a elementor-widget elementor-widget-text-editor\" data-id=\"a2c8d0a\" data-element_type=\"widget\" data-e-type=\"widget\" data-widget_type=\"text-editor.default\">\n\t\t\t\t<div class=\"elementor-widget-container\">\n\t\t\t\t\t\t\t\t\t<p>L&#8217;<strong>Opel Manta<\/strong> (mod\u00e8le sportif Opel produit dans les ann\u00e9es 1970-1980) &#8211; mais surtout la Manta B &#8211; est rapidement devenue synonyme de <em>kitsch<\/em> automobile en Allemagne et a donn\u00e9 lieu \u00e0 d&#8217;innombrables <strong>blagues et farces<\/strong>. Dans les ann\u00e9es 1980 et au d\u00e9but des ann\u00e9es 1990, tout un <em>genre d&#8217;humour<\/em> s&#8217;est d\u00e9velopp\u00e9 autour du<strong>&#8220;Mantafahrer<\/strong>&#8220;<strong>(<\/strong>conducteur de<strong>Manta<\/strong>). <\/p>\n\t\t\t\t\t\t\t\t<\/div>\n\t\t\t\t<\/div>\n\t\t\t\t\t<\/div>\n\t\t<\/div>\n\t\t\t\t\t<\/div>\n\t\t<\/section>\n\t\t\t\t<section data-particle_enable=\"false\" data-particle-mobile-disabled=\"false\" class=\"elementor-section elementor-top-section elementor-element elementor-element-5f1d2c0 elementor-section-boxed elementor-section-height-default elementor-section-height-default\" data-id=\"5f1d2c0\" data-element_type=\"section\" data-e-type=\"section\">\n\t\t\t\t\t\t<div class=\"elementor-container elementor-column-gap-default\">\n\t\t\t\t\t<div class=\"elementor-column elementor-col-100 elementor-top-column elementor-element elementor-element-71d5099\" data-id=\"71d5099\" data-element_type=\"column\" data-e-type=\"column\">\n\t\t\t<div class=\"elementor-widget-wrap elementor-element-populated\">\n\t\t\t\t\t\t<div class=\"elementor-element elementor-element-afa32b0 elementor-widget elementor-widget-text-editor\" data-id=\"afa32b0\" data-element_type=\"widget\" data-e-type=\"widget\" data-widget_type=\"text-editor.default\">\n\t\t\t\t<div class=\"elementor-widget-container\">\n\t\t\t\t\t\t\t\t\t<p>Ces blagues se moquaient des st\u00e9r\u00e9otypes associ\u00e9s aux propri\u00e9taires de Manta, les d\u00e9peignant comme de jeunes ouvriers frimeurs, peu intelligents, obs\u00e9d\u00e9s par le tuning de leur voiture et ayant pour petite amie une coiffeuse blonde &#8211; oui, une coiffeuse, ne me demandez pas pourquoi, une coiffeuse. La popularit\u00e9 de ces blagues \u00e9tait telle qu&#8217;elles ont d\u00e9pass\u00e9 le cadre de la plaisanterie orale : <em>Manta<\/em> est devenu un <strong>ph\u00e9nom\u00e8ne culturel<\/strong> qui se refl\u00e8te dans des films, des \u00e9missions de t\u00e9l\u00e9vision et m\u00eame des publicit\u00e9s en Allemagne. Ci-dessous, nous explorons le contexte et certaines des <strong>blagues les plus populaires<\/strong> sur l&#8217;Opel Manta, ainsi que leurs r\u00e9f\u00e9rences dans la culture allemande.  <\/p>\n\t\t\t\t\t\t\t\t<\/div>\n\t\t\t\t<\/div>\n\t\t\t\t\t<\/div>\n\t\t<\/div>\n\t\t\t\t\t<\/div>\n\t\t<\/section>\n\t\t\t\t<section data-particle_enable=\"false\" data-particle-mobile-disabled=\"false\" class=\"elementor-section elementor-top-section elementor-element elementor-element-2a2b7c9 elementor-section-boxed elementor-section-height-default elementor-section-height-default\" data-id=\"2a2b7c9\" data-element_type=\"section\" data-e-type=\"section\">\n\t\t\t\t\t\t<div class=\"elementor-container elementor-column-gap-default\">\n\t\t\t\t\t<div class=\"elementor-column elementor-col-100 elementor-top-column elementor-element elementor-element-6f26ff2\" data-id=\"6f26ff2\" data-element_type=\"column\" data-e-type=\"column\">\n\t\t\t<div class=\"elementor-widget-wrap elementor-element-populated\">\n\t\t\t\t\t\t<div class=\"elementor-element elementor-element-1e3374b elementor-widget elementor-widget-heading\" data-id=\"1e3374b\" data-element_type=\"widget\" data-e-type=\"widget\" data-widget_type=\"heading.default\">\n\t\t\t\t<div class=\"elementor-widget-container\">\n\t\t\t\t\t<h2 class=\"elementor-heading-title elementor-size-default\">Le conducteur de Manta st\u00e9r\u00e9otyp\u00e9<\/h2>\t\t\t\t<\/div>\n\t\t\t\t<\/div>\n\t\t\t\t\t<\/div>\n\t\t<\/div>\n\t\t\t\t\t<\/div>\n\t\t<\/section>\n\t\t\t\t<section data-particle_enable=\"false\" data-particle-mobile-disabled=\"false\" class=\"elementor-section elementor-top-section elementor-element elementor-element-7f26ba0 elementor-section-boxed elementor-section-height-default elementor-section-height-default\" data-id=\"7f26ba0\" data-element_type=\"section\" data-e-type=\"section\">\n\t\t\t\t\t\t<div class=\"elementor-container elementor-column-gap-default\">\n\t\t\t\t\t<div class=\"elementor-column elementor-col-100 elementor-top-column elementor-element elementor-element-7bad637\" data-id=\"7bad637\" data-element_type=\"column\" data-e-type=\"column\">\n\t\t\t<div class=\"elementor-widget-wrap elementor-element-populated\">\n\t\t\t\t\t\t<div class=\"elementor-element elementor-element-c3b3cf8 elementor-widget elementor-widget-text-editor\" data-id=\"c3b3cf8\" data-element_type=\"widget\" data-e-type=\"widget\" data-widget_type=\"text-editor.default\">\n\t\t\t\t<div class=\"elementor-widget-container\">\n\t\t\t\t\t\t\t\t\t<p>Le protagoniste typique des blagues, le <strong>&#8220;Mantafahrer&#8221;,<\/strong> a \u00e9t\u00e9 d\u00e9crit avec un certain nombre de caract\u00e9ristiques caricaturales :<\/p>\n\t\t\t\t\t\t\t\t<\/div>\n\t\t\t\t<\/div>\n\t\t\t\t\t<\/div>\n\t\t<\/div>\n\t\t\t\t\t<\/div>\n\t\t<\/section>\n\t\t\t\t<section data-particle_enable=\"false\" data-particle-mobile-disabled=\"false\" class=\"elementor-section elementor-top-section elementor-element elementor-element-72c2d10 elementor-section-boxed elementor-section-height-default elementor-section-height-default\" data-id=\"72c2d10\" data-element_type=\"section\" data-e-type=\"section\">\n\t\t\t\t\t\t<div class=\"elementor-container elementor-column-gap-default\">\n\t\t\t\t\t<div class=\"elementor-column elementor-col-100 elementor-top-column elementor-element elementor-element-1d6214c\" data-id=\"1d6214c\" data-element_type=\"column\" data-e-type=\"column\">\n\t\t\t<div class=\"elementor-widget-wrap elementor-element-populated\">\n\t\t\t\t\t\t<div class=\"elementor-element elementor-element-8fa505e elementor-widget elementor-widget-text-editor\" data-id=\"8fa505e\" data-element_type=\"widget\" data-e-type=\"widget\" data-widget_type=\"text-editor.default\">\n\t\t\t\t<div class=\"elementor-widget-container\">\n\t\t\t\t\t\t\t\t\t<ul>\n<li><strong>Profil socioculturel :<\/strong> les conducteurs de l&#8217;Opel Manta \u00e9taient g\u00e9n\u00e9ralement appel\u00e9s <em>&#8220;Manni&#8221;<\/em> (abr\u00e9viation de Manfred, et je vous expliquerai plus loin pourquoi). L&#8217;arch\u00e9type du conducteur de Manta \u00e9tait un jeune homme de la classe ouvri\u00e8re (souvent originaire de la r\u00e9gion industrielle de la Ruhr) aux mani\u00e8res <em>machistes<\/em> et qui &#8211; \u00e0 tort ou \u00e0 raison &#8211; n&#8217;\u00e9tait ni tr\u00e8s intelligent ni tr\u00e8s instruit &#8211; le probl\u00e8me des st\u00e9r\u00e9otypes est qu&#8217;ils aboutissent \u00e0 des \u00e9tiquettes dont il est difficile de se d\u00e9faire. <\/li>\n<li><strong>Sa compagne<\/strong> habituelle \u00e9tait <em>&#8220;la coiffeuse blonde&#8221;,<\/em> c&#8217;est-\u00e0-dire l&#8217;amie aux cheveux &#8220;blonds \u00e0 l&#8217;eau oxyg\u00e9n\u00e9e&#8221; qui travaille dans un salon de coiffure.<\/li>\n<li><strong>Sa voiture, la Manta,<\/strong> \u00e9tait sa fiert\u00e9 et sa joie et refl\u00e9tait son statut. La voiture appara\u00eet souvent <strong>modifi\u00e9e<\/strong>: suspension abaiss\u00e9e, carrosserie orn\u00e9e de d\u00e9tails <em>sportifs<\/em> (jantes en alliage, bandes de course, phares suppl\u00e9mentaires) et d&#8217;accessoires tels qu&#8217;une <strong>queue de renard<\/strong> accroch\u00e9e \u00e0 l&#8217;antenne et un grand autocollant de la marque audio &#8220;Kenwood&#8221; sur la vitre arri\u00e8re. <\/li>\n<li><strong>Son attitude :<\/strong> le chauffeur conduit toujours avec le <strong>coude par la fen\u00eatre<\/strong>, un geste arrogant qui, selon la plaisanterie, a m\u00eame fait rouiller la porte avec sa sueur.<\/li>\n<li><strong>\u00c9ducation et fa\u00e7on de parler :<\/strong> on lui attribue un faible niveau d&#8217;\u00e9ducation (tout au plus le premier cycle de l&#8217;enseignement secondaire, <em>Hauptschule<\/em>, souvent r\u00e9p\u00e9t\u00e9) et un discours parsem\u00e9 d&#8217;<em>expressions famili\u00e8res<\/em> telles que <em>&#8220;ey&#8221;<\/em> ou <em>&#8220;boah&#8221;<\/em>.<\/li>\n<\/ul>\n\t\t\t\t\t\t\t\t<\/div>\n\t\t\t\t<\/div>\n\t\t\t\t\t<\/div>\n\t\t<\/div>\n\t\t\t\t\t<\/div>\n\t\t<\/section>\n\t\t\t\t<section data-particle_enable=\"false\" data-particle-mobile-disabled=\"false\" class=\"elementor-section elementor-top-section elementor-element elementor-element-5d99918 elementor-section-boxed elementor-section-height-default elementor-section-height-default\" data-id=\"5d99918\" data-element_type=\"section\" data-e-type=\"section\">\n\t\t\t\t\t\t<div class=\"elementor-container elementor-column-gap-default\">\n\t\t\t\t\t<div class=\"elementor-column elementor-col-50 elementor-top-column elementor-element elementor-element-46feb08\" data-id=\"46feb08\" data-element_type=\"column\" data-e-type=\"column\">\n\t\t\t<div class=\"elementor-widget-wrap elementor-element-populated\">\n\t\t\t\t\t\t<div class=\"elementor-element elementor-element-592fa08 elementor-widget elementor-widget-text-editor\" data-id=\"592fa08\" data-element_type=\"widget\" data-e-type=\"widget\" data-widget_type=\"text-editor.default\">\n\t\t\t\t<div class=\"elementor-widget-container\">\n\t\t\t\t\t\t\t\t\t<p>C&#8217;est sous cette image que l&#8217;on regroupait le conducteur\/propri\u00e9taire d&#8217;Opel Manta. Ce personnage exag\u00e9r\u00e9ment simple avait m\u00eame recours \u00e0 des formules de politesse grossi\u00e8res, ce qui renfor\u00e7ait son image de type un peu kitsch et direct. <\/p>\n\t\t\t\t\t\t\t\t<\/div>\n\t\t\t\t<\/div>\n\t\t\t\t\t<\/div>\n\t\t<\/div>\n\t\t\t\t<div class=\"elementor-column elementor-col-50 elementor-top-column elementor-element elementor-element-ebfce5a\" data-id=\"ebfce5a\" data-element_type=\"column\" data-e-type=\"column\">\n\t\t\t<div class=\"elementor-widget-wrap elementor-element-populated\">\n\t\t\t\t\t\t<div class=\"elementor-element elementor-element-e3f5abf elementor-widget elementor-widget-image\" data-id=\"e3f5abf\" data-element_type=\"widget\" data-e-type=\"widget\" data-widget_type=\"image.default\">\n\t\t\t\t<div class=\"elementor-widget-container\">\n\t\t\t\t\t\t\t\t\t\t\t\t\t\t\t\t<a href=\"https:\/\/www.jgclassics.com\/wp-content\/uploads\/2025\/03\/manni_opel_manta_001_lighting.jpg\" data-elementor-open-lightbox=\"yes\" data-elementor-lightbox-title=\"manni_opel_manta_001_\u00e9clairage\" data-elementor-lightbox-description=\"manni_opel_manta\" data-e-action-hash=\"#elementor-action%3Aaction%3Dlightbox%26settings%3DeyJpZCI6MjE4MDIsInVybCI6Imh0dHBzOlwvXC93d3cuamdjbGFzc2ljcy5jb21cL3dwLWNvbnRlbnRcL3VwbG9hZHNcLzIwMjVcLzAzXC9tYW5uaV9vcGVsX21hbnRhXzAwMV9saWdodGluZy5qcGcifQ%3D%3D\">\n\t\t\t\t\t\t\t<img decoding=\"async\" width=\"683\" height=\"343\" src=\"https:\/\/www.jgclassics.com\/wp-content\/uploads\/2025\/03\/manni_opel_manta_001_lighting.jpg\" class=\"attachment-large size-large wp-image-21802\" alt=\"manni_opel_manta\" srcset=\"https:\/\/www.jgclassics.com\/wp-content\/uploads\/2025\/03\/manni_opel_manta_001_lighting.jpg 683w, https:\/\/www.jgclassics.com\/wp-content\/uploads\/2025\/03\/manni_opel_manta_001_lighting-300x151.jpg 300w\" sizes=\"(max-width: 683px) 100vw, 683px\" \/>\t\t\t\t\t\t\t\t<\/a>\n\t\t\t\t\t\t\t\t\t\t\t\t\t\t\t<\/div>\n\t\t\t\t<\/div>\n\t\t\t\t\t<\/div>\n\t\t<\/div>\n\t\t\t\t\t<\/div>\n\t\t<\/section>\n\t\t\t\t<section data-particle_enable=\"false\" data-particle-mobile-disabled=\"false\" class=\"elementor-section elementor-top-section elementor-element elementor-element-78209c8 elementor-section-boxed elementor-section-height-default elementor-section-height-default\" data-id=\"78209c8\" data-element_type=\"section\" data-e-type=\"section\">\n\t\t\t\t\t\t<div class=\"elementor-container elementor-column-gap-default\">\n\t\t\t\t\t<div class=\"elementor-column elementor-col-100 elementor-top-column elementor-element elementor-element-0144428\" data-id=\"0144428\" data-element_type=\"column\" data-e-type=\"column\">\n\t\t\t<div class=\"elementor-widget-wrap elementor-element-populated\">\n\t\t\t\t\t\t<div class=\"elementor-element elementor-element-d3faab5 elementor-widget elementor-widget-heading\" data-id=\"d3faab5\" data-element_type=\"widget\" data-e-type=\"widget\" data-widget_type=\"heading.default\">\n\t\t\t\t<div class=\"elementor-widget-container\">\n\t\t\t\t\t<h2 class=\"elementor-heading-title elementor-size-default\">Plaisanteries et blagues<\/h2>\t\t\t\t<\/div>\n\t\t\t\t<\/div>\n\t\t\t\t\t<\/div>\n\t\t<\/div>\n\t\t\t\t\t<\/div>\n\t\t<\/section>\n\t\t\t\t<section data-particle_enable=\"false\" data-particle-mobile-disabled=\"false\" class=\"elementor-section elementor-top-section elementor-element elementor-element-81fae3e elementor-section-boxed elementor-section-height-default elementor-section-height-default\" data-id=\"81fae3e\" data-element_type=\"section\" data-e-type=\"section\">\n\t\t\t\t\t\t<div class=\"elementor-container elementor-column-gap-default\">\n\t\t\t\t\t<div class=\"elementor-column elementor-col-50 elementor-top-column elementor-element elementor-element-5f3ad6d\" data-id=\"5f3ad6d\" data-element_type=\"column\" data-e-type=\"column\">\n\t\t\t<div class=\"elementor-widget-wrap elementor-element-populated\">\n\t\t\t\t\t\t<div class=\"elementor-element elementor-element-d00d0e1 elementor-widget elementor-widget-text-editor\" data-id=\"d00d0e1\" data-element_type=\"widget\" data-e-type=\"widget\" data-widget_type=\"text-editor.default\">\n\t\t\t\t<div class=\"elementor-widget-container\">\n\t\t\t\t\t\t\t\t\t<p>L&#8217;humour des <strong>blagues Manta<\/strong> vient du contraste entre cette image stridente et vulgaire du <strong>mantafahrer<\/strong> et des situations quotidiennes, en poussant jusqu&#8217;\u00e0 l&#8217;absurde ses suppos\u00e9es limites culturelles et intellectuelles. Voici quelques-unes des plus populaires. <\/p>\n\t\t\t\t\t\t\t\t<\/div>\n\t\t\t\t<\/div>\n\t\t\t\t\t<\/div>\n\t\t<\/div>\n\t\t\t\t<div class=\"elementor-column elementor-col-50 elementor-top-column elementor-element elementor-element-575f429\" data-id=\"575f429\" data-element_type=\"column\" data-e-type=\"column\">\n\t\t\t<div class=\"elementor-widget-wrap elementor-element-populated\">\n\t\t\t\t\t\t<div class=\"elementor-element elementor-element-a44e0f7 elementor-invisible elementor-widget elementor-widget-image\" data-id=\"a44e0f7\" data-element_type=\"widget\" data-e-type=\"widget\" data-settings=\"{&quot;_animation&quot;:&quot;fadeInDown&quot;}\" data-widget_type=\"image.default\">\n\t\t\t\t<div class=\"elementor-widget-container\">\n\t\t\t\t\t\t\t\t\t\t\t\t\t\t\t<img loading=\"lazy\" decoding=\"async\" width=\"1024\" height=\"447\" src=\"https:\/\/www.jgclassics.com\/wp-content\/uploads\/2025\/03\/manta-manta_04-fotor-ai-art-effects-20250310180236-1024x447.jpg\" class=\"attachment-large size-large wp-image-21898\" alt=\"\" srcset=\"https:\/\/www.jgclassics.com\/wp-content\/uploads\/2025\/03\/manta-manta_04-fotor-ai-art-effects-20250310180236-1024x447.jpg 1024w, https:\/\/www.jgclassics.com\/wp-content\/uploads\/2025\/03\/manta-manta_04-fotor-ai-art-effects-20250310180236-300x131.jpg 300w, https:\/\/www.jgclassics.com\/wp-content\/uploads\/2025\/03\/manta-manta_04-fotor-ai-art-effects-20250310180236-768x335.jpg 768w, https:\/\/www.jgclassics.com\/wp-content\/uploads\/2025\/03\/manta-manta_04-fotor-ai-art-effects-20250310180236-1536x670.jpg 1536w, https:\/\/www.jgclassics.com\/wp-content\/uploads\/2025\/03\/manta-manta_04-fotor-ai-art-effects-20250310180236-2048x894.jpg 2048w\" sizes=\"(max-width: 1024px) 100vw, 1024px\" \/>\t\t\t\t\t\t\t\t\t\t\t\t\t\t\t<\/div>\n\t\t\t\t<\/div>\n\t\t\t\t\t<\/div>\n\t\t<\/div>\n\t\t\t\t\t<\/div>\n\t\t<\/section>\n\t\t\t\t<section data-particle_enable=\"false\" data-particle-mobile-disabled=\"false\" class=\"elementor-section elementor-top-section elementor-element elementor-element-670dafb elementor-section-boxed elementor-section-height-default elementor-section-height-default\" data-id=\"670dafb\" data-element_type=\"section\" data-e-type=\"section\">\n\t\t\t\t\t\t<div class=\"elementor-container elementor-column-gap-default\">\n\t\t\t\t\t<div class=\"elementor-column elementor-col-100 elementor-top-column elementor-element elementor-element-def2fff\" data-id=\"def2fff\" data-element_type=\"column\" data-e-type=\"column\">\n\t\t\t<div class=\"elementor-widget-wrap elementor-element-populated\">\n\t\t\t\t\t\t<div class=\"elementor-element elementor-element-f644b69 elementor-widget elementor-widget-text-editor\" data-id=\"f644b69\" data-element_type=\"widget\" data-e-type=\"widget\" data-widget_type=\"text-editor.default\">\n\t\t\t\t<div class=\"elementor-widget-container\">\n\t\t\t\t\t\t\t\t\t<p><span style=\"text-decoration: underline;\"><strong>Exemples de blagues populaires sur l&#8217;Opel Manta :<\/strong><\/span><\/p>\n\t\t\t\t\t\t\t\t<\/div>\n\t\t\t\t<\/div>\n\t\t\t\t\t<\/div>\n\t\t<\/div>\n\t\t\t\t\t<\/div>\n\t\t<\/section>\n\t\t\t\t<section data-particle_enable=\"false\" data-particle-mobile-disabled=\"false\" class=\"elementor-section elementor-top-section elementor-element elementor-element-9467056 elementor-section-boxed elementor-section-height-default elementor-section-height-default\" data-id=\"9467056\" data-element_type=\"section\" data-e-type=\"section\">\n\t\t\t\t\t\t<div class=\"elementor-container elementor-column-gap-default\">\n\t\t\t\t\t<div class=\"elementor-column elementor-col-100 elementor-top-column elementor-element elementor-element-ea8c653\" data-id=\"ea8c653\" data-element_type=\"column\" data-e-type=\"column\">\n\t\t\t<div class=\"elementor-widget-wrap elementor-element-populated\">\n\t\t\t\t\t\t<div class=\"elementor-element elementor-element-05aaaef elementor-widget elementor-widget-text-editor\" data-id=\"05aaaef\" data-element_type=\"widget\" data-e-type=\"widget\" data-widget_type=\"text-editor.default\">\n\t\t\t\t<div class=\"elementor-widget-container\">\n\t\t\t\t\t\t\t\t\t<ul>\n<li><strong>&#8220;Quelle est la blague la plus courte ?<\/strong> <em>Une Opel Manta gar\u00e9e devant l&#8217;universit\u00e9&#8221;.<\/em><\/li>\n<\/ul>\n\t\t\t\t\t\t\t\t<\/div>\n\t\t\t\t<\/div>\n\t\t\t\t\t<\/div>\n\t\t<\/div>\n\t\t\t\t\t<\/div>\n\t\t<\/section>\n\t\t\t\t<section data-particle_enable=\"false\" data-particle-mobile-disabled=\"false\" class=\"elementor-section elementor-top-section elementor-element elementor-element-a0142bf elementor-section-boxed elementor-section-height-default elementor-section-height-default\" data-id=\"a0142bf\" data-element_type=\"section\" data-e-type=\"section\">\n\t\t\t\t\t\t<div class=\"elementor-container elementor-column-gap-default\">\n\t\t\t\t\t<div class=\"elementor-column elementor-col-100 elementor-top-column elementor-element elementor-element-c8a16a6\" data-id=\"c8a16a6\" data-element_type=\"column\" data-e-type=\"column\">\n\t\t\t<div class=\"elementor-widget-wrap elementor-element-populated\">\n\t\t\t\t\t\t<div class=\"elementor-element elementor-element-5c5cb26 elementor-widget elementor-widget-text-editor\" data-id=\"5c5cb26\" data-element_type=\"widget\" data-e-type=\"widget\" data-widget_type=\"text-editor.default\">\n\t\t\t\t<div class=\"elementor-widget-container\">\n\t\t\t\t\t\t\t\t\t<ul>\n<li> <strong><em>&#8220;Que reste-t-il apr\u00e8s un accident mortel impliquant une Manta ?<\/em><\/strong><em> &#8211; Une cha\u00eene en or et un coiffeur en deuil.<strong>Et pourquoi l&#8217;enterrement a-t-il eu lieu un lundi ?<\/strong> &#8211; Parce que le lundi est le jour de cong\u00e9 des coiffeurs.&#8221;<\/em><\/li>\n<\/ul>\n<p style=\"padding-left: 40px;\">Cette blague r\u00e9unit plusieurs <strong>clich\u00e9s du mantafahrer<\/strong>: apr\u00e8s un accident mortel, seuls les symboles de son mode de vie <em>survivent<\/em> (sa <strong>cha\u00eene en or<\/strong> ostentatoire et sa petite amie coiffeuse qui pleure). La plaisanterie est compl\u00e9t\u00e9e par le fait que de nombreux salons de coiffure sont ferm\u00e9s le lundi en Allemagne, de sorte que la mari\u00e9e n&#8217;a pu assister aux fun\u00e9railles que ce jour-l\u00e0. <\/p>\n\t\t\t\t\t\t\t\t<\/div>\n\t\t\t\t<\/div>\n\t\t\t\t\t<\/div>\n\t\t<\/div>\n\t\t\t\t\t<\/div>\n\t\t<\/section>\n\t\t\t\t<section data-particle_enable=\"false\" data-particle-mobile-disabled=\"false\" class=\"elementor-section elementor-top-section elementor-element elementor-element-235ae0e elementor-section-boxed elementor-section-height-default elementor-section-height-default\" data-id=\"235ae0e\" data-element_type=\"section\" data-e-type=\"section\">\n\t\t\t\t\t\t<div class=\"elementor-container elementor-column-gap-default\">\n\t\t\t\t\t<div class=\"elementor-column elementor-col-100 elementor-top-column elementor-element elementor-element-c00d25d\" data-id=\"c00d25d\" data-element_type=\"column\" data-e-type=\"column\">\n\t\t\t<div class=\"elementor-widget-wrap elementor-element-populated\">\n\t\t\t\t\t\t<div class=\"elementor-element elementor-element-9b3850f elementor-widget elementor-widget-text-editor\" data-id=\"9b3850f\" data-element_type=\"widget\" data-e-type=\"widget\" data-widget_type=\"text-editor.default\">\n\t\t\t\t<div class=\"elementor-widget-container\">\n\t\t\t\t\t\t\t\t\t<ul>\n<li><strong>Klaxon contre freins :<\/strong> Dans une autre blague :\n<p><em>&#8220;Un conducteur de Manta se rend au garage et demande \u00e0 ce que son klaxon soit r\u00e9par\u00e9 ; le m\u00e9canicien lui dit qu&#8217;il devrait en profiter pour faire r\u00e9parer les freins, qui ne fonctionnent pas. Le conducteur du Manta r\u00e9pond : &#8220;Je sais&#8230; c&#8217;est pour \u00e7a que j&#8217;ai besoin du klaxon !<\/em><\/p>\n<\/li>\n<\/ul>\n\t\t\t\t\t\t\t\t<\/div>\n\t\t\t\t<\/div>\n\t\t\t\t\t<\/div>\n\t\t<\/div>\n\t\t\t\t\t<\/div>\n\t\t<\/section>\n\t\t\t\t<section data-particle_enable=\"false\" data-particle-mobile-disabled=\"false\" class=\"elementor-section elementor-top-section elementor-element elementor-element-80c06b7 elementor-section-boxed elementor-section-height-default elementor-section-height-default\" data-id=\"80c06b7\" data-element_type=\"section\" data-e-type=\"section\">\n\t\t\t\t\t\t<div class=\"elementor-container elementor-column-gap-default\">\n\t\t\t\t\t<div class=\"elementor-column elementor-col-100 elementor-top-column elementor-element elementor-element-67704e8\" data-id=\"67704e8\" data-element_type=\"column\" data-e-type=\"column\">\n\t\t\t<div class=\"elementor-widget-wrap elementor-element-populated\">\n\t\t\t\t\t\t<div class=\"elementor-element elementor-element-fa05c23 elementor-widget elementor-widget-text-editor\" data-id=\"fa05c23\" data-element_type=\"widget\" data-e-type=\"widget\" data-widget_type=\"text-editor.default\">\n\t\t\t\t<div class=\"elementor-widget-container\">\n\t\t\t\t\t\t\t\t\t<ul>\n<li><strong>S&#8217;\u00e9craser contre l&#8217;arbre :<\/strong> <em>&#8220;Que dit un conducteur de Manta juste apr\u00e8s avoir heurt\u00e9 un arbre ? &#8211; C&#8217;est bizarre&#8230; mais j&#8217;ai klaxonn\u00e9 <\/em><\/li>\n<\/ul>\n\t\t\t\t\t\t\t\t<\/div>\n\t\t\t\t<\/div>\n\t\t\t\t\t<\/div>\n\t\t<\/div>\n\t\t\t\t\t<\/div>\n\t\t<\/section>\n\t\t\t\t<section data-particle_enable=\"false\" data-particle-mobile-disabled=\"false\" class=\"elementor-section elementor-top-section elementor-element elementor-element-a23adba elementor-section-boxed elementor-section-height-default elementor-section-height-default\" data-id=\"a23adba\" data-element_type=\"section\" data-e-type=\"section\">\n\t\t\t\t\t\t<div class=\"elementor-container elementor-column-gap-default\">\n\t\t\t\t\t<div class=\"elementor-column elementor-col-100 elementor-top-column elementor-element elementor-element-8697df5\" data-id=\"8697df5\" data-element_type=\"column\" data-e-type=\"column\">\n\t\t\t<div class=\"elementor-widget-wrap elementor-element-populated\">\n\t\t\t\t\t\t<div class=\"elementor-element elementor-element-e91b3f9 elementor-widget elementor-widget-text-editor\" data-id=\"e91b3f9\" data-element_type=\"widget\" data-e-type=\"widget\" data-widget_type=\"text-editor.default\">\n\t\t\t\t<div class=\"elementor-widget-container\">\n\t\t\t\t\t\t\t\t\t<ul>\n<li><strong>Cerveau &#8220;tout neuf&#8221; :<\/strong> <em>On raconte l&#8217;anecdote d&#8217;un client qui se rend dans une clinique de transplantation de cerveaux. Le m\u00e9decin lui montre plusieurs cerveaux et en d\u00e9signe un tr\u00e8s cher en disant : &#8220;Celui-ci est sp\u00e9cial&#8230; c&#8217;est le cerveau d&#8217;un pilote Manta&#8230; il est tout neuf et n&#8217;a jamais \u00e9t\u00e9 utilis\u00e9&#8221; ! <\/em><em>\u200b<\/em><\/li>\n<\/ul>\n\t\t\t\t\t\t\t\t<\/div>\n\t\t\t\t<\/div>\n\t\t\t\t\t<\/div>\n\t\t<\/div>\n\t\t\t\t\t<\/div>\n\t\t<\/section>\n\t\t\t\t<section data-particle_enable=\"false\" data-particle-mobile-disabled=\"false\" class=\"elementor-section elementor-top-section elementor-element elementor-element-9be85d8 elementor-section-boxed elementor-section-height-default elementor-section-height-default\" data-id=\"9be85d8\" data-element_type=\"section\" data-e-type=\"section\">\n\t\t\t\t\t\t<div class=\"elementor-container elementor-column-gap-default\">\n\t\t\t\t\t<div class=\"elementor-column elementor-col-100 elementor-top-column elementor-element elementor-element-f12163b\" data-id=\"f12163b\" data-element_type=\"column\" data-e-type=\"column\">\n\t\t\t<div class=\"elementor-widget-wrap elementor-element-populated\">\n\t\t\t\t\t\t<div class=\"elementor-element elementor-element-5fcfd86 elementor-widget elementor-widget-text-editor\" data-id=\"5fcfd86\" data-element_type=\"widget\" data-e-type=\"widget\" data-widget_type=\"text-editor.default\">\n\t\t\t\t<div class=\"elementor-widget-container\">\n\t\t\t\t\t\t\t\t\t<ul>\n<li><strong>Projecteurs et lunettes de soleil :<\/strong> <em>&#8220;Pourquoi les Opel Manta ont-elles huit phares auxiliaires ? &#8211; Pour que le conducteur puisse porter des lunettes de soleil la nuit&#8221;.<\/em><\/li>\n<\/ul>\n\t\t\t\t\t\t\t\t<\/div>\n\t\t\t\t<\/div>\n\t\t\t\t\t<\/div>\n\t\t<\/div>\n\t\t\t\t\t<\/div>\n\t\t<\/section>\n\t\t\t\t<section data-particle_enable=\"false\" data-particle-mobile-disabled=\"false\" class=\"elementor-section elementor-top-section elementor-element elementor-element-cde1295 elementor-section-boxed elementor-section-height-default elementor-section-height-default\" data-id=\"cde1295\" data-element_type=\"section\" data-e-type=\"section\">\n\t\t\t\t\t\t<div class=\"elementor-container elementor-column-gap-default\">\n\t\t\t\t\t<div class=\"elementor-column elementor-col-100 elementor-top-column elementor-element elementor-element-fbd1aa1\" data-id=\"fbd1aa1\" data-element_type=\"column\" data-e-type=\"column\">\n\t\t\t<div class=\"elementor-widget-wrap elementor-element-populated\">\n\t\t\t\t\t\t<div class=\"elementor-element elementor-element-dd1e4dd elementor-widget elementor-widget-text-editor\" data-id=\"dd1e4dd\" data-element_type=\"widget\" data-e-type=\"widget\" data-widget_type=\"text-editor.default\">\n\t\t\t\t<div class=\"elementor-widget-container\">\n\t\t\t\t\t\t\t\t\t<p>Ces blagues &#8211; et des dizaines d&#8217;autres variantes &#8211; ont \u00e9t\u00e9 fr\u00e9quemment racont\u00e9es en Allemagne \u00e0 la fin des ann\u00e9es 1980 et au d\u00e9but des ann\u00e9es 1990, et sont devenues un \u00e9l\u00e9ment du <strong>folklore de l&#8217;humour populaire<\/strong>. La structure rappelle d&#8217;autres cycles de blagues bas\u00e9es sur des st\u00e9r\u00e9otypes (comme les blagues sur les <em>gents de Lepe<\/em> en Espagne, les blagues sur les <em>Polonais<\/em> aux \u00c9tats-Unis ou les blagues sur les <em>Belges<\/em> en France), o\u00f9 un groupe ou un arch\u00e9type est la cible fixe de la blague. Dans ce cas, l&#8217;<em>Opel Manta<\/em> et son propri\u00e9taire ont \u00e9t\u00e9 immortalis\u00e9s dans la culture allemande, mais en fait comme des objets de <strong>moquerie, certainement plus affectueux que cruels<\/strong>, et d\u00e9peignant \u00e9galement les propri\u00e9taires de l&#8217;Opel Manta comme na\u00effs plut\u00f4t que malveillants.   <\/p>\n\t\t\t\t\t\t\t\t<\/div>\n\t\t\t\t<\/div>\n\t\t\t\t\t<\/div>\n\t\t<\/div>\n\t\t\t\t\t<\/div>\n\t\t<\/section>\n\t\t\t\t<section data-particle_enable=\"false\" data-particle-mobile-disabled=\"false\" class=\"elementor-section elementor-top-section elementor-element elementor-element-394ca77 elementor-section-boxed elementor-section-height-default elementor-section-height-default\" data-id=\"394ca77\" data-element_type=\"section\" data-e-type=\"section\">\n\t\t\t\t\t\t<div class=\"elementor-container elementor-column-gap-default\">\n\t\t\t\t\t<div class=\"elementor-column elementor-col-100 elementor-top-column elementor-element elementor-element-9ea8f41\" data-id=\"9ea8f41\" data-element_type=\"column\" data-e-type=\"column\">\n\t\t\t<div class=\"elementor-widget-wrap elementor-element-populated\">\n\t\t\t\t\t\t<div class=\"elementor-element elementor-element-d3da94c elementor-widget-divider--view-line elementor-widget elementor-widget-divider\" data-id=\"d3da94c\" data-element_type=\"widget\" data-e-type=\"widget\" data-widget_type=\"divider.default\">\n\t\t\t\t<div class=\"elementor-widget-container\">\n\t\t\t\t\t\t\t<div class=\"elementor-divider\">\n\t\t\t<span class=\"elementor-divider-separator\">\n\t\t\t\t\t\t<\/span>\n\t\t<\/div>\n\t\t\t\t\t\t<\/div>\n\t\t\t\t<\/div>\n\t\t\t\t\t<\/div>\n\t\t<\/div>\n\t\t\t\t\t<\/div>\n\t\t<\/section>\n\t\t\t\t<section data-particle_enable=\"false\" data-particle-mobile-disabled=\"false\" class=\"elementor-section elementor-top-section elementor-element elementor-element-4155abe elementor-section-boxed elementor-section-height-default elementor-section-height-default\" data-id=\"4155abe\" data-element_type=\"section\" data-e-type=\"section\">\n\t\t\t\t\t\t<div class=\"elementor-container elementor-column-gap-default\">\n\t\t\t\t\t<div class=\"elementor-column elementor-col-50 elementor-top-column elementor-element elementor-element-13a6819\" data-id=\"13a6819\" data-element_type=\"column\" data-e-type=\"column\">\n\t\t\t<div class=\"elementor-widget-wrap elementor-element-populated\">\n\t\t\t\t\t\t<div class=\"elementor-element elementor-element-e7838a6 elementor-widget elementor-widget-image\" data-id=\"e7838a6\" data-element_type=\"widget\" data-e-type=\"widget\" data-widget_type=\"image.default\">\n\t\t\t\t<div class=\"elementor-widget-container\">\n\t\t\t\t\t\t\t\t\t\t\t\t<figure class=\"wp-caption\">\n\t\t\t\t\t\t\t\t\t\t\t<a href=\"https:\/\/www.jgclassics.com\/wp-content\/uploads\/2025\/03\/boh_ey_1611149.jpg\" data-elementor-open-lightbox=\"yes\" data-elementor-lightbox-title=\"boh_ey_1611149\" data-e-action-hash=\"#elementor-action%3Aaction%3Dlightbox%26settings%3DeyJpZCI6MjE4OTAsInVybCI6Imh0dHBzOlwvXC93d3cuamdjbGFzc2ljcy5jb21cL3dwLWNvbnRlbnRcL3VwbG9hZHNcLzIwMjVcLzAzXC9ib2hfZXlfMTYxMTE0OS5qcGcifQ%3D%3D\">\n\t\t\t\t\t\t\t<img loading=\"lazy\" decoding=\"async\" width=\"900\" height=\"730\" src=\"https:\/\/www.jgclassics.com\/wp-content\/uploads\/2025\/03\/boh_ey_1611149.jpg\" class=\"attachment-large size-large wp-image-21890\" alt=\"Couverture BOH-Ey\" srcset=\"https:\/\/www.jgclassics.com\/wp-content\/uploads\/2025\/03\/boh_ey_1611149.jpg 900w, https:\/\/www.jgclassics.com\/wp-content\/uploads\/2025\/03\/boh_ey_1611149-300x243.jpg 300w, https:\/\/www.jgclassics.com\/wp-content\/uploads\/2025\/03\/boh_ey_1611149-768x623.jpg 768w\" sizes=\"(max-width: 900px) 100vw, 900px\" \/>\t\t\t\t\t\t\t\t<\/a>\n\t\t\t\t\t\t\t\t\t\t\t<figcaption class=\"widget-image-caption wp-caption-text\">(2012 par HSB-Cartoon)<\/figcaption>\n\t\t\t\t\t\t\t\t\t\t<\/figure>\n\t\t\t\t\t\t\t\t\t<\/div>\n\t\t\t\t<\/div>\n\t\t\t\t\t<\/div>\n\t\t<\/div>\n\t\t\t\t<div class=\"elementor-column elementor-col-50 elementor-top-column elementor-element elementor-element-bfae80a\" data-id=\"bfae80a\" data-element_type=\"column\" data-e-type=\"column\">\n\t\t\t<div class=\"elementor-widget-wrap elementor-element-populated\">\n\t\t\t\t\t\t<div class=\"elementor-element elementor-element-0a7876a elementor-widget elementor-widget-text-editor\" data-id=\"0a7876a\" data-element_type=\"widget\" data-e-type=\"widget\" data-widget_type=\"text-editor.default\">\n\t\t\t\t<div class=\"elementor-widget-container\">\n\t\t\t\t\t\t\t\t\t<ul>\n<li data-start=\"189\" data-end=\"518\">\n<p data-start=\"192\" data-end=\"240\"><strong data-start=\"192\" data-end=\"238\">L&#8217;Opel Manta et son st\u00e9r\u00e9otype en Allemagne<\/strong><\/p>\n<ul data-start=\"244\" data-end=\"518\">\n<li data-start=\"244\" data-end=\"390\">Dans la culture allemande, l&#8217;<strong data-start=\"272\" data-end=\"286\">Opel Manta<\/strong> \u00e9tait associ\u00e9e \u00e0 des <strong data-start=\"301\" data-end=\"325\">conducteurs de mauvais go\u00fbt<\/strong>, \u00e0 des r\u00e9glages exag\u00e9r\u00e9s, \u00e0 des coiffures des ann\u00e9es 80 et \u00e0 une attitude arrogante.<\/li>\n<li data-start=\"394\" data-end=\"518\">Ce st\u00e9r\u00e9otype a \u00e9t\u00e9 popularis\u00e9 par les <strong data-start=\"435\" data-end=\"477\">&#8220;Manta-Witze&#8221; (blagues sur les mantas)<\/strong> et des films tels que <em data-start=\"495\" data-end=\"508\">Manta Manta Manta<\/em> (1991).<\/li>\n<\/ul>\n<\/li>\n<li data-start=\"520\" data-end=\"1014\">\n<p data-start=\"523\" data-end=\"569\"><strong data-start=\"523\" data-end=\"567\">Punaise sur la plaque d&#8217;immatriculation &#8220;BOH&#8221;.<\/strong><\/p>\n<ul data-start=\"573\" data-end=\"1014\">\n<li data-start=\"573\" data-end=\"757\">La plaque d&#8217;immatriculation de la voiture indique <strong data-start=\"606\" data-end=\"621\">&#8220;BOH EY 80&#8221;<\/strong>, ce qui phon\u00e9tiquement ressemble \u00e0 &#8220;Boah, hey !&#8221; en allemand, une <strong data-start=\"688\" data-end=\"725\">expression d&#8217;\u00e9tonnement ou d&#8217;enthousiasme<\/strong> semblable \u00e0 &#8220;Wow !&#8221; ou &#8220;Ouah !&#8221;.<\/li>\n<li data-start=\"761\" data-end=\"837\">&#8220;BOH&#8221; est une ancienne abr\u00e9viation de <strong data-start=\"799\" data-end=\"810\">Bocholt<\/strong>, une ville allemande.<\/li>\n<li data-start=\"841\" data-end=\"1014\">Aujourd&#8217;hui, les voitures de Bocholt utilisent la plaque d&#8217;immatriculation &#8220;BOR&#8221; (pour le district de <strong data-start=\"922\" data-end=\"932\">Borken<\/strong>), et certains habitants nostalgiques <strong data-start=\"968\" data-end=\"1011\">veulent r\u00e9tablir l&#8217;ancien code BOH.<\/strong><\/li>\n<\/ul>\n<\/li>\n<\/ul>\n\t\t\t\t\t\t\t\t<\/div>\n\t\t\t\t<\/div>\n\t\t\t\t\t<\/div>\n\t\t<\/div>\n\t\t\t\t\t<\/div>\n\t\t<\/section>\n\t\t\t\t<section data-particle_enable=\"false\" data-particle-mobile-disabled=\"false\" class=\"elementor-section elementor-top-section elementor-element elementor-element-1209654 elementor-section-boxed elementor-section-height-default elementor-section-height-default\" data-id=\"1209654\" data-element_type=\"section\" data-e-type=\"section\">\n\t\t\t\t\t\t<div class=\"elementor-container elementor-column-gap-default\">\n\t\t\t\t\t<div class=\"elementor-column elementor-col-100 elementor-top-column elementor-element elementor-element-9499f9d\" data-id=\"9499f9d\" data-element_type=\"column\" data-e-type=\"column\">\n\t\t\t<div class=\"elementor-widget-wrap elementor-element-populated\">\n\t\t\t\t\t\t<div class=\"elementor-element elementor-element-fa896b1 elementor-widget elementor-widget-text-editor\" data-id=\"fa896b1\" data-element_type=\"widget\" data-e-type=\"widget\" data-widget_type=\"text-editor.default\">\n\t\t\t\t<div class=\"elementor-widget-container\">\n\t\t\t\t\t\t\t\t\t<ul>\n<li data-start=\"1016\" data-end=\"1663\">\n<p data-start=\"1019\" data-end=\"1045\"><strong data-start=\"1019\" data-end=\"1043\">La sc\u00e8ne et l&#8217;humour<\/strong><\/p>\n<ul data-start=\"1049\" data-end=\"1663\">\n<li data-start=\"1049\" data-end=\"1181\">Un homme avec une <strong data-start=\"1068\" data-end=\"1124\">coupe mulet, des lunettes de soleil et une chemise ouverte<\/strong> (le &#8220;Manta Fahrer&#8221; classique) montre sa voiture.<\/li>\n<li data-start=\"1185\" data-end=\"1320\">Il est \u00e9crit : <strong data-start=\"1193\" data-end=\"1238\">&#8220;BOH-EY !!!! Voll der aufgemotzte Manta !!!&#8221;<\/strong>, ce qui signifie quelque chose comme :<br data-start=\"1264\" data-end=\"1267\"><strong data-start=\"1272\" data-end=\"1318\">&#8220;BOH-EY !!! A totally tuned-up Manta !&#8221;<\/strong><\/li>\n<li data-start=\"1324\" data-end=\"1445\">L&#8217;expression <strong data-start=\"1335\" data-end=\"1347\">&#8220;BOH-EY&#8221;<\/strong> fait r\u00e9f\u00e9rence \u00e0 la plaque d&#8217;immatriculation &#8220;BOH&#8221; et \u00e0 la fa\u00e7on exag\u00e9r\u00e9e de parler des conducteurs de Manta.<\/li>\n<li data-start=\"1449\" data-end=\"1663\">Au bas de la blague, il est mentionn\u00e9 que le <strong data-start=\"1506\" data-end=\"1538\">milieu du tuning de Bocholt<\/strong> est ravi \u00e0 l&#8217;id\u00e9e que la plaque d&#8217;immatriculation &#8220;BOH&#8221; puisse \u00e0 nouveau \u00eatre utilis\u00e9e, car elle correspond parfaitement \u00e0 leur style.<\/li>\n<\/ul>\n<\/li>\n<\/ul>\n\t\t\t\t\t\t\t\t<\/div>\n\t\t\t\t<\/div>\n\t\t\t\t\t<\/div>\n\t\t<\/div>\n\t\t\t\t\t<\/div>\n\t\t<\/section>\n\t\t\t\t<section data-particle_enable=\"false\" data-particle-mobile-disabled=\"false\" class=\"elementor-section elementor-top-section elementor-element elementor-element-f1209e2 elementor-section-boxed elementor-section-height-default elementor-section-height-default\" data-id=\"f1209e2\" data-element_type=\"section\" data-e-type=\"section\">\n\t\t\t\t\t\t<div class=\"elementor-container elementor-column-gap-default\">\n\t\t\t\t\t<div class=\"elementor-column elementor-col-100 elementor-top-column elementor-element elementor-element-5656449\" data-id=\"5656449\" data-element_type=\"column\" data-e-type=\"column\">\n\t\t\t<div class=\"elementor-widget-wrap elementor-element-populated\">\n\t\t\t\t\t\t<div class=\"elementor-element elementor-element-4e49ffd elementor-widget-divider--view-line elementor-widget elementor-widget-divider\" data-id=\"4e49ffd\" data-element_type=\"widget\" data-e-type=\"widget\" data-widget_type=\"divider.default\">\n\t\t\t\t<div class=\"elementor-widget-container\">\n\t\t\t\t\t\t\t<div class=\"elementor-divider\">\n\t\t\t<span class=\"elementor-divider-separator\">\n\t\t\t\t\t\t<\/span>\n\t\t<\/div>\n\t\t\t\t\t\t<\/div>\n\t\t\t\t<\/div>\n\t\t\t\t\t<\/div>\n\t\t<\/div>\n\t\t\t\t\t<\/div>\n\t\t<\/section>\n\t\t\t\t<section data-particle_enable=\"false\" data-particle-mobile-disabled=\"false\" class=\"elementor-section elementor-top-section elementor-element elementor-element-975bceb elementor-section-boxed elementor-section-height-default elementor-section-height-default\" data-id=\"975bceb\" data-element_type=\"section\" data-e-type=\"section\">\n\t\t\t\t\t\t<div class=\"elementor-container elementor-column-gap-default\">\n\t\t\t\t\t<div class=\"elementor-column elementor-col-100 elementor-top-column elementor-element elementor-element-73ff67f\" data-id=\"73ff67f\" data-element_type=\"column\" data-e-type=\"column\">\n\t\t\t<div class=\"elementor-widget-wrap elementor-element-populated\">\n\t\t\t\t\t\t<div class=\"elementor-element elementor-element-e2270cc elementor-widget elementor-widget-heading\" data-id=\"e2270cc\" data-element_type=\"widget\" data-e-type=\"widget\" data-widget_type=\"heading.default\">\n\t\t\t\t<div class=\"elementor-widget-container\">\n\t\t\t\t\t<h2 class=\"elementor-heading-title elementor-size-default\">R\u00e9f\u00e9rences dans la culture populaire allemande<\/h2>\t\t\t\t<\/div>\n\t\t\t\t<\/div>\n\t\t\t\t\t<\/div>\n\t\t<\/div>\n\t\t\t\t\t<\/div>\n\t\t<\/section>\n\t\t\t\t<section data-particle_enable=\"false\" data-particle-mobile-disabled=\"false\" class=\"elementor-section elementor-top-section elementor-element elementor-element-95d57d3 elementor-section-boxed elementor-section-height-default elementor-section-height-default\" data-id=\"95d57d3\" data-element_type=\"section\" data-e-type=\"section\">\n\t\t\t\t\t\t<div class=\"elementor-container elementor-column-gap-default\">\n\t\t\t\t\t<div class=\"elementor-column elementor-col-50 elementor-top-column elementor-element elementor-element-52ab271\" data-id=\"52ab271\" data-element_type=\"column\" data-e-type=\"column\">\n\t\t\t<div class=\"elementor-widget-wrap elementor-element-populated\">\n\t\t\t\t\t\t<div class=\"elementor-element elementor-element-0289f78 elementor-widget elementor-widget-text-editor\" data-id=\"0289f78\" data-element_type=\"widget\" data-e-type=\"widget\" data-widget_type=\"text-editor.default\">\n\t\t\t\t<div class=\"elementor-widget-container\">\n\t\t\t\t\t\t\t\t\t<ul>\n<li><strong>Films &#8220;Manta, Manta&#8221; et &#8220;Manta &#8211; Der Film&#8221; (1991) :<\/strong> La popularit\u00e9 des blagues sur Manta a \u00e9t\u00e9 telle qu&#8217;elle a inspir\u00e9 <strong>deux films comiques<\/strong> la m\u00eame ann\u00e9e.<\/li>\n<\/ul>\n<ul>\n<li style=\"list-style-type: none;\">\n<ul>\n<li><em>Manta &#8211; Der Film (<\/em> r\u00e9alis\u00e9 par Peter Timm) est sorti en septembre 1991.<\/li>\n<li><em>Manta, Manta<\/em> (quelques semaines plus tard et r\u00e9alis\u00e9 par Wolfgang B\u00fcld), avec le jeune acteur Til Schweiger dans le r\u00f4le d&#8217;un mantafahrer typique.<\/li>\n<\/ul>\n<\/li>\n<\/ul>\n\t\t\t\t\t\t\t\t<\/div>\n\t\t\t\t<\/div>\n\t\t\t\t<div class=\"elementor-element elementor-element-dff82c1 elementor-widget elementor-widget-text-editor\" data-id=\"dff82c1\" data-element_type=\"widget\" data-e-type=\"widget\" data-widget_type=\"text-editor.default\">\n\t\t\t\t<div class=\"elementor-widget-container\">\n\t\t\t\t\t\t\t\t\t<p>Les deux films satirisent les conducteurs de Manta en poussant les <strong>clich\u00e9s <\/strong>\u00e0 l&#8217;extr\u00eame : les intrigues tournent autour des courses contre les conducteurs d&#8217;autres voitures (rivalit\u00e9 Manta contre Golf GTI, parodi\u00e9e sous le nom de<em>&#8220;Golfkrieg<\/em>&#8221; ou <em>guerre de la Golf<\/em> en allusion \u00e0 la guerre du Golfe) et des aventures de Manni avec sa petite amie coiffeuse. <\/p>\n\t\t\t\t\t\t\t\t<\/div>\n\t\t\t\t<\/div>\n\t\t\t\t\t<\/div>\n\t\t<\/div>\n\t\t\t\t<div class=\"elementor-column elementor-col-50 elementor-top-column elementor-element elementor-element-9b8b311\" data-id=\"9b8b311\" data-element_type=\"column\" data-e-type=\"column\">\n\t\t\t<div class=\"elementor-widget-wrap elementor-element-populated\">\n\t\t\t\t\t\t<div class=\"elementor-element elementor-element-e3da44c elementor-widget elementor-widget-image\" data-id=\"e3da44c\" data-element_type=\"widget\" data-e-type=\"widget\" data-widget_type=\"image.default\">\n\t\t\t\t<div class=\"elementor-widget-container\">\n\t\t\t\t\t\t\t\t\t\t\t\t\t\t\t\t<a href=\"https:\/\/www.jgclassics.com\/wp-content\/uploads\/2025\/03\/manta-manta_02.jpg\" data-elementor-open-lightbox=\"yes\" data-elementor-lightbox-title=\"Blanket Der Film\" data-e-action-hash=\"#elementor-action%3Aaction%3Dlightbox%26settings%3DeyJpZCI6MjE4MDYsInVybCI6Imh0dHBzOlwvXC93d3cuamdjbGFzc2ljcy5jb21cL3dwLWNvbnRlbnRcL3VwbG9hZHNcLzIwMjVcLzAzXC9tYW50YS1tYW50YV8wMi5qcGcifQ%3D%3D\">\n\t\t\t\t\t\t\t<img loading=\"lazy\" decoding=\"async\" width=\"768\" height=\"1152\" src=\"https:\/\/www.jgclassics.com\/wp-content\/uploads\/2025\/03\/manta-manta_02-768x1152.jpg\" class=\"attachment-medium_large size-medium_large wp-image-21806\" alt=\"Blanket Der Film\" srcset=\"https:\/\/www.jgclassics.com\/wp-content\/uploads\/2025\/03\/manta-manta_02-768x1152.jpg 768w, https:\/\/www.jgclassics.com\/wp-content\/uploads\/2025\/03\/manta-manta_02-200x300.jpg 200w, https:\/\/www.jgclassics.com\/wp-content\/uploads\/2025\/03\/manta-manta_02-683x1024.jpg 683w, https:\/\/www.jgclassics.com\/wp-content\/uploads\/2025\/03\/manta-manta_02-1024x1536.jpg 1024w, https:\/\/www.jgclassics.com\/wp-content\/uploads\/2025\/03\/manta-manta_02.jpg 1217w\" sizes=\"(max-width: 768px) 100vw, 768px\" \/>\t\t\t\t\t\t\t\t<\/a>\n\t\t\t\t\t\t\t\t\t\t\t\t\t\t\t<\/div>\n\t\t\t\t<\/div>\n\t\t\t\t\t<\/div>\n\t\t<\/div>\n\t\t\t\t\t<\/div>\n\t\t<\/section>\n\t\t\t\t<section data-particle_enable=\"false\" data-particle-mobile-disabled=\"false\" class=\"elementor-section elementor-top-section elementor-element elementor-element-cdeb34c elementor-section-boxed elementor-section-height-default elementor-section-height-default\" data-id=\"cdeb34c\" data-element_type=\"section\" data-e-type=\"section\">\n\t\t\t\t\t\t<div class=\"elementor-container elementor-column-gap-default\">\n\t\t\t\t\t<div class=\"elementor-column elementor-col-33 elementor-top-column elementor-element elementor-element-e524ffb\" data-id=\"e524ffb\" data-element_type=\"column\" data-e-type=\"column\">\n\t\t\t<div class=\"elementor-widget-wrap elementor-element-populated\">\n\t\t\t\t\t\t<div class=\"elementor-element elementor-element-4e87ee8 elementor-widget elementor-widget-image\" data-id=\"4e87ee8\" data-element_type=\"widget\" data-e-type=\"widget\" data-widget_type=\"image.default\">\n\t\t\t\t<div class=\"elementor-widget-container\">\n\t\t\t\t\t\t\t\t\t\t\t\t\t\t\t\t<a href=\"https:\/\/www.jgclassics.com\/wp-content\/uploads\/2025\/03\/manta-manta.06-2023-1.jpg\" data-elementor-open-lightbox=\"yes\" data-elementor-lightbox-title=\"couverture-couverture.06 2023\" data-e-action-hash=\"#elementor-action%3Aaction%3Dlightbox%26settings%3DeyJpZCI6MjE4MjIsInVybCI6Imh0dHBzOlwvXC93d3cuamdjbGFzc2ljcy5jb21cL3dwLWNvbnRlbnRcL3VwbG9hZHNcLzIwMjVcLzAzXC9tYW50YS1tYW50YS4wNi0yMDIzLTEuanBnIn0%3D\">\n\t\t\t\t\t\t\t<img loading=\"lazy\" decoding=\"async\" width=\"1024\" height=\"576\" src=\"https:\/\/www.jgclassics.com\/wp-content\/uploads\/2025\/03\/manta-manta.06-2023-1-1024x576.jpg\" class=\"attachment-large size-large wp-image-21822\" alt=\"couverture-couverture.06 2023\" srcset=\"https:\/\/www.jgclassics.com\/wp-content\/uploads\/2025\/03\/manta-manta.06-2023-1-1024x576.jpg 1024w, https:\/\/www.jgclassics.com\/wp-content\/uploads\/2025\/03\/manta-manta.06-2023-1-300x169.jpg 300w, https:\/\/www.jgclassics.com\/wp-content\/uploads\/2025\/03\/manta-manta.06-2023-1-768x432.jpg 768w, https:\/\/www.jgclassics.com\/wp-content\/uploads\/2025\/03\/manta-manta.06-2023-1-1536x864.jpg 1536w, https:\/\/www.jgclassics.com\/wp-content\/uploads\/2025\/03\/manta-manta.06-2023-1-2048x1152.jpg 2048w\" sizes=\"(max-width: 1024px) 100vw, 1024px\" \/>\t\t\t\t\t\t\t\t<\/a>\n\t\t\t\t\t\t\t\t\t\t\t\t\t\t\t<\/div>\n\t\t\t\t<\/div>\n\t\t\t\t\t<\/div>\n\t\t<\/div>\n\t\t\t\t<div class=\"elementor-column elementor-col-33 elementor-top-column elementor-element elementor-element-5b4da81\" data-id=\"5b4da81\" data-element_type=\"column\" data-e-type=\"column\">\n\t\t\t<div class=\"elementor-widget-wrap elementor-element-populated\">\n\t\t\t\t\t\t<div class=\"elementor-element elementor-element-f5738bb elementor-widget elementor-widget-text-editor\" data-id=\"f5738bb\" data-element_type=\"widget\" data-e-type=\"widget\" data-widget_type=\"text-editor.default\">\n\t\t\t\t<div class=\"elementor-widget-container\">\n\t\t\t\t\t\t\t\t\t<p>Ces films ont connu un certain succ\u00e8s au box-office et ont contribu\u00e9 \u00e0 faire de l&#8217;Opel Manta une <strong>ic\u00f4ne comique de<\/strong> la d\u00e9cennie (en fait, une suite nostalgique de <em>Manta, Manta &#8211; Zwoter Teil<\/em>, est sortie en 2023, ce qui montre l&#8217;endurance du culte de Manta). <\/p>\n\t\t\t\t\t\t\t\t<\/div>\n\t\t\t\t<\/div>\n\t\t\t\t\t<\/div>\n\t\t<\/div>\n\t\t\t\t<div class=\"elementor-column elementor-col-33 elementor-top-column elementor-element elementor-element-c38db6b\" data-id=\"c38db6b\" data-element_type=\"column\" data-e-type=\"column\">\n\t\t\t<div class=\"elementor-widget-wrap elementor-element-populated\">\n\t\t\t\t\t\t<div class=\"elementor-element elementor-element-2bd8cdb elementor-widget elementor-widget-image\" data-id=\"2bd8cdb\" data-element_type=\"widget\" data-e-type=\"widget\" data-widget_type=\"image.default\">\n\t\t\t\t<div class=\"elementor-widget-container\">\n\t\t\t\t\t\t\t\t\t\t\t\t\t\t\t\t<a href=\"https:\/\/www.jgclassics.com\/wp-content\/uploads\/2025\/03\/manta-manta_01.webp\" data-elementor-open-lightbox=\"yes\" data-elementor-lightbox-title=\"couverture-couverture_01\" data-e-action-hash=\"#elementor-action%3Aaction%3Dlightbox%26settings%3DeyJpZCI6MjE4MjYsInVybCI6Imh0dHBzOlwvXC93d3cuamdjbGFzc2ljcy5jb21cL3dwLWNvbnRlbnRcL3VwbG9hZHNcLzIwMjVcLzAzXC9tYW50YS1tYW50YV8wMS53ZWJwIn0%3D\">\n\t\t\t\t\t\t\t<img loading=\"lazy\" decoding=\"async\" width=\"1024\" height=\"576\" src=\"https:\/\/www.jgclassics.com\/wp-content\/uploads\/2025\/03\/manta-manta_01-1024x576.webp\" class=\"attachment-large size-large wp-image-21826\" alt=\"couverture couverture\" srcset=\"https:\/\/www.jgclassics.com\/wp-content\/uploads\/2025\/03\/manta-manta_01-1024x576.webp 1024w, https:\/\/www.jgclassics.com\/wp-content\/uploads\/2025\/03\/manta-manta_01-300x169.webp 300w, https:\/\/www.jgclassics.com\/wp-content\/uploads\/2025\/03\/manta-manta_01-768x432.webp 768w, https:\/\/www.jgclassics.com\/wp-content\/uploads\/2025\/03\/manta-manta_01.webp 1280w\" sizes=\"(max-width: 1024px) 100vw, 1024px\" \/>\t\t\t\t\t\t\t\t<\/a>\n\t\t\t\t\t\t\t\t\t\t\t\t\t\t\t<\/div>\n\t\t\t\t<\/div>\n\t\t\t\t\t<\/div>\n\t\t<\/div>\n\t\t\t\t\t<\/div>\n\t\t<\/section>\n\t\t\t\t<section data-particle_enable=\"false\" data-particle-mobile-disabled=\"false\" class=\"elementor-section elementor-top-section elementor-element elementor-element-3974641 elementor-section-boxed elementor-section-height-default elementor-section-height-default\" data-id=\"3974641\" data-element_type=\"section\" data-e-type=\"section\">\n\t\t\t\t\t\t<div class=\"elementor-container elementor-column-gap-default\">\n\t\t\t\t\t<div class=\"elementor-column elementor-col-100 elementor-top-column elementor-element elementor-element-83b6696\" data-id=\"83b6696\" data-element_type=\"column\" data-e-type=\"column\">\n\t\t\t<div class=\"elementor-widget-wrap elementor-element-populated\">\n\t\t\t\t\t\t<div class=\"elementor-element elementor-element-f516289 elementor-widget-divider--view-line_icon elementor-view-default elementor-widget-divider--element-align-center elementor-widget elementor-widget-divider\" data-id=\"f516289\" data-element_type=\"widget\" data-e-type=\"widget\" data-widget_type=\"divider.default\">\n\t\t\t\t<div class=\"elementor-widget-container\">\n\t\t\t\t\t\t\t<div class=\"elementor-divider\">\n\t\t\t<span class=\"elementor-divider-separator\">\n\t\t\t\t\t\t\t<div class=\"elementor-icon elementor-divider__element\">\n\t\t\t\t\t<i aria-hidden=\"true\" class=\"fas fa-info-circle\"><\/i><\/div>\n\t\t\t\t\t\t<\/span>\n\t\t<\/div>\n\t\t\t\t\t\t<\/div>\n\t\t\t\t<\/div>\n\t\t\t\t\t<\/div>\n\t\t<\/div>\n\t\t\t\t\t<\/div>\n\t\t<\/section>\n\t\t\t\t<section data-particle_enable=\"false\" data-particle-mobile-disabled=\"false\" class=\"elementor-section elementor-top-section elementor-element elementor-element-c02fbd4 elementor-section-boxed elementor-section-height-default elementor-section-height-default\" data-id=\"c02fbd4\" data-element_type=\"section\" data-e-type=\"section\">\n\t\t\t\t\t\t<div class=\"elementor-container elementor-column-gap-default\">\n\t\t\t\t\t<div class=\"elementor-column elementor-col-100 elementor-top-column elementor-element elementor-element-06b6614\" data-id=\"06b6614\" data-element_type=\"column\" data-e-type=\"column\">\n\t\t\t<div class=\"elementor-widget-wrap elementor-element-populated\">\n\t\t\t\t\t\t<div class=\"elementor-element elementor-element-3825d1f elementor-widget elementor-widget-heading\" data-id=\"3825d1f\" data-element_type=\"widget\" data-e-type=\"widget\" data-widget_type=\"heading.default\">\n\t\t\t\t<div class=\"elementor-widget-container\">\n\t\t\t\t\t<h3 class=\"elementor-heading-title elementor-size-default\">Plus de blagues sur l'Opel Manta dans l'id\u00e9ologue allemand<\/h3>\t\t\t\t<\/div>\n\t\t\t\t<\/div>\n\t\t\t\t\t<\/div>\n\t\t<\/div>\n\t\t\t\t\t<\/div>\n\t\t<\/section>\n\t\t\t\t<section data-particle_enable=\"false\" data-particle-mobile-disabled=\"false\" class=\"elementor-section elementor-top-section elementor-element elementor-element-6719e3d elementor-section-boxed elementor-section-height-default elementor-section-height-default\" data-id=\"6719e3d\" data-element_type=\"section\" data-e-type=\"section\">\n\t\t\t\t\t\t<div class=\"elementor-container elementor-column-gap-default\">\n\t\t\t\t\t<div class=\"elementor-column elementor-col-100 elementor-top-column elementor-element elementor-element-7488568\" data-id=\"7488568\" data-element_type=\"column\" data-e-type=\"column\" data-settings=\"{&quot;background_background&quot;:&quot;classic&quot;}\">\n\t\t\t<div class=\"elementor-widget-wrap elementor-element-populated\">\n\t\t\t\t\t\t<div class=\"elementor-element elementor-element-8f6fd13 elementor-widget__width-initial elementor-widget elementor-widget-text-editor\" data-id=\"8f6fd13\" data-element_type=\"widget\" data-e-type=\"widget\" data-widget_type=\"text-editor.default\">\n\t\t\t\t<div class=\"elementor-widget-container\">\n\t\t\t\t\t\t\t\t\t<ol>\n<li><strong>Pourquoi les conducteurs de Manta transportent-ils une botte de paille sur le si\u00e8ge du passager ?<\/strong>\n<ul>\n<li>&#8220;Parce que l&#8217;essentiel, c&#8217;est qu&#8217;elle soit blonde&#8221;.<\/li>\n<\/ul>\n<\/li>\n<li><strong>Quel est le plus grand avantage d&#8217;un Manta ?<\/strong>\n<ul>\n<li>&#8220;Le buste de l&#8217;escorte&#8221;.<\/li>\n<\/ul>\n<\/li>\n<li><strong>Pourquoi les Mantas sont-elles d\u00e9sormais fabriqu\u00e9es sans toit ouvrant ?<\/strong>\n<ul>\n<li>&#8220;Parce que qui a trois bras ?<\/li>\n<\/ul>\n<\/li>\n<li><strong>Que reste-t-il apr\u00e8s l&#8217;incendie d&#8217;un Manta ?<\/strong>\n<ul>\n<li>&#8220;Une cha\u00eene en or et un coiffeur qui pleure.&#8221;<\/li>\n<\/ul>\n<\/li>\n<li><strong>Pourquoi les pilotes de Manta ont-ils des antennes renforc\u00e9es ?<\/strong>\n<ul>\n<li>&#8220;Pour un renard entier&#8221;.<\/li>\n<\/ul>\n<\/li>\n<li><strong>Pourquoi les murs des garages des pilotes de Manta sont-ils marqu\u00e9s d&#8217;une bande rouge ?<\/strong>\n<ul>\n<li>&#8220;Parce qu&#8217;ils oublient toujours de mettre leur bras quand ils entrent.&#8221;<\/li>\n<\/ul>\n<\/li>\n<li><strong>Pourquoi les Mantas sont-ils d\u00e9sormais produits avec 8 phares ?<\/strong>\n<ul>\n<li>&#8220;Pour que les conducteurs puissent \u00e9galement porter des lunettes de soleil la nuit.<\/li>\n<\/ul>\n<\/li>\n<li><strong>Pourquoi les mantas sont-elles d\u00e9sormais fabriqu\u00e9es \u00e0 8 m\u00e8tres de hauteur ?<\/strong>\n<ul>\n<li>&#8220;Pour qu&#8217;ils puissent \u00eatre abaiss\u00e9s de 7 m\u00e8tres&#8221;.<\/li>\n<\/ul>\n<\/li>\n<li><strong>Pourquoi les conducteurs de Manta portent-ils toujours des lunettes de soleil ?<\/strong>\n<ul>\n<li>&#8220;Vous ne remarquez donc pas quand ils pleurent \u00e0 cause des pannes.&#8221;<\/li>\n<\/ul>\n<\/li>\n<li><strong>Pourquoi les conducteurs de Manta n&#8217;utilisent-ils pas de clignotants ?<\/strong>\n<ul>\n<li>&#8220;Parce que tout le monde sait o\u00f9 il va : \u00e0 la discoth\u00e8que.&#8221;<\/li>\n<\/ul>\n<\/li>\n<li><strong>Comment doubler la valeur d&#8217;un Manta ?<\/strong>\n<ul>\n<li>&#8220;Remplir le r\u00e9servoir d&#8217;essence&#8221;.<\/li>\n<\/ul>\n<\/li>\n<li><strong>Pourquoi les conducteurs de Manta portent-ils d&#8217;\u00e9paisses cha\u00eenes en or ?<\/strong>\n<ul>\n<li>&#8220;Pour qu&#8217;ils n&#8217;oublient pas \u00e0 quel point ils sont rapides&#8221;.<\/li>\n<\/ul>\n<\/li>\n<li><strong>Pourquoi les mantas ont-elles de si grands r\u00e9troviseurs ?<\/strong>\n<ul>\n<li>&#8220;Pour que leurs propri\u00e9taires puissent admirer leur coiffure avec du gel&#8221;.<\/li>\n<\/ul>\n<\/li>\n<li><strong>Comment faire atteindre 200 km\/h \u00e0 une Manta ?<\/strong>\n<ul>\n<li>&#8220;Chargement sur une grue sur le bord de la route.<\/li>\n<\/ul>\n<\/li>\n<li><strong>Pourquoi les conducteurs de Manta n&#8217;ont-ils jamais besoin de r\u00e9veil ?<\/strong>\n<ul>\n<li>&#8220;Parce que le bruit du pot d&#8217;\u00e9chappement cass\u00e9 les r\u00e9veille tous les matins.&#8221;<\/li>\n<\/ul>\n<\/li>\n<li><strong>Pourquoi les conducteurs de Manta ne lavent-ils jamais leur voiture ?<\/strong>\n<ul>\n<li>&#8220;Parce que la salet\u00e9 donne l&#8217;impression qu&#8217;il a particip\u00e9 \u00e0 une course.&#8221;<\/li>\n<\/ul>\n<\/li>\n<li><strong>Comment am\u00e9liorer la consommation de carburant d&#8217;une Manta ?<\/strong>\n<ul>\n<li>&#8220;Le laisser gar\u00e9&#8221;.<\/li>\n<\/ul>\n<\/li>\n<li><strong>Pourquoi les mantas ont-elles autant de chrome ?<\/strong>\n<ul>\n<li>&#8220;Pour d\u00e9tourner l&#8217;attention du manque de performance&#8221;.<\/li>\n<\/ul>\n<\/li>\n<li><strong>Pourquoi une Manta n&#8217;arrive-t-elle jamais la premi\u00e8re \u00e0 un feu rouge ?<\/strong>\n<ul>\n<li>&#8220;Parce que son propri\u00e9taire se coiffe dans le r\u00e9troviseur&#8221;.<\/li>\n<\/ul>\n<\/li>\n<\/ol>\n<p>Comme je l&#8217;ai dit, ces blagues refl\u00e8tent les st\u00e9r\u00e9otypes et l&#8217;image culturelle associ\u00e9s aux conducteurs d&#8217;Opel Manta en Allemagne dans les ann\u00e9es 1980 et 1990. Nombre d&#8217;entre elles n&#8217;ont peut-\u00eatre pas \u00e9t\u00e9 invent\u00e9es en association avec l&#8217;Opel Manta, mais il n&#8217;a pas manqu\u00e9 de personnes pour les adapter afin d&#8217;accro\u00eetre la jubilation aux d\u00e9pens de la voiture et de ses propri\u00e9taires. <\/p>\n\t\t\t\t\t\t\t\t<\/div>\n\t\t\t\t<\/div>\n\t\t\t\t<div class=\"elementor-element elementor-element-c440267 elementor-widget-divider--view-line elementor-widget elementor-widget-divider\" data-id=\"c440267\" data-element_type=\"widget\" data-e-type=\"widget\" data-widget_type=\"divider.default\">\n\t\t\t\t<div class=\"elementor-widget-container\">\n\t\t\t\t\t\t\t<div class=\"elementor-divider\">\n\t\t\t<span class=\"elementor-divider-separator\">\n\t\t\t\t\t\t<\/span>\n\t\t<\/div>\n\t\t\t\t\t\t<\/div>\n\t\t\t\t<\/div>\n\t\t\t\t\t<\/div>\n\t\t<\/div>\n\t\t\t\t\t<\/div>\n\t\t<\/section>\n\t\t\t\t<section data-particle_enable=\"false\" data-particle-mobile-disabled=\"false\" class=\"elementor-section elementor-top-section elementor-element elementor-element-b9fde3f elementor-section-boxed elementor-section-height-default elementor-section-height-default\" data-id=\"b9fde3f\" data-element_type=\"section\" data-e-type=\"section\">\n\t\t\t\t\t\t<div class=\"elementor-container elementor-column-gap-default\">\n\t\t\t\t\t<div class=\"elementor-column elementor-col-100 elementor-top-column elementor-element elementor-element-3bc99e0\" data-id=\"3bc99e0\" data-element_type=\"column\" data-e-type=\"column\">\n\t\t\t<div class=\"elementor-widget-wrap elementor-element-populated\">\n\t\t\t\t\t\t<div class=\"elementor-element elementor-element-3d7a737 elementor-widget elementor-widget-heading\" data-id=\"3d7a737\" data-element_type=\"widget\" data-e-type=\"widget\" data-widget_type=\"heading.default\">\n\t\t\t\t<div class=\"elementor-widget-container\">\n\t\t\t\t\t<h2 class=\"elementor-heading-title elementor-size-default\">L'Opel Manta \u00e0 la t\u00e9l\u00e9vision et dans les m\u00e9dias  <\/h2>\t\t\t\t<\/div>\n\t\t\t\t<\/div>\n\t\t\t\t\t<\/div>\n\t\t<\/div>\n\t\t\t\t\t<\/div>\n\t\t<\/section>\n\t\t\t\t<section data-particle_enable=\"false\" data-particle-mobile-disabled=\"false\" class=\"elementor-section elementor-top-section elementor-element elementor-element-f321db8 elementor-section-boxed elementor-section-height-default elementor-section-height-default\" data-id=\"f321db8\" data-element_type=\"section\" data-e-type=\"section\">\n\t\t\t\t\t\t<div class=\"elementor-container elementor-column-gap-default\">\n\t\t\t\t\t<div class=\"elementor-column elementor-col-100 elementor-top-column elementor-element elementor-element-15a301d\" data-id=\"15a301d\" data-element_type=\"column\" data-e-type=\"column\">\n\t\t\t<div class=\"elementor-widget-wrap elementor-element-populated\">\n\t\t\t\t\t\t<div class=\"elementor-element elementor-element-9f3230f elementor-widget elementor-widget-text-editor\" data-id=\"9f3230f\" data-element_type=\"widget\" data-e-type=\"widget\" data-widget_type=\"text-editor.default\">\n\t\t\t\t<div class=\"elementor-widget-container\">\n\t\t\t\t\t\t\t\t\t<p>L&#8217;\u00e9mission de t\u00e9l\u00e9vision allemande <strong>&#8220;Wetten, dass&#8230;&#8221;<\/strong> (en anglais, quelque chose comme &#8221; ?<strong><em>A que no&#8230; ?<\/em><\/strong>&#8220;) a \u00e9t\u00e9 l&#8217;une des \u00e9missions les plus populaires en Allemagne et dans d&#8217;autres pays germanophones depuis sa cr\u00e9ation en 1981. Le format de l&#8217;\u00e9mission consistait \u00e0 faire parier des gens ordinaires sur des comp\u00e9tences inhabituelles ou des exploits \u00e9tonnants, tandis que des c\u00e9l\u00e9brit\u00e9s agissaient en tant que sponsors des paris, ajoutant une touche de divertissement et de spectacle. <\/p>\n\t\t\t\t\t\t\t\t<\/div>\n\t\t\t\t<\/div>\n\t\t\t\t\t<\/div>\n\t\t<\/div>\n\t\t\t\t\t<\/div>\n\t\t<\/section>\n\t\t\t\t<section data-particle_enable=\"false\" data-particle-mobile-disabled=\"false\" class=\"elementor-section elementor-top-section elementor-element elementor-element-b6a05ec elementor-section-boxed elementor-section-height-default elementor-section-height-default\" data-id=\"b6a05ec\" data-element_type=\"section\" data-e-type=\"section\">\n\t\t\t\t\t\t<div class=\"elementor-container elementor-column-gap-default\">\n\t\t\t\t\t<div class=\"elementor-column elementor-col-50 elementor-top-column elementor-element elementor-element-74c9d43\" data-id=\"74c9d43\" data-element_type=\"column\" data-e-type=\"column\">\n\t\t\t<div class=\"elementor-widget-wrap elementor-element-populated\">\n\t\t\t\t\t\t<div class=\"elementor-element elementor-element-5b93933 elementor-widget elementor-widget-text-editor\" data-id=\"5b93933\" data-element_type=\"widget\" data-e-type=\"widget\" data-widget_type=\"text-editor.default\">\n\t\t\t\t<div class=\"elementor-widget-container\">\n\t\t\t\t\t\t\t\t\t<p>Le 2 mars 1991, l&#8217;\u00e9mission a pr\u00e9sent\u00e9 une <strong>&#8220;Saalwette&#8221;<\/strong> (pari en studio) qui refl\u00e9tait les st\u00e9r\u00e9otypes humoristiques de l&#8217;\u00e9poque associ\u00e9s \u00e0 l&#8217;<strong>Opel Manta<\/strong> et \u00e0 ses conducteurs. Le pari \u00e9tait qu&#8217;au moins dix conducteurs de Manta, tous appel\u00e9s &#8220;Manni&#8221; (abr\u00e9viation de Manfred), viendraient au studio accompagn\u00e9s de leurs partenaires, qui devaient \u00eatre des coiffeurs. Ce pari s&#8217;appuyait sur le st\u00e9r\u00e9otype populaire selon lequel les chauffeurs de Manta \u00e9taient des jeunes hommes de la classe ouvri\u00e8re, souvent appel\u00e9s Manni, dont les compagnes travaillaient comme coiffeuses. Le pari a \u00e9t\u00e9 accept\u00e9 et, en effet, dix &#8220;Mannis&#8221; accompagn\u00e9s de leurs partenaires coiffeuses se sont pr\u00e9sent\u00e9s en studio, relevant avec succ\u00e8s le d\u00e9fi et offrant un moment m\u00e9morable dans l&#8217;histoire de l&#8217;\u00e9mission.   <\/p>\n\t\t\t\t\t\t\t\t<\/div>\n\t\t\t\t<\/div>\n\t\t\t\t\t<\/div>\n\t\t<\/div>\n\t\t\t\t<div class=\"elementor-column elementor-col-50 elementor-top-column elementor-element elementor-element-2a584a0\" data-id=\"2a584a0\" data-element_type=\"column\" data-e-type=\"column\">\n\t\t\t<div class=\"elementor-widget-wrap elementor-element-populated\">\n\t\t\t\t\t\t<div class=\"elementor-element elementor-element-ffe42bb elementor-widget elementor-widget-video\" data-id=\"ffe42bb\" data-element_type=\"widget\" data-e-type=\"widget\" data-settings=\"{&quot;youtube_url&quot;:&quot;https:\\\/\\\/www.youtube.com\\\/watch?v=oVDT_8luaII&quot;,&quot;video_type&quot;:&quot;youtube&quot;,&quot;controls&quot;:&quot;yes&quot;}\" data-widget_type=\"video.default\">\n\t\t\t\t<div class=\"elementor-widget-container\">\n\t\t\t\t\t\t\t<div class=\"elementor-wrapper elementor-open-inline\">\n\t\t\t<div class=\"elementor-video\"><\/div>\t\t<\/div>\n\t\t\t\t\t\t<\/div>\n\t\t\t\t<\/div>\n\t\t\t\t<div class=\"elementor-element elementor-element-1a677d3 elementor-widget elementor-widget-text-editor\" data-id=\"1a677d3\" data-element_type=\"widget\" data-e-type=\"widget\" data-widget_type=\"text-editor.default\">\n\t\t\t\t<div class=\"elementor-widget-container\">\n\t\t\t\t\t\t\t\t\t<p>Cet \u00e9v\u00e9nement est rest\u00e9 dans les m\u00e9moires comme un reflet de la mani\u00e8re dont la culture populaire et les st\u00e9r\u00e9otypes humoristiques de l&#8217;\u00e9poque ont \u00e9t\u00e9 int\u00e9gr\u00e9s dans les programmes de divertissement de masse, faisant de l&#8217;Opel Manta et de ses conducteurs des ic\u00f4nes de la culture allemande au d\u00e9but des ann\u00e9es 1990.<\/p>\n\t\t\t\t\t\t\t\t<\/div>\n\t\t\t\t<\/div>\n\t\t\t\t\t<\/div>\n\t\t<\/div>\n\t\t\t\t\t<\/div>\n\t\t<\/section>\n\t\t\t\t<section data-particle_enable=\"false\" data-particle-mobile-disabled=\"false\" class=\"elementor-section elementor-top-section elementor-element elementor-element-792a701 elementor-section-boxed elementor-section-height-default elementor-section-height-default\" data-id=\"792a701\" data-element_type=\"section\" data-e-type=\"section\">\n\t\t\t\t\t\t<div class=\"elementor-container elementor-column-gap-default\">\n\t\t\t\t\t<div class=\"elementor-column elementor-col-100 elementor-top-column elementor-element elementor-element-5ae2909\" data-id=\"5ae2909\" data-element_type=\"column\" data-e-type=\"column\">\n\t\t\t<div class=\"elementor-widget-wrap elementor-element-populated\">\n\t\t\t\t\t\t<div class=\"elementor-element elementor-element-ec4fa39 elementor-widget elementor-widget-text-editor\" data-id=\"ec4fa39\" data-element_type=\"widget\" data-e-type=\"widget\" data-widget_type=\"text-editor.default\">\n\t\t\t\t<div class=\"elementor-widget-container\">\n\t\t\t\t\t\t\t\t\t<p>La sc\u00e8ne ressemble \u00e0 une blague, mais elle est r\u00e9elle &#8211; une sorte de <em>clin d&#8217;\u0153il m\u00e9ta-humoristique<\/em> au public. Le fait qu&#8217;une \u00e9mission aussi largement diffus\u00e9e ait organis\u00e9 cette s\u00e9quence montre \u00e0 quel point <strong>le st\u00e9r\u00e9otype \u00e9tait ancr\u00e9<\/strong> dans la culture populaire allemande de l&#8217;\u00e9poque. <\/p>\n\t\t\t\t\t\t\t\t<\/div>\n\t\t\t\t<\/div>\n\t\t\t\t\t<\/div>\n\t\t<\/div>\n\t\t\t\t\t<\/div>\n\t\t<\/section>\n\t\t\t\t<section data-particle_enable=\"false\" data-particle-mobile-disabled=\"false\" class=\"elementor-section elementor-top-section elementor-element elementor-element-01bb407 elementor-section-boxed elementor-section-height-default elementor-section-height-default\" data-id=\"01bb407\" data-element_type=\"section\" data-e-type=\"section\">\n\t\t\t\t\t\t<div class=\"elementor-container elementor-column-gap-default\">\n\t\t\t\t\t<div class=\"elementor-column elementor-col-100 elementor-top-column elementor-element elementor-element-8e99419\" data-id=\"8e99419\" data-element_type=\"column\" data-e-type=\"column\">\n\t\t\t<div class=\"elementor-widget-wrap elementor-element-populated\">\n\t\t\t\t\t\t<div class=\"elementor-element elementor-element-422cf79 elementor-widget elementor-widget-text-editor\" data-id=\"422cf79\" data-element_type=\"widget\" data-e-type=\"widget\" data-widget_type=\"text-editor.default\">\n\t\t\t\t<div class=\"elementor-widget-container\">\n\t\t\t\t\t\t\t\t\t<p><strong><u>Super, Ingo&#8221; (campagne DEA) :<\/u><\/strong><\/p>\n\t\t\t\t\t\t\t\t<\/div>\n\t\t\t\t<\/div>\n\t\t\t\t\t<\/div>\n\t\t<\/div>\n\t\t\t\t\t<\/div>\n\t\t<\/section>\n\t\t\t\t<section data-particle_enable=\"false\" data-particle-mobile-disabled=\"false\" class=\"elementor-section elementor-top-section elementor-element elementor-element-35a9993 elementor-section-boxed elementor-section-height-default elementor-section-height-default\" data-id=\"35a9993\" data-element_type=\"section\" data-e-type=\"section\">\n\t\t\t\t\t\t<div class=\"elementor-container elementor-column-gap-default\">\n\t\t\t\t\t<div class=\"elementor-column elementor-col-100 elementor-top-column elementor-element elementor-element-db501bf\" data-id=\"db501bf\" data-element_type=\"column\" data-e-type=\"column\">\n\t\t\t<div class=\"elementor-widget-wrap elementor-element-populated\">\n\t\t\t\t\t\t<div class=\"elementor-element elementor-element-76a7773 elementor-widget elementor-widget-text-editor\" data-id=\"76a7773\" data-element_type=\"widget\" data-e-type=\"widget\" data-widget_type=\"text-editor.default\">\n\t\t\t\t<div class=\"elementor-widget-container\">\n\t\t\t\t\t\t\t\t\t<p>Le cin\u00e9ma et la t\u00e9l\u00e9vision ne sont pas les seuls \u00e0 s&#8217;\u00eatre fait l&#8217;\u00e9cho de l&#8217;attrait humoristique de la Manta ; la <strong>publicit\u00e9<\/strong> s&#8217;en est \u00e9galement empar\u00e9e. \u00c0 la fin des ann\u00e9es 1990, la compagnie p\u00e9troli\u00e8re DEA a lanc\u00e9 une publicit\u00e9 mettant en sc\u00e8ne un conducteur de Manta typique appel\u00e9 <em>Ingo<\/em>. Dans ce spot, Ingo arrive \u00e0 une station-service et tous les employ\u00e9s l&#8217;interpellent avec enthousiasme <em>: &#8220;Super, Ingo !<\/em>   <\/p>\n\t\t\t\t\t\t\t\t<\/div>\n\t\t\t\t<\/div>\n\t\t\t\t\t<\/div>\n\t\t<\/div>\n\t\t\t\t\t<\/div>\n\t\t<\/section>\n\t\t\t\t<section data-particle_enable=\"false\" data-particle-mobile-disabled=\"false\" class=\"elementor-section elementor-top-section elementor-element elementor-element-bc645e0 elementor-section-boxed elementor-section-height-default elementor-section-height-default\" data-id=\"bc645e0\" data-element_type=\"section\" data-e-type=\"section\">\n\t\t\t\t\t\t<div class=\"elementor-container elementor-column-gap-default\">\n\t\t\t\t\t<div class=\"elementor-column elementor-col-50 elementor-top-column elementor-element elementor-element-e46e02f\" data-id=\"e46e02f\" data-element_type=\"column\" data-e-type=\"column\">\n\t\t\t<div class=\"elementor-widget-wrap elementor-element-populated\">\n\t\t\t\t\t\t<div class=\"elementor-element elementor-element-55c061a elementor-widget elementor-widget-text-editor\" data-id=\"55c061a\" data-element_type=\"widget\" data-e-type=\"widget\" data-widget_type=\"text-editor.default\">\n\t\t\t\t<div class=\"elementor-widget-container\">\n\t\t\t\t\t\t\t\t\t<p>Le conducteur, suffisant, croit \u00eatre f\u00e9licit\u00e9 (il interpr\u00e8te <em>&#8220;super, Ingo&#8221;<\/em> comme &#8220;super, Ingo&#8221;), alors qu&#8217;en r\u00e9alit\u00e9 <strong>on lui demande<\/strong> de remplir son Opel Manta avec de l&#8217;essence <em>super<\/em> (95 ou 98 octanes, mais de l <strong>&#8216;essence<\/strong>) et <strong>non avec du diesel<\/strong>.<\/p>\n\t\t\t\t\t\t\t\t<\/div>\n\t\t\t\t<\/div>\n\t\t\t\t<div class=\"elementor-element elementor-element-54521e2 elementor-widget elementor-widget-text-editor\" data-id=\"54521e2\" data-element_type=\"widget\" data-e-type=\"widget\" data-widget_type=\"text-editor.default\">\n\t\t\t\t<div class=\"elementor-widget-container\">\n\t\t\t\t\t\t\t\t\t<p>Le d\u00e9nouement comique intervient lorsque Ingo se rend compte de la confusion. Cette publicit\u00e9 joue sur la <em>na\u00efvet\u00e9<\/em> du personnage et montre que l&#8217;<strong>arch\u00e9type du mantafahrer est reconnaissable<\/strong> m\u00eame dans la publicit\u00e9 commerciale. <\/p>\n\t\t\t\t\t\t\t\t<\/div>\n\t\t\t\t<\/div>\n\t\t\t\t\t<\/div>\n\t\t<\/div>\n\t\t\t\t<div class=\"elementor-column elementor-col-50 elementor-top-column elementor-element elementor-element-7df3f4b\" data-id=\"7df3f4b\" data-element_type=\"column\" data-e-type=\"column\">\n\t\t\t<div class=\"elementor-widget-wrap elementor-element-populated\">\n\t\t\t\t\t\t<div class=\"elementor-element elementor-element-eb96304 elementor-widget elementor-widget-video\" data-id=\"eb96304\" data-element_type=\"widget\" data-e-type=\"widget\" data-settings=\"{&quot;youtube_url&quot;:&quot;https:\\\/\\\/www.youtube.com\\\/watch?v=CHq2fzE4ryI&quot;,&quot;video_type&quot;:&quot;youtube&quot;,&quot;controls&quot;:&quot;yes&quot;}\" data-widget_type=\"video.default\">\n\t\t\t\t<div class=\"elementor-widget-container\">\n\t\t\t\t\t\t\t<div class=\"elementor-wrapper elementor-open-inline\">\n\t\t\t<div class=\"elementor-video\"><\/div>\t\t<\/div>\n\t\t\t\t\t\t<\/div>\n\t\t\t\t<\/div>\n\t\t\t\t\t<\/div>\n\t\t<\/div>\n\t\t\t\t\t<\/div>\n\t\t<\/section>\n\t\t\t\t<section data-particle_enable=\"false\" data-particle-mobile-disabled=\"false\" class=\"elementor-section elementor-top-section elementor-element elementor-element-5509b3d elementor-section-boxed elementor-section-height-default elementor-section-height-default\" data-id=\"5509b3d\" data-element_type=\"section\" data-e-type=\"section\">\n\t\t\t\t\t\t<div class=\"elementor-container elementor-column-gap-default\">\n\t\t\t\t\t<div class=\"elementor-column elementor-col-100 elementor-top-column elementor-element elementor-element-cc80bb8\" data-id=\"cc80bb8\" data-element_type=\"column\" data-e-type=\"column\">\n\t\t\t<div class=\"elementor-widget-wrap elementor-element-populated\">\n\t\t\t\t\t\t<div class=\"elementor-element elementor-element-fb6652c elementor-widget-divider--view-line_icon elementor-view-default elementor-widget-divider--element-align-center elementor-widget elementor-widget-divider\" data-id=\"fb6652c\" data-element_type=\"widget\" data-e-type=\"widget\" data-widget_type=\"divider.default\">\n\t\t\t\t<div class=\"elementor-widget-container\">\n\t\t\t\t\t\t\t<div class=\"elementor-divider\">\n\t\t\t<span class=\"elementor-divider-separator\">\n\t\t\t\t\t\t\t<div class=\"elementor-icon elementor-divider__element\">\n\t\t\t\t\t<i aria-hidden=\"true\" class=\"fas fa-info-circle\"><\/i><\/div>\n\t\t\t\t\t\t<\/span>\n\t\t<\/div>\n\t\t\t\t\t\t<\/div>\n\t\t\t\t<\/div>\n\t\t\t\t\t<\/div>\n\t\t<\/div>\n\t\t\t\t\t<\/div>\n\t\t<\/section>\n\t\t\t\t<section data-particle_enable=\"false\" data-particle-mobile-disabled=\"false\" class=\"elementor-section elementor-top-section elementor-element elementor-element-8744bb7 elementor-section-boxed elementor-section-height-default elementor-section-height-default\" data-id=\"8744bb7\" data-element_type=\"section\" data-e-type=\"section\">\n\t\t\t\t\t\t<div class=\"elementor-container elementor-column-gap-default\">\n\t\t\t\t\t<div class=\"elementor-column elementor-col-100 elementor-top-column elementor-element elementor-element-1c83e44\" data-id=\"1c83e44\" data-element_type=\"column\" data-e-type=\"column\">\n\t\t\t<div class=\"elementor-widget-wrap elementor-element-populated\">\n\t\t\t\t\t\t<div class=\"elementor-element elementor-element-7ad7bbc elementor-widget elementor-widget-heading\" data-id=\"7ad7bbc\" data-element_type=\"widget\" data-e-type=\"widget\" data-widget_type=\"heading.default\">\n\t\t\t\t<div class=\"elementor-widget-container\">\n\t\t\t\t\t<h3 class=\"elementor-heading-title elementor-size-default\">Une l\u00e9gende urbaine automobile : Porsche est-elle \u00e0 l'origine des plaisanteries autour de l'Opel Manta ?<\/h3>\t\t\t\t<\/div>\n\t\t\t\t<\/div>\n\t\t\t\t\t<\/div>\n\t\t<\/div>\n\t\t\t\t\t<\/div>\n\t\t<\/section>\n\t\t\t\t<section data-particle_enable=\"false\" data-particle-mobile-disabled=\"false\" class=\"elementor-section elementor-top-section elementor-element elementor-element-358c24a elementor-section-boxed elementor-section-height-default elementor-section-height-default\" data-id=\"358c24a\" data-element_type=\"section\" data-e-type=\"section\">\n\t\t\t\t\t\t<div class=\"elementor-container elementor-column-gap-default\">\n\t\t\t\t\t<div class=\"elementor-column elementor-col-100 elementor-top-column elementor-element elementor-element-dfccac2\" data-id=\"dfccac2\" data-element_type=\"column\" data-e-type=\"column\">\n\t\t\t<div class=\"elementor-widget-wrap elementor-element-populated\">\n\t\t\t\t\t\t<div class=\"elementor-element elementor-element-23da1d9 elementor-widget__width-initial elementor-widget elementor-widget-text-editor\" data-id=\"23da1d9\" data-element_type=\"widget\" data-e-type=\"widget\" data-widget_type=\"text-editor.default\">\n\t\t\t\t<div class=\"elementor-widget-container\">\n\t\t\t\t\t\t\t\t\t<p>Anecdote curieuse, la rumeur a couru que <strong>Porsche<\/strong> (le concurrent d&#8217;Opel sur le march\u00e9 allemand, bien qu&#8217;il s&#8217;agisse \u00e9videmment d&#8217;un segment de march\u00e9 diff\u00e9rent) \u00e9tait \u00e0 l <strong>&#8216;origine des<\/strong> blagues sur la Manta, pr\u00e9tendument pour nuire \u00e0 l&#8217;image du mod\u00e8le Opel.<\/p>\n<p>Bien qu&#8217;il n&#8217;y ait aucune preuve r\u00e9elle que Porsche ait invent\u00e9 la <em>Manta-Witze<\/em>, le simple fait qu&#8217;une telle th\u00e9orie existe refl\u00e8te l&#8217;<strong>impact que ces blagues ont eu<\/strong> sur l&#8217;image publique de la voiture. Qu&#8217;il soit vrai ou non, le stratag\u00e8me a fonctionn\u00e9 : l&#8217;Opel Manta a \u00e9t\u00e9 tellement stigmatis\u00e9e (et en m\u00eame temps <strong>c\u00e9l\u00e8bre<\/strong>) pour ses plaisanteries que, des d\u00e9cennies plus tard, on s&#8217;en souvient avec une certaine affection nostalgique comme d&#8217;une <strong>&#8220;voiture culte&#8221;<\/strong> des ann\u00e9es 1980, cette fois-ci pour des raisons qui ne sont pas n\u00e9cessairement &#8220;techniques automobiles&#8221;. <\/p>\n<p>Si beaucoup de ses anciens propri\u00e9taires reprennent aujourd&#8217;hui avec humour le clich\u00e9 qu&#8217;ils ont subi, la Manta survit dans la m\u00e9moire collective, non pas pour ses performances, mais pour l&#8217;ambiance qu&#8217;elle a g\u00e9n\u00e9r\u00e9e.<\/p>\n<p><strong>En bref<\/strong>, les blagues sur l&#8217;Opel Manta constituent un chapitre particulier de l&#8217;humour allemand : une combinaison de <strong>satire de classe<\/strong>, de <strong>parodie de voiture<\/strong> et de <strong>com\u00e9die de genre<\/strong>. Gr\u00e2ce \u00e0 des blagues simples mais efficaces, la &#8220;Manta&#8221; est pass\u00e9e du statut de mod\u00e8le de voiture \u00e0 celui de symbole culturel, d\u00e9montrant comment un v\u00e9hicule peut devenir la cible d&#8217;un imaginaire comique national. Ces blagues et r\u00e9f\u00e9rences font encore partie du folklore humoristique allemand et illustrent la capacit\u00e9 de la soci\u00e9t\u00e9 allemande \u00e0 rire d&#8217;elle-m\u00eame et de ses <strong>st\u00e9r\u00e9otypes populaires<\/strong>.  <\/p>\n\t\t\t\t\t\t\t\t<\/div>\n\t\t\t\t<\/div>\n\t\t\t\t<div class=\"elementor-element elementor-element-4f629b6 elementor-widget-divider--view-line elementor-widget elementor-widget-divider\" data-id=\"4f629b6\" data-element_type=\"widget\" data-e-type=\"widget\" data-widget_type=\"divider.default\">\n\t\t\t\t<div class=\"elementor-widget-container\">\n\t\t\t\t\t\t\t<div class=\"elementor-divider\">\n\t\t\t<span class=\"elementor-divider-separator\">\n\t\t\t\t\t\t<\/span>\n\t\t<\/div>\n\t\t\t\t\t\t<\/div>\n\t\t\t\t<\/div>\n\t\t\t\t\t<\/div>\n\t\t<\/div>\n\t\t\t\t\t<\/div>\n\t\t<\/section>\n\t\t\t\t<section data-particle_enable=\"false\" data-particle-mobile-disabled=\"false\" class=\"elementor-section elementor-top-section elementor-element elementor-element-93be4d9 elementor-section-boxed elementor-section-height-default elementor-section-height-default\" data-id=\"93be4d9\" data-element_type=\"section\" data-e-type=\"section\">\n\t\t\t\t\t\t<div class=\"elementor-container elementor-column-gap-default\">\n\t\t\t\t\t<div class=\"elementor-column elementor-col-100 elementor-top-column elementor-element elementor-element-0405b25\" data-id=\"0405b25\" data-element_type=\"column\" data-e-type=\"column\">\n\t\t\t<div class=\"elementor-widget-wrap elementor-element-populated\">\n\t\t\t\t\t\t<div class=\"elementor-element elementor-element-98e3621 elementor-widget elementor-widget-heading\" data-id=\"98e3621\" data-element_type=\"widget\" data-e-type=\"widget\" data-widget_type=\"heading.default\">\n\t\t\t\t<div class=\"elementor-widget-container\">\n\t\t\t\t\t<h2 class=\"elementor-heading-title elementor-size-default\">Pourquoi les conducteurs d'Opel Manta \u00e9taient-ils appel\u00e9s \"mannis\" ?  <\/h2>\t\t\t\t<\/div>\n\t\t\t\t<\/div>\n\t\t\t\t\t<\/div>\n\t\t<\/div>\n\t\t\t\t\t<\/div>\n\t\t<\/section>\n\t\t\t\t<section data-particle_enable=\"false\" data-particle-mobile-disabled=\"false\" class=\"elementor-section elementor-top-section elementor-element elementor-element-f2485b6 elementor-section-boxed elementor-section-height-default elementor-section-height-default\" data-id=\"f2485b6\" data-element_type=\"section\" data-e-type=\"section\">\n\t\t\t\t\t\t<div class=\"elementor-container elementor-column-gap-default\">\n\t\t\t\t\t<div class=\"elementor-column elementor-col-50 elementor-top-column elementor-element elementor-element-433d5b2\" data-id=\"433d5b2\" data-element_type=\"column\" data-e-type=\"column\">\n\t\t\t<div class=\"elementor-widget-wrap elementor-element-populated\">\n\t\t\t\t\t\t<div class=\"elementor-element elementor-element-ed8baa4 elementor-widget elementor-widget-text-editor\" data-id=\"ed8baa4\" data-element_type=\"widget\" data-e-type=\"widget\" data-widget_type=\"text-editor.default\">\n\t\t\t\t<div class=\"elementor-widget-container\">\n\t\t\t\t\t\t\t\t\t<p>Le nom <strong>Manfred<\/strong> a une particularit\u00e9 dans la culture allemande car il est traditionnellement associ\u00e9 \u00e0 certaines caract\u00e9ristiques ou clich\u00e9s sociaux. Dans les ann\u00e9es 1970 et 1980, &#8220;Manfred&#8221; (commun\u00e9ment abr\u00e9g\u00e9 en <strong>Manni<\/strong>) est devenu un nom typique pour caricaturer les jeunes hommes de la classe ouvri\u00e8re, en particulier du bassin industriel allemand (comme la r\u00e9gion de la Ruhr), sans grande \u00e9ducation formelle, mais avec un style flamboyant et exag\u00e9r\u00e9. <\/p>\n\t\t\t\t\t\t\t\t<\/div>\n\t\t\t\t<\/div>\n\t\t\t\t\t<\/div>\n\t\t<\/div>\n\t\t\t\t<div class=\"elementor-column elementor-col-50 elementor-top-column elementor-element elementor-element-3b82f53\" data-id=\"3b82f53\" data-element_type=\"column\" data-e-type=\"column\">\n\t\t\t<div class=\"elementor-widget-wrap elementor-element-populated\">\n\t\t\t\t\t\t<div class=\"elementor-element elementor-element-616087a elementor-widget elementor-widget-image\" data-id=\"616087a\" data-element_type=\"widget\" data-e-type=\"widget\" data-widget_type=\"image.default\">\n\t\t\t\t<div class=\"elementor-widget-container\">\n\t\t\t\t\t\t\t\t\t\t\t\t\t\t\t\t<a href=\"https:\/\/www.jgclassics.com\/wp-content\/uploads\/2025\/03\/manta-manta_03.jpg\" data-elementor-open-lightbox=\"yes\" data-elementor-lightbox-title=\"couverture-couverture_03\" data-e-action-hash=\"#elementor-action%3Aaction%3Dlightbox%26settings%3DeyJpZCI6MjE4MzAsInVybCI6Imh0dHBzOlwvXC93d3cuamdjbGFzc2ljcy5jb21cL3dwLWNvbnRlbnRcL3VwbG9hZHNcLzIwMjVcLzAzXC9tYW50YS1tYW50YV8wMy5qcGcifQ%3D%3D\">\n\t\t\t\t\t\t\t<img loading=\"lazy\" decoding=\"async\" width=\"1024\" height=\"576\" src=\"https:\/\/www.jgclassics.com\/wp-content\/uploads\/2025\/03\/manta-manta_03-1024x576.jpg\" class=\"attachment-large size-large wp-image-21830\" alt=\"couverture couverture\" srcset=\"https:\/\/www.jgclassics.com\/wp-content\/uploads\/2025\/03\/manta-manta_03-1024x576.jpg 1024w, https:\/\/www.jgclassics.com\/wp-content\/uploads\/2025\/03\/manta-manta_03-300x169.jpg 300w, https:\/\/www.jgclassics.com\/wp-content\/uploads\/2025\/03\/manta-manta_03-768x432.jpg 768w, https:\/\/www.jgclassics.com\/wp-content\/uploads\/2025\/03\/manta-manta_03.jpg 1280w\" sizes=\"(max-width: 1024px) 100vw, 1024px\" \/>\t\t\t\t\t\t\t\t<\/a>\n\t\t\t\t\t\t\t\t\t\t\t\t\t\t\t<\/div>\n\t\t\t\t<\/div>\n\t\t\t\t\t<\/div>\n\t\t<\/div>\n\t\t\t\t\t<\/div>\n\t\t<\/section>\n\t\t\t\t<section data-particle_enable=\"false\" data-particle-mobile-disabled=\"false\" class=\"elementor-section elementor-top-section elementor-element elementor-element-f48d503 elementor-section-boxed elementor-section-height-default elementor-section-height-default\" data-id=\"f48d503\" data-element_type=\"section\" data-e-type=\"section\">\n\t\t\t\t\t\t<div class=\"elementor-container elementor-column-gap-default\">\n\t\t\t\t\t<div class=\"elementor-column elementor-col-100 elementor-top-column elementor-element elementor-element-ed2b8e8\" data-id=\"ed2b8e8\" data-element_type=\"column\" data-e-type=\"column\">\n\t\t\t<div class=\"elementor-widget-wrap elementor-element-populated\">\n\t\t\t\t\t\t<div class=\"elementor-element elementor-element-b459bd2 elementor-widget elementor-widget-text-editor\" data-id=\"b459bd2\" data-element_type=\"widget\" data-e-type=\"widget\" data-widget_type=\"text-editor.default\">\n\t\t\t\t<div class=\"elementor-widget-container\">\n\t\t\t\t\t\t\t\t\t<p>Dans l&#8217;apr\u00e8s-guerre, dans les ann\u00e9es 1950 et 1960, le pr\u00e9nom Manfred \u00e9tait tr\u00e8s populaire en Allemagne. Cela signifie qu&#8217;\u00e0 l&#8217;\u00e9poque des c\u00e9l\u00e8bres &#8220;blagues Opel Manta&#8221; (ann\u00e9es 1970 et 1980), de nombreux jeunes adultes s&#8217;appelaient Manfred, un nom si courant qu&#8217;il pouvait facilement repr\u00e9senter l&#8217;Allemand moyen de la classe ouvri\u00e8re. Ainsi, &#8220;Manfred\/Manni&#8221; ne repr\u00e9sente pas seulement un personnage, mais toute une g\u00e9n\u00e9ration qui a grandi en Allemagne de l&#8217;Ouest dans les ann\u00e9es 1970 et 1980.  <\/p>\n\t\t\t\t\t\t\t\t<\/div>\n\t\t\t\t<\/div>\n\t\t\t\t\t<\/div>\n\t\t<\/div>\n\t\t\t\t\t<\/div>\n\t\t<\/section>\n\t\t\t\t<section data-particle_enable=\"false\" data-particle-mobile-disabled=\"false\" class=\"elementor-section elementor-top-section elementor-element elementor-element-8d526a9 elementor-section-boxed elementor-section-height-default elementor-section-height-default\" data-id=\"8d526a9\" data-element_type=\"section\" data-e-type=\"section\">\n\t\t\t\t\t\t<div class=\"elementor-container elementor-column-gap-default\">\n\t\t\t\t\t<div class=\"elementor-column elementor-col-100 elementor-top-column elementor-element elementor-element-d0cc94c\" data-id=\"d0cc94c\" data-element_type=\"column\" data-e-type=\"column\">\n\t\t\t<div class=\"elementor-widget-wrap elementor-element-populated\">\n\t\t\t\t\t\t<div class=\"elementor-element elementor-element-4921a22 elementor-widget elementor-widget-text-editor\" data-id=\"4921a22\" data-element_type=\"widget\" data-e-type=\"widget\" data-widget_type=\"text-editor.default\">\n\t\t\t\t<div class=\"elementor-widget-container\">\n\t\t\t\t\t\t\t\t\t<p>&#8220;Manni&#8221; est devenu une sorte de synonyme humoristique du jeune homme st\u00e9r\u00e9otyp\u00e9 qui pr\u00e9f\u00e8re les voitures de sport (en particulier l&#8217;Opel Manta), le tuning excessif, les v\u00eatements voyants, les bijoux en or, les grosses cha\u00eenes, les lunettes de soleil, les petites amies coiffeuses blondes et les expressions idiomatiques famili\u00e8res. Ce personnage plein d&#8217;humour est g\u00e9n\u00e9ralement d\u00e9peint comme superficiel, mais pas dans le &#8220;mauvais&#8221; sens du terme, plut\u00f4t avec une touche de na\u00efvet\u00e9 et de candeur, mais amateur de &#8220;postureo&#8221; et obs\u00e9d\u00e9 par l&#8217;id\u00e9e d&#8217;impressionner les autres. <\/p>\n\t\t\t\t\t\t\t\t<\/div>\n\t\t\t\t<\/div>\n\t\t\t\t\t<\/div>\n\t\t<\/div>\n\t\t\t\t\t<\/div>\n\t\t<\/section>\n\t\t\t\t<section data-particle_enable=\"false\" data-particle-mobile-disabled=\"false\" class=\"elementor-section elementor-top-section elementor-element elementor-element-c9d2b92 elementor-section-boxed elementor-section-height-default elementor-section-height-default\" data-id=\"c9d2b92\" data-element_type=\"section\" data-e-type=\"section\">\n\t\t\t\t\t\t<div class=\"elementor-container elementor-column-gap-default\">\n\t\t\t\t\t<div class=\"elementor-column elementor-col-100 elementor-top-column elementor-element elementor-element-ebc18e6\" data-id=\"ebc18e6\" data-element_type=\"column\" data-e-type=\"column\">\n\t\t\t<div class=\"elementor-widget-wrap elementor-element-populated\">\n\t\t\t\t\t\t<div class=\"elementor-element elementor-element-2f43e61 elementor-widget elementor-widget-text-editor\" data-id=\"2f43e61\" data-element_type=\"widget\" data-e-type=\"widget\" data-widget_type=\"text-editor.default\">\n\t\t\t\t<div class=\"elementor-widget-container\">\n\t\t\t\t\t\t\t\t\t<p>Ainsi, dans les films <strong>&#8220;Manta, Manta&#8221; (1991)<\/strong> et <strong>&#8220;Manta &#8211; Der Film&#8221; (1991)<\/strong>, les protagonistes s&#8217;appellent &#8220;Manni&#8221; et d\u00e9peignent le clich\u00e9 avec humour et affection : un jeune homme simple, superficiel, mais au grand c\u0153ur, dont la plus grande fiert\u00e9 est son Opel Manta modifi\u00e9e et personnalis\u00e9e.<\/p>\n\t\t\t\t\t\t\t\t<\/div>\n\t\t\t\t<\/div>\n\t\t\t\t\t<\/div>\n\t\t<\/div>\n\t\t\t\t\t<\/div>\n\t\t<\/section>\n\t\t\t\t<section data-particle_enable=\"false\" data-particle-mobile-disabled=\"false\" class=\"elementor-section elementor-top-section elementor-element elementor-element-26e1069 elementor-section-boxed elementor-section-height-default elementor-section-height-default\" data-id=\"26e1069\" data-element_type=\"section\" data-e-type=\"section\">\n\t\t\t\t\t\t<div class=\"elementor-container elementor-column-gap-default\">\n\t\t\t\t\t<div class=\"elementor-column elementor-col-100 elementor-top-column elementor-element elementor-element-16273ee\" data-id=\"16273ee\" data-element_type=\"column\" data-e-type=\"column\">\n\t\t\t<div class=\"elementor-widget-wrap elementor-element-populated\">\n\t\t\t\t\t\t<div class=\"elementor-element elementor-element-42d2dee elementor-widget elementor-widget-text-editor\" data-id=\"42d2dee\" data-element_type=\"widget\" data-e-type=\"widget\" data-widget_type=\"text-editor.default\">\n\t\t\t\t<div class=\"elementor-widget-container\">\n\t\t\t\t\t\t\t\t\t<p>De nombreux humoristes de la t\u00e9l\u00e9vision ont \u00e9galement utilis\u00e9 le nom &#8220;Manni&#8221; pour leurs personnages comiques en raison de sa bri\u00e8vet\u00e9, de sa consonance informelle et de sa facilit\u00e9 de prononciation. En fait, dans <strong>&#8220;Lola rennt&#8221; (1998)<\/strong>, un c\u00e9l\u00e8bre film allemand avec Moritz Bleibtreu, le personnage principal s&#8217;appelle pr\u00e9cis\u00e9ment <strong>Manni<\/strong>, un jeune gar\u00e7on impulsif et travailleur qui se retrouve impliqu\u00e9 dans un probl\u00e8me criminel qu&#8217;il doit r\u00e9soudre rapidement. Bien qu&#8217;\u00e9loign\u00e9 du st\u00e9r\u00e9otype humoristique d&#8217;origine, le nom &#8220;Manni&#8221; \u00e9voquait encore ici le jeune Allemand moyen.  <\/p>\n\t\t\t\t\t\t\t\t<\/div>\n\t\t\t\t<\/div>\n\t\t\t\t\t<\/div>\n\t\t<\/div>\n\t\t\t\t\t<\/div>\n\t\t<\/section>\n\t\t\t\t<section data-particle_enable=\"false\" data-particle-mobile-disabled=\"false\" class=\"elementor-section elementor-top-section elementor-element elementor-element-73e622e elementor-section-boxed elementor-section-height-default elementor-section-height-default\" data-id=\"73e622e\" data-element_type=\"section\" data-e-type=\"section\">\n\t\t\t\t\t\t<div class=\"elementor-container elementor-column-gap-default\">\n\t\t\t\t\t<div class=\"elementor-column elementor-col-100 elementor-top-column elementor-element elementor-element-2ded2c6\" data-id=\"2ded2c6\" data-element_type=\"column\" data-e-type=\"column\">\n\t\t\t<div class=\"elementor-widget-wrap elementor-element-populated\">\n\t\t\t\t\t\t<div class=\"elementor-element elementor-element-548d1a1 elementor-widget elementor-widget-heading\" data-id=\"548d1a1\" data-element_type=\"widget\" data-e-type=\"widget\" data-widget_type=\"heading.default\">\n\t\t\t\t<div class=\"elementor-widget-container\">\n\t\t\t\t\t<h2 class=\"elementor-heading-title elementor-size-default\">Et en Espagne ? L'origine <\/h2>\t\t\t\t<\/div>\n\t\t\t\t<\/div>\n\t\t\t\t\t<\/div>\n\t\t<\/div>\n\t\t\t\t\t<\/div>\n\t\t<\/section>\n\t\t\t\t<section data-particle_enable=\"false\" data-particle-mobile-disabled=\"false\" class=\"elementor-section elementor-top-section elementor-element elementor-element-88e7c99 elementor-section-boxed elementor-section-height-default elementor-section-height-default\" data-id=\"88e7c99\" data-element_type=\"section\" data-e-type=\"section\">\n\t\t\t\t\t\t<div class=\"elementor-container elementor-column-gap-default\">\n\t\t\t\t\t<div class=\"elementor-column elementor-col-100 elementor-top-column elementor-element elementor-element-bd33c3b\" data-id=\"bd33c3b\" data-element_type=\"column\" data-e-type=\"column\">\n\t\t\t<div class=\"elementor-widget-wrap elementor-element-populated\">\n\t\t\t\t\t\t<div class=\"elementor-element elementor-element-e37c45a elementor-widget elementor-widget-text-editor\" data-id=\"e37c45a\" data-element_type=\"widget\" data-e-type=\"widget\" data-widget_type=\"text-editor.default\">\n\t\t\t\t<div class=\"elementor-widget-container\">\n\t\t\t\t\t\t\t\t\t<p>En Espagne, les origines commerciales de l&#8217;Opel Manta B n&#8217;ont pas \u00e9t\u00e9 mauvaises. Bien que son esth\u00e9tique ait \u00e9t\u00e9 soulign\u00e9e comme l&#8217;un des &#8220;inconv\u00e9nients&#8221;<a href=\"https:\/\/www.pieldetoro.net\/web\/pruebas\/ver.php?ID=735\" target=\"_blank\" rel=\"noopener\">(AUTOMOVIL N\u00ba 59,<\/a> d\u00e9cembre 1982 et <a href=\"https:\/\/www.pieldetoro.net\/web\/pruebas\/ver.php?ID=735.50\" target=\"_blank\" rel=\"noopener\">AUTOPISTA N\u00ba 1244<\/a>, 21 mai 1983), la voiture a d\u00e9marr\u00e9 comme un produit dot\u00e9 d&#8217;une bonne image. La perception des Allemands et des Espagnols \u00e9tait donc certainement diff\u00e9rente.  <\/p>\n\t\t\t\t\t\t\t\t<\/div>\n\t\t\t\t<\/div>\n\t\t\t\t\t<\/div>\n\t\t<\/div>\n\t\t\t\t\t<\/div>\n\t\t<\/section>\n\t\t\t\t<section data-particle_enable=\"false\" data-particle-mobile-disabled=\"false\" class=\"elementor-section elementor-top-section elementor-element elementor-element-d299141 elementor-section-boxed elementor-section-height-default elementor-section-height-default\" data-id=\"d299141\" data-element_type=\"section\" data-e-type=\"section\">\n\t\t\t\t\t\t<div class=\"elementor-container elementor-column-gap-default\">\n\t\t\t\t\t<div class=\"elementor-column elementor-col-100 elementor-top-column elementor-element elementor-element-ceb6784\" data-id=\"ceb6784\" data-element_type=\"column\" data-e-type=\"column\">\n\t\t\t<div class=\"elementor-widget-wrap elementor-element-populated\">\n\t\t\t\t\t\t<div class=\"elementor-element elementor-element-8813312 elementor-widget elementor-widget-text-editor\" data-id=\"8813312\" data-element_type=\"widget\" data-e-type=\"widget\" data-widget_type=\"text-editor.default\">\n\t\t\t\t<div class=\"elementor-widget-container\">\n\t\t\t\t\t\t\t\t\t<p>L&#8217;Espagne et l&#8217;Allemagne ont connu &#8211; dans les ann\u00e9es 70 et 80 du si\u00e8cle dernier &#8211; des situations diff\u00e9rentes. Cela tient en grande partie aux contextes culturels, \u00e9conomiques et sociaux dans lesquels la voiture \u00e9tait vendue dans chaque pays. <span style=\"text-decoration: underline;\"><strong>dans sa phase de premi\u00e8re main sur les voitures neuves<\/strong><\/span>. J&#8217;explique cela en d\u00e9tail en mentionnant les similitudes et les diff\u00e9rences entre l&#8217;Allemagne et l&#8217;Espagne :  <\/p>\n\t\t\t\t\t\t\t\t<\/div>\n\t\t\t\t<\/div>\n\t\t\t\t\t<\/div>\n\t\t<\/div>\n\t\t\t\t\t<\/div>\n\t\t<\/section>\n\t\t\t\t<section data-particle_enable=\"false\" data-particle-mobile-disabled=\"false\" class=\"elementor-section elementor-top-section elementor-element elementor-element-3b4b64f elementor-section-boxed elementor-section-height-default elementor-section-height-default\" data-id=\"3b4b64f\" data-element_type=\"section\" data-e-type=\"section\">\n\t\t\t\t\t\t<div class=\"elementor-container elementor-column-gap-default\">\n\t\t\t\t\t<div class=\"elementor-column elementor-col-100 elementor-top-column elementor-element elementor-element-ae188cb\" data-id=\"ae188cb\" data-element_type=\"column\" data-e-type=\"column\">\n\t\t\t<div class=\"elementor-widget-wrap elementor-element-populated\">\n\t\t\t\t\t\t<div class=\"elementor-element elementor-element-f17064c elementor-widget elementor-widget-text-editor\" data-id=\"f17064c\" data-element_type=\"widget\" data-e-type=\"widget\" data-widget_type=\"text-editor.default\">\n\t\t\t\t<div class=\"elementor-widget-container\">\n\t\t\t\t\t\t\t\t\t<p><span style=\"text-decoration: underline;\"><strong>Allemagne :<\/strong><\/span><\/p>\n\t\t\t\t\t\t\t\t<\/div>\n\t\t\t\t<\/div>\n\t\t\t\t\t<\/div>\n\t\t<\/div>\n\t\t\t\t\t<\/div>\n\t\t<\/section>\n\t\t\t\t<section data-particle_enable=\"false\" data-particle-mobile-disabled=\"false\" class=\"elementor-section elementor-top-section elementor-element elementor-element-8e7ee36 elementor-section-boxed elementor-section-height-default elementor-section-height-default\" data-id=\"8e7ee36\" data-element_type=\"section\" data-e-type=\"section\">\n\t\t\t\t\t\t<div class=\"elementor-container elementor-column-gap-default\">\n\t\t\t\t\t<div class=\"elementor-column elementor-col-100 elementor-top-column elementor-element elementor-element-a4695dc\" data-id=\"a4695dc\" data-element_type=\"column\" data-e-type=\"column\">\n\t\t\t<div class=\"elementor-widget-wrap elementor-element-populated\">\n\t\t\t\t\t\t<div class=\"elementor-element elementor-element-63a4a49 elementor-widget elementor-widget-text-editor\" data-id=\"63a4a49\" data-element_type=\"widget\" data-e-type=\"widget\" data-widget_type=\"text-editor.default\">\n\t\t\t\t<div class=\"elementor-widget-container\">\n\t\t\t\t\t\t\t\t\t<p>En Allemagne, l&#8217;Opel Manta (principalement le mod\u00e8le <strong>Manta B<\/strong>, produit entre 1975 et 1988) a acquis sa notori\u00e9t\u00e9 particuli\u00e8re en raison de plusieurs facteurs culturels et socio-\u00e9conomiques sp\u00e9cifiques :<\/p>\n\t\t\t\t\t\t\t\t<\/div>\n\t\t\t\t<\/div>\n\t\t\t\t\t<\/div>\n\t\t<\/div>\n\t\t\t\t\t<\/div>\n\t\t<\/section>\n\t\t\t\t<section data-particle_enable=\"false\" data-particle-mobile-disabled=\"false\" class=\"elementor-section elementor-top-section elementor-element elementor-element-564c50d elementor-section-boxed elementor-section-height-default elementor-section-height-default\" data-id=\"564c50d\" data-element_type=\"section\" data-e-type=\"section\">\n\t\t\t\t\t\t<div class=\"elementor-container elementor-column-gap-default\">\n\t\t\t\t\t<div class=\"elementor-column elementor-col-100 elementor-top-column elementor-element elementor-element-9b263d8\" data-id=\"9b263d8\" data-element_type=\"column\" data-e-type=\"column\">\n\t\t\t<div class=\"elementor-widget-wrap elementor-element-populated\">\n\t\t\t\t\t\t<div class=\"elementor-element elementor-element-e9f5624 elementor-widget elementor-widget-text-editor\" data-id=\"e9f5624\" data-element_type=\"widget\" data-e-type=\"widget\" data-widget_type=\"text-editor.default\">\n\t\t\t\t<div class=\"elementor-widget-container\">\n\t\t\t\t\t\t\t\t\t<ol>\n<li><strong>  Profil socio-\u00e9conomique des propri\u00e9taires :<\/strong><\/li>\n<\/ol>\n<ul>\n<li>L&#8217;Opel Manta \u00e9tait relativement abordable pour la classe ouvri\u00e8re allemande, en particulier pour les jeunes et la classe ouvri\u00e8re urbaine des zones industrielles, qui \u00e9taient \u00e9troitement li\u00e9es aux secteurs industriels et ouvriers.<\/li>\n<li>Son prix abordable a permis \u00e0 des jeunes sans grand pouvoir d&#8217;achat d&#8217;acqu\u00e9rir une voiture \u00e0 l&#8217;allure sportive et susceptible d&#8217;\u00eatre modifi\u00e9e ou customis\u00e9e.<\/li>\n<\/ul>\n\t\t\t\t\t\t\t\t<\/div>\n\t\t\t\t<\/div>\n\t\t\t\t\t<\/div>\n\t\t<\/div>\n\t\t\t\t\t<\/div>\n\t\t<\/section>\n\t\t\t\t<section data-particle_enable=\"false\" data-particle-mobile-disabled=\"false\" class=\"elementor-section elementor-top-section elementor-element elementor-element-319c28d elementor-section-boxed elementor-section-height-default elementor-section-height-default\" data-id=\"319c28d\" data-element_type=\"section\" data-e-type=\"section\">\n\t\t\t\t\t\t<div class=\"elementor-container elementor-column-gap-default\">\n\t\t\t\t\t<div class=\"elementor-column elementor-col-100 elementor-top-column elementor-element elementor-element-0078fd0\" data-id=\"0078fd0\" data-element_type=\"column\" data-e-type=\"column\">\n\t\t\t<div class=\"elementor-widget-wrap elementor-element-populated\">\n\t\t\t\t\t\t<div class=\"elementor-element elementor-element-f1f5a98 elementor-widget elementor-widget-text-editor\" data-id=\"f1f5a98\" data-element_type=\"widget\" data-e-type=\"widget\" data-widget_type=\"text-editor.default\">\n\t\t\t\t<div class=\"elementor-widget-container\">\n\t\t\t\t\t\t\t\t\t<ol start=\"2\">\n<li><strong>  Culture de l&#8217;accord et esth\u00e9tique exag\u00e9r\u00e9e :<\/strong><\/li>\n<\/ol>\n<ul>\n<li>De nombreux propri\u00e9taires ont modifi\u00e9 leur voiture en y ajoutant des \u00e9l\u00e9ments qui attirent l&#8217;attention, tels que des spoilers, des jantes sportives, des phares antibrouillard, des autocollants qui attirent l&#8217;attention, des cha\u00eenes en or suspendues au r\u00e9troviseur ou la fameuse <strong>queue de renard sur l&#8217;antenne.<\/strong><\/li>\n<\/ul>\n<p>Cette culture a \u00e9t\u00e9 per\u00e7ue par une partie de la soci\u00e9t\u00e9 allemande comme \u00e9tant de mauvais go\u00fbt ou excessivement ostentatoire, consolidant ainsi un st\u00e9r\u00e9otype visuel tr\u00e8s d\u00e9fini.<\/p>\n\t\t\t\t\t\t\t\t<\/div>\n\t\t\t\t<\/div>\n\t\t\t\t\t<\/div>\n\t\t<\/div>\n\t\t\t\t\t<\/div>\n\t\t<\/section>\n\t\t\t\t<section data-particle_enable=\"false\" data-particle-mobile-disabled=\"false\" class=\"elementor-section elementor-top-section elementor-element elementor-element-326c8f5 elementor-section-boxed elementor-section-height-default elementor-section-height-default\" data-id=\"326c8f5\" data-element_type=\"section\" data-e-type=\"section\">\n\t\t\t\t\t\t<div class=\"elementor-container elementor-column-gap-default\">\n\t\t\t\t\t<div class=\"elementor-column elementor-col-100 elementor-top-column elementor-element elementor-element-1f55e68\" data-id=\"1f55e68\" data-element_type=\"column\" data-e-type=\"column\">\n\t\t\t<div class=\"elementor-widget-wrap elementor-element-populated\">\n\t\t\t\t\t\t<div class=\"elementor-element elementor-element-4c21fcc elementor-widget elementor-widget-text-editor\" data-id=\"4c21fcc\" data-element_type=\"widget\" data-e-type=\"widget\" data-widget_type=\"text-editor.default\">\n\t\t\t\t<div class=\"elementor-widget-container\">\n\t\t\t\t\t\t\t\t\t<ol start=\"3\">\n<li><strong>  R\u00e9action culturelle contre l&#8217;ostentation :<\/strong><\/li>\n<\/ol>\n<ul>\n<li>En Allemagne, o\u00f9 les voitures sobres telles que Mercedes, BMW, Volkswagen et Audi \u00e9taient pr\u00e9dominantes, l&#8217;esth\u00e9tique exag\u00e9r\u00e9e de la Manta \u00e9tait particuli\u00e8rement frappante.<\/li>\n<li>Ce contraste a conduit \u00e0 caricaturer leurs propri\u00e9taires comme des personnes peu sophistiqu\u00e9es ou des &#8220;k\u00e9k\u00e9s&#8221;, cr\u00e9ant ainsi un st\u00e9r\u00e9otype comique autour de leur silhouette.<\/li>\n<\/ul>\n\t\t\t\t\t\t\t\t<\/div>\n\t\t\t\t<\/div>\n\t\t\t\t\t<\/div>\n\t\t<\/div>\n\t\t\t\t\t<\/div>\n\t\t<\/section>\n\t\t\t\t<section data-particle_enable=\"false\" data-particle-mobile-disabled=\"false\" class=\"elementor-section elementor-top-section elementor-element elementor-element-cd6dafd elementor-section-boxed elementor-section-height-default elementor-section-height-default\" data-id=\"cd6dafd\" data-element_type=\"section\" data-e-type=\"section\">\n\t\t\t\t\t\t<div class=\"elementor-container elementor-column-gap-default\">\n\t\t\t\t\t<div class=\"elementor-column elementor-col-100 elementor-top-column elementor-element elementor-element-388a433\" data-id=\"388a433\" data-element_type=\"column\" data-e-type=\"column\">\n\t\t\t<div class=\"elementor-widget-wrap elementor-element-populated\">\n\t\t\t\t\t\t<div class=\"elementor-element elementor-element-3353804 elementor-widget elementor-widget-text-editor\" data-id=\"3353804\" data-element_type=\"widget\" data-e-type=\"widget\" data-widget_type=\"text-editor.default\">\n\t\t\t\t<div class=\"elementor-widget-container\">\n\t\t\t\t\t\t\t\t\t<p><span style=\"text-decoration: underline;\"><strong>Espagne : voiture co\u00fbteuse \u00e0 l&#8217;esth\u00e9tique sportive.<\/strong><\/span><\/p>\n\t\t\t\t\t\t\t\t<\/div>\n\t\t\t\t<\/div>\n\t\t\t\t\t<\/div>\n\t\t<\/div>\n\t\t\t\t\t<\/div>\n\t\t<\/section>\n\t\t\t\t<section data-particle_enable=\"false\" data-particle-mobile-disabled=\"false\" class=\"elementor-section elementor-top-section elementor-element elementor-element-d495285 elementor-section-boxed elementor-section-height-default elementor-section-height-default\" data-id=\"d495285\" data-element_type=\"section\" data-e-type=\"section\">\n\t\t\t\t\t\t<div class=\"elementor-container elementor-column-gap-default\">\n\t\t\t\t\t<div class=\"elementor-column elementor-col-100 elementor-top-column elementor-element elementor-element-01d5fee\" data-id=\"01d5fee\" data-element_type=\"column\" data-e-type=\"column\">\n\t\t\t<div class=\"elementor-widget-wrap elementor-element-populated\">\n\t\t\t\t\t\t<div class=\"elementor-element elementor-element-81f39ea elementor-widget elementor-widget-text-editor\" data-id=\"81f39ea\" data-element_type=\"widget\" data-e-type=\"widget\" data-widget_type=\"text-editor.default\">\n\t\t\t\t<div class=\"elementor-widget-container\">\n\t\t\t\t\t\t\t\t\t<p>En Espagne, en revanche, la perception \u00e9tait compl\u00e8tement diff\u00e9rente pour plusieurs raisons essentielles :<\/p>\n\t\t\t\t\t\t\t\t<\/div>\n\t\t\t\t<\/div>\n\t\t\t\t\t<\/div>\n\t\t<\/div>\n\t\t\t\t\t<\/div>\n\t\t<\/section>\n\t\t\t\t<section data-particle_enable=\"false\" data-particle-mobile-disabled=\"false\" class=\"elementor-section elementor-top-section elementor-element elementor-element-ea0d060 elementor-section-boxed elementor-section-height-default elementor-section-height-default\" data-id=\"ea0d060\" data-element_type=\"section\" data-e-type=\"section\">\n\t\t\t\t\t\t<div class=\"elementor-container elementor-column-gap-default\">\n\t\t\t\t\t<div class=\"elementor-column elementor-col-100 elementor-top-column elementor-element elementor-element-ace28c3\" data-id=\"ace28c3\" data-element_type=\"column\" data-e-type=\"column\">\n\t\t\t<div class=\"elementor-widget-wrap elementor-element-populated\">\n\t\t\t\t\t\t<div class=\"elementor-element elementor-element-297244d elementor-widget elementor-widget-text-editor\" data-id=\"297244d\" data-element_type=\"widget\" data-e-type=\"widget\" data-widget_type=\"text-editor.default\">\n\t\t\t\t<div class=\"elementor-widget-container\">\n\t\t\t\t\t\t\t\t\t<ol>\n<li><strong>  Importations limit\u00e9es et positionnement sur le march\u00e9 :<\/strong><\/li>\n<\/ol>\n<ul>\n<li>Dans les ann\u00e9es 1970 et au d\u00e9but des ann\u00e9es 1980, l&#8217;Espagne vivait encore dans une \u00e9conomie relativement ferm\u00e9e, avec de fortes restrictions sur l&#8217;importation de voitures \u00e9trang\u00e8res.<\/li>\n<li>Opel \u00e9tait consid\u00e9r\u00e9e en Espagne comme une marque allemande import\u00e9e et prestigieuse, notamment par rapport aux marques nationales telles que SEAT.<\/li>\n<li>La disponibilit\u00e9 limit\u00e9e signifiait que les Opel, en particulier les mod\u00e8les sportifs tels que la Manta, \u00e9taient consid\u00e9rablement plus chers et plus exclusifs qu&#8217;en Allemagne.<\/li>\n<\/ul>\n\t\t\t\t\t\t\t\t<\/div>\n\t\t\t\t<\/div>\n\t\t\t\t\t<\/div>\n\t\t<\/div>\n\t\t\t\t\t<\/div>\n\t\t<\/section>\n\t\t\t\t<section data-particle_enable=\"false\" data-particle-mobile-disabled=\"false\" class=\"elementor-section elementor-top-section elementor-element elementor-element-d613e61 elementor-section-boxed elementor-section-height-default elementor-section-height-default\" data-id=\"d613e61\" data-element_type=\"section\" data-e-type=\"section\">\n\t\t\t\t\t\t<div class=\"elementor-container elementor-column-gap-default\">\n\t\t\t\t\t<div class=\"elementor-column elementor-col-50 elementor-top-column elementor-element elementor-element-8276b54\" data-id=\"8276b54\" data-element_type=\"column\" data-e-type=\"column\">\n\t\t\t<div class=\"elementor-widget-wrap elementor-element-populated\">\n\t\t\t\t\t\t<div class=\"elementor-element elementor-element-309030c elementor-widget elementor-widget-text-editor\" data-id=\"309030c\" data-element_type=\"widget\" data-e-type=\"widget\" data-widget_type=\"text-editor.default\">\n\t\t\t\t<div class=\"elementor-widget-container\">\n\t\t\t\t\t\t\t\t\t<ol start=\"2\">\n<li><strong>  Une plus grande exclusivit\u00e9 relative :<\/strong><\/li>\n<\/ol>\n<ul>\n<li>En Allemagne, Opel \u00e9tait per\u00e7ue comme une marque abordable et populaire, mais en Espagne, elle \u00e9tait consid\u00e9r\u00e9e comme <strong>plus sophistiqu\u00e9e et exclusive<\/strong>, je dirais \u00e0 \u00e9galit\u00e9 avec des voitures import\u00e9es comme la Ford Capri ou les mod\u00e8les sportifs de Fiat et d&#8217;Alfa Romeo. Peu apr\u00e8s, la Kadett GSI et sa large acceptation (c&#8217;\u00e9tait &#8211; et c&#8217;est toujours &#8211; une excellente voiture) ont certainement renforc\u00e9 cette image. <\/li>\n<li>L&#8217;Opel Manta a donc \u00e9t\u00e9 vendue avec un positionnement plus \u00e9lev\u00e9 sur le march\u00e9, en tant que v\u00e9hicule sportif et jeune, mais destin\u00e9 \u00e0 une client\u00e8le au pouvoir d&#8217;achat plus \u00e9lev\u00e9 ou \u00e0 la recherche d&#8217;un certain prestige social.<\/li>\n<\/ul>\n\t\t\t\t\t\t\t\t<\/div>\n\t\t\t\t<\/div>\n\t\t\t\t\t<\/div>\n\t\t<\/div>\n\t\t\t\t<div class=\"elementor-column elementor-col-50 elementor-top-column elementor-element elementor-element-a8e43ac\" data-id=\"a8e43ac\" data-element_type=\"column\" data-e-type=\"column\">\n\t\t\t<div class=\"elementor-widget-wrap elementor-element-populated\">\n\t\t\t\t\t\t<div class=\"elementor-element elementor-element-6f238ab elementor-widget elementor-widget-image\" data-id=\"6f238ab\" data-element_type=\"widget\" data-e-type=\"widget\" data-widget_type=\"image.default\">\n\t\t\t\t<div class=\"elementor-widget-container\">\n\t\t\t\t\t\t\t\t\t\t\t\t\t\t\t<img loading=\"lazy\" decoding=\"async\" width=\"400\" height=\"289\" src=\"https:\/\/www.jgclassics.com\/wp-content\/uploads\/2023\/06\/MANTA_GTE_Publi.jpg\" class=\"attachment-large size-large wp-image-14614\" alt=\"Opel Manta GTE Publicit\u00e9 Espagne\" srcset=\"https:\/\/www.jgclassics.com\/wp-content\/uploads\/2023\/06\/MANTA_GTE_Publi.jpg 400w, https:\/\/www.jgclassics.com\/wp-content\/uploads\/2023\/06\/MANTA_GTE_Publi-300x217.jpg 300w\" sizes=\"(max-width: 400px) 100vw, 400px\" \/>\t\t\t\t\t\t\t\t\t\t\t\t\t\t\t<\/div>\n\t\t\t\t<\/div>\n\t\t\t\t\t<\/div>\n\t\t<\/div>\n\t\t\t\t\t<\/div>\n\t\t<\/section>\n\t\t\t\t<section data-particle_enable=\"false\" data-particle-mobile-disabled=\"false\" class=\"elementor-section elementor-top-section elementor-element elementor-element-5cf56e2 elementor-section-boxed elementor-section-height-default elementor-section-height-default\" data-id=\"5cf56e2\" data-element_type=\"section\" data-e-type=\"section\">\n\t\t\t\t\t\t<div class=\"elementor-container elementor-column-gap-default\">\n\t\t\t\t\t<div class=\"elementor-column elementor-col-100 elementor-top-column elementor-element elementor-element-9cd08c1\" data-id=\"9cd08c1\" data-element_type=\"column\" data-e-type=\"column\">\n\t\t\t<div class=\"elementor-widget-wrap elementor-element-populated\">\n\t\t\t\t\t\t<div class=\"elementor-element elementor-element-23e67bc elementor-widget elementor-widget-text-editor\" data-id=\"23e67bc\" data-element_type=\"widget\" data-e-type=\"widget\" data-widget_type=\"text-editor.default\">\n\t\t\t\t<div class=\"elementor-widget-container\">\n\t\t\t\t\t\t\t\t\t<ol start=\"3\">\n<li><strong>  Moins d&#8217;association avec un accord exag\u00e9r\u00e9 :<\/strong><\/li>\n<\/ol>\n<ul>\n<li>Bien qu&#8217;il existe une culture du tuning en Espagne, l&#8217;Opel Manta n&#8217;est pas devenue un symbole de masse de ce style de modification sp\u00e9cifique.<\/li>\n<li>En Espagne, \u00e0 cette \u00e9poque, les modifications exag\u00e9r\u00e9es \u00e9taient plus courantes sur des voitures moins ch\u00e8res telles que la SEAT Ibiza, la Ford Fiesta, la Ford Scort ou la Renault 5. En revanche, la Manta a d&#8217;abord conserv\u00e9 une image originale relativement plus sophistiqu\u00e9e ou sportive. <\/li>\n<\/ul>\n\t\t\t\t\t\t\t\t<\/div>\n\t\t\t\t<\/div>\n\t\t\t\t\t<\/div>\n\t\t<\/div>\n\t\t\t\t\t<\/div>\n\t\t<\/section>\n\t\t\t\t<section data-particle_enable=\"false\" data-particle-mobile-disabled=\"false\" class=\"elementor-section elementor-top-section elementor-element elementor-element-17dce15 elementor-section-boxed elementor-section-height-default elementor-section-height-default\" data-id=\"17dce15\" data-element_type=\"section\" data-e-type=\"section\">\n\t\t\t\t\t\t<div class=\"elementor-container elementor-column-gap-default\">\n\t\t\t\t\t<div class=\"elementor-column elementor-col-100 elementor-top-column elementor-element elementor-element-c757f8b\" data-id=\"c757f8b\" data-element_type=\"column\" data-e-type=\"column\">\n\t\t\t<div class=\"elementor-widget-wrap elementor-element-populated\">\n\t\t\t\t\t\t<div class=\"elementor-element elementor-element-14c5f38 elementor-widget elementor-widget-text-editor\" data-id=\"14c5f38\" data-element_type=\"widget\" data-e-type=\"widget\" data-widget_type=\"text-editor.default\">\n\t\t\t\t<div class=\"elementor-widget-container\">\n\t\t\t\t\t\t\t\t\t<p>En r\u00e9sum\u00e9 :<\/p>\n\t\t\t\t\t\t\t\t<\/div>\n\t\t\t\t<\/div>\n\t\t\t\t\t<\/div>\n\t\t<\/div>\n\t\t\t\t\t<\/div>\n\t\t<\/section>\n\t\t\t\t<section data-particle_enable=\"false\" data-particle-mobile-disabled=\"false\" class=\"elementor-section elementor-top-section elementor-element elementor-element-7999517 elementor-section-boxed elementor-section-height-default elementor-section-height-default\" data-id=\"7999517\" data-element_type=\"section\" data-e-type=\"section\">\n\t\t\t\t\t\t<div class=\"elementor-container elementor-column-gap-default\">\n\t\t\t\t\t<div class=\"elementor-column elementor-col-50 elementor-top-column elementor-element elementor-element-e50d9a6\" data-id=\"e50d9a6\" data-element_type=\"column\" data-e-type=\"column\">\n\t\t\t<div class=\"elementor-widget-wrap elementor-element-populated\">\n\t\t\t\t\t\t<div class=\"elementor-element elementor-element-1fd7707 elementor-widget elementor-widget-image\" data-id=\"1fd7707\" data-element_type=\"widget\" data-e-type=\"widget\" data-widget_type=\"image.default\">\n\t\t\t\t<div class=\"elementor-widget-container\">\n\t\t\t\t\t\t\t\t\t\t\t\t\t\t\t\t<a href=\"https:\/\/www.jgclassics.com\/wp-content\/uploads\/2023\/06\/1986-Manta-0607-scaled.jpg\" data-elementor-open-lightbox=\"yes\" data-elementor-lightbox-title=\"1986 Manta 0607\" data-e-action-hash=\"#elementor-action%3Aaction%3Dlightbox%26settings%3DeyJpZCI6MTQ1MjcsInVybCI6Imh0dHBzOlwvXC93d3cuamdjbGFzc2ljcy5jb21cL3dwLWNvbnRlbnRcL3VwbG9hZHNcLzIwMjNcLzA2XC8xOTg2LU1hbnRhLTA2MDctc2NhbGVkLmpwZyJ9\">\n\t\t\t\t\t\t\t<img loading=\"lazy\" decoding=\"async\" width=\"1024\" height=\"717\" src=\"https:\/\/www.jgclassics.com\/wp-content\/uploads\/2023\/06\/1986-Manta-0607-1024x717.jpg\" class=\"attachment-large size-large wp-image-14527\" alt=\"\" srcset=\"https:\/\/www.jgclassics.com\/wp-content\/uploads\/2023\/06\/1986-Manta-0607-1024x717.jpg 1024w, https:\/\/www.jgclassics.com\/wp-content\/uploads\/2023\/06\/1986-Manta-0607-300x210.jpg 300w, https:\/\/www.jgclassics.com\/wp-content\/uploads\/2023\/06\/1986-Manta-0607-768x538.jpg 768w, https:\/\/www.jgclassics.com\/wp-content\/uploads\/2023\/06\/1986-Manta-0607-1536x1076.jpg 1536w, https:\/\/www.jgclassics.com\/wp-content\/uploads\/2023\/06\/1986-Manta-0607-2048x1434.jpg 2048w\" sizes=\"(max-width: 1024px) 100vw, 1024px\" \/>\t\t\t\t\t\t\t\t<\/a>\n\t\t\t\t\t\t\t\t\t\t\t\t\t\t\t<\/div>\n\t\t\t\t<\/div>\n\t\t\t\t\t<\/div>\n\t\t<\/div>\n\t\t\t\t<div class=\"elementor-column elementor-col-50 elementor-top-column elementor-element elementor-element-28b9bb6\" data-id=\"28b9bb6\" data-element_type=\"column\" data-e-type=\"column\">\n\t\t\t<div class=\"elementor-widget-wrap elementor-element-populated\">\n\t\t\t\t\t\t<div class=\"elementor-element elementor-element-e768fb6 elementor-widget elementor-widget-text-editor\" data-id=\"e768fb6\" data-element_type=\"widget\" data-e-type=\"widget\" data-widget_type=\"text-editor.default\">\n\t\t\t\t<div class=\"elementor-widget-container\">\n\t\t\t\t\t\t\t\t\t<table>\n<thead>\n<tr>\n<td>\n<p><strong>Aspect<\/strong><\/p>\n<\/td>\n<td>\n<p><strong>Allemagne<\/strong><\/p>\n<\/td>\n<td>\n<p><strong>Espagne<\/strong><\/p>\n<\/td>\n<\/tr>\n<\/thead>\n<tbody>\n<tr>\n<td>\n<p><strong>Disponibilit\u00e9<\/strong><\/p>\n<\/td>\n<td>\n<p>Haut<\/p>\n<\/td>\n<td>\n<p>Baja<\/p>\n<\/td>\n<\/tr>\n<tr>\n<td>\n<p><strong>Prix relatif<\/strong><\/p>\n<\/td>\n<td>\n<p>Accessible, populaire<\/p>\n<\/td>\n<td>\n<p>Cher, exclusif<\/p>\n<\/td>\n<\/tr>\n<tr>\n<td>\n<p><strong>Type d&#8217;acheteur<\/strong><\/p>\n<\/td>\n<td>\n<p>Jeunes, classe ouvri\u00e8re<\/p>\n<\/td>\n<td>\n<p>Jeune homme de la classe moyenne sup\u00e9rieure, ais\u00e9<\/p>\n<\/td>\n<\/tr>\n<tr>\n<td>\n<p><strong>Image culturelle<\/strong><\/p>\n<\/td>\n<td>\n<p>Humour, caricature<\/p>\n<\/td>\n<td>\n<p>Sportif, \u00e9l\u00e9gant, prestigieux<\/p>\n<\/td>\n<\/tr>\n<tr>\n<td>\n<p><strong>Relation avec l&#8217;accord<\/strong><\/p>\n<\/td>\n<td>\n<p>Largement r\u00e9pandu<\/p>\n<\/td>\n<td>\n<p>Plus limit\u00e9<\/p>\n<\/td>\n<\/tr>\n<\/tbody>\n<\/table>\n\t\t\t\t\t\t\t\t<\/div>\n\t\t\t\t<\/div>\n\t\t\t\t\t<\/div>\n\t\t<\/div>\n\t\t\t\t\t<\/div>\n\t\t<\/section>\n\t\t\t\t<section data-particle_enable=\"false\" data-particle-mobile-disabled=\"false\" class=\"elementor-section elementor-top-section elementor-element elementor-element-2b9802c elementor-section-boxed elementor-section-height-default elementor-section-height-default\" data-id=\"2b9802c\" data-element_type=\"section\" data-e-type=\"section\">\n\t\t\t\t\t\t<div class=\"elementor-container elementor-column-gap-default\">\n\t\t\t\t\t<div class=\"elementor-column elementor-col-100 elementor-top-column elementor-element elementor-element-5454092\" data-id=\"5454092\" data-element_type=\"column\" data-e-type=\"column\">\n\t\t\t<div class=\"elementor-widget-wrap elementor-element-populated\">\n\t\t\t\t\t\t<div class=\"elementor-element elementor-element-88fdefe elementor-widget elementor-widget-text-editor\" data-id=\"88fdefe\" data-element_type=\"widget\" data-e-type=\"widget\" data-widget_type=\"text-editor.default\">\n\t\t\t\t<div class=\"elementor-widget-container\">\n\t\t\t\t\t\t\t\t\t<p>La diff\u00e9rence essentielle r\u00e9siderait donc dans la <strong>position socio-\u00e9conomique de<\/strong> l&#8217;Opel Manta dans chaque pays :<\/p>\n<ul>\n<li><strong>En Allemagne<\/strong>, du fait de son faible co\u00fbt et de sa facilit\u00e9 d&#8217;acc\u00e8s, le Manta est devenu un symbole populaire, cible de moqueries et de caricatures humoristiques, avec pour personnage principal le <strong>&#8220;Mantafahrer&#8221;<\/strong>.<\/li>\n<li><strong>En Espagne<\/strong>, son prix \u00e9lev\u00e9 d\u00fb \u00e0 l&#8217;importation et sa perception en tant que voiture sportive, \u00e9l\u00e9gante et exclusive ont fait qu&#8217;elle n&#8217;a pas acquis \u00e0 l&#8217;origine cette image humoristique ou qu&#8217;elle n&#8217;est pas devenue un symbole de la culture tuning de masse ou populaire.<\/li>\n<\/ul>\n\t\t\t\t\t\t\t\t<\/div>\n\t\t\t\t<\/div>\n\t\t\t\t\t<\/div>\n\t\t<\/div>\n\t\t\t\t\t<\/div>\n\t\t<\/section>\n\t\t\t\t<section data-particle_enable=\"false\" data-particle-mobile-disabled=\"false\" class=\"elementor-section elementor-top-section elementor-element elementor-element-d014de3 elementor-section-boxed elementor-section-height-default elementor-section-height-default\" data-id=\"d014de3\" data-element_type=\"section\" data-e-type=\"section\">\n\t\t\t\t\t\t<div class=\"elementor-container elementor-column-gap-default\">\n\t\t\t\t\t<div class=\"elementor-column elementor-col-100 elementor-top-column elementor-element elementor-element-6cd5bfe\" data-id=\"6cd5bfe\" data-element_type=\"column\" data-e-type=\"column\">\n\t\t\t<div class=\"elementor-widget-wrap elementor-element-populated\">\n\t\t\t\t\t\t<div class=\"elementor-element elementor-element-e80af8a elementor-widget elementor-widget-heading\" data-id=\"e80af8a\" data-element_type=\"widget\" data-e-type=\"widget\" data-widget_type=\"heading.default\">\n\t\t\t\t<div class=\"elementor-widget-container\">\n\t\t\t\t\t<h2 class=\"elementor-heading-title elementor-size-default\">D\u00e9clin en Espagne : l'Opel Manta devient une voiture \"kisch<\/h2>\t\t\t\t<\/div>\n\t\t\t\t<\/div>\n\t\t\t\t\t<\/div>\n\t\t<\/div>\n\t\t\t\t\t<\/div>\n\t\t<\/section>\n\t\t\t\t<section data-particle_enable=\"false\" data-particle-mobile-disabled=\"false\" class=\"elementor-section elementor-top-section elementor-element elementor-element-9cad427 elementor-section-boxed elementor-section-height-default elementor-section-height-default\" data-id=\"9cad427\" data-element_type=\"section\" data-e-type=\"section\">\n\t\t\t\t\t\t<div class=\"elementor-container elementor-column-gap-default\">\n\t\t\t\t\t<div class=\"elementor-column elementor-col-100 elementor-top-column elementor-element elementor-element-5905314\" data-id=\"5905314\" data-element_type=\"column\" data-e-type=\"column\">\n\t\t\t<div class=\"elementor-widget-wrap elementor-element-populated\">\n\t\t\t\t\t\t<div class=\"elementor-element elementor-element-f7ee926 elementor-widget elementor-widget-text-editor\" data-id=\"f7ee926\" data-element_type=\"widget\" data-e-type=\"widget\" data-widget_type=\"text-editor.default\">\n\t\t\t\t<div class=\"elementor-widget-container\">\n\t\t\t\t\t\t\t\t\t<p>C&#8217;est surtout \u00e0 la fin des <strong>ann\u00e9es 1980 et au d\u00e9but des ann\u00e9es 1990<\/strong>, et jusqu&#8217;au d\u00e9but des ann\u00e9es 2000, que l&#8217;on a commenc\u00e9 \u00e0 la percevoir comme une <strong>voiture de &#8220;hooligan&#8221;<\/strong>. Pourquoi ? <\/p>\n\t\t\t\t\t\t\t\t<\/div>\n\t\t\t\t<\/div>\n\t\t\t\t\t<\/div>\n\t\t<\/div>\n\t\t\t\t\t<\/div>\n\t\t<\/section>\n\t\t\t\t<section data-particle_enable=\"false\" data-particle-mobile-disabled=\"false\" class=\"elementor-section elementor-top-section elementor-element elementor-element-64962b2 elementor-section-boxed elementor-section-height-default elementor-section-height-default\" data-id=\"64962b2\" data-element_type=\"section\" data-e-type=\"section\">\n\t\t\t\t\t\t<div class=\"elementor-container elementor-column-gap-default\">\n\t\t\t\t\t<div class=\"elementor-column elementor-col-100 elementor-top-column elementor-element elementor-element-dfec905\" data-id=\"dfec905\" data-element_type=\"column\" data-e-type=\"column\">\n\t\t\t<div class=\"elementor-widget-wrap elementor-element-populated\">\n\t\t\t\t\t\t<div class=\"elementor-element elementor-element-84e1e67 elementor-widget elementor-widget-text-editor\" data-id=\"84e1e67\" data-element_type=\"widget\" data-e-type=\"widget\" data-widget_type=\"text-editor.default\">\n\t\t\t\t<div class=\"elementor-widget-container\">\n\t\t\t\t\t\t\t\t\t<ol>\n<li><strong>  Prix abordable de l&#8217;occasion dans les ann\u00e9es 1990<\/strong><\/li>\n<\/ol>\n<ul>\n<li>Au d\u00e9part, l&#8217;Opel Manta \u00e9tait ch\u00e8re en Espagne parce qu&#8217;elle \u00e9tait import\u00e9e, exclusive et prestigieuse dans les ann\u00e9es 1970 et au d\u00e9but des ann\u00e9es 1980.<\/li>\n<li>\u00c0 partir de la fin des <strong>ann\u00e9es 1980 et surtout au cours des ann\u00e9es 1990<\/strong>, de nombreuses Opel Manta d&#8217;occasion ont commenc\u00e9 \u00e0 arriver sur le march\u00e9 de l&#8217;occasion \u00e0 des prix beaucoup plus bas, accessibles aux jeunes conducteurs au pouvoir d&#8217;achat plus faible.<\/li>\n<li>Ces nouveaux propri\u00e9taires \u00e9taient de jeunes ouvriers qui ont commenc\u00e9 \u00e0 modifier et \u00e0 personnaliser la voiture avec des \u00e9l\u00e9ments sportifs, donnant naissance au st\u00e9r\u00e9otype du conducteur &#8220;jacky&#8221;.<\/li>\n<\/ul>\n<ol start=\"2\">\n<li><strong>  Influences allemandes et europ\u00e9ennes en mati\u00e8re d&#8217;accordage<\/strong><\/li>\n<\/ol>\n<ul>\n<li>Dans les ann\u00e9es 1990, la culture europ\u00e9enne du tuning a clairement commenc\u00e9 \u00e0 influencer l&#8217;Espagne. Des magazines comme <strong>&#8220;Maxi Tuning&#8221;<\/strong> ont popularis\u00e9 une esth\u00e9tique exag\u00e9r\u00e9e (ou non, selon les go\u00fbts, mais disons &#8220;exub\u00e9rante&#8221;), des kits de carrosserie, d&#8217;\u00e9normes spoilers et des jantes tape-\u00e0-l&#8217;\u0153il. <\/li>\n<li>L&#8217;Opel Manta, avec ses lignes sportives et son prix de plus en plus bas, a \u00e9t\u00e9 l&#8217;un des v\u00e9hicules choisis par ce nouveau profil de jeunes, ce qui a contribu\u00e9 \u00e0 l&#8217;associer \u00e0 un style plus agressif ou &#8220;magouilleur&#8221;.<\/li>\n<\/ul>\n\t\t\t\t\t\t\t\t<\/div>\n\t\t\t\t<\/div>\n\t\t\t\t\t<\/div>\n\t\t<\/div>\n\t\t\t\t\t<\/div>\n\t\t<\/section>\n\t\t\t\t<section data-particle_enable=\"false\" data-particle-mobile-disabled=\"false\" class=\"elementor-section elementor-top-section elementor-element elementor-element-f99b90e elementor-section-boxed elementor-section-height-default elementor-section-height-default\" data-id=\"f99b90e\" data-element_type=\"section\" data-e-type=\"section\">\n\t\t\t\t\t\t<div class=\"elementor-container elementor-column-gap-default\">\n\t\t\t\t\t<div class=\"elementor-column elementor-col-50 elementor-top-column elementor-element elementor-element-aba00f7\" data-id=\"aba00f7\" data-element_type=\"column\" data-e-type=\"column\">\n\t\t\t<div class=\"elementor-widget-wrap elementor-element-populated\">\n\t\t\t\t\t\t<div class=\"elementor-element elementor-element-293e42f elementor-widget elementor-widget-text-editor\" data-id=\"293e42f\" data-element_type=\"widget\" data-e-type=\"widget\" data-widget_type=\"text-editor.default\">\n\t\t\t\t<div class=\"elementor-widget-container\">\n\t\t\t\t\t\t\t\t\t<ol start=\"3\">\n<li><strong>  Association avec le cin\u00e9ma et la culture populaire<\/strong><\/li>\n<\/ol>\n<ul>\n<li>Bien que les films allemands <strong>&#8220;Manta, Manta&#8221; (1991)<\/strong> et <strong>&#8220;Manta &#8211; Der Film&#8221; (1991)<\/strong> n&#8217;aient pas eu d&#8217;impact en Espagne, les r\u00e9f\u00e9rences \u00e0 ce st\u00e9r\u00e9otype se sont indirectement r\u00e9pandues, notamment parmi les passionn\u00e9s d&#8217;automobile.<\/li>\n<li>En termes de cin\u00e9ma espagnol, il ne semble pas y avoir &#8211; ou du moins je ne m&#8217;en souviens pas &#8211; beaucoup de r\u00e9f\u00e9rences, mais il y en a une qui vaut pour tous. \ud83d\ude0aLa sc\u00e8ne inoubliable du film <strong>&#8220;Torrente 2 : Mission in Marbella&#8221; (2001)<\/strong>, impliquant une <strong>Opel Manta<\/strong>: le personnage de <strong>Cuco<\/strong> (interpr\u00e9t\u00e9 par le brillant Gabino Diego) pr\u00e9sente \u00e0 Torrente (Santiago Segura) une nouvelle voiture qu&#8217;il a obtenue par l&#8217;interm\u00e9diaire d&#8217;un ami concessionnaire automobile peu scrupuleux. La voiture en question est une <strong>Opel Manta<\/strong>. Dans la sc\u00e8ne embl\u00e9matique, <strong>Cuco<\/strong> monte dans la voiture avec <strong>Torrente<\/strong> sur le si\u00e8ge passager. Alors qu&#8217;il d\u00e9marre, il tr\u00e9buche imm\u00e9diatement sur une bordure de trottoir, ce qui provoque le renversement de la voiture et g\u00e9n\u00e8re une situation comique typique de la saga. Cette sc\u00e8ne a d&#8217;ailleurs \u00e9t\u00e9 r\u00e9alis\u00e9e par un cascadeur, et l&#8217;Opel Manta utilis\u00e9e pour la sc\u00e8ne a \u00e9t\u00e9 sp\u00e9cialement pr\u00e9par\u00e9e avec des arceaux de s\u00e9curit\u00e9 int\u00e9rieurs pour assurer la s\u00e9curit\u00e9 du conducteur lors du renversement.    <\/li>\n<\/ul>\n\t\t\t\t\t\t\t\t<\/div>\n\t\t\t\t<\/div>\n\t\t\t\t\t<\/div>\n\t\t<\/div>\n\t\t\t\t<div class=\"elementor-column elementor-col-50 elementor-top-column elementor-element elementor-element-fbf7c6f\" data-id=\"fbf7c6f\" data-element_type=\"column\" data-e-type=\"column\">\n\t\t\t<div class=\"elementor-widget-wrap elementor-element-populated\">\n\t\t\t\t\t\t<div class=\"elementor-element elementor-element-a8df124 elementor-widget elementor-widget-video\" data-id=\"a8df124\" data-element_type=\"widget\" data-e-type=\"widget\" data-settings=\"{&quot;youtube_url&quot;:&quot;https:\\\/\\\/www.youtube.com\\\/watch?v=V-xJ1Mzs1Ls&quot;,&quot;video_type&quot;:&quot;youtube&quot;,&quot;controls&quot;:&quot;yes&quot;}\" data-widget_type=\"video.default\">\n\t\t\t\t<div class=\"elementor-widget-container\">\n\t\t\t\t\t\t\t<div class=\"elementor-wrapper elementor-open-inline\">\n\t\t\t<div class=\"elementor-video\"><\/div>\t\t<\/div>\n\t\t\t\t\t\t<\/div>\n\t\t\t\t<\/div>\n\t\t\t\t<div class=\"elementor-element elementor-element-94985be elementor-widget elementor-widget-image\" data-id=\"94985be\" data-element_type=\"widget\" data-e-type=\"widget\" data-widget_type=\"image.default\">\n\t\t\t\t<div class=\"elementor-widget-container\">\n\t\t\t\t\t\t\t\t\t\t\t\t\t\t\t\t<a href=\"https:\/\/www.jgclassics.com\/wp-content\/uploads\/2025\/03\/manta-torrente.jpg\" data-elementor-open-lightbox=\"yes\" data-elementor-lightbox-title=\"Opel Manta Torrente 2\" data-e-action-hash=\"#elementor-action%3Aaction%3Dlightbox%26settings%3DeyJpZCI6MjE4NDMsInVybCI6Imh0dHBzOlwvXC93d3cuamdjbGFzc2ljcy5jb21cL3dwLWNvbnRlbnRcL3VwbG9hZHNcLzIwMjVcLzAzXC9tYW50YS10b3JyZW50ZS5qcGcifQ%3D%3D\">\n\t\t\t\t\t\t\t<img loading=\"lazy\" decoding=\"async\" width=\"704\" height=\"389\" src=\"https:\/\/www.jgclassics.com\/wp-content\/uploads\/2025\/03\/manta-torrente.jpg\" class=\"attachment-large size-large wp-image-21843\" alt=\"Opel Manta Torrente 2\" srcset=\"https:\/\/www.jgclassics.com\/wp-content\/uploads\/2025\/03\/manta-torrente.jpg 704w, https:\/\/www.jgclassics.com\/wp-content\/uploads\/2025\/03\/manta-torrente-300x166.jpg 300w\" sizes=\"(max-width: 704px) 100vw, 704px\" \/>\t\t\t\t\t\t\t\t<\/a>\n\t\t\t\t\t\t\t\t\t\t\t\t\t\t\t<\/div>\n\t\t\t\t<\/div>\n\t\t\t\t\t<\/div>\n\t\t<\/div>\n\t\t\t\t\t<\/div>\n\t\t<\/section>\n\t\t\t\t<section data-particle_enable=\"false\" data-particle-mobile-disabled=\"false\" class=\"elementor-section elementor-top-section elementor-element elementor-element-4e04391 elementor-section-boxed elementor-section-height-default elementor-section-height-default\" data-id=\"4e04391\" data-element_type=\"section\" data-e-type=\"section\">\n\t\t\t\t\t\t<div class=\"elementor-container elementor-column-gap-default\">\n\t\t\t\t\t<div class=\"elementor-column elementor-col-100 elementor-top-column elementor-element elementor-element-c43c75e\" data-id=\"c43c75e\" data-element_type=\"column\" data-e-type=\"column\">\n\t\t\t<div class=\"elementor-widget-wrap elementor-element-populated\">\n\t\t\t\t\t\t<div class=\"elementor-element elementor-element-3867256 elementor-widget elementor-widget-text-editor\" data-id=\"3867256\" data-element_type=\"widget\" data-e-type=\"widget\" data-widget_type=\"text-editor.default\">\n\t\t\t\t<div class=\"elementor-widget-container\">\n\t\t\t\t\t\t\t\t\t<p><strong>P\u00e9riode cl\u00e9 du changement de perception : <\/strong>nous pouvons situer l&#8217;apog\u00e9e de l&#8217;image du &#8220;k\u00e9k\u00e9&#8221; en Espagne autour des ann\u00e9es <strong>1990-1995<\/strong>, lorsque l&#8217;Opel Manta avait perdu son exclusivit\u00e9 et \u00e9tait d\u00e9j\u00e0 accessible aux jeunes \u00e0 la recherche de voitures abordables et faciles \u00e0 personnaliser. En fait, nombre d&#8217;entre elles &#8211; la plupart &#8211; ont fini \u00e0 la casse dans un \u00e9tat absolument d\u00e9plorable. <\/p>\n\t\t\t\t\t\t\t\t<\/div>\n\t\t\t\t<\/div>\n\t\t\t\t\t<\/div>\n\t\t<\/div>\n\t\t\t\t\t<\/div>\n\t\t<\/section>\n\t\t\t\t<section data-particle_enable=\"false\" data-particle-mobile-disabled=\"false\" class=\"elementor-section elementor-top-section elementor-element elementor-element-63c041f elementor-section-boxed elementor-section-height-default elementor-section-height-default\" data-id=\"63c041f\" data-element_type=\"section\" data-e-type=\"section\">\n\t\t\t\t\t\t<div class=\"elementor-container elementor-column-gap-default\">\n\t\t\t\t\t<div class=\"elementor-column elementor-col-100 elementor-top-column elementor-element elementor-element-c26d7ae\" data-id=\"c26d7ae\" data-element_type=\"column\" data-e-type=\"column\">\n\t\t\t<div class=\"elementor-widget-wrap elementor-element-populated\">\n\t\t\t\t\t\t<div class=\"elementor-element elementor-element-3cd34a4 elementor-widget elementor-widget-image\" data-id=\"3cd34a4\" data-element_type=\"widget\" data-e-type=\"widget\" data-widget_type=\"image.default\">\n\t\t\t\t<div class=\"elementor-widget-container\">\n\t\t\t\t\t\t\t\t\t\t\t\t\t\t\t<img loading=\"lazy\" decoding=\"async\" width=\"1024\" height=\"576\" src=\"https:\/\/www.jgclassics.com\/wp-content\/uploads\/2025\/03\/pwhkqrvlzaq-1024x576.jpg\" class=\"attachment-large size-large wp-image-21858\" alt=\"voiture grise gar\u00e9e\" srcset=\"https:\/\/www.jgclassics.com\/wp-content\/uploads\/2025\/03\/pwhkqrvlzaq-1024x576.jpg 1024w, https:\/\/www.jgclassics.com\/wp-content\/uploads\/2025\/03\/pwhkqrvlzaq-300x169.jpg 300w, https:\/\/www.jgclassics.com\/wp-content\/uploads\/2025\/03\/pwhkqrvlzaq-768x432.jpg 768w, https:\/\/www.jgclassics.com\/wp-content\/uploads\/2025\/03\/pwhkqrvlzaq-1536x864.jpg 1536w, https:\/\/www.jgclassics.com\/wp-content\/uploads\/2025\/03\/pwhkqrvlzaq.jpg 1600w\" sizes=\"(max-width: 1024px) 100vw, 1024px\" \/>\t\t\t\t\t\t\t\t\t\t\t\t\t\t\t<\/div>\n\t\t\t\t<\/div>\n\t\t\t\t\t<\/div>\n\t\t<\/div>\n\t\t\t\t\t<\/div>\n\t\t<\/section>\n\t\t\t\t<section data-particle_enable=\"false\" data-particle-mobile-disabled=\"false\" class=\"elementor-section elementor-top-section elementor-element elementor-element-19935d6 elementor-section-boxed elementor-section-height-default elementor-section-height-default\" data-id=\"19935d6\" data-element_type=\"section\" data-e-type=\"section\">\n\t\t\t\t\t\t<div class=\"elementor-container elementor-column-gap-default\">\n\t\t\t\t\t<div class=\"elementor-column elementor-col-100 elementor-top-column elementor-element elementor-element-0181597\" data-id=\"0181597\" data-element_type=\"column\" data-e-type=\"column\">\n\t\t\t<div class=\"elementor-widget-wrap elementor-element-populated\">\n\t\t\t\t\t\t<div class=\"elementor-element elementor-element-1e3b1a0 elementor-widget elementor-widget-text-editor\" data-id=\"1e3b1a0\" data-element_type=\"widget\" data-e-type=\"widget\" data-widget_type=\"text-editor.default\">\n\t\t\t\t<div class=\"elementor-widget-container\">\n\t\t\t\t\t\t\t\t\t<p><strong>Voici donc une chronologie rapide pour l&#8217;Espagne :<\/strong><\/p>\n\t\t\t\t\t\t\t\t<\/div>\n\t\t\t\t<\/div>\n\t\t\t\t\t<\/div>\n\t\t<\/div>\n\t\t\t\t\t<\/div>\n\t\t<\/section>\n\t\t\t\t<section data-particle_enable=\"false\" data-particle-mobile-disabled=\"false\" class=\"elementor-section elementor-top-section elementor-element elementor-element-3ebe23a elementor-section-boxed elementor-section-height-default elementor-section-height-default\" data-id=\"3ebe23a\" data-element_type=\"section\" data-e-type=\"section\">\n\t\t\t\t\t\t<div class=\"elementor-container elementor-column-gap-default\">\n\t\t\t\t\t<div class=\"elementor-column elementor-col-100 elementor-top-column elementor-element elementor-element-ba8a3ee\" data-id=\"ba8a3ee\" data-element_type=\"column\" data-e-type=\"column\">\n\t\t\t<div class=\"elementor-widget-wrap elementor-element-populated\">\n\t\t\t\t\t\t<div class=\"elementor-element elementor-element-233ff34 elementor-widget elementor-widget-text-editor\" data-id=\"233ff34\" data-element_type=\"widget\" data-e-type=\"widget\" data-widget_type=\"text-editor.default\">\n\t\t\t\t<div class=\"elementor-widget-container\">\n\t\t\t\t\t\t\t\t\t<ul>\n<li><strong>Jusqu&#8217;\u00e0 la fin des ann\u00e9es 1980<\/strong>:<br \/>L&#8217;Opel Manta \u00e9tait consid\u00e9r\u00e9e comme une voiture de sport ch\u00e8re et relativement prestigieuse en Espagne.<\/li>\n<li><strong>Des ann\u00e9es 90 au d\u00e9but des ann\u00e9es 2000<\/strong>:<br \/>Elle devient plus abordable, utilis\u00e9e principalement par les jeunes amateurs de tuning, acqu\u00e9rant l&#8217;image d&#8217;une &#8220;voiture jacky&#8221;, atteignant \u00e0 cette \u00e9poque le d\u00e9clin absolu (je me souviens qu&#8217;en Espagne il \u00e9tait presque impossible de voir une Opel Manta qui n&#8217;\u00e9tait pas soit horriblement tun\u00e9e, soit compl\u00e8tement d\u00e9truite, ou un m\u00e9lange des deux.<\/li>\n<\/ul>\n\t\t\t\t\t\t\t\t<\/div>\n\t\t\t\t<\/div>\n\t\t\t\t\t<\/div>\n\t\t<\/div>\n\t\t\t\t\t<\/div>\n\t\t<\/section>\n\t\t\t\t<section data-particle_enable=\"false\" data-particle-mobile-disabled=\"false\" class=\"elementor-section elementor-top-section elementor-element elementor-element-2ad92aa elementor-section-boxed elementor-section-height-default elementor-section-height-default\" data-id=\"2ad92aa\" data-element_type=\"section\" data-e-type=\"section\">\n\t\t\t\t\t\t<div class=\"elementor-container elementor-column-gap-default\">\n\t\t\t\t\t<div class=\"elementor-column elementor-col-50 elementor-top-column elementor-element elementor-element-16c9a94\" data-id=\"16c9a94\" data-element_type=\"column\" data-e-type=\"column\">\n\t\t\t<div class=\"elementor-widget-wrap elementor-element-populated\">\n\t\t\t\t\t\t<div class=\"elementor-element elementor-element-1c3e964 elementor-widget elementor-widget-text-editor\" data-id=\"1c3e964\" data-element_type=\"widget\" data-e-type=\"widget\" data-widget_type=\"text-editor.default\">\n\t\t\t\t<div class=\"elementor-widget-container\">\n\t\t\t\t\t\t\t\t\t<ul>\n<li><strong>\u00c0 partir des ann\u00e9es 2000 :<\/strong> les unit\u00e9s tun\u00e9es finissent par dispara\u00eetre et celles qui restent sont celles qui ont eu un meilleur traitement et une vie plus silencieuse. En Espagne, le<a href=\"https:\/\/www.opelmantaclub.com\/el-club\/\" target=\"_blank\" rel=\"noopener\">&#8220;Opel Manta Club<\/a>&#8221; est apparu au d\u00e9but des ann\u00e9es 2000 (\u00e0 l&#8217;origine un groupe de discussion MSN) qui r\u00e9unissait des propri\u00e9taires de ce mod\u00e8le qui s&#8217;en occupaient, l&#8217;entretenaient et compilaient de la documentation \u00e0 son sujet, et il a commenc\u00e9 \u00e0 \u00eatre consid\u00e9r\u00e9 comme une voiture classique. <\/li>\n<li><strong>Aujourd&#8217;hui (2025) :<\/strong> Les Opel Manta sont d\u00e9j\u00e0 consid\u00e9r\u00e9es et entretenues comme des voitures classiques.<\/li>\n<\/ul>\n\t\t\t\t\t\t\t\t<\/div>\n\t\t\t\t<\/div>\n\t\t\t\t\t<\/div>\n\t\t<\/div>\n\t\t\t\t<div class=\"elementor-column elementor-col-50 elementor-top-column elementor-element elementor-element-745c42f\" data-id=\"745c42f\" data-element_type=\"column\" data-e-type=\"column\">\n\t\t\t<div class=\"elementor-widget-wrap elementor-element-populated\">\n\t\t\t\t\t\t<div class=\"elementor-element elementor-element-b4307fb elementor-widget elementor-widget-image\" data-id=\"b4307fb\" data-element_type=\"widget\" data-e-type=\"widget\" data-widget_type=\"image.default\">\n\t\t\t\t<div class=\"elementor-widget-container\">\n\t\t\t\t\t\t\t\t\t\t\t\t\t\t\t<img loading=\"lazy\" decoding=\"async\" width=\"1008\" height=\"508\" src=\"https:\/\/www.jgclassics.com\/wp-content\/uploads\/2025\/03\/manta-white.jpg\" class=\"attachment-large size-large wp-image-21862\" alt=\"couverture blanche\" srcset=\"https:\/\/www.jgclassics.com\/wp-content\/uploads\/2025\/03\/manta-white.jpg 1008w, https:\/\/www.jgclassics.com\/wp-content\/uploads\/2025\/03\/manta-white-300x151.jpg 300w, https:\/\/www.jgclassics.com\/wp-content\/uploads\/2025\/03\/manta-white-768x387.jpg 768w\" sizes=\"(max-width: 1008px) 100vw, 1008px\" \/>\t\t\t\t\t\t\t\t\t\t\t\t\t\t\t<\/div>\n\t\t\t\t<\/div>\n\t\t\t\t\t<\/div>\n\t\t<\/div>\n\t\t\t\t\t<\/div>\n\t\t<\/section>\n\t\t\t\t<section data-particle_enable=\"false\" data-particle-mobile-disabled=\"false\" class=\"elementor-section elementor-top-section elementor-element elementor-element-9982d10 elementor-section-boxed elementor-section-height-default elementor-section-height-default\" data-id=\"9982d10\" data-element_type=\"section\" data-e-type=\"section\">\n\t\t\t\t\t\t<div class=\"elementor-container elementor-column-gap-default\">\n\t\t\t\t\t<div class=\"elementor-column elementor-col-100 elementor-top-column elementor-element elementor-element-7a59c34\" data-id=\"7a59c34\" data-element_type=\"column\" data-e-type=\"column\">\n\t\t\t<div class=\"elementor-widget-wrap elementor-element-populated\">\n\t\t\t\t\t\t<div class=\"elementor-element elementor-element-9f0376f elementor-widget elementor-widget-heading\" data-id=\"9f0376f\" data-element_type=\"widget\" data-e-type=\"widget\" data-widget_type=\"heading.default\">\n\t\t\t\t<div class=\"elementor-widget-container\">\n\t\t\t\t\t<h2 class=\"elementor-heading-title elementor-size-default\">La fin de la via crucis : l'Opel Manta, de voiture \"k\u00e9k\u00e9\" \u00e0 (enfin !!!) voiture classique<\/h2>\t\t\t\t<\/div>\n\t\t\t\t<\/div>\n\t\t\t\t\t<\/div>\n\t\t<\/div>\n\t\t\t\t\t<\/div>\n\t\t<\/section>\n\t\t\t\t<section data-particle_enable=\"false\" data-particle-mobile-disabled=\"false\" class=\"elementor-section elementor-top-section elementor-element elementor-element-fbb0d57 elementor-section-boxed elementor-section-height-default elementor-section-height-default\" data-id=\"fbb0d57\" data-element_type=\"section\" data-e-type=\"section\">\n\t\t\t\t\t\t<div class=\"elementor-container elementor-column-gap-default\">\n\t\t\t\t\t<div class=\"elementor-column elementor-col-100 elementor-top-column elementor-element elementor-element-08cd387\" data-id=\"08cd387\" data-element_type=\"column\" data-e-type=\"column\">\n\t\t\t<div class=\"elementor-widget-wrap elementor-element-populated\">\n\t\t\t\t\t\t<div class=\"elementor-element elementor-element-38eb2f9 elementor-widget elementor-widget-text-editor\" data-id=\"38eb2f9\" data-element_type=\"widget\" data-e-type=\"widget\" data-widget_type=\"text-editor.default\">\n\t\t\t\t<div class=\"elementor-widget-container\">\n\t\t\t\t\t\t\t\t\t<p>La transition de l&#8217;Opel Manta en Espagne, de son image de <strong>&#8220;voiture k\u00e9k\u00e9&#8221;<\/strong> \u00e0 celle de <strong>classique<\/strong>, s&#8217;est faite progressivement, surtout \u00e0 partir du d\u00e9but des ann\u00e9es 2000, et s&#8217;est clairement consolid\u00e9e \u00e0 la fin des ann\u00e9es 2000.<\/p>\n\t\t\t\t\t\t\t\t<\/div>\n\t\t\t\t<\/div>\n\t\t\t\t\t<\/div>\n\t\t<\/div>\n\t\t\t\t\t<\/div>\n\t\t<\/section>\n\t\t\t\t<section data-particle_enable=\"false\" data-particle-mobile-disabled=\"false\" class=\"elementor-section elementor-top-section elementor-element elementor-element-301e8e2 elementor-section-boxed elementor-section-height-default elementor-section-height-default\" data-id=\"301e8e2\" data-element_type=\"section\" data-e-type=\"section\">\n\t\t\t\t\t\t<div class=\"elementor-container elementor-column-gap-default\">\n\t\t\t\t\t<div class=\"elementor-column elementor-col-50 elementor-top-column elementor-element elementor-element-67c27c0\" data-id=\"67c27c0\" data-element_type=\"column\" data-e-type=\"column\">\n\t\t\t<div class=\"elementor-widget-wrap elementor-element-populated\">\n\t\t\t\t\t\t<div class=\"elementor-element elementor-element-7a2976a elementor-widget elementor-widget-image\" data-id=\"7a2976a\" data-element_type=\"widget\" data-e-type=\"widget\" data-widget_type=\"image.default\">\n\t\t\t\t<div class=\"elementor-widget-container\">\n\t\t\t\t\t\t\t\t\t\t\t\t\t\t\t<img loading=\"lazy\" decoding=\"async\" width=\"683\" height=\"1024\" src=\"https:\/\/www.jgclassics.com\/wp-content\/uploads\/2025\/03\/ff8vtd4ziw0-683x1024.jpg\" class=\"attachment-large size-large wp-image-21866\" alt=\"chevrolet camaro blanche et brune gar\u00e9e \u00e0 c\u00f4t\u00e9 d&#039;un palmier vert pendant la journ\u00e9e\" srcset=\"https:\/\/www.jgclassics.com\/wp-content\/uploads\/2025\/03\/ff8vtd4ziw0-683x1024.jpg 683w, https:\/\/www.jgclassics.com\/wp-content\/uploads\/2025\/03\/ff8vtd4ziw0-200x300.jpg 200w, https:\/\/www.jgclassics.com\/wp-content\/uploads\/2025\/03\/ff8vtd4ziw0-768x1152.jpg 768w, https:\/\/www.jgclassics.com\/wp-content\/uploads\/2025\/03\/ff8vtd4ziw0.jpg 800w\" sizes=\"(max-width: 683px) 100vw, 683px\" \/>\t\t\t\t\t\t\t\t\t\t\t\t\t\t\t<\/div>\n\t\t\t\t<\/div>\n\t\t\t\t\t<\/div>\n\t\t<\/div>\n\t\t\t\t<div class=\"elementor-column elementor-col-50 elementor-top-column elementor-element elementor-element-3654c4a\" data-id=\"3654c4a\" data-element_type=\"column\" data-e-type=\"column\">\n\t\t\t<div class=\"elementor-widget-wrap elementor-element-populated\">\n\t\t\t\t\t\t<div class=\"elementor-element elementor-element-ca9bcf9 elementor-widget elementor-widget-text-editor\" data-id=\"ca9bcf9\" data-element_type=\"widget\" data-e-type=\"widget\" data-widget_type=\"text-editor.default\">\n\t\t\t\t<div class=\"elementor-widget-container\">\n\t\t\t\t\t\t\t\t\t<p><strong>L&#8217;arriv\u00e9e du 21e si\u00e8cle et la &#8220;nostalgie des ann\u00e9es 80&#8221; (2000-2010)<\/strong><\/p>\n<p>Au d\u00e9but des <strong>ann\u00e9es 2000<\/strong>, une transformation s&#8217;est produite dans la culture automobile des voitures classiques cl\u00e9s :<\/p>\n<ul>\n<li>Des voitures auparavant bon march\u00e9 ou populaires (telles que la Manta, la Ford Capri, la Renault Fuego, la VW Scirocco) ont commenc\u00e9 \u00e0 dispara\u00eetre lentement des rues, principalement en raison de l&#8217;usure, des accidents ou de la d\u00e9t\u00e9rioration due \u00e0 des modifications excessives.<\/li>\n<li>Leur rar\u00e9faction a entra\u00een\u00e9 une revalorisation nostalgique de la part de passionn\u00e9s devenus adultes, disposant d\u00e9j\u00e0 d&#8217;un certain pouvoir d&#8217;achat, et qui se souviennent de ces voitures comme d&#8217;une partie de leur jeunesse. Et surtout : il ne restait plus que des exemplaires en bon \u00e9tat. Moi qui suis un grand amateur de ce mod\u00e8le depuis des ann\u00e9es, je me souviens encore, l&#8217;\u00e2me bris\u00e9e, de voir certaines Mantas comment elles avaient fini ou dans quel \u00e9tat de d\u00e9gradation elles se trouvaient.  <\/li>\n<\/ul>\n\t\t\t\t\t\t\t\t<\/div>\n\t\t\t\t<\/div>\n\t\t\t\t\t<\/div>\n\t\t<\/div>\n\t\t\t\t\t<\/div>\n\t\t<\/section>\n\t\t\t\t<section data-particle_enable=\"false\" data-particle-mobile-disabled=\"false\" class=\"elementor-section elementor-top-section elementor-element elementor-element-d1d11bc elementor-section-boxed elementor-section-height-default elementor-section-height-default\" data-id=\"d1d11bc\" data-element_type=\"section\" data-e-type=\"section\">\n\t\t\t\t\t\t<div class=\"elementor-container elementor-column-gap-default\">\n\t\t\t\t\t<div class=\"elementor-column elementor-col-100 elementor-top-column elementor-element elementor-element-a7775d1\" data-id=\"a7775d1\" data-element_type=\"column\" data-e-type=\"column\">\n\t\t\t<div class=\"elementor-widget-wrap elementor-element-populated\">\n\t\t\t\t\t\t<div class=\"elementor-element elementor-element-c56d216 elementor-widget elementor-widget-text-editor\" data-id=\"c56d216\" data-element_type=\"widget\" data-e-type=\"widget\" data-widget_type=\"text-editor.default\">\n\t\t\t\t<div class=\"elementor-widget-container\">\n\t\t\t\t\t\t\t\t\t<p><strong>  Facteurs cl\u00e9s du passage au classique :<\/strong><\/p>\n<ol>\n<li><strong>P\u00e9nuries progressives<\/strong>:\n<ul>\n<li>Dans les <strong>ann\u00e9es 2000-2000<\/strong>, la plupart des Opel Manta \u00e9taient en mauvais \u00e9tat en raison d&#8217;une mise au point agressive au cours des ann\u00e9es pr\u00e9c\u00e9dentes.<\/li>\n<li>Les sp\u00e9cimens en bon \u00e9tat sont devenus rares, ce qui a augment\u00e9 leur valeur.<\/li>\n<\/ul>\n<\/li>\n<li><strong>Mouvement des classiques et des associations :<\/strong>\n<ul>\n<li>\u00c0 partir de 2005 environ, le mouvement classique et r\u00e9tro a pris une ampleur consid\u00e9rable en Espagne, ce qui a conduit \u00e0 consid\u00e9rer les voitures des ann\u00e9es 70 et 80 comme des classiques.<\/li>\n<li>Les associations classiques ont commenc\u00e9 \u00e0 inclure l&#8217;Opel Manta dans leurs rallyes, leurs \u00e9v\u00e9nements et leurs rallyes historiques.<\/li>\n<li>Les propri\u00e9taires d&#8217;Opel Manta de l&#8217;\u00e9poque des &#8220;voitures classiques&#8221; ont d\u00e9j\u00e0 commenc\u00e9 \u00e0 les entretenir et \u00e0 les traiter comme telles, certaines d&#8217;entre elles se trouvant dans un \u00e9tat digne d&#8217;un magazine.<\/li>\n<\/ul>\n<\/li>\n<li><strong>Influence des magazines et m\u00e9dias sp\u00e9cialis\u00e9s :<\/strong>\n<ul>\n<li>Des magazines tels que <strong>&#8220;Motor Classic&#8221;<\/strong>, <strong>&#8220;Classic Cars&#8221;<\/strong> et &#8220;Auto Retro&#8221; ont commenc\u00e9 \u00e0 inclure l&#8217;Opel Manta dans leurs articles en tant que voiture de sport allemande embl\u00e9matique des ann\u00e9es 1970 et 1980.<\/li>\n<li>Cette couverture a contribu\u00e9 \u00e0 am\u00e9liorer la perception du mod\u00e8le par le public.<\/li>\n<\/ul>\n<\/li>\n<li><strong>R\u00e9\u00e9valuation \u00e9conomique :<\/strong>\n<ul>\n<li>\u00c0 partir de 2010 environ, la valeur de l&#8217;Opel Manta (en particulier les mod\u00e8les originaux, sans modifications extr\u00eames) a commenc\u00e9 \u00e0 augmenter, consolidant d\u00e9finitivement son statut de classique.<\/li>\n<\/ul>\n<\/li>\n<\/ol>\n<p><strong>Moment cl\u00e9 du changement d\u00e9finitif :<\/strong><\/p>\n<ul>\n<li>Entre <strong>2005 et 2015<\/strong>, surtout apr\u00e8s l&#8217;essor de salons comme <strong>Auto Retro Barcelona<\/strong>, <strong>ClassicAuto Madrid<\/strong> et d&#8217;autres rassemblements r\u00e9gionaux, l&#8217;Opel Manta a commenc\u00e9 \u00e0 r\u00e9appara\u00eetre dans les cercles de collectionneurs, en se d\u00e9tachant compl\u00e8tement du st\u00e9r\u00e9otype pr\u00e9c\u00e9dent.<\/li>\n<li>Entre <strong>2010 et 2015<\/strong>, l&#8217;Opel Manta s&#8217;est fermement \u00e9tablie en Espagne comme une voiture classique respectable et de collection, dont les prix ont augment\u00e9.<\/li>\n<\/ul>\n\t\t\t\t\t\t\t\t<\/div>\n\t\t\t\t<\/div>\n\t\t\t\t\t<\/div>\n\t\t<\/div>\n\t\t\t\t\t<\/div>\n\t\t<\/section>\n\t\t\t\t<section data-particle_enable=\"false\" data-particle-mobile-disabled=\"false\" class=\"elementor-section elementor-top-section elementor-element elementor-element-c0063ea elementor-section-boxed elementor-section-height-default elementor-section-height-default\" data-id=\"c0063ea\" data-element_type=\"section\" data-e-type=\"section\">\n\t\t\t\t\t\t<div class=\"elementor-container elementor-column-gap-default\">\n\t\t\t\t\t<div class=\"elementor-column elementor-col-100 elementor-top-column elementor-element elementor-element-fb39f25\" data-id=\"fb39f25\" data-element_type=\"column\" data-e-type=\"column\">\n\t\t\t<div class=\"elementor-widget-wrap elementor-element-populated\">\n\t\t\t\t\t\t<div class=\"elementor-element elementor-element-bbe3eb0 elementor-widget elementor-widget-text-editor\" data-id=\"bbe3eb0\" data-element_type=\"widget\" data-e-type=\"widget\" data-widget_type=\"text-editor.default\">\n\t\t\t\t<div class=\"elementor-widget-container\">\n\t\t\t\t\t\t\t\t\t<p><strong>Conclusion :<\/strong><\/p>\n<p>La transformation d\u00e9finitive a eu lieu vers <strong>2010<\/strong>, pour se consolider pleinement vers 2015, lorsque l&#8217;Opel Manta a laiss\u00e9 &#8211; heureusement ! !! &#8211; derri\u00e8re elle le st\u00e9r\u00e9otype &#8220;k\u00e9k\u00e9&#8221;, &#8220;jacky&#8221;, &#8220;beauf&#8221; (choisissez l&#8217;adjectif que vous pr\u00e9f\u00e9rez :-)) pour acqu\u00e9rir un statut clair de <strong>voiture classique<\/strong>, respect\u00e9e, cit\u00e9e et appr\u00e9ci\u00e9e pour sa valeur historique, son design et sa raret\u00e9 (d&#8217;unit\u00e9s en bon \u00e9tat).<\/p>\n\t\t\t\t\t\t\t\t<\/div>\n\t\t\t\t<\/div>\n\t\t\t\t\t<\/div>\n\t\t<\/div>\n\t\t\t\t\t<\/div>\n\t\t<\/section>\n\t\t\t\t<section data-particle_enable=\"false\" data-particle-mobile-disabled=\"false\" class=\"elementor-section elementor-top-section elementor-element elementor-element-5a27ef8 elementor-section-boxed elementor-section-height-default elementor-section-height-default\" data-id=\"5a27ef8\" data-element_type=\"section\" data-e-type=\"section\">\n\t\t\t\t\t\t<div class=\"elementor-container elementor-column-gap-default\">\n\t\t\t\t\t<div class=\"elementor-column elementor-col-100 elementor-top-column elementor-element elementor-element-06523a4\" data-id=\"06523a4\" data-element_type=\"column\" data-e-type=\"column\">\n\t\t\t<div class=\"elementor-widget-wrap elementor-element-populated\">\n\t\t\t\t\t\t<div class=\"elementor-element elementor-element-b00ccfd elementor-widget elementor-widget-heading\" data-id=\"b00ccfd\" data-element_type=\"widget\" data-e-type=\"widget\" data-widget_type=\"heading.default\">\n\t\t\t\t<div class=\"elementor-widget-container\">\n\t\t\t\t\t<h2 class=\"elementor-heading-title elementor-size-default\">Et dans votre pays d'origine, comment l'Opel Manta est-elle per\u00e7ue aujourd'hui en Allemagne ? <\/h2>\t\t\t\t<\/div>\n\t\t\t\t<\/div>\n\t\t\t\t\t<\/div>\n\t\t<\/div>\n\t\t\t\t\t<\/div>\n\t\t<\/section>\n\t\t\t\t<section data-particle_enable=\"false\" data-particle-mobile-disabled=\"false\" class=\"elementor-section elementor-top-section elementor-element elementor-element-182dfed elementor-section-boxed elementor-section-height-default elementor-section-height-default\" data-id=\"182dfed\" data-element_type=\"section\" data-e-type=\"section\">\n\t\t\t\t\t\t<div class=\"elementor-container elementor-column-gap-default\">\n\t\t\t\t\t<div class=\"elementor-column elementor-col-100 elementor-top-column elementor-element elementor-element-5e061e1\" data-id=\"5e061e1\" data-element_type=\"column\" data-e-type=\"column\">\n\t\t\t<div class=\"elementor-widget-wrap elementor-element-populated\">\n\t\t\t\t\t\t<div class=\"elementor-element elementor-element-0d01e69 elementor-widget elementor-widget-text-editor\" data-id=\"0d01e69\" data-element_type=\"widget\" data-e-type=\"widget\" data-widget_type=\"text-editor.default\">\n\t\t\t\t<div class=\"elementor-widget-container\">\n\t\t\t\t\t\t\t\t\t<p>La pr\u00e9sence de la Manta sur la sc\u00e8ne allemande du tuning a consid\u00e9rablement diminu\u00e9. Les v\u00e9hicules bien conserv\u00e9s, en particulier les mod\u00e8les GT\/E, ont pris de la valeur et sont devenus des objets de collection tr\u00e8s recherch\u00e9s. En outre, la possibilit\u00e9 d&#8217;obtenir une plaque d&#8217;immatriculation historique<em>(H-Zulassung<\/em>) a renforc\u00e9 son attrait aupr\u00e8s des amateurs de voitures classiques.  <\/p>\n\t\t\t\t\t\t\t\t<\/div>\n\t\t\t\t<\/div>\n\t\t\t\t\t<\/div>\n\t\t<\/div>\n\t\t\t\t\t<\/div>\n\t\t<\/section>\n\t\t\t\t<section data-particle_enable=\"false\" data-particle-mobile-disabled=\"false\" class=\"elementor-section elementor-top-section elementor-element elementor-element-58cd643 elementor-section-boxed elementor-section-height-default elementor-section-height-default\" data-id=\"58cd643\" data-element_type=\"section\" data-e-type=\"section\">\n\t\t\t\t\t\t<div class=\"elementor-container elementor-column-gap-default\">\n\t\t\t\t\t<div class=\"elementor-column elementor-col-50 elementor-top-column elementor-element elementor-element-e4821c2\" data-id=\"e4821c2\" data-element_type=\"column\" data-e-type=\"column\">\n\t\t\t<div class=\"elementor-widget-wrap elementor-element-populated\">\n\t\t\t\t\t\t<div class=\"elementor-element elementor-element-0c76a36 elementor-widget elementor-widget-text-editor\" data-id=\"0c76a36\" data-element_type=\"widget\" data-e-type=\"widget\" data-widget_type=\"text-editor.default\">\n\t\t\t\t<div class=\"elementor-widget-container\">\n\t\t\t\t\t\t\t\t\t<p><strong>Initiatives modernes et reconnaissance officielle :<\/strong><\/p>\n<ul>\n<li><strong>Opel Manta GSe ElektroMOD :<\/strong> En 2021, Opel a d\u00e9voil\u00e9 la Manta GSe ElektroMOD, une version \u00e9lectrique de la Manta A classique. Ce prototype associe un design r\u00e9tro \u00e0 une technologie moderne, notamment un moteur \u00e9lectrique de 108 kW (147 ch) et une batterie de 31 kWh qui offre une autonomie d&#8217;environ 200 km. Ce mod\u00e8le refl\u00e8te la tendance \u00e0 revitaliser les v\u00e9hicules classiques avec des groupes motopropulseurs adapt\u00e9s aux tendances actuelles du march\u00e9. <\/li>\n<li><strong>Reconnaissance philat\u00e9lique :<\/strong> Le 13 avril 2017, le minist\u00e8re f\u00e9d\u00e9ral allemand des Finances a \u00e9mis un timbre-poste dans le cadre de la s\u00e9rie &#8220;Classic German Cars&#8221; repr\u00e9sentant l&#8217;Opel Manta A, soulignant son importance dans l&#8217;histoire automobile du pays. <\/li>\n<\/ul>\n\t\t\t\t\t\t\t\t<\/div>\n\t\t\t\t<\/div>\n\t\t\t\t\t<\/div>\n\t\t<\/div>\n\t\t\t\t<div class=\"elementor-column elementor-col-50 elementor-top-column elementor-element elementor-element-051eaa9\" data-id=\"051eaa9\" data-element_type=\"column\" data-e-type=\"column\">\n\t\t\t<div class=\"elementor-widget-wrap elementor-element-populated\">\n\t\t\t\t\t\t<div class=\"elementor-element elementor-element-fbb2c69 elementor-widget elementor-widget-image\" data-id=\"fbb2c69\" data-element_type=\"widget\" data-e-type=\"widget\" data-widget_type=\"image.default\">\n\t\t\t\t<div class=\"elementor-widget-container\">\n\t\t\t\t\t\t\t\t\t\t\t\t\t\t\t\t<a href=\"https:\/\/www.jgclassics.com\/wp-content\/uploads\/2025\/03\/sello_opel_manta.jpg\" data-elementor-open-lightbox=\"yes\" data-elementor-lightbox-title=\"timbre_opel_manta\" data-e-action-hash=\"#elementor-action%3Aaction%3Dlightbox%26settings%3DeyJpZCI6MjE4NzYsInVybCI6Imh0dHBzOlwvXC93d3cuamdjbGFzc2ljcy5jb21cL3dwLWNvbnRlbnRcL3VwbG9hZHNcLzIwMjVcLzAzXC9zZWxsb19vcGVsX21hbnRhLmpwZyJ9\">\n\t\t\t\t\t\t\t<img loading=\"lazy\" decoding=\"async\" width=\"512\" height=\"317\" src=\"https:\/\/www.jgclassics.com\/wp-content\/uploads\/2025\/03\/sello_opel_manta.jpg\" class=\"attachment-large size-large wp-image-21876\" alt=\"Tampon Opel Manta\" srcset=\"https:\/\/www.jgclassics.com\/wp-content\/uploads\/2025\/03\/sello_opel_manta.jpg 512w, https:\/\/www.jgclassics.com\/wp-content\/uploads\/2025\/03\/sello_opel_manta-300x186.jpg 300w\" sizes=\"(max-width: 512px) 100vw, 512px\" \/>\t\t\t\t\t\t\t\t<\/a>\n\t\t\t\t\t\t\t\t\t\t\t\t\t\t\t<\/div>\n\t\t\t\t<\/div>\n\t\t\t\t\t<\/div>\n\t\t<\/div>\n\t\t\t\t\t<\/div>\n\t\t<\/section>\n\t\t\t\t<section data-particle_enable=\"false\" data-particle-mobile-disabled=\"false\" class=\"elementor-section elementor-top-section elementor-element elementor-element-c580555 elementor-section-boxed elementor-section-height-default elementor-section-height-default\" data-id=\"c580555\" data-element_type=\"section\" data-e-type=\"section\">\n\t\t\t\t\t\t<div class=\"elementor-container elementor-column-gap-default\">\n\t\t\t\t\t<div class=\"elementor-column elementor-col-100 elementor-top-column elementor-element elementor-element-c6501c2\" data-id=\"c6501c2\" data-element_type=\"column\" data-e-type=\"column\">\n\t\t\t<div class=\"elementor-widget-wrap elementor-element-populated\">\n\t\t\t\t\t\t<div class=\"elementor-element elementor-element-bb7f1b7 elementor-widget-divider--view-line_icon elementor-view-default elementor-widget-divider--element-align-center elementor-widget elementor-widget-divider\" data-id=\"bb7f1b7\" data-element_type=\"widget\" data-e-type=\"widget\" data-widget_type=\"divider.default\">\n\t\t\t\t<div class=\"elementor-widget-container\">\n\t\t\t\t\t\t\t<div class=\"elementor-divider\">\n\t\t\t<span class=\"elementor-divider-separator\">\n\t\t\t\t\t\t\t<div class=\"elementor-icon elementor-divider__element\">\n\t\t\t\t\t<i aria-hidden=\"true\" class=\"fas fa-info-circle\"><\/i><\/div>\n\t\t\t\t\t\t<\/span>\n\t\t<\/div>\n\t\t\t\t\t\t<\/div>\n\t\t\t\t<\/div>\n\t\t\t\t\t<\/div>\n\t\t<\/div>\n\t\t\t\t\t<\/div>\n\t\t<\/section>\n\t\t\t\t<section data-particle_enable=\"false\" data-particle-mobile-disabled=\"false\" class=\"elementor-section elementor-top-section elementor-element elementor-element-3f51870 elementor-section-boxed elementor-section-height-default elementor-section-height-default\" data-id=\"3f51870\" data-element_type=\"section\" data-e-type=\"section\">\n\t\t\t\t\t\t<div class=\"elementor-container elementor-column-gap-default\">\n\t\t\t\t\t<div class=\"elementor-column elementor-col-100 elementor-top-column elementor-element elementor-element-1da8b6d\" data-id=\"1da8b6d\" data-element_type=\"column\" data-e-type=\"column\">\n\t\t\t<div class=\"elementor-widget-wrap elementor-element-populated\">\n\t\t\t\t\t\t<div class=\"elementor-element elementor-element-7e2934b elementor-widget elementor-widget-heading\" data-id=\"7e2934b\" data-element_type=\"widget\" data-e-type=\"widget\" data-widget_type=\"heading.default\">\n\t\t\t\t<div class=\"elementor-widget-container\">\n\t\t\t\t\t<h3 class=\"elementor-heading-title elementor-size-default\">Opel Manta Clubs Allemagne<\/h3>\t\t\t\t<\/div>\n\t\t\t\t<\/div>\n\t\t\t\t\t<\/div>\n\t\t<\/div>\n\t\t\t\t\t<\/div>\n\t\t<\/section>\n\t\t\t\t<section data-particle_enable=\"false\" data-particle-mobile-disabled=\"false\" class=\"elementor-section elementor-top-section elementor-element elementor-element-f13208f elementor-section-boxed elementor-section-height-default elementor-section-height-default\" data-id=\"f13208f\" data-element_type=\"section\" data-e-type=\"section\">\n\t\t\t\t\t\t<div class=\"elementor-container elementor-column-gap-default\">\n\t\t\t\t\t<div class=\"elementor-column elementor-col-100 elementor-top-column elementor-element elementor-element-241c4de\" data-id=\"241c4de\" data-element_type=\"column\" data-e-type=\"column\">\n\t\t\t<div class=\"elementor-widget-wrap elementor-element-populated\">\n\t\t\t\t\t\t<div class=\"elementor-element elementor-element-d1e81c0 elementor-widget__width-initial elementor-widget elementor-widget-text-editor\" data-id=\"d1e81c0\" data-element_type=\"widget\" data-e-type=\"widget\" data-widget_type=\"text-editor.default\">\n\t\t\t\t<div class=\"elementor-widget-container\">\n\t\t\t\t\t\t\t\t\t<p><strong><a href=\"http:\/\/opel-manta.de\/\" target=\"_blank\" rel=\"noopener\">Opel Manta Club Sachsen<\/a> e.V.<\/strong>&#8211; Saxony : Club d\u00e9di\u00e9 \u00e0 l&#8217;Opel Manta dans le Land de Saxe. Organise des \u00e9v\u00e9nements et des rencontres pour les fans du mod\u00e8le.    <\/p>\n<p><strong>Opel Manta Maniacs Club<\/strong>: Communaut\u00e9 Facebook active partageant des contenus relatifs \u00e0 l&#8217;Opel Manta, y compris des \u00e9v\u00e9nements et des photos.  <\/p>\n<p><strong><a href=\"https:\/\/www.opel-club-betreuung.de\/\" target=\"_blank\" rel=\"noopener\">Opel Club Betreuung<\/a>:<\/strong> Plate-forme pour divers clubs Opel en Allemagne, y compris ceux consacr\u00e9s \u00e0 la Manta.  <\/p>\n\t\t\t\t\t\t\t\t<\/div>\n\t\t\t\t<\/div>\n\t\t\t\t\t<\/div>\n\t\t<\/div>\n\t\t\t\t\t<\/div>\n\t\t<\/section>\n\t\t\t\t<section data-particle_enable=\"false\" data-particle-mobile-disabled=\"false\" class=\"elementor-section elementor-top-section elementor-element elementor-element-1f0f34e elementor-section-boxed elementor-section-height-default elementor-section-height-default\" data-id=\"1f0f34e\" data-element_type=\"section\" data-e-type=\"section\">\n\t\t\t\t\t\t<div class=\"elementor-container elementor-column-gap-default\">\n\t\t\t\t\t<div class=\"elementor-column elementor-col-100 elementor-top-column elementor-element elementor-element-e4ce4ff\" data-id=\"e4ce4ff\" data-element_type=\"column\" data-e-type=\"column\">\n\t\t\t<div class=\"elementor-widget-wrap elementor-element-populated\">\n\t\t\t\t\t\t<div class=\"elementor-element elementor-element-dfffde4 elementor-widget elementor-widget-heading\" data-id=\"dfffde4\" data-element_type=\"widget\" data-e-type=\"widget\" data-widget_type=\"heading.default\">\n\t\t\t\t<div class=\"elementor-widget-container\">\n\t\t\t\t\t<h3 class=\"elementor-heading-title elementor-size-default\">Opel Manta UK Clubs<\/h3>\t\t\t\t<\/div>\n\t\t\t\t<\/div>\n\t\t\t\t\t<\/div>\n\t\t<\/div>\n\t\t\t\t\t<\/div>\n\t\t<\/section>\n\t\t\t\t<section data-particle_enable=\"false\" data-particle-mobile-disabled=\"false\" class=\"elementor-section elementor-top-section elementor-element elementor-element-bfe5057 elementor-section-boxed elementor-section-height-default elementor-section-height-default\" data-id=\"bfe5057\" data-element_type=\"section\" data-e-type=\"section\">\n\t\t\t\t\t\t<div class=\"elementor-container elementor-column-gap-default\">\n\t\t\t\t\t<div class=\"elementor-column elementor-col-100 elementor-top-column elementor-element elementor-element-1457e52\" data-id=\"1457e52\" data-element_type=\"column\" data-e-type=\"column\">\n\t\t\t<div class=\"elementor-widget-wrap elementor-element-populated\">\n\t\t\t\t\t\t<div class=\"elementor-element elementor-element-bfd8fc2 elementor-widget__width-initial elementor-widget elementor-widget-text-editor\" data-id=\"bfd8fc2\" data-element_type=\"widget\" data-e-type=\"widget\" data-widget_type=\"text-editor.default\">\n\t\t\t\t<div class=\"elementor-widget-container\">\n\t\t\t\t\t\t\t\t\t<p><strong><a href=\"https:\/\/mantaclub.org\/\" target=\"_blank\" rel=\"noopener\">Opel Manta Owners Club<\/a> (OMOC<\/strong>) : Fond\u00e9 en 1983, l&#8217;<strong>Opel Manta Owners Club<\/strong> est le principal club britannique d\u00e9di\u00e9 exclusivement aux propri\u00e9taires et aux amateurs d&#8217;Opel Manta. Avec environ 500 membres du monde entier, l&#8217;OMOC offre une plateforme pour le partage d&#8217;exp\u00e9riences, de connaissances et de ressources li\u00e9es \u00e0 la pr\u00e9servation et \u00e0 l&#8217;appr\u00e9ciation de l&#8217;Opel Manta. Le club organise des r\u00e9unions nationales et r\u00e9gionales et offre des avantages tels qu&#8217;un forum actif, des remises sur les pi\u00e8ces d\u00e9tach\u00e9es et un programme d&#8217;assurance pour les propri\u00e9taires.  <\/p>\n<p><strong>Opel Manta UK Fan Club<\/strong>: Ce groupe Facebook est destin\u00e9 aux personnes qui vivent, respirent et sont passionn\u00e9es par tout ce qui concerne l&#8217;Opel Manta, l&#8217;Ascona ou le Cavalier. La page est d\u00e9di\u00e9e au partage d&#8217;exp\u00e9riences, de photos, de conseils techniques et de discussions li\u00e9es \u00e0 ces mod\u00e8les, favorisant ainsi une communaut\u00e9 active et engag\u00e9e.<a href=\"https:\/\/www.facebook.com\/groups\/7372544390\/\">facebook.com+1en.wikipedia.org+1<\/a><\/p>\n<p><strong>Opel Manta Motorsport Group<\/strong>: un autre groupe Facebook qui rassemble les passionn\u00e9s de l&#8217;Opel Manta int\u00e9ress\u00e9s par les courses et les performances du v\u00e9hicule. Les membres partagent des contenus li\u00e9s aux pr\u00e9parations, aux \u00e9v\u00e9nements de sport automobile et aux am\u00e9liorations techniques sp\u00e9cifiques pour la Manta. <\/p>\n\t\t\t\t\t\t\t\t<\/div>\n\t\t\t\t<\/div>\n\t\t\t\t\t<\/div>\n\t\t<\/div>\n\t\t\t\t\t<\/div>\n\t\t<\/section>\n\t\t\t\t<section data-particle_enable=\"false\" data-particle-mobile-disabled=\"false\" class=\"elementor-section elementor-top-section elementor-element elementor-element-8877437 elementor-section-boxed elementor-section-height-default elementor-section-height-default\" data-id=\"8877437\" data-element_type=\"section\" data-e-type=\"section\">\n\t\t\t\t\t\t<div class=\"elementor-container elementor-column-gap-default\">\n\t\t\t\t\t<div class=\"elementor-column elementor-col-100 elementor-top-column elementor-element elementor-element-3daac0d\" data-id=\"3daac0d\" data-element_type=\"column\" data-e-type=\"column\">\n\t\t\t<div class=\"elementor-widget-wrap elementor-element-populated\">\n\t\t\t\t\t\t<div class=\"elementor-element elementor-element-cb0f9af elementor-widget elementor-widget-heading\" data-id=\"cb0f9af\" data-element_type=\"widget\" data-e-type=\"widget\" data-widget_type=\"heading.default\">\n\t\t\t\t<div class=\"elementor-widget-container\">\n\t\t\t\t\t<h3 class=\"elementor-heading-title elementor-size-default\">Clubs Opel Manta France<\/h3>\t\t\t\t<\/div>\n\t\t\t\t<\/div>\n\t\t\t\t\t<\/div>\n\t\t<\/div>\n\t\t\t\t\t<\/div>\n\t\t<\/section>\n\t\t\t\t<section data-particle_enable=\"false\" data-particle-mobile-disabled=\"false\" class=\"elementor-section elementor-top-section elementor-element elementor-element-549a9dd elementor-section-boxed elementor-section-height-default elementor-section-height-default\" data-id=\"549a9dd\" data-element_type=\"section\" data-e-type=\"section\">\n\t\t\t\t\t\t<div class=\"elementor-container elementor-column-gap-default\">\n\t\t\t\t\t<div class=\"elementor-column elementor-col-100 elementor-top-column elementor-element elementor-element-65bbfba\" data-id=\"65bbfba\" data-element_type=\"column\" data-e-type=\"column\">\n\t\t\t<div class=\"elementor-widget-wrap elementor-element-populated\">\n\t\t\t\t\t\t<div class=\"elementor-element elementor-element-eab92db elementor-widget__width-initial elementor-widget elementor-widget-text-editor\" data-id=\"eab92db\" data-element_type=\"widget\" data-e-type=\"widget\" data-widget_type=\"text-editor.default\">\n\t\t\t\t<div class=\"elementor-widget-container\">\n\t\t\t\t\t\t\t\t\t<p><span class=\"relative -mx-px my-[-0.2rem] rounded px-px py-[0.2rem]\"><strong data-start=\"3\" data-end=\"41\"><a href=\"https:\/\/opel-classic-club.com\/\" target=\"_blank\" rel=\"noopener\">Opel Classic Club de France (OCCF<\/a>) : <\/strong> Il s&#8217;agit d&#8217;une association \u00e0 but non lucratif qui rassemble les amateurs de v\u00e9hicules Opel classiques, rares, sportifs ou <strong data-start=\"151\" data-end=\"166\">jeunes.<\/strong><\/span> <span class=\"relative -mx-px my-[-0.2rem] rounded px-px py-[0.2rem]\">Fond\u00e9 en 1988, initialement sous le nom de <strong data-start=\"35\" data-end=\"63\">Commodore Club de France<\/strong>, il a adopt\u00e9 son nom actuel en 2003 pour refl\u00e9ter la diversit\u00e9 croissante des mod\u00e8les Opel repr\u00e9sent\u00e9s. Il compte plus de 200 membres en France et dans d&#8217;autres pays europ\u00e9ens, ce qui facilite la collaboration et le partage des connaissances entre les passionn\u00e9s. <\/span><\/p>\n<p><span class=\"relative -mx-px my-[-0.2rem] rounded px-px py-[0.2rem]\">Il propose le &#8220;e-Blitz Magazine&#8221;, un blog avec des articles sur l&#8217;univers Opel, des interviews et des nouvelles du club.<\/span><\/p>\n\t\t\t\t\t\t\t\t<\/div>\n\t\t\t\t<\/div>\n\t\t\t\t\t<\/div>\n\t\t<\/div>\n\t\t\t\t\t<\/div>\n\t\t<\/section>\n\t\t\t\t<section data-particle_enable=\"false\" data-particle-mobile-disabled=\"false\" class=\"elementor-section elementor-top-section elementor-element elementor-element-979d8a3 elementor-section-boxed elementor-section-height-default elementor-section-height-default\" data-id=\"979d8a3\" data-element_type=\"section\" data-e-type=\"section\">\n\t\t\t\t\t\t<div class=\"elementor-container elementor-column-gap-default\">\n\t\t\t\t\t<div class=\"elementor-column elementor-col-100 elementor-top-column elementor-element elementor-element-ee71211\" data-id=\"ee71211\" data-element_type=\"column\" data-e-type=\"column\">\n\t\t\t<div class=\"elementor-widget-wrap elementor-element-populated\">\n\t\t\t\t\t\t<div class=\"elementor-element elementor-element-d1f6cf5 elementor-widget elementor-widget-heading\" data-id=\"d1f6cf5\" data-element_type=\"widget\" data-e-type=\"widget\" data-widget_type=\"heading.default\">\n\t\t\t\t<div class=\"elementor-widget-container\">\n\t\t\t\t\t<h3 class=\"elementor-heading-title elementor-size-default\">Clubs Opel Manta Espagne<\/h3>\t\t\t\t<\/div>\n\t\t\t\t<\/div>\n\t\t\t\t\t<\/div>\n\t\t<\/div>\n\t\t\t\t\t<\/div>\n\t\t<\/section>\n\t\t\t\t<section data-particle_enable=\"false\" data-particle-mobile-disabled=\"false\" class=\"elementor-section elementor-top-section elementor-element elementor-element-bc390ca elementor-section-boxed elementor-section-height-default elementor-section-height-default\" data-id=\"bc390ca\" data-element_type=\"section\" data-e-type=\"section\">\n\t\t\t\t\t\t<div class=\"elementor-container elementor-column-gap-default\">\n\t\t\t\t\t<div class=\"elementor-column elementor-col-100 elementor-top-column elementor-element elementor-element-93ebb34\" data-id=\"93ebb34\" data-element_type=\"column\" data-e-type=\"column\">\n\t\t\t<div class=\"elementor-widget-wrap elementor-element-populated\">\n\t\t\t\t\t\t<div class=\"elementor-element elementor-element-bd128b2 elementor-widget__width-initial elementor-widget elementor-widget-text-editor\" data-id=\"bd128b2\" data-element_type=\"widget\" data-e-type=\"widget\" data-widget_type=\"text-editor.default\">\n\t\t\t\t<div class=\"elementor-widget-container\">\n\t\t\t\t\t\t\t\t\t<p><a href=\"https:\/\/www.opelmantaclub.com\/el-club\/\" target=\"_blank\" rel=\"noopener\"><strong>Opel Manta Club Espagne<\/strong><\/a>Opel Manta <strong>Club Spain<\/strong>: Fond\u00e9 en 2005, l&#8217;<strong>Opel Manta Club Spain<\/strong> est le principal point de rencontre des amateurs d&#8217;Opel Manta dans le pays. Le club offre \u00e0 ses membres un certain nombre d&#8217;avantages, tels que. <\/p>\n<ul>\n<li><strong>Acc\u00e8s \u00e0 la documentation technique<\/strong>: les membres peuvent consulter des informations d\u00e9taill\u00e9es sur l&#8217;entretien et la restauration de l&#8217;Opel Manta.<\/li>\n<li><strong>R\u00e9ductions sur les services et les produits<\/strong>: Des accords avec des entreprises du secteur automobile permettent aux membres de b\u00e9n\u00e9ficier de prix sp\u00e9ciaux sur les pi\u00e8ces d\u00e9tach\u00e9es, les services d&#8217;entretien et d&#8217;autres produits connexes.<\/li>\n<li><strong>Participation \u00e0 des rallyes et \u00e0 des \u00e9v\u00e9nements<\/strong>: Le club organise des rencontres nationales et internationales, qui permettent de partager les exp\u00e9riences et les connaissances entre les passionn\u00e9s.<\/li>\n<\/ul>\n<p>En outre, l&#8217;Opel Manta Club Espagne maintient une pr\u00e9sence active sur les m\u00e9dias sociaux, facilitant l&#8217;interaction entre les membres et les adeptes.<\/p>\n\t\t\t\t\t\t\t\t<\/div>\n\t\t\t\t<\/div>\n\t\t\t\t<div class=\"elementor-element elementor-element-c0389a6 elementor-widget-divider--view-line elementor-widget elementor-widget-divider\" data-id=\"c0389a6\" data-element_type=\"widget\" data-e-type=\"widget\" data-widget_type=\"divider.default\">\n\t\t\t\t<div class=\"elementor-widget-container\">\n\t\t\t\t\t\t\t<div class=\"elementor-divider\">\n\t\t\t<span class=\"elementor-divider-separator\">\n\t\t\t\t\t\t<\/span>\n\t\t<\/div>\n\t\t\t\t\t\t<\/div>\n\t\t\t\t<\/div>\n\t\t\t\t\t<\/div>\n\t\t<\/div>\n\t\t\t\t\t<\/div>\n\t\t<\/section>\n\t\t\t\t<section data-particle_enable=\"false\" data-particle-mobile-disabled=\"false\" class=\"elementor-section elementor-top-section elementor-element elementor-element-2b1388d elementor-section-boxed elementor-section-height-default elementor-section-height-default\" data-id=\"2b1388d\" data-element_type=\"section\" data-e-type=\"section\">\n\t\t\t\t\t\t<div class=\"elementor-container elementor-column-gap-default\">\n\t\t\t\t\t<div class=\"elementor-column elementor-col-100 elementor-top-column elementor-element elementor-element-f5be791\" data-id=\"f5be791\" data-element_type=\"column\" data-e-type=\"column\">\n\t\t\t<div class=\"elementor-widget-wrap elementor-element-populated\">\n\t\t\t\t\t\t<div class=\"elementor-element elementor-element-154e92d elementor-widget elementor-widget-image\" data-id=\"154e92d\" data-element_type=\"widget\" data-e-type=\"widget\" data-widget_type=\"image.default\">\n\t\t\t\t<div class=\"elementor-widget-container\">\n\t\t\t\t\t\t\t\t\t\t\t\t\t\t\t<img loading=\"lazy\" decoding=\"async\" width=\"1024\" height=\"576\" src=\"https:\/\/www.jgclassics.com\/wp-content\/uploads\/2025\/03\/20230513_111513-scaled.jpg\" class=\"attachment-large size-large wp-image-21883\" alt=\"Opel manta i200 volant irmscher\" srcset=\"https:\/\/www.jgclassics.com\/wp-content\/uploads\/2025\/03\/20230513_111513-scaled.jpg 2560w, https:\/\/www.jgclassics.com\/wp-content\/uploads\/2025\/03\/20230513_111513-300x169.jpg 300w\" sizes=\"(max-width: 1024px) 100vw, 1024px\" \/>\t\t\t\t\t\t\t\t\t\t\t\t\t\t\t<\/div>\n\t\t\t\t<\/div>\n\t\t\t\t\t<\/div>\n\t\t<\/div>\n\t\t\t\t\t<\/div>\n\t\t<\/section>\n\t\t\t\t<section data-particle_enable=\"false\" data-particle-mobile-disabled=\"false\" class=\"elementor-section elementor-top-section elementor-element elementor-element-42f789a elementor-section-boxed elementor-section-height-default elementor-section-height-default\" data-id=\"42f789a\" data-element_type=\"section\" data-e-type=\"section\">\n\t\t\t\t\t\t<div class=\"elementor-container elementor-column-gap-default\">\n\t\t\t\t\t<div class=\"elementor-column elementor-col-100 elementor-top-column elementor-element elementor-element-fb725a0\" data-id=\"fb725a0\" data-element_type=\"column\" data-e-type=\"column\">\n\t\t\t<div class=\"elementor-widget-wrap elementor-element-populated\">\n\t\t\t\t\t\t<div class=\"elementor-element elementor-element-d28d06d elementor-widget elementor-widget-heading\" data-id=\"d28d06d\" data-element_type=\"widget\" data-e-type=\"widget\" data-widget_type=\"heading.default\">\n\t\t\t\t<div class=\"elementor-widget-container\">\n\t\t\t\t\t<h2 class=\"elementor-heading-title elementor-size-default\">Conclusion<\/h2>\t\t\t\t<\/div>\n\t\t\t\t<\/div>\n\t\t\t\t\t<\/div>\n\t\t<\/div>\n\t\t\t\t\t<\/div>\n\t\t<\/section>\n\t\t\t\t<section data-particle_enable=\"false\" data-particle-mobile-disabled=\"false\" class=\"elementor-section elementor-top-section elementor-element elementor-element-af32e83 elementor-section-boxed elementor-section-height-default elementor-section-height-default\" data-id=\"af32e83\" data-element_type=\"section\" data-e-type=\"section\">\n\t\t\t\t\t\t<div class=\"elementor-container elementor-column-gap-default\">\n\t\t\t\t\t<div class=\"elementor-column elementor-col-100 elementor-top-column elementor-element elementor-element-a8db5ca\" data-id=\"a8db5ca\" data-element_type=\"column\" data-e-type=\"column\">\n\t\t\t<div class=\"elementor-widget-wrap elementor-element-populated\">\n\t\t\t\t\t\t<div class=\"elementor-element elementor-element-77bacae elementor-widget elementor-widget-text-editor\" data-id=\"77bacae\" data-element_type=\"widget\" data-e-type=\"widget\" data-widget_type=\"text-editor.default\">\n\t\t\t\t<div class=\"elementor-widget-container\">\n\t\t\t\t\t\t\t\t\t<p>La perception de l&#8217;Opel Manta est pass\u00e9e de st\u00e9r\u00e9otypes humoristiques, de boutades, de plaisanteries et d&#8217;une r\u00e9putation de voiture d\u00e9cadente \u00e0 celle d&#8217;un classique v\u00e9n\u00e9r\u00e9. Ce changement refl\u00e8te une r\u00e9\u00e9valuation culturelle et une appr\u00e9ciation renouvel\u00e9e de son design et de son h\u00e9ritage historique dans l&#8217;industrie automobile allemande. Rappelez-vous que &#8211; aim\u00e9es ou vilipend\u00e9es &#8211; pr\u00e8s d&#8217;un million d&#8217;Opel Manta sont sorties des usines de Bochum et de R\u00fcsselsheim en Allemagne et d&#8217;Anvers en Belgique.<\/p>\n\t\t\t\t\t\t\t\t<\/div>\n\t\t\t\t<\/div>\n\t\t\t\t\t<\/div>\n\t\t<\/div>\n\t\t\t\t\t<\/div>\n\t\t<\/section>\n\t\t\t\t<section data-particle_enable=\"false\" data-particle-mobile-disabled=\"false\" class=\"elementor-section elementor-top-section elementor-element elementor-element-d5c241d elementor-section-boxed elementor-section-height-default elementor-section-height-default\" data-id=\"d5c241d\" data-element_type=\"section\" data-e-type=\"section\">\n\t\t\t\t\t\t<div class=\"elementor-container elementor-column-gap-default\">\n\t\t\t\t\t<div class=\"elementor-column elementor-col-100 elementor-top-column elementor-element elementor-element-1beeca2\" data-id=\"1beeca2\" data-element_type=\"column\" data-e-type=\"column\">\n\t\t\t<div class=\"elementor-widget-wrap elementor-element-populated\">\n\t\t\t\t\t\t<div class=\"elementor-element elementor-element-0c5ea98 elementor-widget elementor-widget-text-editor\" data-id=\"0c5ea98\" data-element_type=\"widget\" data-e-type=\"widget\" data-widget_type=\"text-editor.default\">\n\t\t\t\t<div class=\"elementor-widget-container\">\n\t\t\t\t\t\t\t\t\t<p>Vive l&#8217;Opel Manta !<\/p>\n\t\t\t\t\t\t\t\t<\/div>\n\t\t\t\t<\/div>\n\t\t\t\t\t<\/div>\n\t\t<\/div>\n\t\t\t\t\t<\/div>\n\t\t<\/section>\n\t\t\t\t<section data-particle_enable=\"false\" data-particle-mobile-disabled=\"false\" class=\"elementor-section elementor-top-section elementor-element elementor-element-92a99b8 elementor-section-boxed elementor-section-height-default elementor-section-height-default\" data-id=\"92a99b8\" data-element_type=\"section\" data-e-type=\"section\">\n\t\t\t\t\t\t<div class=\"elementor-container elementor-column-gap-default\">\n\t\t\t\t\t<div class=\"elementor-column elementor-col-100 elementor-top-column elementor-element elementor-element-8a21f9a\" data-id=\"8a21f9a\" data-element_type=\"column\" data-e-type=\"column\">\n\t\t\t<div class=\"elementor-widget-wrap elementor-element-populated\">\n\t\t\t\t\t\t<div class=\"elementor-element elementor-element-353d172 elementor-widget elementor-widget-image\" data-id=\"353d172\" data-element_type=\"widget\" data-e-type=\"widget\" data-widget_type=\"image.default\">\n\t\t\t\t<div class=\"elementor-widget-container\">\n\t\t\t\t\t\t\t\t\t\t\t\t\t\t\t<img loading=\"lazy\" decoding=\"async\" width=\"1024\" height=\"248\" src=\"https:\/\/www.jgclassics.com\/wp-content\/uploads\/2025\/03\/20230513_110759-fotor-ai-art-effects-20250310183019-1024x248.jpg\" class=\"attachment-large size-large wp-image-21905\" alt=\"\" srcset=\"https:\/\/www.jgclassics.com\/wp-content\/uploads\/2025\/03\/20230513_110759-fotor-ai-art-effects-20250310183019-1024x248.jpg 1024w, https:\/\/www.jgclassics.com\/wp-content\/uploads\/2025\/03\/20230513_110759-fotor-ai-art-effects-20250310183019-300x73.jpg 300w, https:\/\/www.jgclassics.com\/wp-content\/uploads\/2025\/03\/20230513_110759-fotor-ai-art-effects-20250310183019-768x186.jpg 768w, https:\/\/www.jgclassics.com\/wp-content\/uploads\/2025\/03\/20230513_110759-fotor-ai-art-effects-20250310183019-1536x372.jpg 1536w, https:\/\/www.jgclassics.com\/wp-content\/uploads\/2025\/03\/20230513_110759-fotor-ai-art-effects-20250310183019-2048x496.jpg 2048w\" sizes=\"(max-width: 1024px) 100vw, 1024px\" \/>\t\t\t\t\t\t\t\t\t\t\t\t\t\t\t<\/div>\n\t\t\t\t<\/div>\n\t\t\t\t\t<\/div>\n\t\t<\/div>\n\t\t\t\t\t<\/div>\n\t\t<\/section>\n\t\t\t\t<\/div>\n\t\t","protected":false},"excerpt":{"rendered":"<p>Peu de voitures classiques ont connu un parcours aussi difficile que l&#8217;Opel Manta. Fabriqu\u00e9e en Allemagne et import\u00e9e en Espagne, elle a travers\u00e9 deux fois la &#8220;travers\u00e9e du d\u00e9sert&#8221; du d\u00e9nigrement et de l&#8217;anachronisme avant d&#8217;\u00eatre consid\u00e9r\u00e9e comme un classique. J&#8217;explique son histoire ici.  <\/p>\n","protected":false},"author":1,"featured_media":14322,"comment_status":"closed","ping_status":"closed","sticky":false,"template":"elementor_header_footer","format":"standard","meta":{"_monsterinsights_skip_tracking":false,"_monsterinsights_sitenote_active":false,"_monsterinsights_sitenote_note":"","_monsterinsights_sitenote_category":0,"site-sidebar-layout":"default","site-content-layout":"","ast-site-content-layout":"default","site-content-style":"default","site-sidebar-style":"default","ast-global-header-display":"","ast-banner-title-visibility":"","ast-main-header-display":"","ast-hfb-above-header-display":"","ast-hfb-below-header-display":"","ast-hfb-mobile-header-display":"","site-post-title":"","ast-breadcrumbs-content":"","ast-featured-img":"","footer-sml-layout":"","ast-disable-related-posts":"","theme-transparent-header-meta":"","adv-header-id-meta":"","stick-header-meta":"","header-above-stick-meta":"","header-main-stick-meta":"","header-below-stick-meta":"","astra-migrate-meta-layouts":"set","ast-page-background-enabled":"default","ast-page-background-meta":{"desktop":{"background-color":"var(--ast-global-color-4)","background-image":"","background-repeat":"repeat","background-position":"center center","background-size":"auto","background-attachment":"scroll","background-type":"","background-media":"","overlay-type":"","overlay-color":"","overlay-opacity":"","overlay-gradient":""},"tablet":{"background-color":"","background-image":"","background-repeat":"repeat","background-position":"center center","background-size":"auto","background-attachment":"scroll","background-type":"","background-media":"","overlay-type":"","overlay-color":"","overlay-opacity":"","overlay-gradient":""},"mobile":{"background-color":"","background-image":"","background-repeat":"repeat","background-position":"center center","background-size":"auto","background-attachment":"scroll","background-type":"","background-media":"","overlay-type":"","overlay-color":"","overlay-opacity":"","overlay-gradient":""}},"ast-content-background-meta":{"desktop":{"background-color":"var(--ast-global-color-5)","background-image":"","background-repeat":"repeat","background-position":"center center","background-size":"auto","background-attachment":"scroll","background-type":"","background-media":"","overlay-type":"","overlay-color":"","overlay-opacity":"","overlay-gradient":""},"tablet":{"background-color":"var(--ast-global-color-5)","background-image":"","background-repeat":"repeat","background-position":"center center","background-size":"auto","background-attachment":"scroll","background-type":"","background-media":"","overlay-type":"","overlay-color":"","overlay-opacity":"","overlay-gradient":""},"mobile":{"background-color":"var(--ast-global-color-5)","background-image":"","background-repeat":"repeat","background-position":"center center","background-size":"auto","background-attachment":"scroll","background-type":"","background-media":"","overlay-type":"","overlay-color":"","overlay-opacity":"","overlay-gradient":""}},"footnotes":""},"categories":[497],"tags":[],"class_list":["post-21960","post","type-post","status-publish","format-standard","has-post-thumbnail","hentry","category-actualites"],"yoast_head":"<!-- This site is optimized with the Yoast SEO Premium plugin v27.4 (Yoast SEO v27.4) - https:\/\/yoast.com\/product\/yoast-seo-premium-wordpress\/ -->\n<title>L&#039;Opel Manta et son difficile chemin vers le statut de classique<\/title>\n<meta name=\"description\" content=\"Peu de voitures classiques ont connu un parcours aussi difficile que l&#039;Opel Manta. Fabriqu\u00e9e en Allemagne et import\u00e9e en Espagne, elle a travers\u00e9 deux fois la &quot;travers\u00e9e du d\u00e9sert&quot; du d\u00e9nigrement et de l&#039;anachronisme avant d&#039;\u00eatre consid\u00e9r\u00e9e comme un classique. J&#039;explique son histoire ici.\" \/>\n<meta name=\"robots\" content=\"index, follow, max-snippet:-1, max-image-preview:large, max-video-preview:-1\" \/>\n<link rel=\"canonical\" href=\"https:\/\/www.jgclassics.com\/fr\/2025\/03\/10\/opel-manta-une-course-acharnee-vers-la-voiture-classique\/\" \/>\n<meta property=\"og:locale\" content=\"fr_FR\" \/>\n<meta property=\"og:type\" content=\"article\" \/>\n<meta property=\"og:title\" content=\"Opel Manta : une course acharn\u00e9e vers la voiture classique\" \/>\n<meta property=\"og:description\" content=\"Peu de voitures classiques ont connu un parcours aussi difficile que l&#039;Opel Manta. Fabriqu\u00e9e en Allemagne et import\u00e9e en Espagne, elle a travers\u00e9 deux fois la &quot;travers\u00e9e du d\u00e9sert&quot; du d\u00e9nigrement et de l&#039;anachronisme avant d&#039;\u00eatre consid\u00e9r\u00e9e comme un classique. J&#039;explique son histoire ici.\" \/>\n<meta property=\"og:url\" content=\"https:\/\/www.jgclassics.com\/fr\/2025\/03\/10\/opel-manta-une-course-acharnee-vers-la-voiture-classique\/\" \/>\n<meta property=\"og:site_name\" content=\"JG Classics : L&#039;\u00e9motion du voyage dans le temps\" \/>\n<meta property=\"article:publisher\" content=\"https:\/\/www.facebook.com\/profile.php?id=100086454427345\" \/>\n<meta property=\"article:published_time\" content=\"2025-03-10T19:37:57+00:00\" \/>\n<meta property=\"article:modified_time\" content=\"2025-03-12T17:27:38+00:00\" \/>\n<meta property=\"og:image\" content=\"https:\/\/www.jgclassics.com\/wp-content\/uploads\/2023\/05\/20230513_111209-scaled.jpg\" \/>\n<meta name=\"author\" content=\"JG Classics Administrator\" \/>\n<meta name=\"twitter:card\" content=\"summary_large_image\" \/>\n<meta name=\"twitter:description\" content=\"Peu de voitures classiques ont connu un parcours aussi difficile que l&#039;Opel Manta. Fabriqu\u00e9e en Allemagne et import\u00e9e en Espagne, elle a travers\u00e9 deux fois la &quot;travers\u00e9e du d\u00e9sert&quot; du d\u00e9nigrement et de l&#039;anachronisme avant d&#039;\u00eatre consid\u00e9r\u00e9e comme un classique. J&#039;explique son histoire ici.\" \/>\n<meta name=\"twitter:label1\" content=\"\u00c9crit par\" \/>\n\t<meta name=\"twitter:data1\" content=\"JG Classics Administrator\" \/>\n\t<meta name=\"twitter:label2\" content=\"Dur\u00e9e de lecture estim\u00e9e\" \/>\n\t<meta name=\"twitter:data2\" content=\"35 minutes\" \/>\n<script type=\"application\/ld+json\" class=\"yoast-schema-graph\">{\"@context\":\"https:\\\/\\\/schema.org\",\"@graph\":[{\"@type\":\"Article\",\"@id\":\"https:\\\/\\\/www.jgclassics.com\\\/fr\\\/2025\\\/03\\\/10\\\/opel-manta-une-course-acharnee-vers-la-voiture-classique\\\/#article\",\"isPartOf\":{\"@id\":\"https:\\\/\\\/www.jgclassics.com\\\/fr\\\/2025\\\/03\\\/10\\\/opel-manta-une-course-acharnee-vers-la-voiture-classique\\\/\"},\"author\":{\"name\":\"JG Classics Administrator\",\"@id\":\"https:\\\/\\\/www.jgclassics.com\\\/fr\\\/#\\\/schema\\\/person\\\/c90c7d27489a18da844c6085e5641f8d\"},\"headline\":\"Opel Manta : une course acharn\u00e9e vers la voiture classique\",\"datePublished\":\"2025-03-10T19:37:57+00:00\",\"dateModified\":\"2025-03-12T17:27:38+00:00\",\"mainEntityOfPage\":{\"@id\":\"https:\\\/\\\/www.jgclassics.com\\\/fr\\\/2025\\\/03\\\/10\\\/opel-manta-une-course-acharnee-vers-la-voiture-classique\\\/\"},\"wordCount\":7510,\"publisher\":{\"@id\":\"https:\\\/\\\/www.jgclassics.com\\\/fr\\\/#organization\"},\"image\":{\"@id\":\"https:\\\/\\\/www.jgclassics.com\\\/fr\\\/2025\\\/03\\\/10\\\/opel-manta-une-course-acharnee-vers-la-voiture-classique\\\/#primaryimage\"},\"thumbnailUrl\":\"https:\\\/\\\/www.jgclassics.com\\\/wp-content\\\/uploads\\\/2023\\\/05\\\/20230513_111353-scaled.jpg\",\"articleSection\":[\"Actualit\u00e9s\"],\"inLanguage\":\"fr-FR\"},{\"@type\":\"WebPage\",\"@id\":\"https:\\\/\\\/www.jgclassics.com\\\/fr\\\/2025\\\/03\\\/10\\\/opel-manta-une-course-acharnee-vers-la-voiture-classique\\\/\",\"url\":\"https:\\\/\\\/www.jgclassics.com\\\/fr\\\/2025\\\/03\\\/10\\\/opel-manta-une-course-acharnee-vers-la-voiture-classique\\\/\",\"name\":\"L'Opel Manta et son difficile chemin vers le statut de classique\",\"isPartOf\":{\"@id\":\"https:\\\/\\\/www.jgclassics.com\\\/fr\\\/#website\"},\"primaryImageOfPage\":{\"@id\":\"https:\\\/\\\/www.jgclassics.com\\\/fr\\\/2025\\\/03\\\/10\\\/opel-manta-une-course-acharnee-vers-la-voiture-classique\\\/#primaryimage\"},\"image\":{\"@id\":\"https:\\\/\\\/www.jgclassics.com\\\/fr\\\/2025\\\/03\\\/10\\\/opel-manta-une-course-acharnee-vers-la-voiture-classique\\\/#primaryimage\"},\"thumbnailUrl\":\"https:\\\/\\\/www.jgclassics.com\\\/wp-content\\\/uploads\\\/2023\\\/05\\\/20230513_111353-scaled.jpg\",\"datePublished\":\"2025-03-10T19:37:57+00:00\",\"dateModified\":\"2025-03-12T17:27:38+00:00\",\"description\":\"Peu de voitures classiques ont connu un parcours aussi difficile que l'Opel Manta. Fabriqu\u00e9e en Allemagne et import\u00e9e en Espagne, elle a travers\u00e9 deux fois la \\\"travers\u00e9e du d\u00e9sert\\\" du d\u00e9nigrement et de l'anachronisme avant d'\u00eatre consid\u00e9r\u00e9e comme un classique. J'explique son histoire ici.\",\"breadcrumb\":{\"@id\":\"https:\\\/\\\/www.jgclassics.com\\\/fr\\\/2025\\\/03\\\/10\\\/opel-manta-une-course-acharnee-vers-la-voiture-classique\\\/#breadcrumb\"},\"inLanguage\":\"fr-FR\",\"potentialAction\":[{\"@type\":\"ReadAction\",\"target\":[\"https:\\\/\\\/www.jgclassics.com\\\/fr\\\/2025\\\/03\\\/10\\\/opel-manta-une-course-acharnee-vers-la-voiture-classique\\\/\"]}]},{\"@type\":\"ImageObject\",\"inLanguage\":\"fr-FR\",\"@id\":\"https:\\\/\\\/www.jgclassics.com\\\/fr\\\/2025\\\/03\\\/10\\\/opel-manta-une-course-acharnee-vers-la-voiture-classique\\\/#primaryimage\",\"url\":\"https:\\\/\\\/www.jgclassics.com\\\/wp-content\\\/uploads\\\/2023\\\/05\\\/20230513_111353-scaled.jpg\",\"contentUrl\":\"https:\\\/\\\/www.jgclassics.com\\\/wp-content\\\/uploads\\\/2023\\\/05\\\/20230513_111353-scaled.jpg\",\"width\":2560,\"height\":1440,\"caption\":\"Opel Manta GTE. Disponible pour la location, les photos, les tournages, les s\u00e9quences.\"},{\"@type\":\"BreadcrumbList\",\"@id\":\"https:\\\/\\\/www.jgclassics.com\\\/fr\\\/2025\\\/03\\\/10\\\/opel-manta-une-course-acharnee-vers-la-voiture-classique\\\/#breadcrumb\",\"itemListElement\":[{\"@type\":\"ListItem\",\"position\":1,\"name\":\"Inicio\",\"item\":\"https:\\\/\\\/www.jgclassics.com\\\/fr\\\/jg-classics-des-voitures-classiques-et-historiques-pour-voyager-dans-le-temps\\\/\"},{\"@type\":\"ListItem\",\"position\":2,\"name\":\"Opel Manta : une course acharn\u00e9e vers la voiture classique\"}]},{\"@type\":\"WebSite\",\"@id\":\"https:\\\/\\\/www.jgclassics.com\\\/fr\\\/#website\",\"url\":\"https:\\\/\\\/www.jgclassics.com\\\/fr\\\/\",\"name\":\"JG Classics : L'\u00e9motion du voyage dans le temps\",\"description\":\"Voitures anciennes, voitures historiques : Location, accompagnement aux restaurations, informations techniques et achat de mat\u00e9riel\",\"publisher\":{\"@id\":\"https:\\\/\\\/www.jgclassics.com\\\/fr\\\/#organization\"},\"alternateName\":\"JG Classics - Coches cl\u00e1sicos e hist\u00f3ricos - Alquiler, blogs, informaci\u00f3n, art\u00edculos\",\"potentialAction\":[{\"@type\":\"SearchAction\",\"target\":{\"@type\":\"EntryPoint\",\"urlTemplate\":\"https:\\\/\\\/www.jgclassics.com\\\/fr\\\/?s={search_term_string}\"},\"query-input\":{\"@type\":\"PropertyValueSpecification\",\"valueRequired\":true,\"valueName\":\"search_term_string\"}}],\"inLanguage\":\"fr-FR\"},{\"@type\":\"Organization\",\"@id\":\"https:\\\/\\\/www.jgclassics.com\\\/fr\\\/#organization\",\"name\":\"JG Classics : L'\u00e9motion du voyage dans le temps\",\"alternateName\":\"JG Classics\",\"url\":\"https:\\\/\\\/www.jgclassics.com\\\/fr\\\/\",\"logo\":{\"@type\":\"ImageObject\",\"inLanguage\":\"fr-FR\",\"@id\":\"https:\\\/\\\/www.jgclassics.com\\\/fr\\\/#\\\/schema\\\/logo\\\/image\\\/\",\"url\":\"https:\\\/\\\/www.jgclassics.com\\\/wp-content\\\/uploads\\\/2022\\\/10\\\/Color-logo-with-background.svg\",\"contentUrl\":\"https:\\\/\\\/www.jgclassics.com\\\/wp-content\\\/uploads\\\/2022\\\/10\\\/Color-logo-with-background.svg\",\"width\":3171,\"height\":2303,\"caption\":\"JG Classics : L'\u00e9motion du voyage dans le temps\"},\"image\":{\"@id\":\"https:\\\/\\\/www.jgclassics.com\\\/fr\\\/#\\\/schema\\\/logo\\\/image\\\/\"},\"sameAs\":[\"https:\\\/\\\/www.facebook.com\\\/profile.php?id=100086454427345\"]},{\"@type\":\"Person\",\"@id\":\"https:\\\/\\\/www.jgclassics.com\\\/fr\\\/#\\\/schema\\\/person\\\/c90c7d27489a18da844c6085e5641f8d\",\"name\":\"JG Classics Administrator\",\"image\":{\"@type\":\"ImageObject\",\"inLanguage\":\"fr-FR\",\"@id\":\"https:\\\/\\\/secure.gravatar.com\\\/avatar\\\/ededfcc22765048d597870dfa6024bcb30f5c6fa35cd8cf28a5f1ac6e0067a31?s=96&d=mm&r=g\",\"url\":\"https:\\\/\\\/secure.gravatar.com\\\/avatar\\\/ededfcc22765048d597870dfa6024bcb30f5c6fa35cd8cf28a5f1ac6e0067a31?s=96&d=mm&r=g\",\"contentUrl\":\"https:\\\/\\\/secure.gravatar.com\\\/avatar\\\/ededfcc22765048d597870dfa6024bcb30f5c6fa35cd8cf28a5f1ac6e0067a31?s=96&d=mm&r=g\",\"caption\":\"JG Classics Administrator\"},\"sameAs\":[\"https:\\\/\\\/www.jgclassics.com\"],\"url\":\"https:\\\/\\\/www.jgclassics.com\\\/fr\\\/author\\\/jgclassics_hikp0z\\\/\"}]}<\/script>\n<!-- \/ Yoast SEO Premium plugin. -->","yoast_head_json":{"title":"L'Opel Manta et son difficile chemin vers le statut de classique","description":"Peu de voitures classiques ont connu un parcours aussi difficile que l'Opel Manta. Fabriqu\u00e9e en Allemagne et import\u00e9e en Espagne, elle a travers\u00e9 deux fois la \"travers\u00e9e du d\u00e9sert\" du d\u00e9nigrement et de l'anachronisme avant d'\u00eatre consid\u00e9r\u00e9e comme un classique. J'explique son histoire ici.","robots":{"index":"index","follow":"follow","max-snippet":"max-snippet:-1","max-image-preview":"max-image-preview:large","max-video-preview":"max-video-preview:-1"},"canonical":"https:\/\/www.jgclassics.com\/fr\/2025\/03\/10\/opel-manta-une-course-acharnee-vers-la-voiture-classique\/","og_locale":"fr_FR","og_type":"article","og_title":"Opel Manta : une course acharn\u00e9e vers la voiture classique","og_description":"Peu de voitures classiques ont connu un parcours aussi difficile que l'Opel Manta. Fabriqu\u00e9e en Allemagne et import\u00e9e en Espagne, elle a travers\u00e9 deux fois la \"travers\u00e9e du d\u00e9sert\" du d\u00e9nigrement et de l'anachronisme avant d'\u00eatre consid\u00e9r\u00e9e comme un classique. J'explique son histoire ici.","og_url":"https:\/\/www.jgclassics.com\/fr\/2025\/03\/10\/opel-manta-une-course-acharnee-vers-la-voiture-classique\/","og_site_name":"JG Classics : L'\u00e9motion du voyage dans le temps","article_publisher":"https:\/\/www.facebook.com\/profile.php?id=100086454427345","article_published_time":"2025-03-10T19:37:57+00:00","article_modified_time":"2025-03-12T17:27:38+00:00","og_image":[{"url":"https:\/\/www.jgclassics.com\/wp-content\/uploads\/2023\/05\/20230513_111209-scaled.jpg","type":"","width":"","height":""}],"author":"JG Classics Administrator","twitter_card":"summary_large_image","twitter_description":"Peu de voitures classiques ont connu un parcours aussi difficile que l'Opel Manta. Fabriqu\u00e9e en Allemagne et import\u00e9e en Espagne, elle a travers\u00e9 deux fois la \"travers\u00e9e du d\u00e9sert\" du d\u00e9nigrement et de l'anachronisme avant d'\u00eatre consid\u00e9r\u00e9e comme un classique. J'explique son histoire ici.","twitter_misc":{"\u00c9crit par":"JG Classics Administrator","Dur\u00e9e de lecture estim\u00e9e":"35 minutes"},"schema":{"@context":"https:\/\/schema.org","@graph":[{"@type":"Article","@id":"https:\/\/www.jgclassics.com\/fr\/2025\/03\/10\/opel-manta-une-course-acharnee-vers-la-voiture-classique\/#article","isPartOf":{"@id":"https:\/\/www.jgclassics.com\/fr\/2025\/03\/10\/opel-manta-une-course-acharnee-vers-la-voiture-classique\/"},"author":{"name":"JG Classics Administrator","@id":"https:\/\/www.jgclassics.com\/fr\/#\/schema\/person\/c90c7d27489a18da844c6085e5641f8d"},"headline":"Opel Manta : une course acharn\u00e9e vers la voiture classique","datePublished":"2025-03-10T19:37:57+00:00","dateModified":"2025-03-12T17:27:38+00:00","mainEntityOfPage":{"@id":"https:\/\/www.jgclassics.com\/fr\/2025\/03\/10\/opel-manta-une-course-acharnee-vers-la-voiture-classique\/"},"wordCount":7510,"publisher":{"@id":"https:\/\/www.jgclassics.com\/fr\/#organization"},"image":{"@id":"https:\/\/www.jgclassics.com\/fr\/2025\/03\/10\/opel-manta-une-course-acharnee-vers-la-voiture-classique\/#primaryimage"},"thumbnailUrl":"https:\/\/www.jgclassics.com\/wp-content\/uploads\/2023\/05\/20230513_111353-scaled.jpg","articleSection":["Actualit\u00e9s"],"inLanguage":"fr-FR"},{"@type":"WebPage","@id":"https:\/\/www.jgclassics.com\/fr\/2025\/03\/10\/opel-manta-une-course-acharnee-vers-la-voiture-classique\/","url":"https:\/\/www.jgclassics.com\/fr\/2025\/03\/10\/opel-manta-une-course-acharnee-vers-la-voiture-classique\/","name":"L'Opel Manta et son difficile chemin vers le statut de classique","isPartOf":{"@id":"https:\/\/www.jgclassics.com\/fr\/#website"},"primaryImageOfPage":{"@id":"https:\/\/www.jgclassics.com\/fr\/2025\/03\/10\/opel-manta-une-course-acharnee-vers-la-voiture-classique\/#primaryimage"},"image":{"@id":"https:\/\/www.jgclassics.com\/fr\/2025\/03\/10\/opel-manta-une-course-acharnee-vers-la-voiture-classique\/#primaryimage"},"thumbnailUrl":"https:\/\/www.jgclassics.com\/wp-content\/uploads\/2023\/05\/20230513_111353-scaled.jpg","datePublished":"2025-03-10T19:37:57+00:00","dateModified":"2025-03-12T17:27:38+00:00","description":"Peu de voitures classiques ont connu un parcours aussi difficile que l'Opel Manta. Fabriqu\u00e9e en Allemagne et import\u00e9e en Espagne, elle a travers\u00e9 deux fois la \"travers\u00e9e du d\u00e9sert\" du d\u00e9nigrement et de l'anachronisme avant d'\u00eatre consid\u00e9r\u00e9e comme un classique. J'explique son histoire ici.","breadcrumb":{"@id":"https:\/\/www.jgclassics.com\/fr\/2025\/03\/10\/opel-manta-une-course-acharnee-vers-la-voiture-classique\/#breadcrumb"},"inLanguage":"fr-FR","potentialAction":[{"@type":"ReadAction","target":["https:\/\/www.jgclassics.com\/fr\/2025\/03\/10\/opel-manta-une-course-acharnee-vers-la-voiture-classique\/"]}]},{"@type":"ImageObject","inLanguage":"fr-FR","@id":"https:\/\/www.jgclassics.com\/fr\/2025\/03\/10\/opel-manta-une-course-acharnee-vers-la-voiture-classique\/#primaryimage","url":"https:\/\/www.jgclassics.com\/wp-content\/uploads\/2023\/05\/20230513_111353-scaled.jpg","contentUrl":"https:\/\/www.jgclassics.com\/wp-content\/uploads\/2023\/05\/20230513_111353-scaled.jpg","width":2560,"height":1440,"caption":"Opel Manta GTE. Disponible pour la location, les photos, les tournages, les s\u00e9quences."},{"@type":"BreadcrumbList","@id":"https:\/\/www.jgclassics.com\/fr\/2025\/03\/10\/opel-manta-une-course-acharnee-vers-la-voiture-classique\/#breadcrumb","itemListElement":[{"@type":"ListItem","position":1,"name":"Inicio","item":"https:\/\/www.jgclassics.com\/fr\/jg-classics-des-voitures-classiques-et-historiques-pour-voyager-dans-le-temps\/"},{"@type":"ListItem","position":2,"name":"Opel Manta : une course acharn\u00e9e vers la voiture classique"}]},{"@type":"WebSite","@id":"https:\/\/www.jgclassics.com\/fr\/#website","url":"https:\/\/www.jgclassics.com\/fr\/","name":"JG Classics : L'\u00e9motion du voyage dans le temps","description":"Voitures anciennes, voitures historiques : Location, accompagnement aux restaurations, informations techniques et achat de mat\u00e9riel","publisher":{"@id":"https:\/\/www.jgclassics.com\/fr\/#organization"},"alternateName":"JG Classics - Coches cl\u00e1sicos e hist\u00f3ricos - Alquiler, blogs, informaci\u00f3n, art\u00edculos","potentialAction":[{"@type":"SearchAction","target":{"@type":"EntryPoint","urlTemplate":"https:\/\/www.jgclassics.com\/fr\/?s={search_term_string}"},"query-input":{"@type":"PropertyValueSpecification","valueRequired":true,"valueName":"search_term_string"}}],"inLanguage":"fr-FR"},{"@type":"Organization","@id":"https:\/\/www.jgclassics.com\/fr\/#organization","name":"JG Classics : L'\u00e9motion du voyage dans le temps","alternateName":"JG Classics","url":"https:\/\/www.jgclassics.com\/fr\/","logo":{"@type":"ImageObject","inLanguage":"fr-FR","@id":"https:\/\/www.jgclassics.com\/fr\/#\/schema\/logo\/image\/","url":"https:\/\/www.jgclassics.com\/wp-content\/uploads\/2022\/10\/Color-logo-with-background.svg","contentUrl":"https:\/\/www.jgclassics.com\/wp-content\/uploads\/2022\/10\/Color-logo-with-background.svg","width":3171,"height":2303,"caption":"JG Classics : L'\u00e9motion du voyage dans le temps"},"image":{"@id":"https:\/\/www.jgclassics.com\/fr\/#\/schema\/logo\/image\/"},"sameAs":["https:\/\/www.facebook.com\/profile.php?id=100086454427345"]},{"@type":"Person","@id":"https:\/\/www.jgclassics.com\/fr\/#\/schema\/person\/c90c7d27489a18da844c6085e5641f8d","name":"JG Classics Administrator","image":{"@type":"ImageObject","inLanguage":"fr-FR","@id":"https:\/\/secure.gravatar.com\/avatar\/ededfcc22765048d597870dfa6024bcb30f5c6fa35cd8cf28a5f1ac6e0067a31?s=96&d=mm&r=g","url":"https:\/\/secure.gravatar.com\/avatar\/ededfcc22765048d597870dfa6024bcb30f5c6fa35cd8cf28a5f1ac6e0067a31?s=96&d=mm&r=g","contentUrl":"https:\/\/secure.gravatar.com\/avatar\/ededfcc22765048d597870dfa6024bcb30f5c6fa35cd8cf28a5f1ac6e0067a31?s=96&d=mm&r=g","caption":"JG Classics Administrator"},"sameAs":["https:\/\/www.jgclassics.com"],"url":"https:\/\/www.jgclassics.com\/fr\/author\/jgclassics_hikp0z\/"}]}},"_links":{"self":[{"href":"https:\/\/www.jgclassics.com\/fr\/wp-json\/wp\/v2\/posts\/21960","targetHints":{"allow":["GET"]}}],"collection":[{"href":"https:\/\/www.jgclassics.com\/fr\/wp-json\/wp\/v2\/posts"}],"about":[{"href":"https:\/\/www.jgclassics.com\/fr\/wp-json\/wp\/v2\/types\/post"}],"author":[{"embeddable":true,"href":"https:\/\/www.jgclassics.com\/fr\/wp-json\/wp\/v2\/users\/1"}],"replies":[{"embeddable":true,"href":"https:\/\/www.jgclassics.com\/fr\/wp-json\/wp\/v2\/comments?post=21960"}],"version-history":[{"count":5,"href":"https:\/\/www.jgclassics.com\/fr\/wp-json\/wp\/v2\/posts\/21960\/revisions"}],"predecessor-version":[{"id":22026,"href":"https:\/\/www.jgclassics.com\/fr\/wp-json\/wp\/v2\/posts\/21960\/revisions\/22026"}],"wp:featuredmedia":[{"embeddable":true,"href":"https:\/\/www.jgclassics.com\/fr\/wp-json\/wp\/v2\/media\/14322"}],"wp:attachment":[{"href":"https:\/\/www.jgclassics.com\/fr\/wp-json\/wp\/v2\/media?parent=21960"}],"wp:term":[{"taxonomy":"category","embeddable":true,"href":"https:\/\/www.jgclassics.com\/fr\/wp-json\/wp\/v2\/categories?post=21960"},{"taxonomy":"post_tag","embeddable":true,"href":"https:\/\/www.jgclassics.com\/fr\/wp-json\/wp\/v2\/tags?post=21960"}],"curies":[{"name":"wp","href":"https:\/\/api.w.org\/{rel}","templated":true}]}}